{"id":246661,"date":"2024-03-14T15:06:25","date_gmt":"2024-03-14T18:06:25","guid":{"rendered":"https:\/\/franciscanos.org.br\/noticias\/?p=246661"},"modified":"2025-03-10T16:01:54","modified_gmt":"2025-03-10T19:01:54","slug":"assembleia-do-sav-testemunhar-a-alegria-da-vocacao-franciscana","status":"publish","type":"post","link":"https:\/\/franciscanos.org.br\/noticias\/assembleia-do-sav-testemunhar-a-alegria-da-vocacao-franciscana.html","title":{"rendered":"Assembleia do SAV: \u201cTestemunhar a alegria da voca\u00e7\u00e3o franciscana\u201d"},"content":{"rendered":"<p><img class=\"alignnone size-full wp-image-246663\" src=\"https:\/\/franciscanos.org.br\/noticias\/wp-content\/uploads\/2024\/03\/IMG_9242.heic\" alt=\"\" \/><img loading=\"lazy\" class=\"aligncenter wp-image-246669 size-full\" src=\"https:\/\/franciscanos.org.br\/noticias\/wp-content\/uploads\/2024\/03\/IMG_0971-1-scaled.jpg\" alt=\"\" width=\"1920\" height=\"1280\" srcset=\"https:\/\/franciscanos.org.br\/noticias\/wp-content\/uploads\/2024\/03\/IMG_0971-1-scaled.jpg 1620w, https:\/\/franciscanos.org.br\/noticias\/wp-content\/uploads\/2024\/03\/IMG_0971-1-450x300.jpg 450w, https:\/\/franciscanos.org.br\/noticias\/wp-content\/uploads\/2024\/03\/IMG_0971-1-1024x683.jpg 1024w, https:\/\/franciscanos.org.br\/noticias\/wp-content\/uploads\/2024\/03\/IMG_0971-1-768x512.jpg 768w, https:\/\/franciscanos.org.br\/noticias\/wp-content\/uploads\/2024\/03\/IMG_0971-1-1536x1024.jpg 1536w, https:\/\/franciscanos.org.br\/noticias\/wp-content\/uploads\/2024\/03\/IMG_0971-1-2048x1365.jpg 2048w, https:\/\/franciscanos.org.br\/noticias\/wp-content\/uploads\/2024\/03\/IMG_0971-1-150x100.jpg 150w\" sizes=\"(max-width: 1920px) 100vw, 1920px\" \/><\/p>\n<p><b>Rondinha (PR) \u2013<\/b><span style=\"font-weight: 400;\"> Entre os dias 13 e 14 de mar\u00e7o, os frades franciscanos animadores vocacionais da Prov\u00edncia da Imaculada Concei\u00e7\u00e3o do Brasil estiveram reunidos no Convento S\u00e3o Boaventura de Campo Largo (PR), para a realiza\u00e7\u00e3o da Assembleia anual do Servi\u00e7o de Anima\u00e7\u00e3o Vocacional Provincial (SAV).<\/span><\/p>\n<p><span style=\"font-weight: 400;\">Atualmente 43 frades, distribu\u00eddos em 33 fraternidades espalhadas em cinco estados do Brasil e em Angola, contribuem com este servi\u00e7o de Anima\u00e7\u00e3o Vocacional que contempla a miss\u00e3o provincial de testemunho do carisma franciscano por parte de cada frade e de cada fraternidade, nas cinco Frentes de Evangeliza\u00e7\u00e3o, como prescreve o Plano Operacional de Evangeliza\u00e7\u00e3o (2022-2027) da Prov\u00edncia.\u00a0<\/span><\/p>\n<p><span style=\"font-weight: 400;\">O 1\u00b0 dia do encontro (13\/03), come\u00e7ou com a Celebra\u00e7\u00e3o Eucar\u00edstica, \u00e0s 7h, na capela interna do Convento e reuniu os frades animadores locais e os freis do Tempo da Profiss\u00e3o Tempor\u00e1ria da fraternidade de Rondinha. Frei Gabriel Dellandrea, Animador Vocacional Provincial, presidiu a celebra\u00e7\u00e3o e na homilia refletiu sobre a necessidade de \u2018olhar pelo buraco da fechadura\u2019 o mist\u00e9rio do encontro entre o Pai e o Filho.\u00a0<\/span><\/p>\n<p><span style=\"font-weight: 400;\">\u201cN\u00f3s tamb\u00e9m olhamos pelo buraco da fechadura na certeza da ressurrei\u00e7\u00e3o e na certeza de ver a vida nova que brota em Cristo. Sabemos que os relatos dos Evangelhos de cura n\u00e3o s\u00e3o apenas para mostrar o poder milagroso de Jesus, mas para anteceder sinais da ressurrei\u00e7\u00e3o. No servi\u00e7o vocacional todos n\u00f3s somos convidados a restaurar o dom da vida, de mostrar aos nossos irm\u00e3os e irm\u00e3s a import\u00e2ncia de dizer um sim generoso a esta Trindade santa que vem ao nosso encontro. A intimidade que ela nos apresenta, tamb\u00e9m poderemos acessar, poderemos ver, nem que seja pelo buraco da fechadura\u201d, concluiu Frei Gabriel.<\/span><\/p>\n<p><img loading=\"lazy\" class=\"size-medium wp-image-246674 alignleft\" src=\"https:\/\/franciscanos.org.br\/noticias\/wp-content\/uploads\/2024\/03\/IMG_9298-450x338.jpg\" alt=\"\" width=\"450\" height=\"338\" srcset=\"https:\/\/franciscanos.org.br\/noticias\/wp-content\/uploads\/2024\/03\/IMG_9298-450x338.jpg 450w, https:\/\/franciscanos.org.br\/noticias\/wp-content\/uploads\/2024\/03\/IMG_9298-1024x768.jpg 1024w, https:\/\/franciscanos.org.br\/noticias\/wp-content\/uploads\/2024\/03\/IMG_9298-768x576.jpg 768w, https:\/\/franciscanos.org.br\/noticias\/wp-content\/uploads\/2024\/03\/IMG_9298-1536x1152.jpg 1536w, https:\/\/franciscanos.org.br\/noticias\/wp-content\/uploads\/2024\/03\/IMG_9298-2048x1536.jpg 2048w, https:\/\/franciscanos.org.br\/noticias\/wp-content\/uploads\/2024\/03\/IMG_9298-150x113.jpg 150w, https:\/\/franciscanos.org.br\/noticias\/wp-content\/uploads\/2024\/03\/IMG_9298-600x450.jpg 600w, https:\/\/franciscanos.org.br\/noticias\/wp-content\/uploads\/2024\/03\/IMG_9298-scaled.jpg 1440w\" sizes=\"(max-width: 450px) 100vw, 450px\" \/><\/p>\n<p><span style=\"font-weight: 400;\">No Sal\u00e3o S\u00e3o Boaventura, o Ministro Provincial, Frei Paulo Roberto Pereira acolheu todos os participantes e explicou que esse encontro est\u00e1 circunscrito no ano de prepara\u00e7\u00e3o para o Cap\u00edtulo Provincial, que ser\u00e1 realizado em novembro, no Semin\u00e1rio Santo Ant\u00f4nio, em Agudos (SP). Segundo ele, um dos objetivos desta reuni\u00e3o \u00e9 definir um plano de a\u00e7\u00e3o para este ano e tamb\u00e9m para o pr\u00f3ximo tri\u00eanio. \u201cA prepara\u00e7\u00e3o para o Cap\u00edtulo \u00e9 a grande motiva\u00e7\u00e3o de todas as atividades que a Prov\u00edncia faz. Por isso, esse grupo de animadores vocacionais se converte em um espa\u00e7o de reflex\u00e3o para o Cap\u00edtulo que escolheu como lema: \u2018Chagados pelo amor, peregrinos da Esperan\u00e7a\u2019\u201d, evidenciou Frei Paulo.\u00a0<\/span><\/p>\n<p><span style=\"font-weight: 400;\">Para o Ministro Provincial, se faz necess\u00e1rio pensar a vida franciscana a partir dos desafios que a Ordem dos Frades Menores apresenta, assim como a Igreja. \u201c\u00c9 neste sentido que nos encontramos como animadores vocacionais. Para encontrarmos com a fonte de nosso carisma e nos sentirmos impulsionados a anunciar o Evangelho da Paz e do Bem\u201d, salientou.\u00a0<\/span><\/p>\n<p><span style=\"font-weight: 400;\">Frei Paulo tamb\u00e9m indicou a necessidade de se purificar a identidade. Segundo ele, o movimento franciscano passa continuamente por diversas etapas da hist\u00f3ria, sofre interfer\u00eancias e, por isso, precisa passar por um processo de purifica\u00e7\u00e3o. Dessa exig\u00eancia nasceu as celebra\u00e7\u00f5es dos centen\u00e1rios da Ordem, como uma oportunidade de voltar \u00e0 ess\u00eancia e \u00e0quilo que \u00e9 a origem da vida franciscana.<\/span><\/p>\n<p><span style=\"font-weight: 400;\">\u201cNa Anima\u00e7\u00e3o Vocacional, tem-se repetido que o primeiro an\u00fancio que se deve fazer \u00e9 o testemunho alegre de nossa voca\u00e7\u00e3o. S\u00e3o Francisco \u00e9 o grande promotor vocacional. Ele tem uma mensagem que cala na alma de muita gente, sobretudo naqueles que nutrem a esperan\u00e7a\u201d, ensinou o Ministro.<\/span><\/p>\n<p><b>Acompanhamento Personalizado dos vocacionados<\/b><\/p>\n<p><span style=\"font-weight: 400;\">Frei Gabriel ofereceu reflex\u00f5es e provoca\u00e7\u00f5es sobre o acompanhamento personalizado dos vocacionados. \u201cAl\u00e9m da miss\u00e3o de provocar a reflex\u00e3o vocacional em nossas fraternidades, nas iniciativas pastorais que estamos envolvidos, \u00e9 tamb\u00e9m nossa miss\u00e3o sair do geral e ir ao encontro do \u2018espec\u00edfico\u2019, do particular e artesanalmente acompanhar os irm\u00e3os que nos procuram para sondar qual caminho devem seguir\u201d, testemunhou.<\/span><\/p>\n<p><span style=\"font-weight: 400;\">Segundo o frade, os jovens vocacionados s\u00e3o convidados a realizar um processo que \u00e9 gradual, com suas fases, com frequ\u00eancia e aposta. \u201c Provocamos o vocacionado a fazer um olhar de qualidade sobre a pr\u00f3pria vida\u201d, disse. \u201cPara o jovem n\u00f3s ensinamos um m\u00e9todo: \u2018hoje eu lhe acompanho, depois voc\u00ea far\u00e1 seu pr\u00f3prio caminho\u2019. Isso implica que ele aprenda a confrontar-se, a reconhecer-se, a confrontar-se e a decidir-se\u201d, explicou.<\/span><\/p>\n<p><span style=\"font-weight: 400;\">\u201cQue o acompanhamento personalizado fa\u00e7a a pessoa despertar para o fazer-se comunh\u00e3o, presen\u00e7a. A intera\u00e7\u00e3o \u00e9 restauradora. Com o outro, a alteridade me faz pessoa. No entanto, vemos que na atualidade o movimento \u00e9 exatamente ao contr\u00e1rio. Notamos uma autonomia ego\u00edstica que \u00e9 danosa para quem quer seguir a Jesus Cristo e S\u00e3o Francisco de Assis\u201d, frisou o Ministro Provincial, Frei Paulo. \u201cUma sugest\u00e3o ent\u00e3o \u00e9 incluir neste acompanhamento o despertar para a alteridade\u201d, completou.<\/span><\/p>\n<p><span style=\"font-weight: 400;\">\u201cNa quest\u00e3o da gradualidade do processo n\u00e3o \u00e9 apropriado julgar o vocacionado \u00e0 primeira vista, pois, podemos sim nos surpreender positivamente a partir da hist\u00f3ria de vida, da caminhada de Igreja, das motiva\u00e7\u00f5es que podem ser boas dos candidatos. \u00c9 necess\u00e1rio sempre nutrirmos o senso de aposta\u201d, destacou Frei Je\u00e2 Paulo Andrade, que tamb\u00e9m \u00e9 Animador Vocacional Provincial.<\/span><\/p>\n<p><img loading=\"lazy\" class=\"size-medium wp-image-246671 alignright\" src=\"https:\/\/franciscanos.org.br\/noticias\/wp-content\/uploads\/2024\/03\/IMG_9242-450x338.jpg\" alt=\"\" width=\"450\" height=\"338\" srcset=\"https:\/\/franciscanos.org.br\/noticias\/wp-content\/uploads\/2024\/03\/IMG_9242-450x338.jpg 450w, https:\/\/franciscanos.org.br\/noticias\/wp-content\/uploads\/2024\/03\/IMG_9242-1024x768.jpg 1024w, https:\/\/franciscanos.org.br\/noticias\/wp-content\/uploads\/2024\/03\/IMG_9242-768x576.jpg 768w, https:\/\/franciscanos.org.br\/noticias\/wp-content\/uploads\/2024\/03\/IMG_9242-1536x1152.jpg 1536w, https:\/\/franciscanos.org.br\/noticias\/wp-content\/uploads\/2024\/03\/IMG_9242-2048x1536.jpg 2048w, https:\/\/franciscanos.org.br\/noticias\/wp-content\/uploads\/2024\/03\/IMG_9242-150x113.jpg 150w, https:\/\/franciscanos.org.br\/noticias\/wp-content\/uploads\/2024\/03\/IMG_9242-600x450.jpg 600w, https:\/\/franciscanos.org.br\/noticias\/wp-content\/uploads\/2024\/03\/IMG_9242-scaled.jpg 1440w\" sizes=\"(max-width: 450px) 100vw, 450px\" \/><\/p>\n<p><span style=\"font-weight: 400;\">O F\u00f3rum de Forma\u00e7\u00e3o, realizado em setembro de 2023, em Agudos (SP), inaugurou um processo de acompanhamento que antes era feito no semin\u00e1rio, mas que a partir de agora passar\u00e1 a ser como dever do Animador Vocacional Local e de cada fraternidade, explicou Frei Paulo. \u201cTodos participam deste processo. O programa todo, a ser pensado, \u00e9 para todos os frades. Esse \u00e9 o grande ideal\u201d, disse Frei Marcos Ant\u00f4nio de Andrade, Secret\u00e1rio para Forma\u00e7\u00e3o e Estudos e Definidor Provincial. \u201cO que o F\u00f3rum buscou fazer em suas reflex\u00f5es foi recuperar aquilo que \u00e9 ideal\u201d, exp\u00f4s.<\/span><\/p>\n<p><span style=\"font-weight: 400;\">Frei Gabriel tamb\u00e9m ofereceu alguns aspectos t\u00e9cnicos do acompanhamento do jovem vocacionado. Entre os destaques, refletiu sobre a periodicidade, o espa\u00e7o e o tempo da conversa. Lembrou que o acompanhamento vocacional n\u00e3o \u00e9 confiss\u00e3o e n\u00e3o pode ser feito com o car\u00e1ter sacramental. \u201cEmbora ele deva ser acompanhado com miseric\u00f3rdia e ser convidado ao perd\u00e3o em alguns momentos, n\u00e3o se trata de revis\u00e3o de pecados\u201d, salientou.<\/span><\/p>\n<p><span style=\"font-weight: 400;\">\u201cConvidamos os animadores vocacionais a abertura \u00e0s duas dimens\u00f5es do seu trabalho: as atividades mais \u2018gerais\u2019 de convite expl\u00edcito, de provoca\u00e7\u00e3o vocacional com os grupos espec\u00edficos que compreendem os jovens, coroinhas, catequese, adolescentes, pastoral vocacional e o convite individual. N\u00e3o podemos ficar apenas esperando os contatos que chegam. E as atividades com os vocacionados que nos procuram, do acompanhamento personalizado a fim de ajudar nossos irm\u00e3os no discernimento vocacional\u201d, conclui Frei Gabriel.<\/span><\/p>\n<p><span style=\"font-weight: 400;\">No per\u00edodo da tarde, Frei Je\u00e2 conduziu as reflex\u00f5es que come\u00e7aram com a revis\u00e3o do Plano Operacional do SAV. Em seguida, foi feita uma avalia\u00e7\u00e3o do Servi\u00e7o de Anima\u00e7\u00e3o Vocacional em vista do Cap\u00edtulo Provincial. Frei Je\u00e2 explicou que como fraternidade se faz necess\u00e1rio \u201crever, atualizar, anunciar\u201d a Boa Nova do Evangelho nos lugares de presen\u00e7a e miss\u00e3o da Prov\u00edncia. Por isso, em vista de enviar contribui\u00e7\u00f5es para a Comiss\u00e3o Preparat\u00f3ria do Cap\u00edtulo Provincial 2024, seguiu-se com a partilha e reflex\u00e3o entre os frades, a partir das quatro prioridades da Prov\u00edncia para o tri\u00eanio em andamento: \u201c1. Redescobrir o valor da vida fraterna; 2. Consolidar a Anima\u00e7\u00e3o Vocacional como responsabilidade permanente de cada frade e Fraternidade; 3. Refor\u00e7ar a import\u00e2ncia da Forma\u00e7\u00e3o Inicial e Permanente dos frades; 4. Definir a sinodalidade como dimens\u00e3o transversal da vida Fraterna e a\u00e7\u00e3o evangelizadora\u201d. As atividades terminaram com a ora\u00e7\u00e3o das v\u00e9speras e um recreio fraterno.<\/span><\/p>\n<p><img loading=\"lazy\" class=\"size-medium wp-image-246673 alignleft\" src=\"https:\/\/franciscanos.org.br\/noticias\/wp-content\/uploads\/2024\/03\/IMG_9295-450x338.jpg\" alt=\"\" width=\"450\" height=\"338\" srcset=\"https:\/\/franciscanos.org.br\/noticias\/wp-content\/uploads\/2024\/03\/IMG_9295-450x338.jpg 450w, https:\/\/franciscanos.org.br\/noticias\/wp-content\/uploads\/2024\/03\/IMG_9295-1024x768.jpg 1024w, https:\/\/franciscanos.org.br\/noticias\/wp-content\/uploads\/2024\/03\/IMG_9295-768x576.jpg 768w, https:\/\/franciscanos.org.br\/noticias\/wp-content\/uploads\/2024\/03\/IMG_9295-1536x1152.jpg 1536w, https:\/\/franciscanos.org.br\/noticias\/wp-content\/uploads\/2024\/03\/IMG_9295-2048x1536.jpg 2048w, https:\/\/franciscanos.org.br\/noticias\/wp-content\/uploads\/2024\/03\/IMG_9295-150x113.jpg 150w, https:\/\/franciscanos.org.br\/noticias\/wp-content\/uploads\/2024\/03\/IMG_9295-600x450.jpg 600w, https:\/\/franciscanos.org.br\/noticias\/wp-content\/uploads\/2024\/03\/IMG_9295-scaled.jpg 1440w\" sizes=\"(max-width: 450px) 100vw, 450px\" \/><\/p>\n<p><b>2\u00b0 DIA: PARTILHA DAS FRATERNIDADES E ATIVIDADES VOCACIONAIS<\/b><\/p>\n<p><span style=\"font-weight: 400;\">O 2\u00b0 dia da Assembleia do SAV come\u00e7ou, \u00e0s 7h, com a Celebra\u00e7\u00e3o Eucar\u00edstica\u00a0 presidida por Frei Jo\u00e3o Miguel Silva da Cruz, p\u00e1roco da Par\u00f3quia S\u00e3o Francisco de Assis de Rodeio (SC) e animador do SAV local, e concelebrada por Frei Gentil de Lima Branco, vig\u00e1rio paroquial da Par\u00f3quia Santo Amaro da Imperatriz (SC). Frei Danilo Santos Oliveira serviu como di\u00e1cono.<\/span><\/p>\n<p>&nbsp;<\/p>\n<p><span style=\"font-weight: 400;\">Nesse dia os trabalhos continuaram no Sal\u00e3o S\u00e3o Boaventura. No in\u00edcio da manh\u00e3, os animadores vocacionais refletiram sobre as Fraternidades de Acolhimento Vocacionais (FAVs) e a partir das indica\u00e7\u00f5es que o F\u00f3rum de Forma\u00e7\u00e3o e Estudos apresentar\u00e1 para o Cap\u00edtulo Provincial. Frei Je\u00e2 e Frei Gabriel informaram que a experi\u00eancia das FAVs deste ano ser\u00e1 entre os dias 5 de junho a 31 de julho. Tamb\u00e9m indicaram e receberam sugest\u00f5es de locais como possibilidades de fraternidades acolhedoras que receber\u00e3o os vocacionados para a vida franciscana. No final do dia, os animadores vocacionais realizaram uma bonita partilha das atividades desempenhadas por eles a partir das fraternidades locais, bem como dos jovens que est\u00e3o sendo acompanhados atualmente.\u00a0<\/span><\/p>\n<p><b>AGENDA<\/b><\/p>\n<p><span style=\"font-weight: 400;\">O SAV apresentou algumas datas importantes para o ano. Em junho encontros vocacionais no Sul, S\u00e3o Paulo, Rio de Janeiro ou Esp\u00edrito Santo. Em julho ser\u00e1 realizado o Encontro com os Aspirantes do Ensino M\u00e9dio em Ituporanga (SC). Em agosto, m\u00eas vocacional em toda Prov\u00edncia. Em outubro, dia 19, Profiss\u00e3o Solene em Petr\u00f3polis (RJ). Em novembro est\u00e3o previstos os est\u00e1gios vocacionais no Sul e no Sudeste.<\/span><\/p>\n<p><span style=\"font-weight: 400;\">O encontro terminou ao meio-dia, com o agradecimento dos Animadores Vocacionais Provinciais e a ora\u00e7\u00e3o final!<\/span><\/p>\n<hr \/>\n<p><i><span style=\"font-weight: 400;\">Frei Augusto Luiz Gabriel<\/span><\/i><\/p>\n\n\t\t<style type=\"text\/css\">\n\t\t\t#gallery-1 {\n\t\t\t\tmargin: auto;\n\t\t\t}\n\t\t\t#gallery-1 .gallery-item {\n\t\t\t\tfloat: left;\n\t\t\t\tmargin-top: 10px;\n\t\t\t\ttext-align: center;\n\t\t\t\twidth: 33%;\n\t\t\t}\n\t\t\t#gallery-1 img {\n\t\t\t\tborder: 2px solid #cfcfcf;\n\t\t\t}\n\t\t\t#gallery-1 .gallery-caption {\n\t\t\t\tmargin-left: 0;\n\t\t\t}\n\t\t\t\/* see gallery_shortcode() in wp-includes\/media.php *\/\n\t\t<\/style>\n\t\t<div id='gallery-1' class='gallery galleryid-246661 gallery-columns-3 gallery-size-thumbnail'><dl class='gallery-item'>\n\t\t\t<dt class='gallery-icon landscape'>\n\t\t\t\t<a href='https:\/\/franciscanos.org.br\/noticias\/wp-content\/uploads\/2024\/03\/IMG_1606-1-scaled.jpg'><img width=\"300\" height=\"300\" src=\"https:\/\/franciscanos.org.br\/noticias\/wp-content\/uploads\/2024\/03\/IMG_1606-1-300x300.jpg\" class=\"attachment-thumbnail size-thumbnail\" alt=\"\" loading=\"lazy\" srcset=\"https:\/\/franciscanos.org.br\/noticias\/wp-content\/uploads\/2024\/03\/IMG_1606-1-300x300.jpg 300w, https:\/\/franciscanos.org.br\/noticias\/wp-content\/uploads\/2024\/03\/IMG_1606-1-100x100.jpg 100w\" sizes=\"(max-width: 300px) 100vw, 300px\" \/><\/a>\n\t\t\t<\/dt><\/dl><dl class='gallery-item'>\n\t\t\t<dt class='gallery-icon landscape'>\n\t\t\t\t<a href='https:\/\/franciscanos.org.br\/noticias\/wp-content\/uploads\/2024\/03\/IMG_9298-scaled.jpg'><img width=\"300\" height=\"300\" src=\"https:\/\/franciscanos.org.br\/noticias\/wp-content\/uploads\/2024\/03\/IMG_9298-300x300.jpg\" class=\"attachment-thumbnail size-thumbnail\" alt=\"\" loading=\"lazy\" srcset=\"https:\/\/franciscanos.org.br\/noticias\/wp-content\/uploads\/2024\/03\/IMG_9298-300x300.jpg 300w, https:\/\/franciscanos.org.br\/noticias\/wp-content\/uploads\/2024\/03\/IMG_9298-100x100.jpg 100w\" sizes=\"(max-width: 300px) 100vw, 300px\" \/><\/a>\n\t\t\t<\/dt><\/dl><dl class='gallery-item'>\n\t\t\t<dt class='gallery-icon landscape'>\n\t\t\t\t<a href='https:\/\/franciscanos.org.br\/noticias\/wp-content\/uploads\/2024\/03\/IMG_9295-scaled.jpg'><img width=\"300\" height=\"300\" src=\"https:\/\/franciscanos.org.br\/noticias\/wp-content\/uploads\/2024\/03\/IMG_9295-300x300.jpg\" class=\"attachment-thumbnail size-thumbnail\" alt=\"\" loading=\"lazy\" srcset=\"https:\/\/franciscanos.org.br\/noticias\/wp-content\/uploads\/2024\/03\/IMG_9295-300x300.jpg 300w, https:\/\/franciscanos.org.br\/noticias\/wp-content\/uploads\/2024\/03\/IMG_9295-100x100.jpg 100w\" sizes=\"(max-width: 300px) 100vw, 300px\" \/><\/a>\n\t\t\t<\/dt><\/dl><br style=\"clear: both\" \/><dl class='gallery-item'>\n\t\t\t<dt class='gallery-icon portrait'>\n\t\t\t\t<a href='https:\/\/franciscanos.org.br\/noticias\/wp-content\/uploads\/2024\/03\/IMG_9271-scaled.jpg'><img width=\"300\" height=\"300\" src=\"https:\/\/franciscanos.org.br\/noticias\/wp-content\/uploads\/2024\/03\/IMG_9271-300x300.jpg\" class=\"attachment-thumbnail size-thumbnail\" alt=\"\" loading=\"lazy\" srcset=\"https:\/\/franciscanos.org.br\/noticias\/wp-content\/uploads\/2024\/03\/IMG_9271-300x300.jpg 300w, https:\/\/franciscanos.org.br\/noticias\/wp-content\/uploads\/2024\/03\/IMG_9271-100x100.jpg 100w\" sizes=\"(max-width: 300px) 100vw, 300px\" \/><\/a>\n\t\t\t<\/dt><\/dl><dl class='gallery-item'>\n\t\t\t<dt class='gallery-icon landscape'>\n\t\t\t\t<a href='https:\/\/franciscanos.org.br\/noticias\/wp-content\/uploads\/2024\/03\/IMG_9242-scaled.jpg'><img width=\"300\" height=\"300\" src=\"https:\/\/franciscanos.org.br\/noticias\/wp-content\/uploads\/2024\/03\/IMG_9242-300x300.jpg\" class=\"attachment-thumbnail size-thumbnail\" alt=\"\" loading=\"lazy\" srcset=\"https:\/\/franciscanos.org.br\/noticias\/wp-content\/uploads\/2024\/03\/IMG_9242-300x300.jpg 300w, https:\/\/franciscanos.org.br\/noticias\/wp-content\/uploads\/2024\/03\/IMG_9242-100x100.jpg 100w\" sizes=\"(max-width: 300px) 100vw, 300px\" \/><\/a>\n\t\t\t<\/dt><\/dl><dl class='gallery-item'>\n\t\t\t<dt class='gallery-icon landscape'>\n\t\t\t\t<a href='https:\/\/franciscanos.org.br\/noticias\/wp-content\/uploads\/2024\/03\/IMG_9213-scaled.jpg'><img width=\"300\" height=\"300\" src=\"https:\/\/franciscanos.org.br\/noticias\/wp-content\/uploads\/2024\/03\/IMG_9213-300x300.jpg\" class=\"attachment-thumbnail size-thumbnail\" alt=\"\" loading=\"lazy\" srcset=\"https:\/\/franciscanos.org.br\/noticias\/wp-content\/uploads\/2024\/03\/IMG_9213-300x300.jpg 300w, https:\/\/franciscanos.org.br\/noticias\/wp-content\/uploads\/2024\/03\/IMG_9213-100x100.jpg 100w\" sizes=\"(max-width: 300px) 100vw, 300px\" \/><\/a>\n\t\t\t<\/dt><\/dl><br style=\"clear: both\" \/><dl class='gallery-item'>\n\t\t\t<dt class='gallery-icon landscape'>\n\t\t\t\t<a href='https:\/\/franciscanos.org.br\/noticias\/wp-content\/uploads\/2024\/03\/IMG_0971-1-scaled.jpg'><img width=\"300\" height=\"300\" src=\"https:\/\/franciscanos.org.br\/noticias\/wp-content\/uploads\/2024\/03\/IMG_0971-1-300x300.jpg\" class=\"attachment-thumbnail size-thumbnail\" alt=\"\" loading=\"lazy\" srcset=\"https:\/\/franciscanos.org.br\/noticias\/wp-content\/uploads\/2024\/03\/IMG_0971-1-300x300.jpg 300w, https:\/\/franciscanos.org.br\/noticias\/wp-content\/uploads\/2024\/03\/IMG_0971-1-100x100.jpg 100w\" sizes=\"(max-width: 300px) 100vw, 300px\" \/><\/a>\n\t\t\t<\/dt><\/dl>\n\t\t\t<br style='clear: both' \/>\n\t\t<\/div>\n\n<p><i><span style=\"font-weight: 400;\"><img class=\"alignnone size-full wp-image-246663\" src=\"https:\/\/franciscanos.org.br\/noticias\/wp-content\/uploads\/2024\/03\/IMG_9242.heic\" alt=\"\" \/><\/span><\/i><\/p>\n","protected":false},"excerpt":{"rendered":"<p>Assembleia do SAV<\/p>\n","protected":false},"author":10,"featured_media":246669,"comment_status":"open","ping_status":"open","sticky":false,"template":"","format":"standard","meta":[],"categories":[1],"tags":[1590,552,2056],"acf":[],"yoast_head":"<!-- This site is optimized with the Yoast SEO plugin v19.2 - https:\/\/yoast.com\/wordpress\/plugins\/seo\/ -->\n<title>Assembleia do SAV: \u201cTestemunhar a alegria da voca\u00e7\u00e3o franciscana\u201d - Not\u00edcias - Franciscanos<\/title>\n<meta name=\"robots\" content=\"index, follow, max-snippet:-1, max-image-preview:large, max-video-preview:-1\" \/>\n<link rel=\"canonical\" href=\"https:\/\/franciscanos.org.br\/noticias\/assembleia-do-sav-testemunhar-a-alegria-da-vocacao-franciscana.html\" \/>\n<meta property=\"og:locale\" content=\"pt_BR\" \/>\n<meta property=\"og:type\" content=\"article\" \/>\n<meta property=\"og:title\" content=\"Assembleia do SAV: \u201cTestemunhar a alegria da voca\u00e7\u00e3o franciscana\u201d - Not\u00edcias - Franciscanos\" \/>\n<meta property=\"og:description\" content=\"Assembleia do SAV\" \/>\n<meta property=\"og:url\" content=\"https:\/\/franciscanos.org.br\/noticias\/assembleia-do-sav-testemunhar-a-alegria-da-vocacao-franciscana.html\" \/>\n<meta property=\"og:site_name\" content=\"Not\u00edcias - Franciscanos\" \/>\n<meta property=\"article:published_time\" content=\"2024-03-14T18:06:25+00:00\" \/>\n<meta property=\"article:modified_time\" content=\"2025-03-10T19:01:54+00:00\" \/>\n<meta property=\"og:image\" content=\"https:\/\/franciscanos.org.br\/noticias\/wp-content\/uploads\/2024\/03\/IMG_0971-1-scaled.jpg\" \/>\n\t<meta property=\"og:image:width\" content=\"1620\" \/>\n\t<meta property=\"og:image:height\" content=\"1080\" \/>\n\t<meta property=\"og:image:type\" content=\"image\/jpeg\" \/>\n<meta name=\"author\" content=\"Jo\u00e3o Vitor\" \/>\n<meta name=\"twitter:card\" content=\"summary_large_image\" \/>\n<meta name=\"twitter:label1\" content=\"Escrito por\" \/>\n\t<meta name=\"twitter:data1\" content=\"Jo\u00e3o Vitor\" \/>\n\t<meta name=\"twitter:label2\" content=\"Est. tempo de leitura\" \/>\n\t<meta name=\"twitter:data2\" content=\"8 minutos\" \/>\n<script type=\"application\/ld+json\" class=\"yoast-schema-graph\">{\"@context\":\"https:\/\/schema.org\",\"@graph\":[{\"@type\":\"WebSite\",\"@id\":\"https:\/\/franciscanos.org.br\/noticias\/#website\",\"url\":\"https:\/\/franciscanos.org.br\/noticias\/\",\"name\":\"Not\u00edcias - Franciscanos\",\"description\":\"Prov\u00edncia Franciscana da Imaculada Concei\u00e7\u00e3o do Brasil - Ordem dos Frades Menores - OFM\",\"potentialAction\":[{\"@type\":\"SearchAction\",\"target\":{\"@type\":\"EntryPoint\",\"urlTemplate\":\"https:\/\/franciscanos.org.br\/noticias\/?s={search_term_string}\"},\"query-input\":\"required name=search_term_string\"}],\"inLanguage\":\"pt-BR\"},{\"@type\":\"ImageObject\",\"inLanguage\":\"pt-BR\",\"@id\":\"https:\/\/franciscanos.org.br\/noticias\/assembleia-do-sav-testemunhar-a-alegria-da-vocacao-franciscana.html#primaryimage\",\"url\":\"https:\/\/franciscanos.org.br\/noticias\/wp-content\/uploads\/2024\/03\/IMG_0971-1-scaled.jpg\",\"contentUrl\":\"https:\/\/franciscanos.org.br\/noticias\/wp-content\/uploads\/2024\/03\/IMG_0971-1-scaled.jpg\",\"width\":1620,\"height\":1080},{\"@type\":\"WebPage\",\"@id\":\"https:\/\/franciscanos.org.br\/noticias\/assembleia-do-sav-testemunhar-a-alegria-da-vocacao-franciscana.html#webpage\",\"url\":\"https:\/\/franciscanos.org.br\/noticias\/assembleia-do-sav-testemunhar-a-alegria-da-vocacao-franciscana.html\",\"name\":\"Assembleia do SAV: \u201cTestemunhar a alegria da voca\u00e7\u00e3o franciscana\u201d - Not\u00edcias - Franciscanos\",\"isPartOf\":{\"@id\":\"https:\/\/franciscanos.org.br\/noticias\/#website\"},\"primaryImageOfPage\":{\"@id\":\"https:\/\/franciscanos.org.br\/noticias\/assembleia-do-sav-testemunhar-a-alegria-da-vocacao-franciscana.html#primaryimage\"},\"datePublished\":\"2024-03-14T18:06:25+00:00\",\"dateModified\":\"2025-03-10T19:01:54+00:00\",\"author\":{\"@id\":\"https:\/\/franciscanos.org.br\/noticias\/#\/schema\/person\/8c11f06a466b856a11dd48d20600055f\"},\"breadcrumb\":{\"@id\":\"https:\/\/franciscanos.org.br\/noticias\/assembleia-do-sav-testemunhar-a-alegria-da-vocacao-franciscana.html#breadcrumb\"},\"inLanguage\":\"pt-BR\",\"potentialAction\":[{\"@type\":\"ReadAction\",\"target\":[\"https:\/\/franciscanos.org.br\/noticias\/assembleia-do-sav-testemunhar-a-alegria-da-vocacao-franciscana.html\"]}]},{\"@type\":\"BreadcrumbList\",\"@id\":\"https:\/\/franciscanos.org.br\/noticias\/assembleia-do-sav-testemunhar-a-alegria-da-vocacao-franciscana.html#breadcrumb\",\"itemListElement\":[{\"@type\":\"ListItem\",\"position\":1,\"name\":\"Home\",\"item\":\"https:\/\/franciscanos.org.br\/noticias\"},{\"@type\":\"ListItem\",\"position\":2,\"name\":\"Assembleia do SAV: \u201cTestemunhar a alegria da voca\u00e7\u00e3o franciscana\u201d\"}]},{\"@type\":\"Person\",\"@id\":\"https:\/\/franciscanos.org.br\/noticias\/#\/schema\/person\/8c11f06a466b856a11dd48d20600055f\",\"name\":\"Jo\u00e3o Vitor\",\"image\":{\"@type\":\"ImageObject\",\"inLanguage\":\"pt-BR\",\"@id\":\"https:\/\/franciscanos.org.br\/noticias\/#\/schema\/person\/image\/\",\"url\":\"https:\/\/secure.gravatar.com\/avatar\/10ba5c9713e0c323617b4309a19e3a46?s=96&d=mm&r=g\",\"contentUrl\":\"https:\/\/secure.gravatar.com\/avatar\/10ba5c9713e0c323617b4309a19e3a46?s=96&d=mm&r=g\",\"caption\":\"Jo\u00e3o Vitor\"},\"url\":\"https:\/\/franciscanos.org.br\/noticias\/author\/joaovitor\"}]}<\/script>\n<!-- \/ Yoast SEO plugin. -->","yoast_head_json":{"title":"Assembleia do SAV: \u201cTestemunhar a alegria da voca\u00e7\u00e3o franciscana\u201d - Not\u00edcias - Franciscanos","robots":{"index":"index","follow":"follow","max-snippet":"max-snippet:-1","max-image-preview":"max-image-preview:large","max-video-preview":"max-video-preview:-1"},"canonical":"https:\/\/franciscanos.org.br\/noticias\/assembleia-do-sav-testemunhar-a-alegria-da-vocacao-franciscana.html","og_locale":"pt_BR","og_type":"article","og_title":"Assembleia do SAV: \u201cTestemunhar a alegria da voca\u00e7\u00e3o franciscana\u201d - Not\u00edcias - Franciscanos","og_description":"Assembleia do SAV","og_url":"https:\/\/franciscanos.org.br\/noticias\/assembleia-do-sav-testemunhar-a-alegria-da-vocacao-franciscana.html","og_site_name":"Not\u00edcias - Franciscanos","article_published_time":"2024-03-14T18:06:25+00:00","article_modified_time":"2025-03-10T19:01:54+00:00","og_image":[{"width":1620,"height":1080,"url":"https:\/\/franciscanos.org.br\/noticias\/wp-content\/uploads\/2024\/03\/IMG_0971-1-scaled.jpg","type":"image\/jpeg"}],"author":"Jo\u00e3o Vitor","twitter_card":"summary_large_image","twitter_misc":{"Escrito por":"Jo\u00e3o Vitor","Est. tempo de leitura":"8 minutos"},"schema":{"@context":"https:\/\/schema.org","@graph":[{"@type":"WebSite","@id":"https:\/\/franciscanos.org.br\/noticias\/#website","url":"https:\/\/franciscanos.org.br\/noticias\/","name":"Not\u00edcias - Franciscanos","description":"Prov\u00edncia Franciscana da Imaculada Concei\u00e7\u00e3o do Brasil - Ordem dos Frades Menores - OFM","potentialAction":[{"@type":"SearchAction","target":{"@type":"EntryPoint","urlTemplate":"https:\/\/franciscanos.org.br\/noticias\/?s={search_term_string}"},"query-input":"required name=search_term_string"}],"inLanguage":"pt-BR"},{"@type":"ImageObject","inLanguage":"pt-BR","@id":"https:\/\/franciscanos.org.br\/noticias\/assembleia-do-sav-testemunhar-a-alegria-da-vocacao-franciscana.html#primaryimage","url":"https:\/\/franciscanos.org.br\/noticias\/wp-content\/uploads\/2024\/03\/IMG_0971-1-scaled.jpg","contentUrl":"https:\/\/franciscanos.org.br\/noticias\/wp-content\/uploads\/2024\/03\/IMG_0971-1-scaled.jpg","width":1620,"height":1080},{"@type":"WebPage","@id":"https:\/\/franciscanos.org.br\/noticias\/assembleia-do-sav-testemunhar-a-alegria-da-vocacao-franciscana.html#webpage","url":"https:\/\/franciscanos.org.br\/noticias\/assembleia-do-sav-testemunhar-a-alegria-da-vocacao-franciscana.html","name":"Assembleia do SAV: \u201cTestemunhar a alegria da voca\u00e7\u00e3o franciscana\u201d - Not\u00edcias - Franciscanos","isPartOf":{"@id":"https:\/\/franciscanos.org.br\/noticias\/#website"},"primaryImageOfPage":{"@id":"https:\/\/franciscanos.org.br\/noticias\/assembleia-do-sav-testemunhar-a-alegria-da-vocacao-franciscana.html#primaryimage"},"datePublished":"2024-03-14T18:06:25+00:00","dateModified":"2025-03-10T19:01:54+00:00","author":{"@id":"https:\/\/franciscanos.org.br\/noticias\/#\/schema\/person\/8c11f06a466b856a11dd48d20600055f"},"breadcrumb":{"@id":"https:\/\/franciscanos.org.br\/noticias\/assembleia-do-sav-testemunhar-a-alegria-da-vocacao-franciscana.html#breadcrumb"},"inLanguage":"pt-BR","potentialAction":[{"@type":"ReadAction","target":["https:\/\/franciscanos.org.br\/noticias\/assembleia-do-sav-testemunhar-a-alegria-da-vocacao-franciscana.html"]}]},{"@type":"BreadcrumbList","@id":"https:\/\/franciscanos.org.br\/noticias\/assembleia-do-sav-testemunhar-a-alegria-da-vocacao-franciscana.html#breadcrumb","itemListElement":[{"@type":"ListItem","position":1,"name":"Home","item":"https:\/\/franciscanos.org.br\/noticias"},{"@type":"ListItem","position":2,"name":"Assembleia do SAV: \u201cTestemunhar a alegria da voca\u00e7\u00e3o franciscana\u201d"}]},{"@type":"Person","@id":"https:\/\/franciscanos.org.br\/noticias\/#\/schema\/person\/8c11f06a466b856a11dd48d20600055f","name":"Jo\u00e3o Vitor","image":{"@type":"ImageObject","inLanguage":"pt-BR","@id":"https:\/\/franciscanos.org.br\/noticias\/#\/schema\/person\/image\/","url":"https:\/\/secure.gravatar.com\/avatar\/10ba5c9713e0c323617b4309a19e3a46?s=96&d=mm&r=g","contentUrl":"https:\/\/secure.gravatar.com\/avatar\/10ba5c9713e0c323617b4309a19e3a46?s=96&d=mm&r=g","caption":"Jo\u00e3o Vitor"},"url":"https:\/\/franciscanos.org.br\/noticias\/author\/joaovitor"}]}},"_links":{"self":[{"href":"https:\/\/franciscanos.org.br\/noticias\/wp-json\/wp\/v2\/posts\/246661"}],"collection":[{"href":"https:\/\/franciscanos.org.br\/noticias\/wp-json\/wp\/v2\/posts"}],"about":[{"href":"https:\/\/franciscanos.org.br\/noticias\/wp-json\/wp\/v2\/types\/post"}],"author":[{"embeddable":true,"href":"https:\/\/franciscanos.org.br\/noticias\/wp-json\/wp\/v2\/users\/10"}],"replies":[{"embeddable":true,"href":"https:\/\/franciscanos.org.br\/noticias\/wp-json\/wp\/v2\/comments?post=246661"}],"version-history":[{"count":5,"href":"https:\/\/franciscanos.org.br\/noticias\/wp-json\/wp\/v2\/posts\/246661\/revisions"}],"predecessor-version":[{"id":246685,"href":"https:\/\/franciscanos.org.br\/noticias\/wp-json\/wp\/v2\/posts\/246661\/revisions\/246685"}],"wp:featuredmedia":[{"embeddable":true,"href":"https:\/\/franciscanos.org.br\/noticias\/wp-json\/wp\/v2\/media\/246669"}],"wp:attachment":[{"href":"https:\/\/franciscanos.org.br\/noticias\/wp-json\/wp\/v2\/media?parent=246661"}],"wp:term":[{"taxonomy":"category","embeddable":true,"href":"https:\/\/franciscanos.org.br\/noticias\/wp-json\/wp\/v2\/categories?post=246661"},{"taxonomy":"post_tag","embeddable":true,"href":"https:\/\/franciscanos.org.br\/noticias\/wp-json\/wp\/v2\/tags?post=246661"}],"curies":[{"name":"wp","href":"https:\/\/api.w.org\/{rel}","templated":true}]}}