{"id":246657,"date":"2024-03-13T11:51:00","date_gmt":"2024-03-13T14:51:00","guid":{"rendered":"https:\/\/franciscanos.org.br\/noticias\/?p=246657"},"modified":"2024-03-18T07:25:07","modified_gmt":"2024-03-18T10:25:07","slug":"dom-jaime-spengler-presidente-da-cnbb-felicita-o-papa-francisco-pelos-11-anos-de-pontificado","status":"publish","type":"post","link":"https:\/\/franciscanos.org.br\/noticias\/dom-jaime-spengler-presidente-da-cnbb-felicita-o-papa-francisco-pelos-11-anos-de-pontificado.html","title":{"rendered":"Dom Jaime Spengler, Presidente da CNBB, felicita o Papa Francisco pelos 11 anos de pontificado"},"content":{"rendered":"<p><iframe loading=\"lazy\" title=\"YouTube video player\" src=\"https:\/\/www.youtube.com\/embed\/7HabI3r8oIg?si=BgSizt04FuM7gp90\" width=\"560\" height=\"315\" frameborder=\"0\" allowfullscreen=\"allowfullscreen\"><\/iframe><\/p>\n<div class=\"elementor-element elementor-element-3a087bd2 elementor-widget elementor-widget-theme-post-content\" data-id=\"3a087bd2\" data-element_type=\"widget\" data-widget_type=\"theme-post-content.default\">\n<div class=\"elementor-widget-container\">\n<p>O arcebispo de Porto Alegre e presidente da CNBB, dom Jaime Spengler, manifestou felicita\u00e7\u00f5es ao Papa Francisco pelos 11 anos de seu pontificado, celebrado nessa quarta-feira, 13 de mar\u00e7o. \u201cExpressamos nossa proximidade, gratid\u00e3o e tamb\u00e9m nossa alegria. Rezamos, sim, a favor e desejamos sa\u00fade e paz\u201d, desejou dom Jaime.<\/p>\n<p>\u201cEstamos celebrando o 11\u00ba ano da elei\u00e7\u00e3o do Papa Francisco para bispo de Roma. N\u00f3s como Confer\u00eancia Nacional dos Bispos do Brasil desejamos manifestar felicita\u00e7\u00f5es por meio do nosso abra\u00e7o fraterno, sinal tamb\u00e9m de nossa comunh\u00e3o. O magist\u00e9rio do Papa Francisco, bispo de Roma, tem sido rico e iluminador. Deus seja louvado por esse magist\u00e9rio magn\u00edfico. Expressamos nossa proximidade, gratid\u00e3o e tamb\u00e9m nossa alegria. Rezamos, sim, a favor e desejamos sa\u00fade e paz\u201d, exortou dom Jaime.<\/p>\n<\/div>\n<\/div>\n","protected":false},"excerpt":{"rendered":"<p>Dom Jaime Spengler<\/p>\n","protected":false},"author":10,"featured_media":246660,"comment_status":"open","ping_status":"open","sticky":false,"template":"","format":"standard","meta":[],"categories":[1],"tags":[449,55],"acf":[],"yoast_head":"<!-- This site is optimized with the Yoast SEO plugin v19.2 - https:\/\/yoast.com\/wordpress\/plugins\/seo\/ -->\n<title>Dom Jaime Spengler, Presidente da CNBB, felicita o Papa Francisco pelos 11 anos de pontificado - Not\u00edcias - Franciscanos<\/title>\n<meta name=\"robots\" content=\"index, follow, max-snippet:-1, max-image-preview:large, max-video-preview:-1\" \/>\n<link rel=\"canonical\" href=\"https:\/\/franciscanos.org.br\/noticias\/dom-jaime-spengler-presidente-da-cnbb-felicita-o-papa-francisco-pelos-11-anos-de-pontificado.html\" \/>\n<meta property=\"og:locale\" content=\"pt_BR\" \/>\n<meta property=\"og:type\" content=\"article\" \/>\n<meta property=\"og:title\" content=\"Dom Jaime Spengler, Presidente da CNBB, felicita o Papa Francisco pelos 11 anos de pontificado - Not\u00edcias - Franciscanos\" \/>\n<meta property=\"og:description\" content=\"Dom Jaime Spengler\" \/>\n<meta property=\"og:url\" content=\"https:\/\/franciscanos.org.br\/noticias\/dom-jaime-spengler-presidente-da-cnbb-felicita-o-papa-francisco-pelos-11-anos-de-pontificado.html\" \/>\n<meta property=\"og:site_name\" content=\"Not\u00edcias - Franciscanos\" \/>\n<meta property=\"article:published_time\" content=\"2024-03-13T14:51:00+00:00\" \/>\n<meta property=\"article:modified_time\" content=\"2024-03-18T10:25:07+00:00\" \/>\n<meta property=\"og:image\" content=\"https:\/\/franciscanos.org.br\/noticias\/wp-content\/uploads\/2024\/03\/D.-Jaime-Spengler.jpg\" \/>\n\t<meta property=\"og:image:width\" content=\"808\" \/>\n\t<meta property=\"og:image:height\" content=\"468\" \/>\n\t<meta property=\"og:image:type\" content=\"image\/jpeg\" \/>\n<meta name=\"author\" content=\"Jo\u00e3o Vitor\" \/>\n<meta name=\"twitter:card\" content=\"summary_large_image\" \/>\n<meta name=\"twitter:label1\" content=\"Escrito por\" \/>\n\t<meta name=\"twitter:data1\" content=\"Jo\u00e3o Vitor\" \/>\n\t<meta name=\"twitter:label2\" content=\"Est. tempo de leitura\" \/>\n\t<meta name=\"twitter:data2\" content=\"1 minuto\" \/>\n<script type=\"application\/ld+json\" class=\"yoast-schema-graph\">{\"@context\":\"https:\/\/schema.org\",\"@graph\":[{\"@type\":\"WebSite\",\"@id\":\"https:\/\/franciscanos.org.br\/noticias\/#website\",\"url\":\"https:\/\/franciscanos.org.br\/noticias\/\",\"name\":\"Not\u00edcias - Franciscanos\",\"description\":\"Prov\u00edncia Franciscana da Imaculada Concei\u00e7\u00e3o do Brasil - Ordem dos Frades Menores - OFM\",\"potentialAction\":[{\"@type\":\"SearchAction\",\"target\":{\"@type\":\"EntryPoint\",\"urlTemplate\":\"https:\/\/franciscanos.org.br\/noticias\/?s={search_term_string}\"},\"query-input\":\"required name=search_term_string\"}],\"inLanguage\":\"pt-BR\"},{\"@type\":\"ImageObject\",\"inLanguage\":\"pt-BR\",\"@id\":\"https:\/\/franciscanos.org.br\/noticias\/dom-jaime-spengler-presidente-da-cnbb-felicita-o-papa-francisco-pelos-11-anos-de-pontificado.html#primaryimage\",\"url\":\"https:\/\/franciscanos.org.br\/noticias\/wp-content\/uploads\/2024\/03\/D.-Jaime-Spengler.jpg\",\"contentUrl\":\"https:\/\/franciscanos.org.br\/noticias\/wp-content\/uploads\/2024\/03\/D.-Jaime-Spengler.jpg\",\"width\":808,\"height\":468},{\"@type\":\"WebPage\",\"@id\":\"https:\/\/franciscanos.org.br\/noticias\/dom-jaime-spengler-presidente-da-cnbb-felicita-o-papa-francisco-pelos-11-anos-de-pontificado.html#webpage\",\"url\":\"https:\/\/franciscanos.org.br\/noticias\/dom-jaime-spengler-presidente-da-cnbb-felicita-o-papa-francisco-pelos-11-anos-de-pontificado.html\",\"name\":\"Dom Jaime Spengler, Presidente da CNBB, felicita o Papa Francisco pelos 11 anos de pontificado - Not\u00edcias - Franciscanos\",\"isPartOf\":{\"@id\":\"https:\/\/franciscanos.org.br\/noticias\/#website\"},\"primaryImageOfPage\":{\"@id\":\"https:\/\/franciscanos.org.br\/noticias\/dom-jaime-spengler-presidente-da-cnbb-felicita-o-papa-francisco-pelos-11-anos-de-pontificado.html#primaryimage\"},\"datePublished\":\"2024-03-13T14:51:00+00:00\",\"dateModified\":\"2024-03-18T10:25:07+00:00\",\"author\":{\"@id\":\"https:\/\/franciscanos.org.br\/noticias\/#\/schema\/person\/8c11f06a466b856a11dd48d20600055f\"},\"breadcrumb\":{\"@id\":\"https:\/\/franciscanos.org.br\/noticias\/dom-jaime-spengler-presidente-da-cnbb-felicita-o-papa-francisco-pelos-11-anos-de-pontificado.html#breadcrumb\"},\"inLanguage\":\"pt-BR\",\"potentialAction\":[{\"@type\":\"ReadAction\",\"target\":[\"https:\/\/franciscanos.org.br\/noticias\/dom-jaime-spengler-presidente-da-cnbb-felicita-o-papa-francisco-pelos-11-anos-de-pontificado.html\"]}]},{\"@type\":\"BreadcrumbList\",\"@id\":\"https:\/\/franciscanos.org.br\/noticias\/dom-jaime-spengler-presidente-da-cnbb-felicita-o-papa-francisco-pelos-11-anos-de-pontificado.html#breadcrumb\",\"itemListElement\":[{\"@type\":\"ListItem\",\"position\":1,\"name\":\"Home\",\"item\":\"https:\/\/franciscanos.org.br\/noticias\"},{\"@type\":\"ListItem\",\"position\":2,\"name\":\"Dom Jaime Spengler, Presidente da CNBB, felicita o Papa Francisco pelos 11 anos de pontificado\"}]},{\"@type\":\"Person\",\"@id\":\"https:\/\/franciscanos.org.br\/noticias\/#\/schema\/person\/8c11f06a466b856a11dd48d20600055f\",\"name\":\"Jo\u00e3o Vitor\",\"image\":{\"@type\":\"ImageObject\",\"inLanguage\":\"pt-BR\",\"@id\":\"https:\/\/franciscanos.org.br\/noticias\/#\/schema\/person\/image\/\",\"url\":\"https:\/\/secure.gravatar.com\/avatar\/10ba5c9713e0c323617b4309a19e3a46?s=96&d=mm&r=g\",\"contentUrl\":\"https:\/\/secure.gravatar.com\/avatar\/10ba5c9713e0c323617b4309a19e3a46?s=96&d=mm&r=g\",\"caption\":\"Jo\u00e3o Vitor\"},\"url\":\"https:\/\/franciscanos.org.br\/noticias\/author\/joaovitor\"}]}<\/script>\n<!-- \/ Yoast SEO plugin. -->","yoast_head_json":{"title":"Dom Jaime Spengler, Presidente da CNBB, felicita o Papa Francisco pelos 11 anos de pontificado - Not\u00edcias - Franciscanos","robots":{"index":"index","follow":"follow","max-snippet":"max-snippet:-1","max-image-preview":"max-image-preview:large","max-video-preview":"max-video-preview:-1"},"canonical":"https:\/\/franciscanos.org.br\/noticias\/dom-jaime-spengler-presidente-da-cnbb-felicita-o-papa-francisco-pelos-11-anos-de-pontificado.html","og_locale":"pt_BR","og_type":"article","og_title":"Dom Jaime Spengler, Presidente da CNBB, felicita o Papa Francisco pelos 11 anos de pontificado - Not\u00edcias - Franciscanos","og_description":"Dom Jaime Spengler","og_url":"https:\/\/franciscanos.org.br\/noticias\/dom-jaime-spengler-presidente-da-cnbb-felicita-o-papa-francisco-pelos-11-anos-de-pontificado.html","og_site_name":"Not\u00edcias - Franciscanos","article_published_time":"2024-03-13T14:51:00+00:00","article_modified_time":"2024-03-18T10:25:07+00:00","og_image":[{"width":808,"height":468,"url":"https:\/\/franciscanos.org.br\/noticias\/wp-content\/uploads\/2024\/03\/D.-Jaime-Spengler.jpg","type":"image\/jpeg"}],"author":"Jo\u00e3o Vitor","twitter_card":"summary_large_image","twitter_misc":{"Escrito por":"Jo\u00e3o Vitor","Est. tempo de leitura":"1 minuto"},"schema":{"@context":"https:\/\/schema.org","@graph":[{"@type":"WebSite","@id":"https:\/\/franciscanos.org.br\/noticias\/#website","url":"https:\/\/franciscanos.org.br\/noticias\/","name":"Not\u00edcias - Franciscanos","description":"Prov\u00edncia Franciscana da Imaculada Concei\u00e7\u00e3o do Brasil - Ordem dos Frades Menores - OFM","potentialAction":[{"@type":"SearchAction","target":{"@type":"EntryPoint","urlTemplate":"https:\/\/franciscanos.org.br\/noticias\/?s={search_term_string}"},"query-input":"required name=search_term_string"}],"inLanguage":"pt-BR"},{"@type":"ImageObject","inLanguage":"pt-BR","@id":"https:\/\/franciscanos.org.br\/noticias\/dom-jaime-spengler-presidente-da-cnbb-felicita-o-papa-francisco-pelos-11-anos-de-pontificado.html#primaryimage","url":"https:\/\/franciscanos.org.br\/noticias\/wp-content\/uploads\/2024\/03\/D.-Jaime-Spengler.jpg","contentUrl":"https:\/\/franciscanos.org.br\/noticias\/wp-content\/uploads\/2024\/03\/D.-Jaime-Spengler.jpg","width":808,"height":468},{"@type":"WebPage","@id":"https:\/\/franciscanos.org.br\/noticias\/dom-jaime-spengler-presidente-da-cnbb-felicita-o-papa-francisco-pelos-11-anos-de-pontificado.html#webpage","url":"https:\/\/franciscanos.org.br\/noticias\/dom-jaime-spengler-presidente-da-cnbb-felicita-o-papa-francisco-pelos-11-anos-de-pontificado.html","name":"Dom Jaime Spengler, Presidente da CNBB, felicita o Papa Francisco pelos 11 anos de pontificado - Not\u00edcias - Franciscanos","isPartOf":{"@id":"https:\/\/franciscanos.org.br\/noticias\/#website"},"primaryImageOfPage":{"@id":"https:\/\/franciscanos.org.br\/noticias\/dom-jaime-spengler-presidente-da-cnbb-felicita-o-papa-francisco-pelos-11-anos-de-pontificado.html#primaryimage"},"datePublished":"2024-03-13T14:51:00+00:00","dateModified":"2024-03-18T10:25:07+00:00","author":{"@id":"https:\/\/franciscanos.org.br\/noticias\/#\/schema\/person\/8c11f06a466b856a11dd48d20600055f"},"breadcrumb":{"@id":"https:\/\/franciscanos.org.br\/noticias\/dom-jaime-spengler-presidente-da-cnbb-felicita-o-papa-francisco-pelos-11-anos-de-pontificado.html#breadcrumb"},"inLanguage":"pt-BR","potentialAction":[{"@type":"ReadAction","target":["https:\/\/franciscanos.org.br\/noticias\/dom-jaime-spengler-presidente-da-cnbb-felicita-o-papa-francisco-pelos-11-anos-de-pontificado.html"]}]},{"@type":"BreadcrumbList","@id":"https:\/\/franciscanos.org.br\/noticias\/dom-jaime-spengler-presidente-da-cnbb-felicita-o-papa-francisco-pelos-11-anos-de-pontificado.html#breadcrumb","itemListElement":[{"@type":"ListItem","position":1,"name":"Home","item":"https:\/\/franciscanos.org.br\/noticias"},{"@type":"ListItem","position":2,"name":"Dom Jaime Spengler, Presidente da CNBB, felicita o Papa Francisco pelos 11 anos de pontificado"}]},{"@type":"Person","@id":"https:\/\/franciscanos.org.br\/noticias\/#\/schema\/person\/8c11f06a466b856a11dd48d20600055f","name":"Jo\u00e3o Vitor","image":{"@type":"ImageObject","inLanguage":"pt-BR","@id":"https:\/\/franciscanos.org.br\/noticias\/#\/schema\/person\/image\/","url":"https:\/\/secure.gravatar.com\/avatar\/10ba5c9713e0c323617b4309a19e3a46?s=96&d=mm&r=g","contentUrl":"https:\/\/secure.gravatar.com\/avatar\/10ba5c9713e0c323617b4309a19e3a46?s=96&d=mm&r=g","caption":"Jo\u00e3o Vitor"},"url":"https:\/\/franciscanos.org.br\/noticias\/author\/joaovitor"}]}},"_links":{"self":[{"href":"https:\/\/franciscanos.org.br\/noticias\/wp-json\/wp\/v2\/posts\/246657"}],"collection":[{"href":"https:\/\/franciscanos.org.br\/noticias\/wp-json\/wp\/v2\/posts"}],"about":[{"href":"https:\/\/franciscanos.org.br\/noticias\/wp-json\/wp\/v2\/types\/post"}],"author":[{"embeddable":true,"href":"https:\/\/franciscanos.org.br\/noticias\/wp-json\/wp\/v2\/users\/10"}],"replies":[{"embeddable":true,"href":"https:\/\/franciscanos.org.br\/noticias\/wp-json\/wp\/v2\/comments?post=246657"}],"version-history":[{"count":3,"href":"https:\/\/franciscanos.org.br\/noticias\/wp-json\/wp\/v2\/posts\/246657\/revisions"}],"predecessor-version":[{"id":246699,"href":"https:\/\/franciscanos.org.br\/noticias\/wp-json\/wp\/v2\/posts\/246657\/revisions\/246699"}],"wp:featuredmedia":[{"embeddable":true,"href":"https:\/\/franciscanos.org.br\/noticias\/wp-json\/wp\/v2\/media\/246660"}],"wp:attachment":[{"href":"https:\/\/franciscanos.org.br\/noticias\/wp-json\/wp\/v2\/media?parent=246657"}],"wp:term":[{"taxonomy":"category","embeddable":true,"href":"https:\/\/franciscanos.org.br\/noticias\/wp-json\/wp\/v2\/categories?post=246657"},{"taxonomy":"post_tag","embeddable":true,"href":"https:\/\/franciscanos.org.br\/noticias\/wp-json\/wp\/v2\/tags?post=246657"}],"curies":[{"name":"wp","href":"https:\/\/api.w.org\/{rel}","templated":true}]}}