{"id":246650,"date":"2024-03-13T08:53:00","date_gmt":"2024-03-13T11:53:00","guid":{"rendered":"https:\/\/franciscanos.org.br\/noticias\/?p=246650"},"modified":"2024-03-13T08:53:12","modified_gmt":"2024-03-13T11:53:12","slug":"papa-o-ser-humano-e-feito-para-o-bem-a-imagem-de-deus","status":"publish","type":"post","link":"https:\/\/franciscanos.org.br\/noticias\/papa-o-ser-humano-e-feito-para-o-bem-a-imagem-de-deus.html","title":{"rendered":"Papa: o ser humano \u00e9 feito para o bem, \u00e0 imagem de Deus"},"content":{"rendered":"<div><img loading=\"lazy\" class=\"aligncenter wp-image-246651 size-full\" src=\"https:\/\/franciscanos.org.br\/noticias\/wp-content\/uploads\/2024\/03\/cq5dam.thumbnail.cropped.750.422-1.jpeg\" alt=\"\" width=\"750\" height=\"422\" srcset=\"https:\/\/franciscanos.org.br\/noticias\/wp-content\/uploads\/2024\/03\/cq5dam.thumbnail.cropped.750.422-1.jpeg 750w, https:\/\/franciscanos.org.br\/noticias\/wp-content\/uploads\/2024\/03\/cq5dam.thumbnail.cropped.750.422-1-450x253.jpeg 450w, https:\/\/franciscanos.org.br\/noticias\/wp-content\/uploads\/2024\/03\/cq5dam.thumbnail.cropped.750.422-1-150x84.jpeg 150w\" sizes=\"(max-width: 750px) 100vw, 750px\" \/><\/div>\n<div class=\"article__subTitle\" style=\"text-align: center;\"><em>Francisco, ap\u00f3s oito catequeses dedicadas aos v\u00edcios, iniciou nesta quarta-feira (13) uma s\u00e9rie de reflex\u00f5es sobre as virtudes. Ao introduzir o tema, o Papa afirma que este &#8220;bem, que vem de um lento amadurecimento da pessoa at\u00e9 se tornar sua caracter\u00edstica interior&#8221;, \u00e9 sustentado pela gra\u00e7a de Deus, e para que cres\u00e7a e seja cultivado, s\u00e3o necess\u00e1rias sabedoria e boa vontade. \u201cEm um mundo deformado, devemos nos lembrar da imagem de Deus impressa em n\u00f3s para sempre\u201d.<\/em><\/div>\n<div>\n<p>Sorrisos, sauda\u00e7\u00f5es, acenos e muitas felicita\u00e7\u00f5es pelos 11 anos de Pontificado do Papa Francisco. Este foi o clima inicial da Audi\u00eancia Geral desta quarta-feira, 13 de mar\u00e7o, mesma data que marca a elei\u00e7\u00e3o do cardeal Jorge Mario Bergoglio no Conclave de 2013. A bordo do papam\u00f3vel, o Santo Padre retribui o afeto dos fi\u00e9is expressando um dos seus tra\u00e7os mais fortes: a ternura.<\/p>\n<p>Ao iniciar a Catequese, o Papa explicou aos fi\u00e9is que, devido a um resfriado, ainda n\u00e3o pode ler a catequese e convidou os presentes a escutarem com aten\u00e7\u00e3o o conte\u00fado proposto:<\/p>\n<p>\u201cDou-lhes as boas-vindas, ainda estou um pouco resfriado, por isso pedi ao monsenhor para ler a catequese. Estejamos atentos, acredito que nos far\u00e1 muito bem!\u201d<\/p>\n<h2>O cap\u00edtulo das virtudes<\/h2>\n<p>O texto, proferido pelo padre Pierluigi Giroli, introduz o novo percurso de reflex\u00f5es afirmando que, ap\u00f3s a vis\u00e3o geral dos v\u00edcios, \u00e9 chegado o momento de voltar o olhar para o quadro sim\u00e9trico que se op\u00f5e \u00e0 experi\u00eancia do mal: as virtudes.<\/p>\n<p>Segundo Francisco, o termo de origem latina, virtus, destaca sobretudo que a pessoa virtuosa \u00e9 forte, corajosa, capaz de disciplina e ascetismo; portanto, o exerc\u00edcio das virtudes \u00e9 fruto de uma longa germina\u00e7\u00e3o, que exige esfor\u00e7o e at\u00e9 sofrimento. J\u00e1 a palavra grega, aret\u00e8, indica algo que se destaca, algo que emerge, que desperta admira\u00e7\u00e3o.<\/p>\n<div>\n<div class=\"article__embed article__embed--border embed_style\">\n<p>\u201cA pessoa virtuosa \u00e9, portanto, aquela que n\u00e3o se distorce pela deforma\u00e7\u00e3o, mas \u00e9 fiel \u00e0 sua voca\u00e7\u00e3o e realiza-se plenamente.\u201d<\/p>\n<\/div>\n<\/div>\n<h2>Voca\u00e7\u00e3o de todos<\/h2>\n<p>\u201cEstar\u00edamos errados se pens\u00e1ssemos que os santos s\u00e3o exce\u00e7\u00f5es \u00e0 humanidade: uma esp\u00e9cie de c\u00edrculo estreito de campe\u00f5es que vivem al\u00e9m dos limites da nossa esp\u00e9cie\u201d, enfatiza o texto do Pont\u00edfice, afirmando que nesta perspetiva que acabamos de introduzir sobre as virtudes, os santos s\u00e3o antes aqueles que se tornam plenamente eles mesmos, que realizam a voca\u00e7\u00e3o pr\u00f3pria de cada homem:<\/p>\n<p>\u201cQue mundo feliz seria aquele em que a justi\u00e7a, o respeito, a benevol\u00eancia m\u00fatua, a abertura de esp\u00edrito e a esperan\u00e7a fossem a normalidade partilhada e n\u00e3o uma anomalia rara! \u00c9 por isso que o cap\u00edtulo sobre o agir virtuoso, nestes nossos tempos dram\u00e1ticos em que frequentemente lidamos com o pior do humano, deve ser redescoberto e praticado por todos. Num mundo deformado devemos lembrar a forma com que fomos moldados, a imagem de Deus que est\u00e1 impressa em n\u00f3s para sempre.\u201d<\/p>\n<p><img loading=\"lazy\" class=\"wp-image-246652 size-full aligncenter\" src=\"https:\/\/franciscanos.org.br\/noticias\/wp-content\/uploads\/2024\/03\/cq5dam.thumbnail.cropped.750.422-1-1.jpeg\" alt=\"\" width=\"750\" height=\"422\" srcset=\"https:\/\/franciscanos.org.br\/noticias\/wp-content\/uploads\/2024\/03\/cq5dam.thumbnail.cropped.750.422-1-1.jpeg 750w, https:\/\/franciscanos.org.br\/noticias\/wp-content\/uploads\/2024\/03\/cq5dam.thumbnail.cropped.750.422-1-1-450x253.jpeg 450w, https:\/\/franciscanos.org.br\/noticias\/wp-content\/uploads\/2024\/03\/cq5dam.thumbnail.cropped.750.422-1-1-150x84.jpeg 150w\" sizes=\"(max-width: 750px) 100vw, 750px\" \/><\/p>\n<h2>Conceito de virtude<\/h2>\n<p>O Santo Padre ent\u00e3o recorda que o Catecismo da Igreja Cat\u00f3lica oferece-nos uma defini\u00e7\u00e3o precisa e concisa: \u201cA virtude \u00e9 uma disposi\u00e7\u00e3o habitual e firme para praticar o bem\u201d (n. 1803).<\/p>\n<p>N\u00e3o se trata, portanto, de um ato improvisado e um tanto aleat\u00f3rio, que cai dos c\u00e9us de forma epis\u00f3dica, sublinha Francisco ao destacar que virtude \u00e9 um habitus da liberdade. \u201cSe somos livres em todos os atos, e sempre somos chamados a escolher entre o bem e o mal, a virtude \u00e9 o que nos permite ter o costume de fazer a escolha certa.\u201d<\/p>\n<h2>Uma vida virtuosa<\/h2>\n<p>Padre Giroli continua a leitura da reflex\u00e3o com uma pergunta: Se a virtude \u00e9 um dom t\u00e3o belo, como \u00e9 poss\u00edvel adquiri-la? A resposta a esta pergunta n\u00e3o \u00e9 simples, \u00e9 complexa:<\/p>\n<div>\n<div class=\"article__embed article__embed--border embed_style\">\n<p>\u201cPara o crist\u00e3o, o primeiro socorro \u00e9 a gra\u00e7a de Deus!\u201d<\/p>\n<\/div>\n<\/div>\n<p><i>\u201cO Esp\u00edrito Santo atua em n\u00f3s, batizados, trabalhando na nossa alma para conduzi-la a uma vida virtuosa. Quantos crist\u00e3os alcan\u00e7aram a santidade atrav\u00e9s das l\u00e1grimas, percebendo que n\u00e3o conseguiam superar algumas das suas fraquezas! Mas eles experimentaram que Deus completou aquela boa obra que para eles era apenas um esbo\u00e7o. A gra\u00e7a sempre precede o nosso compromisso moral.\u201d<\/i><\/p>\n<h2>Sabedoria e liberdade<\/h2>\n<p>Na conclus\u00e3o do texto o Santo Padre destaca que nunca devemos esquecer a riqu\u00edssima li\u00e7\u00e3o que nos foi transmitida pela sabedoria dos antigos, que nos diz que a virtude cresce e pode ser cultivada. E para que isso aconte\u00e7a, o primeiro dom do Esp\u00edrito a ser pedido \u00e9 precisamente a sabedoria:<\/p>\n<p>\u201cO ser humano n\u00e3o \u00e9 um territ\u00f3rio livre para a conquista de prazeres, de emo\u00e7\u00f5es, de instintos, de paix\u00f5es, sem poder fazer nada contra essas for\u00e7as, por vezes ca\u00f3ticas, que o habitam. Um dom inestim\u00e1vel que possu\u00edmos \u00e9 a abertura da mente, \u00e9 a sabedoria que sabe aprender com os erros para dirigir bem a vida. Depois precisamos da boa vontade: a capacidade de escolher o bem, de nos moldarmos com o exerc\u00edcio asc\u00e9tico, evitando os excessos.\u201d<\/p>\n<p>\u201cQueridos irm\u00e3os e irm\u00e3s, \u00e9 assim que iniciamos o nosso caminho atrav\u00e9s das virtudes, neste universo sereno que se apresenta desafiador, mas decisivo para a nossa felicidade\u201d, conclui a reflex\u00e3o do Pont\u00edfice.<\/p>\n<\/div>\n<div>\n<hr \/>\n<p><em><b>Thulio Fonseca &#8211; Vatican News<\/b><\/em><\/p>\n<\/div>\n","protected":false},"excerpt":{"rendered":"<p>Audi\u00eancia Geral<\/p>\n","protected":false},"author":10,"featured_media":246652,"comment_status":"open","ping_status":"open","sticky":false,"template":"","format":"standard","meta":[],"categories":[1,1428],"tags":[487,55],"acf":[],"yoast_head":"<!-- This site is optimized with the Yoast SEO plugin v19.2 - https:\/\/yoast.com\/wordpress\/plugins\/seo\/ -->\n<title>Papa: o ser humano \u00e9 feito para o bem, \u00e0 imagem de Deus - Not\u00edcias - Franciscanos<\/title>\n<meta name=\"robots\" content=\"index, follow, max-snippet:-1, max-image-preview:large, max-video-preview:-1\" \/>\n<link rel=\"canonical\" href=\"https:\/\/franciscanos.org.br\/noticias\/papa-o-ser-humano-e-feito-para-o-bem-a-imagem-de-deus.html\" \/>\n<meta property=\"og:locale\" content=\"pt_BR\" \/>\n<meta property=\"og:type\" content=\"article\" \/>\n<meta property=\"og:title\" content=\"Papa: o ser humano \u00e9 feito para o bem, \u00e0 imagem de Deus - Not\u00edcias - Franciscanos\" \/>\n<meta property=\"og:description\" content=\"Audi\u00eancia Geral\" \/>\n<meta property=\"og:url\" content=\"https:\/\/franciscanos.org.br\/noticias\/papa-o-ser-humano-e-feito-para-o-bem-a-imagem-de-deus.html\" \/>\n<meta property=\"og:site_name\" content=\"Not\u00edcias - Franciscanos\" \/>\n<meta property=\"article:published_time\" content=\"2024-03-13T11:53:00+00:00\" \/>\n<meta property=\"article:modified_time\" content=\"2024-03-13T11:53:12+00:00\" \/>\n<meta property=\"og:image\" content=\"https:\/\/franciscanos.org.br\/noticias\/wp-content\/uploads\/2024\/03\/cq5dam.thumbnail.cropped.750.422-1-1.jpeg\" \/>\n\t<meta property=\"og:image:width\" content=\"750\" \/>\n\t<meta property=\"og:image:height\" content=\"422\" \/>\n\t<meta property=\"og:image:type\" content=\"image\/jpeg\" \/>\n<meta name=\"author\" content=\"Jo\u00e3o Vitor\" \/>\n<meta name=\"twitter:card\" content=\"summary_large_image\" \/>\n<meta name=\"twitter:label1\" content=\"Escrito por\" \/>\n\t<meta name=\"twitter:data1\" content=\"Jo\u00e3o Vitor\" \/>\n\t<meta name=\"twitter:label2\" content=\"Est. tempo de leitura\" \/>\n\t<meta name=\"twitter:data2\" content=\"5 minutos\" \/>\n<script type=\"application\/ld+json\" class=\"yoast-schema-graph\">{\"@context\":\"https:\/\/schema.org\",\"@graph\":[{\"@type\":\"WebSite\",\"@id\":\"https:\/\/franciscanos.org.br\/noticias\/#website\",\"url\":\"https:\/\/franciscanos.org.br\/noticias\/\",\"name\":\"Not\u00edcias - Franciscanos\",\"description\":\"Prov\u00edncia Franciscana da Imaculada Concei\u00e7\u00e3o do Brasil - Ordem dos Frades Menores - OFM\",\"potentialAction\":[{\"@type\":\"SearchAction\",\"target\":{\"@type\":\"EntryPoint\",\"urlTemplate\":\"https:\/\/franciscanos.org.br\/noticias\/?s={search_term_string}\"},\"query-input\":\"required name=search_term_string\"}],\"inLanguage\":\"pt-BR\"},{\"@type\":\"ImageObject\",\"inLanguage\":\"pt-BR\",\"@id\":\"https:\/\/franciscanos.org.br\/noticias\/papa-o-ser-humano-e-feito-para-o-bem-a-imagem-de-deus.html#primaryimage\",\"url\":\"https:\/\/franciscanos.org.br\/noticias\/wp-content\/uploads\/2024\/03\/cq5dam.thumbnail.cropped.750.422-1-1.jpeg\",\"contentUrl\":\"https:\/\/franciscanos.org.br\/noticias\/wp-content\/uploads\/2024\/03\/cq5dam.thumbnail.cropped.750.422-1-1.jpeg\",\"width\":750,\"height\":422},{\"@type\":\"WebPage\",\"@id\":\"https:\/\/franciscanos.org.br\/noticias\/papa-o-ser-humano-e-feito-para-o-bem-a-imagem-de-deus.html#webpage\",\"url\":\"https:\/\/franciscanos.org.br\/noticias\/papa-o-ser-humano-e-feito-para-o-bem-a-imagem-de-deus.html\",\"name\":\"Papa: o ser humano \u00e9 feito para o bem, \u00e0 imagem de Deus - Not\u00edcias - Franciscanos\",\"isPartOf\":{\"@id\":\"https:\/\/franciscanos.org.br\/noticias\/#website\"},\"primaryImageOfPage\":{\"@id\":\"https:\/\/franciscanos.org.br\/noticias\/papa-o-ser-humano-e-feito-para-o-bem-a-imagem-de-deus.html#primaryimage\"},\"datePublished\":\"2024-03-13T11:53:00+00:00\",\"dateModified\":\"2024-03-13T11:53:12+00:00\",\"author\":{\"@id\":\"https:\/\/franciscanos.org.br\/noticias\/#\/schema\/person\/8c11f06a466b856a11dd48d20600055f\"},\"breadcrumb\":{\"@id\":\"https:\/\/franciscanos.org.br\/noticias\/papa-o-ser-humano-e-feito-para-o-bem-a-imagem-de-deus.html#breadcrumb\"},\"inLanguage\":\"pt-BR\",\"potentialAction\":[{\"@type\":\"ReadAction\",\"target\":[\"https:\/\/franciscanos.org.br\/noticias\/papa-o-ser-humano-e-feito-para-o-bem-a-imagem-de-deus.html\"]}]},{\"@type\":\"BreadcrumbList\",\"@id\":\"https:\/\/franciscanos.org.br\/noticias\/papa-o-ser-humano-e-feito-para-o-bem-a-imagem-de-deus.html#breadcrumb\",\"itemListElement\":[{\"@type\":\"ListItem\",\"position\":1,\"name\":\"Home\",\"item\":\"https:\/\/franciscanos.org.br\/noticias\"},{\"@type\":\"ListItem\",\"position\":2,\"name\":\"Papa: o ser humano \u00e9 feito para o bem, \u00e0 imagem de Deus\"}]},{\"@type\":\"Person\",\"@id\":\"https:\/\/franciscanos.org.br\/noticias\/#\/schema\/person\/8c11f06a466b856a11dd48d20600055f\",\"name\":\"Jo\u00e3o Vitor\",\"image\":{\"@type\":\"ImageObject\",\"inLanguage\":\"pt-BR\",\"@id\":\"https:\/\/franciscanos.org.br\/noticias\/#\/schema\/person\/image\/\",\"url\":\"https:\/\/secure.gravatar.com\/avatar\/10ba5c9713e0c323617b4309a19e3a46?s=96&d=mm&r=g\",\"contentUrl\":\"https:\/\/secure.gravatar.com\/avatar\/10ba5c9713e0c323617b4309a19e3a46?s=96&d=mm&r=g\",\"caption\":\"Jo\u00e3o Vitor\"},\"url\":\"https:\/\/franciscanos.org.br\/noticias\/author\/joaovitor\"}]}<\/script>\n<!-- \/ Yoast SEO plugin. -->","yoast_head_json":{"title":"Papa: o ser humano \u00e9 feito para o bem, \u00e0 imagem de Deus - Not\u00edcias - Franciscanos","robots":{"index":"index","follow":"follow","max-snippet":"max-snippet:-1","max-image-preview":"max-image-preview:large","max-video-preview":"max-video-preview:-1"},"canonical":"https:\/\/franciscanos.org.br\/noticias\/papa-o-ser-humano-e-feito-para-o-bem-a-imagem-de-deus.html","og_locale":"pt_BR","og_type":"article","og_title":"Papa: o ser humano \u00e9 feito para o bem, \u00e0 imagem de Deus - Not\u00edcias - Franciscanos","og_description":"Audi\u00eancia Geral","og_url":"https:\/\/franciscanos.org.br\/noticias\/papa-o-ser-humano-e-feito-para-o-bem-a-imagem-de-deus.html","og_site_name":"Not\u00edcias - Franciscanos","article_published_time":"2024-03-13T11:53:00+00:00","article_modified_time":"2024-03-13T11:53:12+00:00","og_image":[{"width":750,"height":422,"url":"https:\/\/franciscanos.org.br\/noticias\/wp-content\/uploads\/2024\/03\/cq5dam.thumbnail.cropped.750.422-1-1.jpeg","type":"image\/jpeg"}],"author":"Jo\u00e3o Vitor","twitter_card":"summary_large_image","twitter_misc":{"Escrito por":"Jo\u00e3o Vitor","Est. tempo de leitura":"5 minutos"},"schema":{"@context":"https:\/\/schema.org","@graph":[{"@type":"WebSite","@id":"https:\/\/franciscanos.org.br\/noticias\/#website","url":"https:\/\/franciscanos.org.br\/noticias\/","name":"Not\u00edcias - Franciscanos","description":"Prov\u00edncia Franciscana da Imaculada Concei\u00e7\u00e3o do Brasil - Ordem dos Frades Menores - OFM","potentialAction":[{"@type":"SearchAction","target":{"@type":"EntryPoint","urlTemplate":"https:\/\/franciscanos.org.br\/noticias\/?s={search_term_string}"},"query-input":"required name=search_term_string"}],"inLanguage":"pt-BR"},{"@type":"ImageObject","inLanguage":"pt-BR","@id":"https:\/\/franciscanos.org.br\/noticias\/papa-o-ser-humano-e-feito-para-o-bem-a-imagem-de-deus.html#primaryimage","url":"https:\/\/franciscanos.org.br\/noticias\/wp-content\/uploads\/2024\/03\/cq5dam.thumbnail.cropped.750.422-1-1.jpeg","contentUrl":"https:\/\/franciscanos.org.br\/noticias\/wp-content\/uploads\/2024\/03\/cq5dam.thumbnail.cropped.750.422-1-1.jpeg","width":750,"height":422},{"@type":"WebPage","@id":"https:\/\/franciscanos.org.br\/noticias\/papa-o-ser-humano-e-feito-para-o-bem-a-imagem-de-deus.html#webpage","url":"https:\/\/franciscanos.org.br\/noticias\/papa-o-ser-humano-e-feito-para-o-bem-a-imagem-de-deus.html","name":"Papa: o ser humano \u00e9 feito para o bem, \u00e0 imagem de Deus - Not\u00edcias - Franciscanos","isPartOf":{"@id":"https:\/\/franciscanos.org.br\/noticias\/#website"},"primaryImageOfPage":{"@id":"https:\/\/franciscanos.org.br\/noticias\/papa-o-ser-humano-e-feito-para-o-bem-a-imagem-de-deus.html#primaryimage"},"datePublished":"2024-03-13T11:53:00+00:00","dateModified":"2024-03-13T11:53:12+00:00","author":{"@id":"https:\/\/franciscanos.org.br\/noticias\/#\/schema\/person\/8c11f06a466b856a11dd48d20600055f"},"breadcrumb":{"@id":"https:\/\/franciscanos.org.br\/noticias\/papa-o-ser-humano-e-feito-para-o-bem-a-imagem-de-deus.html#breadcrumb"},"inLanguage":"pt-BR","potentialAction":[{"@type":"ReadAction","target":["https:\/\/franciscanos.org.br\/noticias\/papa-o-ser-humano-e-feito-para-o-bem-a-imagem-de-deus.html"]}]},{"@type":"BreadcrumbList","@id":"https:\/\/franciscanos.org.br\/noticias\/papa-o-ser-humano-e-feito-para-o-bem-a-imagem-de-deus.html#breadcrumb","itemListElement":[{"@type":"ListItem","position":1,"name":"Home","item":"https:\/\/franciscanos.org.br\/noticias"},{"@type":"ListItem","position":2,"name":"Papa: o ser humano \u00e9 feito para o bem, \u00e0 imagem de Deus"}]},{"@type":"Person","@id":"https:\/\/franciscanos.org.br\/noticias\/#\/schema\/person\/8c11f06a466b856a11dd48d20600055f","name":"Jo\u00e3o Vitor","image":{"@type":"ImageObject","inLanguage":"pt-BR","@id":"https:\/\/franciscanos.org.br\/noticias\/#\/schema\/person\/image\/","url":"https:\/\/secure.gravatar.com\/avatar\/10ba5c9713e0c323617b4309a19e3a46?s=96&d=mm&r=g","contentUrl":"https:\/\/secure.gravatar.com\/avatar\/10ba5c9713e0c323617b4309a19e3a46?s=96&d=mm&r=g","caption":"Jo\u00e3o Vitor"},"url":"https:\/\/franciscanos.org.br\/noticias\/author\/joaovitor"}]}},"_links":{"self":[{"href":"https:\/\/franciscanos.org.br\/noticias\/wp-json\/wp\/v2\/posts\/246650"}],"collection":[{"href":"https:\/\/franciscanos.org.br\/noticias\/wp-json\/wp\/v2\/posts"}],"about":[{"href":"https:\/\/franciscanos.org.br\/noticias\/wp-json\/wp\/v2\/types\/post"}],"author":[{"embeddable":true,"href":"https:\/\/franciscanos.org.br\/noticias\/wp-json\/wp\/v2\/users\/10"}],"replies":[{"embeddable":true,"href":"https:\/\/franciscanos.org.br\/noticias\/wp-json\/wp\/v2\/comments?post=246650"}],"version-history":[{"count":1,"href":"https:\/\/franciscanos.org.br\/noticias\/wp-json\/wp\/v2\/posts\/246650\/revisions"}],"predecessor-version":[{"id":246653,"href":"https:\/\/franciscanos.org.br\/noticias\/wp-json\/wp\/v2\/posts\/246650\/revisions\/246653"}],"wp:featuredmedia":[{"embeddable":true,"href":"https:\/\/franciscanos.org.br\/noticias\/wp-json\/wp\/v2\/media\/246652"}],"wp:attachment":[{"href":"https:\/\/franciscanos.org.br\/noticias\/wp-json\/wp\/v2\/media?parent=246650"}],"wp:term":[{"taxonomy":"category","embeddable":true,"href":"https:\/\/franciscanos.org.br\/noticias\/wp-json\/wp\/v2\/categories?post=246650"},{"taxonomy":"post_tag","embeddable":true,"href":"https:\/\/franciscanos.org.br\/noticias\/wp-json\/wp\/v2\/tags?post=246650"}],"curies":[{"name":"wp","href":"https:\/\/api.w.org\/{rel}","templated":true}]}}