{"id":246647,"date":"2024-03-12T17:05:09","date_gmt":"2024-03-12T20:05:09","guid":{"rendered":"https:\/\/franciscanos.org.br\/noticias\/?p=246647"},"modified":"2025-03-10T16:01:35","modified_gmt":"2025-03-10T19:01:35","slug":"assembleia-do-sav-discute-acoes-das-fraternidades-e-novos-modelos-de-acolhimento","status":"publish","type":"post","link":"https:\/\/franciscanos.org.br\/noticias\/assembleia-do-sav-discute-acoes-das-fraternidades-e-novos-modelos-de-acolhimento.html","title":{"rendered":"Assembleia do SAV discute a\u00e7\u00f5es das fraternidades e novos modelos de acolhimento"},"content":{"rendered":"<p><img loading=\"lazy\" class=\"wp-image-246648 size-full aligncenter\" src=\"https:\/\/franciscanos.org.br\/noticias\/wp-content\/uploads\/2024\/03\/rondinha_11.jpg\" alt=\"\" width=\"1280\" height=\"720\" srcset=\"https:\/\/franciscanos.org.br\/noticias\/wp-content\/uploads\/2024\/03\/rondinha_11.jpg 1280w, https:\/\/franciscanos.org.br\/noticias\/wp-content\/uploads\/2024\/03\/rondinha_11-450x253.jpg 450w, https:\/\/franciscanos.org.br\/noticias\/wp-content\/uploads\/2024\/03\/rondinha_11-1024x576.jpg 1024w, https:\/\/franciscanos.org.br\/noticias\/wp-content\/uploads\/2024\/03\/rondinha_11-768x432.jpg 768w, https:\/\/franciscanos.org.br\/noticias\/wp-content\/uploads\/2024\/03\/rondinha_11-150x84.jpg 150w\" sizes=\"(max-width: 1280px) 100vw, 1280px\" \/><\/p>\n<p><span style=\"font-weight: 400;\">Come\u00e7ou nesta ter\u00e7a-feira (12), em Campo Largo (PR), a Assembleia Anual do SAV ( Servi\u00e7o de Anima\u00e7\u00e3o Vocacional) da Prov\u00edncia Franciscana da Imaculada Concei\u00e7\u00e3o do Brasil. At\u00e9 quinta-feira (14),\u00a0 lideran\u00e7as\u00a0 franciscanas estar\u00e3o reunidas para debater e refletir sobre as a\u00e7\u00f5es com foco nas voca\u00e7\u00f5es religiosas.<\/span><\/p>\n<p><span style=\"font-weight: 400;\">Segundo Frei Je\u00e3 Paulo Andrade, Animador do SAV, os encontros s\u00e3o feitos nos primeiros meses do ano para que os trabalhos nas fraternidades sejam impactados pelas decis\u00f5es e indica\u00e7\u00f5es dos frades que est\u00e3o diretamente ligados a esse servi\u00e7o. Atualmente 43 frades, distribu\u00eddos em 33 fraternidades, atuam no Servi\u00e7o de Anima\u00e7\u00e3o Vocacional.<\/span><\/p>\n<p><span style=\"font-weight: 400;\">O momento tem papel importante na contribui\u00e7\u00e3o de melhorias para\u00a0 a frente de Anima\u00e7\u00e3o Vocacional. De acordo com o Animador, \u201ccada fraternidade da Prov\u00edncia tem um frade respons\u00e1vel pela acolhida e acompanhamento vocacional local. Assim, a\u00a0 assembleia \u00e9 a reuni\u00e3o desses frades que estudam, discutem e planejam formas de melhor realizar esse servi\u00e7o\u201d.<\/span><\/p>\n<p><span style=\"font-weight: 400;\">Ele disse que durante o encontro ser\u00e1 feita uma forma\u00e7\u00e3o sobre o acompanhamento personalizado com foco no perfil de cada candidato, medida cada vez mais necess\u00e1ria para orientar corretamente os jovens que procuram pela Ordem Franciscana dos Frades Menores. Durante a Assembleia do SAV tamb\u00e9m ser\u00e1 feita a avalia\u00e7\u00e3o e revis\u00e3o do Plano Org\u00e2nico do setor, com o objetivo de qualificar e atualizar quest\u00f5es consideradas necess\u00e1rias a cada ano.<\/span><\/p>\n<p><b>Desafios do SAV<\/b><\/p>\n<p><span style=\"font-weight: 400;\">\u201cMuitos vocacionados nos procuram via internet e redes sociais. Tem sido um campo muito fecundo de voca\u00e7\u00f5es, mas reconhecemos que essa anima\u00e7\u00e3o local pode ser melhor trabalhada. Maneiras de se propor atividades e a\u00e7\u00f5es para os jovens nas par\u00f3quias \u00e9 um desafio. A dificuldade \u00e9 trabalhar com os jovens nas fraternidades\u201d, salienta Frei Je\u00e3.<\/span><\/p>\n<p><span style=\"font-weight: 400;\">A adapta\u00e7\u00e3o ao desenvolvimento tecnol\u00f3gico e as mudan\u00e7as na sociedade tamb\u00e9m impactam e exigem aten\u00e7\u00e3o do Servi\u00e7o de Anima\u00e7\u00e3o Vocacional, quando o assunto \u00e9 voca\u00e7\u00e3o religiosa. \u201cTemos acompanhado diferentes perfis de jovens, e estamos sentido que as novas gera\u00e7\u00f5es est\u00e3o tomando suas decis\u00f5es de vida cada vez mais tarde. Ent\u00e3o, acompanhar perfis de vocacionados mais velhos exige melhor qualifica\u00e7\u00e3o dos frades\u201d, avalia o Animador Vocacional.<\/span><\/p>\n<p><span style=\"font-weight: 400;\">Outra observa\u00e7\u00e3o feita por ele foi a variedade de experi\u00eancias dos candidatos ao noviciado em outras dioceses e congrega\u00e7\u00f5es. \u201c Eles chegam at\u00e9 n\u00f3s com um conhecimento de vida religiosa consagrada mais amadurecido. Essas s\u00e3o caracter\u00edsticas que devem ser marcantes nos pr\u00f3ximos anos\u201d, afirmou.<\/span><\/p>\n<p><b>\u00c2nimo para o chamado vocacional<\/b><\/p>\n<p><span style=\"font-weight: 400;\">Frei Je\u00e3 explicou que a maioria dos jovens que procuram pelo Servi\u00e7o de Anima\u00e7\u00e3o vocacional chegam encantados pela vida e carisma de S\u00e3o Francisco de Assis. \u201cNosso fundador \u00e9 o maior marketing vocacional que temos. S\u00e3o Francisco \u00e9 muito atual e fala de forma concreta com o nosso tempo. A vida franciscana tem sido uma grande possibilidade de resposta para a sociedade atual e os jovens t\u00eam reconhecido isso\u201d.<\/span><\/p>\n<hr \/>\n<p><em>Adriana Rabelo<\/em><\/p>\n","protected":false},"excerpt":{"rendered":"<p>Assembleia do SAV<\/p>\n","protected":false},"author":10,"featured_media":246648,"comment_status":"open","ping_status":"open","sticky":false,"template":"","format":"standard","meta":[],"categories":[1],"tags":[552,2056],"acf":[],"yoast_head":"<!-- This site is optimized with the Yoast SEO plugin v19.2 - https:\/\/yoast.com\/wordpress\/plugins\/seo\/ -->\n<title>Assembleia do SAV discute a\u00e7\u00f5es das fraternidades e novos modelos de acolhimento - Not\u00edcias - Franciscanos<\/title>\n<meta name=\"robots\" content=\"index, follow, max-snippet:-1, max-image-preview:large, max-video-preview:-1\" \/>\n<link rel=\"canonical\" href=\"https:\/\/franciscanos.org.br\/noticias\/assembleia-do-sav-discute-acoes-das-fraternidades-e-novos-modelos-de-acolhimento.html\" \/>\n<meta property=\"og:locale\" content=\"pt_BR\" \/>\n<meta property=\"og:type\" content=\"article\" \/>\n<meta property=\"og:title\" content=\"Assembleia do SAV discute a\u00e7\u00f5es das fraternidades e novos modelos de acolhimento - Not\u00edcias - Franciscanos\" \/>\n<meta property=\"og:description\" content=\"Assembleia do SAV\" \/>\n<meta property=\"og:url\" content=\"https:\/\/franciscanos.org.br\/noticias\/assembleia-do-sav-discute-acoes-das-fraternidades-e-novos-modelos-de-acolhimento.html\" \/>\n<meta property=\"og:site_name\" content=\"Not\u00edcias - Franciscanos\" \/>\n<meta property=\"article:published_time\" content=\"2024-03-12T20:05:09+00:00\" \/>\n<meta property=\"article:modified_time\" content=\"2025-03-10T19:01:35+00:00\" \/>\n<meta property=\"og:image\" content=\"https:\/\/franciscanos.org.br\/noticias\/wp-content\/uploads\/2024\/03\/rondinha_11.jpg\" \/>\n\t<meta property=\"og:image:width\" content=\"1280\" \/>\n\t<meta property=\"og:image:height\" content=\"720\" \/>\n\t<meta property=\"og:image:type\" content=\"image\/jpeg\" \/>\n<meta name=\"author\" content=\"Jo\u00e3o Vitor\" \/>\n<meta name=\"twitter:card\" content=\"summary_large_image\" \/>\n<meta name=\"twitter:label1\" content=\"Escrito por\" \/>\n\t<meta name=\"twitter:data1\" content=\"Jo\u00e3o Vitor\" \/>\n\t<meta name=\"twitter:label2\" content=\"Est. tempo de leitura\" \/>\n\t<meta name=\"twitter:data2\" content=\"3 minutos\" \/>\n<script type=\"application\/ld+json\" class=\"yoast-schema-graph\">{\"@context\":\"https:\/\/schema.org\",\"@graph\":[{\"@type\":\"WebSite\",\"@id\":\"https:\/\/franciscanos.org.br\/noticias\/#website\",\"url\":\"https:\/\/franciscanos.org.br\/noticias\/\",\"name\":\"Not\u00edcias - Franciscanos\",\"description\":\"Prov\u00edncia Franciscana da Imaculada Concei\u00e7\u00e3o do Brasil - Ordem dos Frades Menores - OFM\",\"potentialAction\":[{\"@type\":\"SearchAction\",\"target\":{\"@type\":\"EntryPoint\",\"urlTemplate\":\"https:\/\/franciscanos.org.br\/noticias\/?s={search_term_string}\"},\"query-input\":\"required name=search_term_string\"}],\"inLanguage\":\"pt-BR\"},{\"@type\":\"ImageObject\",\"inLanguage\":\"pt-BR\",\"@id\":\"https:\/\/franciscanos.org.br\/noticias\/assembleia-do-sav-discute-acoes-das-fraternidades-e-novos-modelos-de-acolhimento.html#primaryimage\",\"url\":\"https:\/\/franciscanos.org.br\/noticias\/wp-content\/uploads\/2024\/03\/rondinha_11.jpg\",\"contentUrl\":\"https:\/\/franciscanos.org.br\/noticias\/wp-content\/uploads\/2024\/03\/rondinha_11.jpg\",\"width\":1280,\"height\":720},{\"@type\":\"WebPage\",\"@id\":\"https:\/\/franciscanos.org.br\/noticias\/assembleia-do-sav-discute-acoes-das-fraternidades-e-novos-modelos-de-acolhimento.html#webpage\",\"url\":\"https:\/\/franciscanos.org.br\/noticias\/assembleia-do-sav-discute-acoes-das-fraternidades-e-novos-modelos-de-acolhimento.html\",\"name\":\"Assembleia do SAV discute a\u00e7\u00f5es das fraternidades e novos modelos de acolhimento - Not\u00edcias - Franciscanos\",\"isPartOf\":{\"@id\":\"https:\/\/franciscanos.org.br\/noticias\/#website\"},\"primaryImageOfPage\":{\"@id\":\"https:\/\/franciscanos.org.br\/noticias\/assembleia-do-sav-discute-acoes-das-fraternidades-e-novos-modelos-de-acolhimento.html#primaryimage\"},\"datePublished\":\"2024-03-12T20:05:09+00:00\",\"dateModified\":\"2025-03-10T19:01:35+00:00\",\"author\":{\"@id\":\"https:\/\/franciscanos.org.br\/noticias\/#\/schema\/person\/8c11f06a466b856a11dd48d20600055f\"},\"breadcrumb\":{\"@id\":\"https:\/\/franciscanos.org.br\/noticias\/assembleia-do-sav-discute-acoes-das-fraternidades-e-novos-modelos-de-acolhimento.html#breadcrumb\"},\"inLanguage\":\"pt-BR\",\"potentialAction\":[{\"@type\":\"ReadAction\",\"target\":[\"https:\/\/franciscanos.org.br\/noticias\/assembleia-do-sav-discute-acoes-das-fraternidades-e-novos-modelos-de-acolhimento.html\"]}]},{\"@type\":\"BreadcrumbList\",\"@id\":\"https:\/\/franciscanos.org.br\/noticias\/assembleia-do-sav-discute-acoes-das-fraternidades-e-novos-modelos-de-acolhimento.html#breadcrumb\",\"itemListElement\":[{\"@type\":\"ListItem\",\"position\":1,\"name\":\"Home\",\"item\":\"https:\/\/franciscanos.org.br\/noticias\"},{\"@type\":\"ListItem\",\"position\":2,\"name\":\"Assembleia do SAV discute a\u00e7\u00f5es das fraternidades e novos modelos de acolhimento\"}]},{\"@type\":\"Person\",\"@id\":\"https:\/\/franciscanos.org.br\/noticias\/#\/schema\/person\/8c11f06a466b856a11dd48d20600055f\",\"name\":\"Jo\u00e3o Vitor\",\"image\":{\"@type\":\"ImageObject\",\"inLanguage\":\"pt-BR\",\"@id\":\"https:\/\/franciscanos.org.br\/noticias\/#\/schema\/person\/image\/\",\"url\":\"https:\/\/secure.gravatar.com\/avatar\/10ba5c9713e0c323617b4309a19e3a46?s=96&d=mm&r=g\",\"contentUrl\":\"https:\/\/secure.gravatar.com\/avatar\/10ba5c9713e0c323617b4309a19e3a46?s=96&d=mm&r=g\",\"caption\":\"Jo\u00e3o Vitor\"},\"url\":\"https:\/\/franciscanos.org.br\/noticias\/author\/joaovitor\"}]}<\/script>\n<!-- \/ Yoast SEO plugin. -->","yoast_head_json":{"title":"Assembleia do SAV discute a\u00e7\u00f5es das fraternidades e novos modelos de acolhimento - Not\u00edcias - Franciscanos","robots":{"index":"index","follow":"follow","max-snippet":"max-snippet:-1","max-image-preview":"max-image-preview:large","max-video-preview":"max-video-preview:-1"},"canonical":"https:\/\/franciscanos.org.br\/noticias\/assembleia-do-sav-discute-acoes-das-fraternidades-e-novos-modelos-de-acolhimento.html","og_locale":"pt_BR","og_type":"article","og_title":"Assembleia do SAV discute a\u00e7\u00f5es das fraternidades e novos modelos de acolhimento - Not\u00edcias - Franciscanos","og_description":"Assembleia do SAV","og_url":"https:\/\/franciscanos.org.br\/noticias\/assembleia-do-sav-discute-acoes-das-fraternidades-e-novos-modelos-de-acolhimento.html","og_site_name":"Not\u00edcias - Franciscanos","article_published_time":"2024-03-12T20:05:09+00:00","article_modified_time":"2025-03-10T19:01:35+00:00","og_image":[{"width":1280,"height":720,"url":"https:\/\/franciscanos.org.br\/noticias\/wp-content\/uploads\/2024\/03\/rondinha_11.jpg","type":"image\/jpeg"}],"author":"Jo\u00e3o Vitor","twitter_card":"summary_large_image","twitter_misc":{"Escrito por":"Jo\u00e3o Vitor","Est. tempo de leitura":"3 minutos"},"schema":{"@context":"https:\/\/schema.org","@graph":[{"@type":"WebSite","@id":"https:\/\/franciscanos.org.br\/noticias\/#website","url":"https:\/\/franciscanos.org.br\/noticias\/","name":"Not\u00edcias - Franciscanos","description":"Prov\u00edncia Franciscana da Imaculada Concei\u00e7\u00e3o do Brasil - Ordem dos Frades Menores - OFM","potentialAction":[{"@type":"SearchAction","target":{"@type":"EntryPoint","urlTemplate":"https:\/\/franciscanos.org.br\/noticias\/?s={search_term_string}"},"query-input":"required name=search_term_string"}],"inLanguage":"pt-BR"},{"@type":"ImageObject","inLanguage":"pt-BR","@id":"https:\/\/franciscanos.org.br\/noticias\/assembleia-do-sav-discute-acoes-das-fraternidades-e-novos-modelos-de-acolhimento.html#primaryimage","url":"https:\/\/franciscanos.org.br\/noticias\/wp-content\/uploads\/2024\/03\/rondinha_11.jpg","contentUrl":"https:\/\/franciscanos.org.br\/noticias\/wp-content\/uploads\/2024\/03\/rondinha_11.jpg","width":1280,"height":720},{"@type":"WebPage","@id":"https:\/\/franciscanos.org.br\/noticias\/assembleia-do-sav-discute-acoes-das-fraternidades-e-novos-modelos-de-acolhimento.html#webpage","url":"https:\/\/franciscanos.org.br\/noticias\/assembleia-do-sav-discute-acoes-das-fraternidades-e-novos-modelos-de-acolhimento.html","name":"Assembleia do SAV discute a\u00e7\u00f5es das fraternidades e novos modelos de acolhimento - Not\u00edcias - Franciscanos","isPartOf":{"@id":"https:\/\/franciscanos.org.br\/noticias\/#website"},"primaryImageOfPage":{"@id":"https:\/\/franciscanos.org.br\/noticias\/assembleia-do-sav-discute-acoes-das-fraternidades-e-novos-modelos-de-acolhimento.html#primaryimage"},"datePublished":"2024-03-12T20:05:09+00:00","dateModified":"2025-03-10T19:01:35+00:00","author":{"@id":"https:\/\/franciscanos.org.br\/noticias\/#\/schema\/person\/8c11f06a466b856a11dd48d20600055f"},"breadcrumb":{"@id":"https:\/\/franciscanos.org.br\/noticias\/assembleia-do-sav-discute-acoes-das-fraternidades-e-novos-modelos-de-acolhimento.html#breadcrumb"},"inLanguage":"pt-BR","potentialAction":[{"@type":"ReadAction","target":["https:\/\/franciscanos.org.br\/noticias\/assembleia-do-sav-discute-acoes-das-fraternidades-e-novos-modelos-de-acolhimento.html"]}]},{"@type":"BreadcrumbList","@id":"https:\/\/franciscanos.org.br\/noticias\/assembleia-do-sav-discute-acoes-das-fraternidades-e-novos-modelos-de-acolhimento.html#breadcrumb","itemListElement":[{"@type":"ListItem","position":1,"name":"Home","item":"https:\/\/franciscanos.org.br\/noticias"},{"@type":"ListItem","position":2,"name":"Assembleia do SAV discute a\u00e7\u00f5es das fraternidades e novos modelos de acolhimento"}]},{"@type":"Person","@id":"https:\/\/franciscanos.org.br\/noticias\/#\/schema\/person\/8c11f06a466b856a11dd48d20600055f","name":"Jo\u00e3o Vitor","image":{"@type":"ImageObject","inLanguage":"pt-BR","@id":"https:\/\/franciscanos.org.br\/noticias\/#\/schema\/person\/image\/","url":"https:\/\/secure.gravatar.com\/avatar\/10ba5c9713e0c323617b4309a19e3a46?s=96&d=mm&r=g","contentUrl":"https:\/\/secure.gravatar.com\/avatar\/10ba5c9713e0c323617b4309a19e3a46?s=96&d=mm&r=g","caption":"Jo\u00e3o Vitor"},"url":"https:\/\/franciscanos.org.br\/noticias\/author\/joaovitor"}]}},"_links":{"self":[{"href":"https:\/\/franciscanos.org.br\/noticias\/wp-json\/wp\/v2\/posts\/246647"}],"collection":[{"href":"https:\/\/franciscanos.org.br\/noticias\/wp-json\/wp\/v2\/posts"}],"about":[{"href":"https:\/\/franciscanos.org.br\/noticias\/wp-json\/wp\/v2\/types\/post"}],"author":[{"embeddable":true,"href":"https:\/\/franciscanos.org.br\/noticias\/wp-json\/wp\/v2\/users\/10"}],"replies":[{"embeddable":true,"href":"https:\/\/franciscanos.org.br\/noticias\/wp-json\/wp\/v2\/comments?post=246647"}],"version-history":[{"count":1,"href":"https:\/\/franciscanos.org.br\/noticias\/wp-json\/wp\/v2\/posts\/246647\/revisions"}],"predecessor-version":[{"id":246649,"href":"https:\/\/franciscanos.org.br\/noticias\/wp-json\/wp\/v2\/posts\/246647\/revisions\/246649"}],"wp:featuredmedia":[{"embeddable":true,"href":"https:\/\/franciscanos.org.br\/noticias\/wp-json\/wp\/v2\/media\/246648"}],"wp:attachment":[{"href":"https:\/\/franciscanos.org.br\/noticias\/wp-json\/wp\/v2\/media?parent=246647"}],"wp:term":[{"taxonomy":"category","embeddable":true,"href":"https:\/\/franciscanos.org.br\/noticias\/wp-json\/wp\/v2\/categories?post=246647"},{"taxonomy":"post_tag","embeddable":true,"href":"https:\/\/franciscanos.org.br\/noticias\/wp-json\/wp\/v2\/tags?post=246647"}],"curies":[{"name":"wp","href":"https:\/\/api.w.org\/{rel}","templated":true}]}}