{"id":246614,"date":"2024-03-11T16:22:33","date_gmt":"2024-03-11T19:22:33","guid":{"rendered":"https:\/\/franciscanos.org.br\/noticias\/?p=246614"},"modified":"2024-03-18T07:22:38","modified_gmt":"2024-03-18T10:22:38","slug":"paroquia-sao-luiz-gonzaga-celebra-frei-bruno-com-grandiosa-festa","status":"publish","type":"post","link":"https:\/\/franciscanos.org.br\/noticias\/paroquia-sao-luiz-gonzaga-celebra-frei-bruno-com-grandiosa-festa.html","title":{"rendered":"Par\u00f3quia S\u00e3o Luiz Gonzaga celebra Frei Bruno com grandiosa festa"},"content":{"rendered":"<p><img loading=\"lazy\" class=\"aligncenter wp-image-246622 size-full\" src=\"https:\/\/franciscanos.org.br\/noticias\/wp-content\/uploads\/2024\/03\/IMG_9324-scaled.jpg\" alt=\"\" width=\"1620\" height=\"1080\" srcset=\"https:\/\/franciscanos.org.br\/noticias\/wp-content\/uploads\/2024\/03\/IMG_9324-scaled.jpg 1620w, https:\/\/franciscanos.org.br\/noticias\/wp-content\/uploads\/2024\/03\/IMG_9324-450x300.jpg 450w, https:\/\/franciscanos.org.br\/noticias\/wp-content\/uploads\/2024\/03\/IMG_9324-1024x683.jpg 1024w, https:\/\/franciscanos.org.br\/noticias\/wp-content\/uploads\/2024\/03\/IMG_9324-768x512.jpg 768w, https:\/\/franciscanos.org.br\/noticias\/wp-content\/uploads\/2024\/03\/IMG_9324-1536x1024.jpg 1536w, https:\/\/franciscanos.org.br\/noticias\/wp-content\/uploads\/2024\/03\/IMG_9324-150x100.jpg 150w\" sizes=\"(max-width: 1620px) 100vw, 1620px\" \/>A Par\u00f3quia S\u00e3o Luiz Gonzaga de Xaxim (SC), celebrou no domingo (10), a 12\u00aa Festa em honra a Frei Bruno Linden. A Santa Missa celebrada, \u00e0s 10h, foi presidida pelo Ministro Provincial Frei Paulo Roberto Pereira e concelebrada por Frei Gilson Kammer, Frei Alex Sandro Ciarnoski e o di\u00e1cono Frei Danilo Santos Oliveira.<\/p>\n<p>As festividades em honra a Frei Bruno tiveram in\u00edcio na sexta-feira (01), com a novena. A cada dia um tema era celebrado e uma comunidade da par\u00f3quia foi respons\u00e1vel pela liturgia e cantos. Voca\u00e7\u00e3o, miss\u00e3o, a Campanha da Fraternidade foram alguns dos temas. Freis das par\u00f3quias de Coronel Freitas (SC), Conc\u00f3rdia (SC) e Pato Branco (PR), fraternidades pr\u00f3ximas a Xaxim, celebraram na Igreja Matriz durante a semana.<\/p>\n<p>O p\u00e1roco, Frei Gilson Kammer, presidiu o primeiro dia da novena com o tema \u201cFrei Bruno e as fam\u00edlias\u201d. A Santa Missa foi animada pela equipe do bairro Frei Bruno. No segundo dia da novena, Frei Jacir Zolet presidiu a Santa Missa que foi animada pela equipe Vocal, com o tema \u201cFrei Bruno e os trabalhadores\u201d. O terceiro dia foi celebrado com o tema \u201cFrei Bruno e os benfeitores do restauro da igreja Matriz\u201d, momento em que o p\u00e1roco falou sobre o processo do restauro. Ele destacou a presen\u00e7a de Frei Bruno, em Xaxim, e o empenho do frade para o in\u00edcio da constru\u00e7\u00e3o da igreja, que hoje est\u00e1 sendo restaurada. O quarto dia foi celebrado por Frei Danilo Santos com o tema \u201cFrei Bruno e os enfermos\u201d, a celebra\u00e7\u00e3o foi animada pela equipe da Comunidade de Fazenda Santo Ant\u00f4nio.<\/p>\n<p>Frei Alex Sandro Ciarnoski, p\u00e1roco da Par\u00f3quia de Conc\u00f3rdia, presidiu o quinto dia da novena com o tema \u201cFrei Bruno e a ora\u00e7\u00e3o\u201d, a celebra\u00e7\u00e3o foi animada pela equipe do coral infantil. Conforme o frade, este momento marca a f\u00e9 que o povo de Xaxim tem por Frei Bruno.<\/p>\n<p>No sexto dia da novena, Frei Moacir Longo, p\u00e1roco da Par\u00f3quia de Coronel Freitas (SC), celebrou com o tema \u201cFrei Bruno e a amizade social tornam poss\u00edvel a fraternidade\u201d, tema com base na Campanha da Fraternidade 2024. A Comunidade de Marema, foi a respons\u00e1vel pelos cantos e leituras.<\/p>\n<p><img loading=\"lazy\" class=\"size-medium wp-image-246617 alignleft\" src=\"https:\/\/franciscanos.org.br\/noticias\/wp-content\/uploads\/2024\/03\/IMG_9287-450x300.jpg\" alt=\"\" width=\"450\" height=\"300\" srcset=\"https:\/\/franciscanos.org.br\/noticias\/wp-content\/uploads\/2024\/03\/IMG_9287-450x300.jpg 450w, https:\/\/franciscanos.org.br\/noticias\/wp-content\/uploads\/2024\/03\/IMG_9287-1024x683.jpg 1024w, https:\/\/franciscanos.org.br\/noticias\/wp-content\/uploads\/2024\/03\/IMG_9287-768x512.jpg 768w, https:\/\/franciscanos.org.br\/noticias\/wp-content\/uploads\/2024\/03\/IMG_9287-1536x1024.jpg 1536w, https:\/\/franciscanos.org.br\/noticias\/wp-content\/uploads\/2024\/03\/IMG_9287-150x100.jpg 150w, https:\/\/franciscanos.org.br\/noticias\/wp-content\/uploads\/2024\/03\/IMG_9287-scaled.jpg 1620w\" sizes=\"(max-width: 450px) 100vw, 450px\" \/><\/p>\n<p>A quinta-feira (07), marcou o s\u00e9timo dia da novena com o tema \u201cFrei Bruno e as miss\u00f5es\u201d. A Santa Missa foi presidida por Frei Alisson Zanetti, vig\u00e1rio da par\u00f3quia de Conc\u00f3rdia. Na liturgia e cantos, o bairro Primavera.<\/p>\n<p>O oitavo dia da novena foi animado pela Comunidade Nova Bras\u00edlia com o tema \u201cFrei Bruno e as voca\u00e7\u00f5es\u201d. Frei Evandro Balestrin, p\u00e1roco da Par\u00f3quia S\u00e3o Jos\u00e9 Oper\u00e1rio de Pato Branco, presidiu a Santa Missa. Uma breve encena\u00e7\u00e3o de momentos da vida de Frei Bruno, foi apresentada ao povo de Deus presente na igreja e aos que acompanhavam pelas redes sociais da Par\u00f3quia.<\/p>\n<p>Frei Ant\u00f4nio Mazucco, vig\u00e1rio da Par\u00f3quia de Pato Branco, presidiu a Santa Missa que foi concelebrada por Frei Paulo Pereira, no \u00faltimo dia da novena com o tema \u201cFrei Bruno e a nossa ora\u00e7\u00e3o pela sua Beatifica\u00e7\u00e3o\u201d. A Santa Missa foi animada pela Comunidade do bairro Alvorada.<\/p>\n<p>No domingo (10), a grandiosa festa celebrando Frei Bruno. A Santa Missa teve in\u00edcio, \u00e0s 10h, e foi presidida por Frei Paulo Roberto Pereira, Ministro Provincial da Prov\u00edncia Franciscana da Imaculada Concei\u00e7\u00e3o do Brasil. Frei Gilson Kammer, Frei Alex Sandro Ciarnoski e Frei Danilo Santos concelebraram.<\/p>\n<p>A Comunidade S\u00e3o Crist\u00f3v\u00e3o, do bairro Ari Lunardi, foi a respons\u00e1vel pela liturgia e cantos. O in\u00edcio da celebra\u00e7\u00e3o foi marcado pela encena\u00e7\u00e3o da vida de Frei Bruno, coroinhas, crian\u00e7as e adolescentes representaram trechos da passagem do frade desde a sua chegada no Brasil, os momentos que esteve em Xaxim, no oeste e meio oeste de Santa Catarina.<\/p>\n<p>Frei Paulo cumprimentou a todos que estavam presentes e se apresentou a comunidade de f\u00e9 que estava na igreja matriz, aos que acompanhavam pelas m\u00eddias digitais e aos que acompanhavam pela r\u00e1dio local.<\/p>\n<p>Em sua homilia, o Ministro Provincial cumprimentou os freis da fraternidade S\u00e3o Luiz Gonzaga e o Frei Alex, representando todos os outros frades da Prov\u00edncia. Destacou o per\u00edodo da Quaresma e tamb\u00e9m o quanto Frei Bruno foi importante na vida das pessoas que o conheceram.<\/p>\n<p>\u201cInicialmente quero saudar o Frei Gilson, tamb\u00e9m Frei Danilo e Frei Jacir que receberam da Prov\u00edncia a incumb\u00eancia de serem os servidores de Deus, a partir desta par\u00f3quia. E tendo esta par\u00f3quia conhecido Frei Bruno, tenho certeza de que a r\u00e9gua que mede os frades aqui, \u00e9 uma r\u00e9gua mais exigente. Conhecendo um frade t\u00e3o Santo, normalmente v\u00e3o exigir mais. E \u00e9 bom que exijam que os frades aqui sejam santos tamb\u00e9m. Muito obrigado Frei Gilson, Jacir e Danilo por buscarem a santidade servindo o povo de Xaxim, desta par\u00f3quia\u201d, afirmou Frei Paulo.<\/p>\n<p>O sacerdote ressalta a uni\u00e3o do povo pedindo e rezando por Frei Bruno. \u201cEstamos todos unidos em um mesmo objetivo. Agradecer pelo exemplo de Frei Bruno. Agradecer a Deus pelo dom de crer na prote\u00e7\u00e3o, na intercess\u00e3o dos Santos. Agradecendo a Deus, porque ele nos convoca a tamb\u00e9m, n\u00f3s, sermos Santos. Busquemos nos assemelhar nos Santos, esta \u00e9 uma tarefa nossa. Por isso, que esta celebra\u00e7\u00e3o ganha um sentido muito bonito\u201d.<\/p>\n<p>No final da celebra\u00e7\u00e3o, Frei Gilson Kammer agradeceu a todos presentes, aos que rezaram durante os dias novena, aos volunt\u00e1rios, as comunidades e a todos que, de alguma forma, contribu\u00edram com a 12\u00aa Festa de Frei Bruno.<\/p>\n<hr \/>\n<p><em>Texto: Camila Mendo \/ Fotos: Diogo\u00a0Rossoni<\/em><\/p>\n<p>&nbsp;<\/p>\n\n\t\t<style type=\"text\/css\">\n\t\t\t#gallery-1 {\n\t\t\t\tmargin: auto;\n\t\t\t}\n\t\t\t#gallery-1 .gallery-item {\n\t\t\t\tfloat: left;\n\t\t\t\tmargin-top: 10px;\n\t\t\t\ttext-align: center;\n\t\t\t\twidth: 33%;\n\t\t\t}\n\t\t\t#gallery-1 img {\n\t\t\t\tborder: 2px solid #cfcfcf;\n\t\t\t}\n\t\t\t#gallery-1 .gallery-caption {\n\t\t\t\tmargin-left: 0;\n\t\t\t}\n\t\t\t\/* see gallery_shortcode() in wp-includes\/media.php *\/\n\t\t<\/style>\n\t\t<div id='gallery-1' class='gallery galleryid-246614 gallery-columns-3 gallery-size-thumbnail'><dl class='gallery-item'>\n\t\t\t<dt class='gallery-icon landscape'>\n\t\t\t\t<a href='https:\/\/franciscanos.org.br\/noticias\/wp-content\/uploads\/2024\/03\/IMG_9382-scaled.jpg'><img width=\"300\" height=\"300\" src=\"https:\/\/franciscanos.org.br\/noticias\/wp-content\/uploads\/2024\/03\/IMG_9382-300x300.jpg\" class=\"attachment-thumbnail size-thumbnail\" alt=\"\" loading=\"lazy\" srcset=\"https:\/\/franciscanos.org.br\/noticias\/wp-content\/uploads\/2024\/03\/IMG_9382-300x300.jpg 300w, https:\/\/franciscanos.org.br\/noticias\/wp-content\/uploads\/2024\/03\/IMG_9382-100x100.jpg 100w\" sizes=\"(max-width: 300px) 100vw, 300px\" \/><\/a>\n\t\t\t<\/dt><\/dl><dl class='gallery-item'>\n\t\t\t<dt class='gallery-icon landscape'>\n\t\t\t\t<a href='https:\/\/franciscanos.org.br\/noticias\/wp-content\/uploads\/2024\/03\/IMG_9377-scaled.jpg'><img width=\"300\" height=\"300\" src=\"https:\/\/franciscanos.org.br\/noticias\/wp-content\/uploads\/2024\/03\/IMG_9377-300x300.jpg\" class=\"attachment-thumbnail size-thumbnail\" alt=\"\" loading=\"lazy\" srcset=\"https:\/\/franciscanos.org.br\/noticias\/wp-content\/uploads\/2024\/03\/IMG_9377-300x300.jpg 300w, https:\/\/franciscanos.org.br\/noticias\/wp-content\/uploads\/2024\/03\/IMG_9377-100x100.jpg 100w\" sizes=\"(max-width: 300px) 100vw, 300px\" \/><\/a>\n\t\t\t<\/dt><\/dl><dl class='gallery-item'>\n\t\t\t<dt class='gallery-icon landscape'>\n\t\t\t\t<a href='https:\/\/franciscanos.org.br\/noticias\/wp-content\/uploads\/2024\/03\/IMG_9369-scaled.jpg'><img width=\"300\" height=\"300\" src=\"https:\/\/franciscanos.org.br\/noticias\/wp-content\/uploads\/2024\/03\/IMG_9369-300x300.jpg\" class=\"attachment-thumbnail size-thumbnail\" alt=\"\" loading=\"lazy\" srcset=\"https:\/\/franciscanos.org.br\/noticias\/wp-content\/uploads\/2024\/03\/IMG_9369-300x300.jpg 300w, https:\/\/franciscanos.org.br\/noticias\/wp-content\/uploads\/2024\/03\/IMG_9369-100x100.jpg 100w\" sizes=\"(max-width: 300px) 100vw, 300px\" \/><\/a>\n\t\t\t<\/dt><\/dl><br style=\"clear: both\" \/><dl class='gallery-item'>\n\t\t\t<dt class='gallery-icon landscape'>\n\t\t\t\t<a href='https:\/\/franciscanos.org.br\/noticias\/wp-content\/uploads\/2024\/03\/IMG_9324-scaled.jpg'><img width=\"300\" height=\"300\" src=\"https:\/\/franciscanos.org.br\/noticias\/wp-content\/uploads\/2024\/03\/IMG_9324-300x300.jpg\" class=\"attachment-thumbnail size-thumbnail\" alt=\"\" loading=\"lazy\" srcset=\"https:\/\/franciscanos.org.br\/noticias\/wp-content\/uploads\/2024\/03\/IMG_9324-300x300.jpg 300w, https:\/\/franciscanos.org.br\/noticias\/wp-content\/uploads\/2024\/03\/IMG_9324-100x100.jpg 100w\" sizes=\"(max-width: 300px) 100vw, 300px\" \/><\/a>\n\t\t\t<\/dt><\/dl><dl class='gallery-item'>\n\t\t\t<dt class='gallery-icon landscape'>\n\t\t\t\t<a href='https:\/\/franciscanos.org.br\/noticias\/wp-content\/uploads\/2024\/03\/IMG_9322-scaled.jpg'><img width=\"300\" height=\"300\" src=\"https:\/\/franciscanos.org.br\/noticias\/wp-content\/uploads\/2024\/03\/IMG_9322-300x300.jpg\" class=\"attachment-thumbnail size-thumbnail\" alt=\"\" loading=\"lazy\" srcset=\"https:\/\/franciscanos.org.br\/noticias\/wp-content\/uploads\/2024\/03\/IMG_9322-300x300.jpg 300w, https:\/\/franciscanos.org.br\/noticias\/wp-content\/uploads\/2024\/03\/IMG_9322-100x100.jpg 100w\" sizes=\"(max-width: 300px) 100vw, 300px\" \/><\/a>\n\t\t\t<\/dt><\/dl><dl class='gallery-item'>\n\t\t\t<dt class='gallery-icon landscape'>\n\t\t\t\t<a href='https:\/\/franciscanos.org.br\/noticias\/wp-content\/uploads\/2024\/03\/IMG_9321-scaled.jpg'><img width=\"300\" height=\"300\" src=\"https:\/\/franciscanos.org.br\/noticias\/wp-content\/uploads\/2024\/03\/IMG_9321-300x300.jpg\" class=\"attachment-thumbnail size-thumbnail\" alt=\"\" loading=\"lazy\" srcset=\"https:\/\/franciscanos.org.br\/noticias\/wp-content\/uploads\/2024\/03\/IMG_9321-300x300.jpg 300w, https:\/\/franciscanos.org.br\/noticias\/wp-content\/uploads\/2024\/03\/IMG_9321-100x100.jpg 100w\" sizes=\"(max-width: 300px) 100vw, 300px\" \/><\/a>\n\t\t\t<\/dt><\/dl><br style=\"clear: both\" \/><dl class='gallery-item'>\n\t\t\t<dt class='gallery-icon landscape'>\n\t\t\t\t<a href='https:\/\/franciscanos.org.br\/noticias\/wp-content\/uploads\/2024\/03\/IMG_9308-scaled.jpg'><img width=\"300\" height=\"300\" src=\"https:\/\/franciscanos.org.br\/noticias\/wp-content\/uploads\/2024\/03\/IMG_9308-300x300.jpg\" class=\"attachment-thumbnail size-thumbnail\" alt=\"\" loading=\"lazy\" srcset=\"https:\/\/franciscanos.org.br\/noticias\/wp-content\/uploads\/2024\/03\/IMG_9308-300x300.jpg 300w, https:\/\/franciscanos.org.br\/noticias\/wp-content\/uploads\/2024\/03\/IMG_9308-100x100.jpg 100w\" sizes=\"(max-width: 300px) 100vw, 300px\" \/><\/a>\n\t\t\t<\/dt><\/dl><dl class='gallery-item'>\n\t\t\t<dt class='gallery-icon landscape'>\n\t\t\t\t<a href='https:\/\/franciscanos.org.br\/noticias\/wp-content\/uploads\/2024\/03\/IMG_9299-scaled.jpg'><img width=\"300\" height=\"300\" src=\"https:\/\/franciscanos.org.br\/noticias\/wp-content\/uploads\/2024\/03\/IMG_9299-300x300.jpg\" class=\"attachment-thumbnail size-thumbnail\" alt=\"\" loading=\"lazy\" srcset=\"https:\/\/franciscanos.org.br\/noticias\/wp-content\/uploads\/2024\/03\/IMG_9299-300x300.jpg 300w, https:\/\/franciscanos.org.br\/noticias\/wp-content\/uploads\/2024\/03\/IMG_9299-100x100.jpg 100w\" sizes=\"(max-width: 300px) 100vw, 300px\" \/><\/a>\n\t\t\t<\/dt><\/dl><dl class='gallery-item'>\n\t\t\t<dt class='gallery-icon landscape'>\n\t\t\t\t<a href='https:\/\/franciscanos.org.br\/noticias\/wp-content\/uploads\/2024\/03\/IMG_9287-scaled.jpg'><img width=\"300\" height=\"300\" src=\"https:\/\/franciscanos.org.br\/noticias\/wp-content\/uploads\/2024\/03\/IMG_9287-300x300.jpg\" class=\"attachment-thumbnail size-thumbnail\" alt=\"\" loading=\"lazy\" srcset=\"https:\/\/franciscanos.org.br\/noticias\/wp-content\/uploads\/2024\/03\/IMG_9287-300x300.jpg 300w, https:\/\/franciscanos.org.br\/noticias\/wp-content\/uploads\/2024\/03\/IMG_9287-100x100.jpg 100w\" sizes=\"(max-width: 300px) 100vw, 300px\" \/><\/a>\n\t\t\t<\/dt><\/dl><br style=\"clear: both\" \/><dl class='gallery-item'>\n\t\t\t<dt class='gallery-icon landscape'>\n\t\t\t\t<a href='https:\/\/franciscanos.org.br\/noticias\/wp-content\/uploads\/2024\/03\/IMG_9270-scaled.jpg'><img width=\"300\" height=\"300\" src=\"https:\/\/franciscanos.org.br\/noticias\/wp-content\/uploads\/2024\/03\/IMG_9270-300x300.jpg\" class=\"attachment-thumbnail size-thumbnail\" alt=\"\" loading=\"lazy\" srcset=\"https:\/\/franciscanos.org.br\/noticias\/wp-content\/uploads\/2024\/03\/IMG_9270-300x300.jpg 300w, https:\/\/franciscanos.org.br\/noticias\/wp-content\/uploads\/2024\/03\/IMG_9270-100x100.jpg 100w\" sizes=\"(max-width: 300px) 100vw, 300px\" \/><\/a>\n\t\t\t<\/dt><\/dl><dl class='gallery-item'>\n\t\t\t<dt class='gallery-icon landscape'>\n\t\t\t\t<a href='https:\/\/franciscanos.org.br\/noticias\/wp-content\/uploads\/2024\/03\/IMG_8559-scaled-1.jpg'><img width=\"300\" height=\"300\" src=\"https:\/\/franciscanos.org.br\/noticias\/wp-content\/uploads\/2024\/03\/IMG_8559-scaled-1-300x300.jpg\" class=\"attachment-thumbnail size-thumbnail\" alt=\"\" loading=\"lazy\" srcset=\"https:\/\/franciscanos.org.br\/noticias\/wp-content\/uploads\/2024\/03\/IMG_8559-scaled-1-300x300.jpg 300w, https:\/\/franciscanos.org.br\/noticias\/wp-content\/uploads\/2024\/03\/IMG_8559-scaled-1-100x100.jpg 100w\" sizes=\"(max-width: 300px) 100vw, 300px\" \/><\/a>\n\t\t\t<\/dt><\/dl>\n\t\t\t<br style='clear: both' \/>\n\t\t<\/div>\n\n","protected":false},"excerpt":{"rendered":"<p>Festa de Frei Bruno<\/p>\n","protected":false},"author":10,"featured_media":246622,"comment_status":"open","ping_status":"open","sticky":false,"template":"","format":"standard","meta":[],"categories":[1488,1],"tags":[1597,873],"acf":[],"yoast_head":"<!-- This site is optimized with the Yoast SEO plugin v19.2 - https:\/\/yoast.com\/wordpress\/plugins\/seo\/ -->\n<title>Par\u00f3quia S\u00e3o Luiz Gonzaga celebra Frei Bruno com grandiosa festa - Not\u00edcias - Franciscanos<\/title>\n<meta name=\"robots\" content=\"index, follow, max-snippet:-1, max-image-preview:large, max-video-preview:-1\" \/>\n<link rel=\"canonical\" href=\"https:\/\/franciscanos.org.br\/noticias\/paroquia-sao-luiz-gonzaga-celebra-frei-bruno-com-grandiosa-festa.html\" \/>\n<meta property=\"og:locale\" content=\"pt_BR\" \/>\n<meta property=\"og:type\" content=\"article\" \/>\n<meta property=\"og:title\" content=\"Par\u00f3quia S\u00e3o Luiz Gonzaga celebra Frei Bruno com grandiosa festa - Not\u00edcias - Franciscanos\" \/>\n<meta property=\"og:description\" content=\"Festa de Frei Bruno\" \/>\n<meta property=\"og:url\" content=\"https:\/\/franciscanos.org.br\/noticias\/paroquia-sao-luiz-gonzaga-celebra-frei-bruno-com-grandiosa-festa.html\" \/>\n<meta property=\"og:site_name\" content=\"Not\u00edcias - Franciscanos\" \/>\n<meta property=\"article:published_time\" content=\"2024-03-11T19:22:33+00:00\" \/>\n<meta property=\"article:modified_time\" content=\"2024-03-18T10:22:38+00:00\" \/>\n<meta property=\"og:image\" content=\"https:\/\/franciscanos.org.br\/noticias\/wp-content\/uploads\/2024\/03\/IMG_9324-scaled.jpg\" \/>\n\t<meta property=\"og:image:width\" content=\"1620\" \/>\n\t<meta property=\"og:image:height\" content=\"1080\" \/>\n\t<meta property=\"og:image:type\" content=\"image\/jpeg\" \/>\n<meta name=\"author\" content=\"Jo\u00e3o Vitor\" \/>\n<meta name=\"twitter:card\" content=\"summary_large_image\" \/>\n<meta name=\"twitter:label1\" content=\"Escrito por\" \/>\n\t<meta name=\"twitter:data1\" content=\"Jo\u00e3o Vitor\" \/>\n\t<meta name=\"twitter:label2\" content=\"Est. tempo de leitura\" \/>\n\t<meta name=\"twitter:data2\" content=\"5 minutos\" \/>\n<script type=\"application\/ld+json\" class=\"yoast-schema-graph\">{\"@context\":\"https:\/\/schema.org\",\"@graph\":[{\"@type\":\"WebSite\",\"@id\":\"https:\/\/franciscanos.org.br\/noticias\/#website\",\"url\":\"https:\/\/franciscanos.org.br\/noticias\/\",\"name\":\"Not\u00edcias - Franciscanos\",\"description\":\"Prov\u00edncia Franciscana da Imaculada Concei\u00e7\u00e3o do Brasil - Ordem dos Frades Menores - OFM\",\"potentialAction\":[{\"@type\":\"SearchAction\",\"target\":{\"@type\":\"EntryPoint\",\"urlTemplate\":\"https:\/\/franciscanos.org.br\/noticias\/?s={search_term_string}\"},\"query-input\":\"required name=search_term_string\"}],\"inLanguage\":\"pt-BR\"},{\"@type\":\"ImageObject\",\"inLanguage\":\"pt-BR\",\"@id\":\"https:\/\/franciscanos.org.br\/noticias\/paroquia-sao-luiz-gonzaga-celebra-frei-bruno-com-grandiosa-festa.html#primaryimage\",\"url\":\"https:\/\/franciscanos.org.br\/noticias\/wp-content\/uploads\/2024\/03\/IMG_9324-scaled.jpg\",\"contentUrl\":\"https:\/\/franciscanos.org.br\/noticias\/wp-content\/uploads\/2024\/03\/IMG_9324-scaled.jpg\",\"width\":1620,\"height\":1080},{\"@type\":\"WebPage\",\"@id\":\"https:\/\/franciscanos.org.br\/noticias\/paroquia-sao-luiz-gonzaga-celebra-frei-bruno-com-grandiosa-festa.html#webpage\",\"url\":\"https:\/\/franciscanos.org.br\/noticias\/paroquia-sao-luiz-gonzaga-celebra-frei-bruno-com-grandiosa-festa.html\",\"name\":\"Par\u00f3quia S\u00e3o Luiz Gonzaga celebra Frei Bruno com grandiosa festa - Not\u00edcias - Franciscanos\",\"isPartOf\":{\"@id\":\"https:\/\/franciscanos.org.br\/noticias\/#website\"},\"primaryImageOfPage\":{\"@id\":\"https:\/\/franciscanos.org.br\/noticias\/paroquia-sao-luiz-gonzaga-celebra-frei-bruno-com-grandiosa-festa.html#primaryimage\"},\"datePublished\":\"2024-03-11T19:22:33+00:00\",\"dateModified\":\"2024-03-18T10:22:38+00:00\",\"author\":{\"@id\":\"https:\/\/franciscanos.org.br\/noticias\/#\/schema\/person\/8c11f06a466b856a11dd48d20600055f\"},\"breadcrumb\":{\"@id\":\"https:\/\/franciscanos.org.br\/noticias\/paroquia-sao-luiz-gonzaga-celebra-frei-bruno-com-grandiosa-festa.html#breadcrumb\"},\"inLanguage\":\"pt-BR\",\"potentialAction\":[{\"@type\":\"ReadAction\",\"target\":[\"https:\/\/franciscanos.org.br\/noticias\/paroquia-sao-luiz-gonzaga-celebra-frei-bruno-com-grandiosa-festa.html\"]}]},{\"@type\":\"BreadcrumbList\",\"@id\":\"https:\/\/franciscanos.org.br\/noticias\/paroquia-sao-luiz-gonzaga-celebra-frei-bruno-com-grandiosa-festa.html#breadcrumb\",\"itemListElement\":[{\"@type\":\"ListItem\",\"position\":1,\"name\":\"Home\",\"item\":\"https:\/\/franciscanos.org.br\/noticias\"},{\"@type\":\"ListItem\",\"position\":2,\"name\":\"Par\u00f3quia S\u00e3o Luiz Gonzaga celebra Frei Bruno com grandiosa festa\"}]},{\"@type\":\"Person\",\"@id\":\"https:\/\/franciscanos.org.br\/noticias\/#\/schema\/person\/8c11f06a466b856a11dd48d20600055f\",\"name\":\"Jo\u00e3o Vitor\",\"image\":{\"@type\":\"ImageObject\",\"inLanguage\":\"pt-BR\",\"@id\":\"https:\/\/franciscanos.org.br\/noticias\/#\/schema\/person\/image\/\",\"url\":\"https:\/\/secure.gravatar.com\/avatar\/10ba5c9713e0c323617b4309a19e3a46?s=96&d=mm&r=g\",\"contentUrl\":\"https:\/\/secure.gravatar.com\/avatar\/10ba5c9713e0c323617b4309a19e3a46?s=96&d=mm&r=g\",\"caption\":\"Jo\u00e3o Vitor\"},\"url\":\"https:\/\/franciscanos.org.br\/noticias\/author\/joaovitor\"}]}<\/script>\n<!-- \/ Yoast SEO plugin. -->","yoast_head_json":{"title":"Par\u00f3quia S\u00e3o Luiz Gonzaga celebra Frei Bruno com grandiosa festa - Not\u00edcias - Franciscanos","robots":{"index":"index","follow":"follow","max-snippet":"max-snippet:-1","max-image-preview":"max-image-preview:large","max-video-preview":"max-video-preview:-1"},"canonical":"https:\/\/franciscanos.org.br\/noticias\/paroquia-sao-luiz-gonzaga-celebra-frei-bruno-com-grandiosa-festa.html","og_locale":"pt_BR","og_type":"article","og_title":"Par\u00f3quia S\u00e3o Luiz Gonzaga celebra Frei Bruno com grandiosa festa - Not\u00edcias - Franciscanos","og_description":"Festa de Frei Bruno","og_url":"https:\/\/franciscanos.org.br\/noticias\/paroquia-sao-luiz-gonzaga-celebra-frei-bruno-com-grandiosa-festa.html","og_site_name":"Not\u00edcias - Franciscanos","article_published_time":"2024-03-11T19:22:33+00:00","article_modified_time":"2024-03-18T10:22:38+00:00","og_image":[{"width":1620,"height":1080,"url":"https:\/\/franciscanos.org.br\/noticias\/wp-content\/uploads\/2024\/03\/IMG_9324-scaled.jpg","type":"image\/jpeg"}],"author":"Jo\u00e3o Vitor","twitter_card":"summary_large_image","twitter_misc":{"Escrito por":"Jo\u00e3o Vitor","Est. tempo de leitura":"5 minutos"},"schema":{"@context":"https:\/\/schema.org","@graph":[{"@type":"WebSite","@id":"https:\/\/franciscanos.org.br\/noticias\/#website","url":"https:\/\/franciscanos.org.br\/noticias\/","name":"Not\u00edcias - Franciscanos","description":"Prov\u00edncia Franciscana da Imaculada Concei\u00e7\u00e3o do Brasil - Ordem dos Frades Menores - OFM","potentialAction":[{"@type":"SearchAction","target":{"@type":"EntryPoint","urlTemplate":"https:\/\/franciscanos.org.br\/noticias\/?s={search_term_string}"},"query-input":"required name=search_term_string"}],"inLanguage":"pt-BR"},{"@type":"ImageObject","inLanguage":"pt-BR","@id":"https:\/\/franciscanos.org.br\/noticias\/paroquia-sao-luiz-gonzaga-celebra-frei-bruno-com-grandiosa-festa.html#primaryimage","url":"https:\/\/franciscanos.org.br\/noticias\/wp-content\/uploads\/2024\/03\/IMG_9324-scaled.jpg","contentUrl":"https:\/\/franciscanos.org.br\/noticias\/wp-content\/uploads\/2024\/03\/IMG_9324-scaled.jpg","width":1620,"height":1080},{"@type":"WebPage","@id":"https:\/\/franciscanos.org.br\/noticias\/paroquia-sao-luiz-gonzaga-celebra-frei-bruno-com-grandiosa-festa.html#webpage","url":"https:\/\/franciscanos.org.br\/noticias\/paroquia-sao-luiz-gonzaga-celebra-frei-bruno-com-grandiosa-festa.html","name":"Par\u00f3quia S\u00e3o Luiz Gonzaga celebra Frei Bruno com grandiosa festa - Not\u00edcias - Franciscanos","isPartOf":{"@id":"https:\/\/franciscanos.org.br\/noticias\/#website"},"primaryImageOfPage":{"@id":"https:\/\/franciscanos.org.br\/noticias\/paroquia-sao-luiz-gonzaga-celebra-frei-bruno-com-grandiosa-festa.html#primaryimage"},"datePublished":"2024-03-11T19:22:33+00:00","dateModified":"2024-03-18T10:22:38+00:00","author":{"@id":"https:\/\/franciscanos.org.br\/noticias\/#\/schema\/person\/8c11f06a466b856a11dd48d20600055f"},"breadcrumb":{"@id":"https:\/\/franciscanos.org.br\/noticias\/paroquia-sao-luiz-gonzaga-celebra-frei-bruno-com-grandiosa-festa.html#breadcrumb"},"inLanguage":"pt-BR","potentialAction":[{"@type":"ReadAction","target":["https:\/\/franciscanos.org.br\/noticias\/paroquia-sao-luiz-gonzaga-celebra-frei-bruno-com-grandiosa-festa.html"]}]},{"@type":"BreadcrumbList","@id":"https:\/\/franciscanos.org.br\/noticias\/paroquia-sao-luiz-gonzaga-celebra-frei-bruno-com-grandiosa-festa.html#breadcrumb","itemListElement":[{"@type":"ListItem","position":1,"name":"Home","item":"https:\/\/franciscanos.org.br\/noticias"},{"@type":"ListItem","position":2,"name":"Par\u00f3quia S\u00e3o Luiz Gonzaga celebra Frei Bruno com grandiosa festa"}]},{"@type":"Person","@id":"https:\/\/franciscanos.org.br\/noticias\/#\/schema\/person\/8c11f06a466b856a11dd48d20600055f","name":"Jo\u00e3o Vitor","image":{"@type":"ImageObject","inLanguage":"pt-BR","@id":"https:\/\/franciscanos.org.br\/noticias\/#\/schema\/person\/image\/","url":"https:\/\/secure.gravatar.com\/avatar\/10ba5c9713e0c323617b4309a19e3a46?s=96&d=mm&r=g","contentUrl":"https:\/\/secure.gravatar.com\/avatar\/10ba5c9713e0c323617b4309a19e3a46?s=96&d=mm&r=g","caption":"Jo\u00e3o Vitor"},"url":"https:\/\/franciscanos.org.br\/noticias\/author\/joaovitor"}]}},"_links":{"self":[{"href":"https:\/\/franciscanos.org.br\/noticias\/wp-json\/wp\/v2\/posts\/246614"}],"collection":[{"href":"https:\/\/franciscanos.org.br\/noticias\/wp-json\/wp\/v2\/posts"}],"about":[{"href":"https:\/\/franciscanos.org.br\/noticias\/wp-json\/wp\/v2\/types\/post"}],"author":[{"embeddable":true,"href":"https:\/\/franciscanos.org.br\/noticias\/wp-json\/wp\/v2\/users\/10"}],"replies":[{"embeddable":true,"href":"https:\/\/franciscanos.org.br\/noticias\/wp-json\/wp\/v2\/comments?post=246614"}],"version-history":[{"count":6,"href":"https:\/\/franciscanos.org.br\/noticias\/wp-json\/wp\/v2\/posts\/246614\/revisions"}],"predecessor-version":[{"id":246698,"href":"https:\/\/franciscanos.org.br\/noticias\/wp-json\/wp\/v2\/posts\/246614\/revisions\/246698"}],"wp:featuredmedia":[{"embeddable":true,"href":"https:\/\/franciscanos.org.br\/noticias\/wp-json\/wp\/v2\/media\/246622"}],"wp:attachment":[{"href":"https:\/\/franciscanos.org.br\/noticias\/wp-json\/wp\/v2\/media?parent=246614"}],"wp:term":[{"taxonomy":"category","embeddable":true,"href":"https:\/\/franciscanos.org.br\/noticias\/wp-json\/wp\/v2\/categories?post=246614"},{"taxonomy":"post_tag","embeddable":true,"href":"https:\/\/franciscanos.org.br\/noticias\/wp-json\/wp\/v2\/tags?post=246614"}],"curies":[{"name":"wp","href":"https:\/\/api.w.org\/{rel}","templated":true}]}}