{"id":246608,"date":"2024-03-08T10:45:44","date_gmt":"2024-03-08T13:45:44","guid":{"rendered":"https:\/\/franciscanos.org.br\/noticias\/?p=246608"},"modified":"2024-03-08T10:52:51","modified_gmt":"2024-03-08T13:52:51","slug":"crescer-na-mudanca-de-anselm-grun-entre-os-lancamentos-da-editora-vozes","status":"publish","type":"post","link":"https:\/\/franciscanos.org.br\/noticias\/crescer-na-mudanca-de-anselm-grun-entre-os-lancamentos-da-editora-vozes.html","title":{"rendered":"&#8220;Crescer na mudan\u00e7a&#8221; de Anselm Gr\u00fcn, entre os lan\u00e7amentos da Editora Vozes"},"content":{"rendered":"<p><img loading=\"lazy\" src=\"https:\/\/franciscanos.org.br\/noticias\/wp-content\/uploads\/2024\/03\/Vozes-1280-08-03-2024.jpg\" alt=\"\" width=\"1280\" height=\"720\" \/><\/p>\n<h3><strong>Crescer na mudan\u00e7a<\/strong><\/h3>\n<p><strong>Como podemos nos tornar mais livres, mais aut\u00eanticos, mais serenos e mais esperan\u00e7osos<\/strong><\/p>\n<p>A jornada da vida \u00e9 uma constante e irresist\u00edvel dan\u00e7a de mudan\u00e7a e processo, do primeiro passo ao \u00faltimo suspiro. Em meio a essa dan\u00e7a, encontramos fraturas e conflitos que testam nossa resili\u00eancia, medos que nos fazem hesitar e esperan\u00e7as que nos impulsionam a seguir em frente. Cada encruzilhada traz consigo uma metamorfose, e nossas escolhas moldam o curso da nossa trajet\u00f3ria.<\/p>\n<p>Esteja voc\u00ea enfrentando dificuldades ou simplesmente buscando aprimorar sua jornada, Anselm Gr\u00fcn nos lembra da nossa pr\u00f3pria for\u00e7a interior. Ele n\u00e3o apenas nos ensina a abra\u00e7ar as mudan\u00e7as, mas tamb\u00e9m a inspirar independ\u00eancia em nossos passos. Sua vis\u00e3o enraizada na confian\u00e7a na jornada humana nos capacita a trilhar caminhos desafiadores com gra\u00e7a e coragem. Abrace a transforma\u00e7\u00e3o, aceite os desafios e permita que as transi\u00e7\u00f5es infundam uma nova vitalidade em sua exist\u00eancia.<\/p>\n<hr \/>\n<h3><strong>A natureza do amor &#8211;\u00a0<\/strong><strong>Padr\u00f5es de relacionamento humano<\/strong><\/h3>\n<p>Verena Kast revela as fantasias que moldam nossas conex\u00f5es \u00edntimas. Com base na psicologia junguiana, ela analisa o inconsciente coletivo e individual, ajudando-nos a compreender as expectativas e os desejos que influenciam os relacionamentos. Por meio de exemplos cl\u00ednicos e insights, ela nos convida a refletir sobre como nossas fantasias e imagina\u00e7\u00f5es desempenham um papel crucial na forma\u00e7\u00e3o dos v\u00ednculos que tecemos com aqueles que amamos. Uma obra que ilumina os segredos das rela\u00e7\u00f5es e nos faz enxergar o amor sob uma nova perspectiva.<\/p>\n<p>Verena Kast desvenda as imagens arquet\u00edpicas que permeiam nossas conex\u00f5es \u00edntimas. Ao explorar os complexos padr\u00f5es de proje\u00e7\u00e3o e identifica\u00e7\u00e3o, a autora nos convida a refletir sobre as din\u00e2micas psicol\u00f3gicas nem sempre evidentes que influenciam nossas escolhas amorosas.<\/p>\n<p>Ao longo da obra, a autora revela os aspectos sombrios e luminosos que se entrela\u00e7am nos relacionamentos, provocando transforma\u00e7\u00e3o e autodescoberta. Por meio de exemplos v\u00edvidos e uma an\u00e1lise aprofundada dos s\u00edmbolos e arqu\u00e9tipos presentes nas fantasias amorosas, somos instigados a questionar nossas pr\u00f3prias expectativas e desejos, lan\u00e7ando luz sobre os processos inconscientes que moldam nossa busca por amor e conex\u00e3o.<\/p>\n<hr \/>\n<h3><strong>Tratado sobre o fundamento da moral<\/strong><\/h3>\n<p>Nesta obra, Schopenhauer mergulha na ess\u00eancia da moralidade humana, explorando os fundamentos que regem nossas a\u00e7\u00f5es e decis\u00f5es. Com uma an\u00e1lise perspicaz, ele revela a influ\u00eancia dos impulsos ego\u00edstas e a import\u00e2ncia da compaix\u00e3o na constru\u00e7\u00e3o de uma \u00e9tica genu\u00edna. Schopenhauer desafia conceitos estabelecidos e nos convida a refletir sobre a natureza humana, o papel da vontade e a busca pelo bem. Um tratado profundo que nos conduz a uma compreens\u00e3o mais clara dos princ\u00edpios morais e seu impacto em nossa exist\u00eancia.<\/p>\n<hr \/>\n<h3><strong>A conquista espiritual da Am\u00e9rica espanhola &#8211;\u00a0<\/strong><strong>200 documentos \u2013 S\u00e9culo XVI<\/strong><\/h3>\n<p>A conquista espiritual da Am\u00e9rica espanhola recupera parte significativa da documenta\u00e7\u00e3o hist\u00f3rica sobre a g\u00eanese da Conquista e seu pano de fundo ideol\u00f3gico. O t\u00edtulo Conquista espiritual faz alus\u00e3o \u00e0 obra consagrada de Ruiz de Montoya, S.J. (1639), e resume a vis\u00e3o que os pr\u00f3prios agentes \u2013 soldados, religiosos, te\u00f3logos, juristas, funcion\u00e1rios da metr\u00f3pole \u2013 tiveram de seu papel. Entenderam sua \u201ccolabora\u00e7\u00e3o\u201d com as Am\u00e9ricas como tarefa civilizadora, como cruzada em terras long\u00ednquas, conquista de territ\u00f3rios ocupados por inimigos da f\u00e9, liberta\u00e7\u00e3o de almas perdidas. Desde o in\u00edcio da Conquista, a doutrina mission\u00e1ria passou por v\u00e1rias transforma\u00e7\u00f5es. Hoje, entre os diferentes setores, continua a luta pela chave de leitura da Conquista espiritual. \u00c9 uma luta ideol\u00f3gica com op\u00e7\u00f5es pol\u00edticas atuais em jogo.<\/p>\n<p>Os 200 documentos, criteriosamente escolhidos, situados e editados por Paulo Suess e que Vozes ora publica \u2013 a maior parte pela primeira vez em l\u00edngua portuguesa \u2013, estabelecem uma ponte para a outra margem desta vasta Am\u00e9rica, a Am\u00e9rica conquistada pela Espanha. A leitura atenta destas fontes hist\u00f3ricas pode causar surpresas e gerar luzes. A ideologia da Conquista espiritual ainda hoje interv\u00e9m nos discursos de apologetas e militantes que, por vezes, sem rumo certo navegam entre ufanismo falaz e remorso paralisante.<\/p>\n<hr \/>\n<h3><strong>O exerc\u00edcio da Teologia &#8211;\u00a0<\/strong><strong>Introdu\u00e7\u00e3o ao pensar teol\u00f3gico e \u00e0s suas principais figuras<\/strong><\/h3>\n<p>O que \u00e9 teologia? Para responder a esta quest\u00e3o, primeiramente \u00e9 necess\u00e1rio se dedicar \u00e0 ci\u00eancia teol\u00f3gica, visitando os locais em que ela se desenvolveu, compreender as caracter\u00edsticas fundamentais que adotou ao longo da hist\u00f3ria e se aprofundar em temas como revela\u00e7\u00e3o de Deus, f\u00e9, comunidade eclesial, Escrituras, Tradi\u00e7\u00e3o e Magist\u00e9rio. Esta introdu\u00e7\u00e3o ao pensamento teol\u00f3gico foi escrita com a convic\u00e7\u00e3o de que a teologia n\u00e3o tem a palavra definitiva no \u00e2mbito das ci\u00eancias humanas e no que diz respeito \u00e0 quest\u00e3o de Deus, mas sim, tem uma palavra \u00fanica que s\u00f3 ela pode dizer e propor como servi\u00e7o \u00e0 Igreja e \u00e0 sociedade.<\/p>\n<p><strong>\u00a0<\/strong>Esta obra \u00e9 destinada \u00e0queles que desejam come\u00e7ar a explorar o fascinante campo da teologia.<\/p>\n<p>Nela, o autor estabelece uma conex\u00e3o entre os curiosos de hoje e os grandes mestres do passado, como Justino, Irineu, Tertuliano e tantos outros que ainda t\u00eam relev\u00e2ncia nos dias atuais. Tamb\u00e9m pode ser tomada como ponto de partida ao pr\u00f3prio exerc\u00edcio da teologia, pois oferece ferramentas e conceitos b\u00e1sicos necess\u00e1rios.<\/p>\n<p>A teologia busca as raz\u00f5es profundas subjacentes a todas as coisas, explorando o mist\u00e9rio que ultrapassa a compreens\u00e3o humana, que os crist\u00e3os chamam Deus. \u00c9 uma jornada de f\u00e9 e reflex\u00e3o, uma entrega a esse mist\u00e9rio, em obedi\u00eancia e orienta\u00e7\u00e3o.<\/p>\n<p>Por tudo isso, esta introdu\u00e7\u00e3o \u00e0 teologia \u00e9 um apelo \u00e0 coragem de pensar de forma cr\u00edtica e acreditar. Exercite-se nesta ci\u00eancia e descubra o vasto mundo de questionamentos, descobertas e reflex\u00f5es que ela oferece.<\/p>\n<hr \/>\n<h3><strong>Manual de metodologia quantitativa para as Ci\u00eancias Sociais<\/strong><\/h3>\n<p>Esta obra \u00e9 uma refer\u00eancia para professores, alunos e pesquisadores de m\u00e9todos quantitativos nas Ci\u00eancias Sociais, pois fornece uma vis\u00e3o abrangente das principais t\u00e9cnicas usadas no campo. Os autores, metodologistas e pesquisadores de ponta, escreveram sobre suas \u00e1reas de especializa\u00e7\u00e3o de maneiras que transmitem a utilidade de suas respectivas t\u00e9cnicas, mas, quando apropriado, eles tamb\u00e9m oferecem uma cr\u00edtica justa dessas t\u00e9cnicas. A relev\u00e2ncia para os problemas do mundo real nas Ci\u00eancias Sociais \u00e9 um ingrediente essencial de cada cap\u00edtulo e torna-o um recurso inestim\u00e1vel.<\/p>\n<p>O Manual de metodologia quantitativa para as Ci\u00eancias Sociais \u00e9 indispens\u00e1vel para o ensino, estudo e pesquisa de m\u00e9todos quantitativos e permitir\u00e1 aos leitores desenvolver um n\u00edvel de compreens\u00e3o de t\u00e9cnicas estat\u00edsticas compat\u00edvel com os desenvolvimentos te\u00f3ricos mais recentes e de \u00faltima gera\u00e7\u00e3o no campo. Ele fornece as bases para a pesquisa quantitativa, com percep\u00e7\u00f5es de ponta sobre a efic\u00e1cia de cada m\u00e9todo, dependendo dos dados e situa\u00e7\u00f5es distintas de pesquisa.<\/p>\n<p>O manual est\u00e1 dividido em seis se\u00e7\u00f5es: Dimensionamento, Teste e medi\u00e7\u00e3o, Modelos para dados categ\u00f3ricos, Modelos para dados multin\u00edvel, Modelos para vari\u00e1veis latentes e Quest\u00f5es fundamentais. Os cap\u00edtulos que comp\u00f5em a obra abordam t\u00f3picos em dimensionamento e medi\u00e7\u00e3o, avan\u00e7os em metodologias de modelagem estat\u00edstica e amplos temas filos\u00f3ficos e quest\u00f5es fundamentais que transcendem muitas das metodologias quantitativas abordadas no livro.<\/p>\n<hr \/>\n<h3><strong>Estudos do discurso &#8211; <\/strong><strong>Conceitos fundamentais<\/strong><\/h3>\n<p>Esta obra trata dos conceitos fundantes das pesquisas lingu\u00edsticas sobre o discurso. S\u00e3o diversos conceitos tratados por diferentes perspectivas te\u00f3ricas, por\u00e9m com as aproxima\u00e7\u00f5es com que uma rede conceitual se tece e constitui um campo de estudos f\u00e9rtil e complexo, como o \u00e9 o discurso. Cada cap\u00edtulo traz o ponto de vista de um renomado pesquisador, nacional ou internacional, cujo objeto de investiga\u00e7\u00e3o tem sido o discurso. Todos os cap\u00edtulos cont\u00eam os mesmos t\u00f3picos, de modo a: possibilitarem uma leitura verticalizada, por conceito abordado; ou, por um percurso horizontalizado de todos os conceitos do livro, possibilitarem uma compara\u00e7\u00e3o entre os referidos t\u00f3picos.<\/p>\n<p>Esta obra foi pensada para atender a uma evidente demanda na atualidade: reunir, em apenas um volume, um conjunto de informa\u00e7\u00f5es b\u00e1sicas para a compreens\u00e3o do campo dos estudos discursivos. A inten\u00e7\u00e3o foi, de um lado, apresentar, de maneira acess\u00edvel, os principais termos do campo e as grandes quest\u00f5es te\u00f3ricas que est\u00e3o a eles relacionadas; de outro lado, buscar, por meio de um texto simples, dar a conhecer aos interessados na lingu\u00edstica as potencialidades de trabalho com a linguagem que cada abordagem te\u00f3rica possibilita. O leitor ver\u00e1 que s\u00e3o abordados conceitos essenciais para estudar o discurso em diferentes perspectivas.<\/p>\n<p>Cada cap\u00edtulo est\u00e1 organizado internamente de maneira semelhante, o que permite tecer um panorama de aproxima\u00e7\u00f5es e distanciamentos no percurso das constru\u00e7\u00f5es de cada conceito apresentado. Em outras palavras, cada cap\u00edtulo \u00e9 estruturado de acordo com o seguinte roteiro: (1) Introdu\u00e7\u00e3o; (2) Origens hist\u00f3ricas; (3) Principais enfoques; (4) Desdobramentos atuais; (5) Exemplo(s) de an\u00e1lise e (6) Conclus\u00e3o. Por fim, s\u00e3o apresentadas as refer\u00eancias fundamentais para que o tema seja aprofundado pelo leitor na continuidade de seus estudos.<\/p>\n<p>A ideia dos organizadores \u00e9 trazer a p\u00fablico uma obra coesa, com informa\u00e7\u00f5es pertinentes, entrela\u00e7adas e articuladas entre si, de modo a evidenciar a exist\u00eancia de um sistema conceitual fundante das investiga\u00e7\u00f5es da \u00e1rea relativas ao discurso.<\/p>\n<hr \/>\n<h3><strong>TOD &#8211; Transtorno de oposi\u00e7\u00e3o desafiante<\/strong><\/h3>\n<p><strong>\u00a0<\/strong>O Transtorno de Oposi\u00e7\u00e3o Desafiante (TOD) \u00e9 um padr\u00e3o de humor irrit\u00e1vel e col\u00e9rico com comportamentos desafiadores, argumentativos e vingativos. Uma das principais caracter\u00edsticas \u00e9 a frequ\u00eancia, a persist\u00eancia e a dissemina\u00e7\u00e3o desses padr\u00f5es; ou seja, eles est\u00e3o presentes em diferentes contextos ambientais.<\/p>\n<p>Este livro sugere algumas maneiras de aliviar as dificuldades de crian\u00e7as com Transtorno de Oposi\u00e7\u00e3o Desafiante e de seus professores. Pode ser definido como um livro de receitas, cujo objetivo \u00e9 combinar de maneira eficaz os ingredientes que a ci\u00eancia e a pr\u00e1tica cl\u00ednica indicam como os mais eficazes.<\/p>\n<hr \/>\n<p style=\"padding-left: 40px;\">Todos esses produtos podem ser adquiridos pelos sites<br \/>\n<a href=\"http:\/\/www.livrariavozes.com.br\/\">www.livrariavozes.com.br<\/a><br \/>\n<a href=\"http:\/\/vozes.com.br\/\">http:\/\/vozes.com.br<\/a><\/p>\n<p style=\"padding-left: 40px;\">E-mail:\u00a0<a href=\"mailto:contato@vozes.com.br\">contato@vozes.com.br<\/a><\/p>\n<p style=\"padding-left: 40px;\">Tel.\u00a011 3101 8451<\/p>\n<p style=\"padding-left: 40px;\"><em><strong>Editora Vozes<\/strong><\/em><\/p>\n","protected":false},"excerpt":{"rendered":"<p>Editora Vozes<\/p>\n","protected":false},"author":7,"featured_media":246610,"comment_status":"open","ping_status":"open","sticky":false,"template":"","format":"standard","meta":[],"categories":[1],"tags":[238],"acf":[],"yoast_head":"<!-- This site is optimized with the Yoast SEO plugin v19.2 - https:\/\/yoast.com\/wordpress\/plugins\/seo\/ -->\n<title>&quot;Crescer na mudan\u00e7a&quot; de Anselm Gr\u00fcn, entre os lan\u00e7amentos da Editora Vozes - Not\u00edcias - Franciscanos<\/title>\n<meta name=\"robots\" content=\"index, follow, max-snippet:-1, max-image-preview:large, max-video-preview:-1\" \/>\n<link rel=\"canonical\" href=\"https:\/\/franciscanos.org.br\/noticias\/crescer-na-mudanca-de-anselm-grun-entre-os-lancamentos-da-editora-vozes.html\" \/>\n<meta property=\"og:locale\" content=\"pt_BR\" \/>\n<meta property=\"og:type\" content=\"article\" \/>\n<meta property=\"og:title\" content=\"&quot;Crescer na mudan\u00e7a&quot; de Anselm Gr\u00fcn, entre os lan\u00e7amentos da Editora Vozes - Not\u00edcias - Franciscanos\" \/>\n<meta property=\"og:description\" content=\"Editora Vozes\" \/>\n<meta property=\"og:url\" content=\"https:\/\/franciscanos.org.br\/noticias\/crescer-na-mudanca-de-anselm-grun-entre-os-lancamentos-da-editora-vozes.html\" \/>\n<meta property=\"og:site_name\" content=\"Not\u00edcias - Franciscanos\" \/>\n<meta property=\"article:published_time\" content=\"2024-03-08T13:45:44+00:00\" \/>\n<meta property=\"article:modified_time\" content=\"2024-03-08T13:52:51+00:00\" \/>\n<meta property=\"og:image\" content=\"https:\/\/franciscanos.org.br\/noticias\/wp-content\/uploads\/2024\/03\/Vozes-800-08-03-2024.jpg\" \/>\n\t<meta property=\"og:image:width\" content=\"800\" \/>\n\t<meta property=\"og:image:height\" content=\"550\" \/>\n\t<meta property=\"og:image:type\" content=\"image\/jpeg\" \/>\n<meta name=\"author\" content=\"jovenal\" \/>\n<meta name=\"twitter:card\" content=\"summary_large_image\" \/>\n<meta name=\"twitter:label1\" content=\"Escrito por\" \/>\n\t<meta name=\"twitter:data1\" content=\"jovenal\" \/>\n\t<meta name=\"twitter:label2\" content=\"Est. tempo de leitura\" \/>\n\t<meta name=\"twitter:data2\" content=\"9 minutos\" \/>\n<script type=\"application\/ld+json\" class=\"yoast-schema-graph\">{\"@context\":\"https:\/\/schema.org\",\"@graph\":[{\"@type\":\"WebSite\",\"@id\":\"https:\/\/franciscanos.org.br\/noticias\/#website\",\"url\":\"https:\/\/franciscanos.org.br\/noticias\/\",\"name\":\"Not\u00edcias - Franciscanos\",\"description\":\"Prov\u00edncia Franciscana da Imaculada Concei\u00e7\u00e3o do Brasil - Ordem dos Frades Menores - OFM\",\"potentialAction\":[{\"@type\":\"SearchAction\",\"target\":{\"@type\":\"EntryPoint\",\"urlTemplate\":\"https:\/\/franciscanos.org.br\/noticias\/?s={search_term_string}\"},\"query-input\":\"required name=search_term_string\"}],\"inLanguage\":\"pt-BR\"},{\"@type\":\"ImageObject\",\"inLanguage\":\"pt-BR\",\"@id\":\"https:\/\/franciscanos.org.br\/noticias\/crescer-na-mudanca-de-anselm-grun-entre-os-lancamentos-da-editora-vozes.html#primaryimage\",\"url\":\"https:\/\/franciscanos.org.br\/noticias\/wp-content\/uploads\/2024\/03\/Vozes-800-08-03-2024.jpg\",\"contentUrl\":\"https:\/\/franciscanos.org.br\/noticias\/wp-content\/uploads\/2024\/03\/Vozes-800-08-03-2024.jpg\",\"width\":800,\"height\":550},{\"@type\":\"WebPage\",\"@id\":\"https:\/\/franciscanos.org.br\/noticias\/crescer-na-mudanca-de-anselm-grun-entre-os-lancamentos-da-editora-vozes.html#webpage\",\"url\":\"https:\/\/franciscanos.org.br\/noticias\/crescer-na-mudanca-de-anselm-grun-entre-os-lancamentos-da-editora-vozes.html\",\"name\":\"\\\"Crescer na mudan\u00e7a\\\" de Anselm Gr\u00fcn, entre os lan\u00e7amentos da Editora Vozes - Not\u00edcias - Franciscanos\",\"isPartOf\":{\"@id\":\"https:\/\/franciscanos.org.br\/noticias\/#website\"},\"primaryImageOfPage\":{\"@id\":\"https:\/\/franciscanos.org.br\/noticias\/crescer-na-mudanca-de-anselm-grun-entre-os-lancamentos-da-editora-vozes.html#primaryimage\"},\"datePublished\":\"2024-03-08T13:45:44+00:00\",\"dateModified\":\"2024-03-08T13:52:51+00:00\",\"author\":{\"@id\":\"https:\/\/franciscanos.org.br\/noticias\/#\/schema\/person\/c3a26b08313dd1772495ce300ab257cc\"},\"breadcrumb\":{\"@id\":\"https:\/\/franciscanos.org.br\/noticias\/crescer-na-mudanca-de-anselm-grun-entre-os-lancamentos-da-editora-vozes.html#breadcrumb\"},\"inLanguage\":\"pt-BR\",\"potentialAction\":[{\"@type\":\"ReadAction\",\"target\":[\"https:\/\/franciscanos.org.br\/noticias\/crescer-na-mudanca-de-anselm-grun-entre-os-lancamentos-da-editora-vozes.html\"]}]},{\"@type\":\"BreadcrumbList\",\"@id\":\"https:\/\/franciscanos.org.br\/noticias\/crescer-na-mudanca-de-anselm-grun-entre-os-lancamentos-da-editora-vozes.html#breadcrumb\",\"itemListElement\":[{\"@type\":\"ListItem\",\"position\":1,\"name\":\"Home\",\"item\":\"https:\/\/franciscanos.org.br\/noticias\"},{\"@type\":\"ListItem\",\"position\":2,\"name\":\"&#8220;Crescer na mudan\u00e7a&#8221; de Anselm Gr\u00fcn, entre os lan\u00e7amentos da Editora Vozes\"}]},{\"@type\":\"Person\",\"@id\":\"https:\/\/franciscanos.org.br\/noticias\/#\/schema\/person\/c3a26b08313dd1772495ce300ab257cc\",\"name\":\"jovenal\",\"image\":{\"@type\":\"ImageObject\",\"inLanguage\":\"pt-BR\",\"@id\":\"https:\/\/franciscanos.org.br\/noticias\/#\/schema\/person\/image\/\",\"url\":\"https:\/\/secure.gravatar.com\/avatar\/e94509f531086e2eaf97e72f29ea00f9?s=96&d=mm&r=g\",\"contentUrl\":\"https:\/\/secure.gravatar.com\/avatar\/e94509f531086e2eaf97e72f29ea00f9?s=96&d=mm&r=g\",\"caption\":\"jovenal\"},\"url\":\"https:\/\/franciscanos.org.br\/noticias\/author\/jovenal\"}]}<\/script>\n<!-- \/ Yoast SEO plugin. -->","yoast_head_json":{"title":"\"Crescer na mudan\u00e7a\" de Anselm Gr\u00fcn, entre os lan\u00e7amentos da Editora Vozes - Not\u00edcias - Franciscanos","robots":{"index":"index","follow":"follow","max-snippet":"max-snippet:-1","max-image-preview":"max-image-preview:large","max-video-preview":"max-video-preview:-1"},"canonical":"https:\/\/franciscanos.org.br\/noticias\/crescer-na-mudanca-de-anselm-grun-entre-os-lancamentos-da-editora-vozes.html","og_locale":"pt_BR","og_type":"article","og_title":"\"Crescer na mudan\u00e7a\" de Anselm Gr\u00fcn, entre os lan\u00e7amentos da Editora Vozes - Not\u00edcias - Franciscanos","og_description":"Editora Vozes","og_url":"https:\/\/franciscanos.org.br\/noticias\/crescer-na-mudanca-de-anselm-grun-entre-os-lancamentos-da-editora-vozes.html","og_site_name":"Not\u00edcias - Franciscanos","article_published_time":"2024-03-08T13:45:44+00:00","article_modified_time":"2024-03-08T13:52:51+00:00","og_image":[{"width":800,"height":550,"url":"https:\/\/franciscanos.org.br\/noticias\/wp-content\/uploads\/2024\/03\/Vozes-800-08-03-2024.jpg","type":"image\/jpeg"}],"author":"jovenal","twitter_card":"summary_large_image","twitter_misc":{"Escrito por":"jovenal","Est. tempo de leitura":"9 minutos"},"schema":{"@context":"https:\/\/schema.org","@graph":[{"@type":"WebSite","@id":"https:\/\/franciscanos.org.br\/noticias\/#website","url":"https:\/\/franciscanos.org.br\/noticias\/","name":"Not\u00edcias - Franciscanos","description":"Prov\u00edncia Franciscana da Imaculada Concei\u00e7\u00e3o do Brasil - Ordem dos Frades Menores - OFM","potentialAction":[{"@type":"SearchAction","target":{"@type":"EntryPoint","urlTemplate":"https:\/\/franciscanos.org.br\/noticias\/?s={search_term_string}"},"query-input":"required name=search_term_string"}],"inLanguage":"pt-BR"},{"@type":"ImageObject","inLanguage":"pt-BR","@id":"https:\/\/franciscanos.org.br\/noticias\/crescer-na-mudanca-de-anselm-grun-entre-os-lancamentos-da-editora-vozes.html#primaryimage","url":"https:\/\/franciscanos.org.br\/noticias\/wp-content\/uploads\/2024\/03\/Vozes-800-08-03-2024.jpg","contentUrl":"https:\/\/franciscanos.org.br\/noticias\/wp-content\/uploads\/2024\/03\/Vozes-800-08-03-2024.jpg","width":800,"height":550},{"@type":"WebPage","@id":"https:\/\/franciscanos.org.br\/noticias\/crescer-na-mudanca-de-anselm-grun-entre-os-lancamentos-da-editora-vozes.html#webpage","url":"https:\/\/franciscanos.org.br\/noticias\/crescer-na-mudanca-de-anselm-grun-entre-os-lancamentos-da-editora-vozes.html","name":"\"Crescer na mudan\u00e7a\" de Anselm Gr\u00fcn, entre os lan\u00e7amentos da Editora Vozes - Not\u00edcias - Franciscanos","isPartOf":{"@id":"https:\/\/franciscanos.org.br\/noticias\/#website"},"primaryImageOfPage":{"@id":"https:\/\/franciscanos.org.br\/noticias\/crescer-na-mudanca-de-anselm-grun-entre-os-lancamentos-da-editora-vozes.html#primaryimage"},"datePublished":"2024-03-08T13:45:44+00:00","dateModified":"2024-03-08T13:52:51+00:00","author":{"@id":"https:\/\/franciscanos.org.br\/noticias\/#\/schema\/person\/c3a26b08313dd1772495ce300ab257cc"},"breadcrumb":{"@id":"https:\/\/franciscanos.org.br\/noticias\/crescer-na-mudanca-de-anselm-grun-entre-os-lancamentos-da-editora-vozes.html#breadcrumb"},"inLanguage":"pt-BR","potentialAction":[{"@type":"ReadAction","target":["https:\/\/franciscanos.org.br\/noticias\/crescer-na-mudanca-de-anselm-grun-entre-os-lancamentos-da-editora-vozes.html"]}]},{"@type":"BreadcrumbList","@id":"https:\/\/franciscanos.org.br\/noticias\/crescer-na-mudanca-de-anselm-grun-entre-os-lancamentos-da-editora-vozes.html#breadcrumb","itemListElement":[{"@type":"ListItem","position":1,"name":"Home","item":"https:\/\/franciscanos.org.br\/noticias"},{"@type":"ListItem","position":2,"name":"&#8220;Crescer na mudan\u00e7a&#8221; de Anselm Gr\u00fcn, entre os lan\u00e7amentos da Editora Vozes"}]},{"@type":"Person","@id":"https:\/\/franciscanos.org.br\/noticias\/#\/schema\/person\/c3a26b08313dd1772495ce300ab257cc","name":"jovenal","image":{"@type":"ImageObject","inLanguage":"pt-BR","@id":"https:\/\/franciscanos.org.br\/noticias\/#\/schema\/person\/image\/","url":"https:\/\/secure.gravatar.com\/avatar\/e94509f531086e2eaf97e72f29ea00f9?s=96&d=mm&r=g","contentUrl":"https:\/\/secure.gravatar.com\/avatar\/e94509f531086e2eaf97e72f29ea00f9?s=96&d=mm&r=g","caption":"jovenal"},"url":"https:\/\/franciscanos.org.br\/noticias\/author\/jovenal"}]}},"_links":{"self":[{"href":"https:\/\/franciscanos.org.br\/noticias\/wp-json\/wp\/v2\/posts\/246608"}],"collection":[{"href":"https:\/\/franciscanos.org.br\/noticias\/wp-json\/wp\/v2\/posts"}],"about":[{"href":"https:\/\/franciscanos.org.br\/noticias\/wp-json\/wp\/v2\/types\/post"}],"author":[{"embeddable":true,"href":"https:\/\/franciscanos.org.br\/noticias\/wp-json\/wp\/v2\/users\/7"}],"replies":[{"embeddable":true,"href":"https:\/\/franciscanos.org.br\/noticias\/wp-json\/wp\/v2\/comments?post=246608"}],"version-history":[{"count":1,"href":"https:\/\/franciscanos.org.br\/noticias\/wp-json\/wp\/v2\/posts\/246608\/revisions"}],"predecessor-version":[{"id":246611,"href":"https:\/\/franciscanos.org.br\/noticias\/wp-json\/wp\/v2\/posts\/246608\/revisions\/246611"}],"wp:featuredmedia":[{"embeddable":true,"href":"https:\/\/franciscanos.org.br\/noticias\/wp-json\/wp\/v2\/media\/246610"}],"wp:attachment":[{"href":"https:\/\/franciscanos.org.br\/noticias\/wp-json\/wp\/v2\/media?parent=246608"}],"wp:term":[{"taxonomy":"category","embeddable":true,"href":"https:\/\/franciscanos.org.br\/noticias\/wp-json\/wp\/v2\/categories?post=246608"},{"taxonomy":"post_tag","embeddable":true,"href":"https:\/\/franciscanos.org.br\/noticias\/wp-json\/wp\/v2\/tags?post=246608"}],"curies":[{"name":"wp","href":"https:\/\/api.w.org\/{rel}","templated":true}]}}