{"id":246603,"date":"2024-03-08T10:21:22","date_gmt":"2024-03-08T13:21:22","guid":{"rendered":"https:\/\/franciscanos.org.br\/noticias\/?p=246603"},"modified":"2024-03-08T10:24:25","modified_gmt":"2024-03-08T13:24:25","slug":"papa-celebra-as-24-horas-para-o-senhor-em-paroquia-de-roma-nesta-sexta-feira","status":"publish","type":"post","link":"https:\/\/franciscanos.org.br\/noticias\/papa-celebra-as-24-horas-para-o-senhor-em-paroquia-de-roma-nesta-sexta-feira.html","title":{"rendered":"Papa celebra as &#8220;24 horas para o Senhor&#8221; em par\u00f3quia de Roma nesta sexta-feira"},"content":{"rendered":"<p><img loading=\"lazy\" class=\"aligncenter wp-image-246604 size-full\" src=\"https:\/\/franciscanos.org.br\/noticias\/wp-content\/uploads\/2024\/03\/cq5dam.thumbnail.cropped.750.422.jpeg\" alt=\"\" width=\"750\" height=\"422\" srcset=\"https:\/\/franciscanos.org.br\/noticias\/wp-content\/uploads\/2024\/03\/cq5dam.thumbnail.cropped.750.422.jpeg 750w, https:\/\/franciscanos.org.br\/noticias\/wp-content\/uploads\/2024\/03\/cq5dam.thumbnail.cropped.750.422-450x253.jpeg 450w, https:\/\/franciscanos.org.br\/noticias\/wp-content\/uploads\/2024\/03\/cq5dam.thumbnail.cropped.750.422-150x84.jpeg 150w\" sizes=\"(max-width: 750px) 100vw, 750px\" \/><\/p>\n<p style=\"text-align: center;\"><em>O encontro tradicional durante a Quaresma, &#8220;24 horas para o Senhor&#8221;, come\u00e7a na sexta-feira (8) com celebra\u00e7\u00e3o penitencial do Papa na par\u00f3quia romana de S\u00e3o Pio V. As igrejas do mundo todo s\u00e3o convidadas a permanecerem abertas durante um dia inteiro. Material em portugu\u00eas produzido pelo Dicast\u00e9rio para a Evangeliza\u00e7\u00e3o j\u00e1 est\u00e1 dispon\u00edvel para preparar os fi\u00e9is ao momento de ora\u00e7\u00e3o e confiss\u00e3o.<\/em><\/p>\n<p>O Papa Francisco ir\u00e1 visitar a\u00a0par\u00f3quia romana de\u00a0<a href=\"https:\/\/www.sanpiov.it\/\/index.php\" target=\"_blank\" rel=\"external nofollow noopener\">S\u00e3o Pio V, no bairro Aurelio, em Roma<\/a>, para celebrar a iniciativa quaresmal de ora\u00e7\u00e3o e reconcilia\u00e7\u00e3o\u00a0<a href=\"http:\/\/www.evangelizatio.va\/content\/pcpne\/it\/attivita\/24ore\/24-ore-per-il-signore-2024.html\" target=\"_blank\" rel=\"external noopener\">&#8220;24 horas para o Senhor&#8221;<\/a>. A celebra\u00e7\u00e3o est\u00e1 marcada para esta sexta-feira, 8 de mar\u00e7o, a partir das 16h30 na It\u00e1lia (12h30 no hor\u00e1rio de Bras\u00edlia).\u00a0A not\u00edcia j\u00e1 tinha sido dada aos fi\u00e9is da comunidade pelo p\u00e1roco local, Pe. Donato De Pera, h\u00e1 uma semana, e foi confirmada pelo Dicast\u00e9rio para a Evangeliza\u00e7\u00e3o em comunicado de imprensa divulgado nesta segunda-feira (4).<\/p>\n<p>A par\u00f3quia romana fica a poucos quil\u00f4metros da Casa Santa Marta, no Vaticano, e j\u00e1 foi visitada por Paulo VI, em 1969, e por Jo\u00e3o Paulo II, em 1979.\u00a0No ano passado, Francisco havia visitado a par\u00f3quia de\u00a0<i>Santa Maria delle Grazie al Trionfale<\/i>\u00a0para participar da mesma iniciativa. Tamb\u00e9m neste ano, durante a celebra\u00e7\u00e3o, os fi\u00e9is poder\u00e3o receber o Sacramento da Reconcilia\u00e7\u00e3o. Inclusive o Pont\u00edfice deve ouvir as confiss\u00f5es de alguns paroquianos.<\/p>\n<h2>&#8220;24 horas para o Senhor&#8221;<\/h2>\n<p>A iniciativa &#8220;24 horas para o Senhor&#8221; \u00e9 um momento de ora\u00e7\u00e3o e reconcilia\u00e7\u00e3o durante o per\u00edodo da Quaresma desejado pelo pr\u00f3prio Pont\u00edfice e promovido pelo Dicast\u00e9rio para a Evangeliza\u00e7\u00e3o, que j\u00e1 est\u00e1 em sua d\u00e9cima primeira edi\u00e7\u00e3o. O lema escolhido para este ano foi extra\u00eddo de um vers\u00edculo da Carta aos Romanos que diz: &#8220;Caminhar numa vida nova&#8221; (Rm 6,4).<\/p>\n<p>O evento come\u00e7a na sexta-feira (8) e percorre todo o s\u00e1bado (9), v\u00e9spera do quarto domingo de Quaresma, e se celebra nas dioceses do mundo inteiro. Par\u00f3quias e comunidades crist\u00e3s s\u00e3o convidadas a aberturas extraordin\u00e1rias das igrejas, para oferecer a possibilidade dos fi\u00e9is pararem em momento de adora\u00e7\u00e3o e tamb\u00e9m como oportunidade para se confessarem.<\/p>\n<p>Um subs\u00eddio lit\u00fargico-pastoral para o momento j\u00e1 est\u00e1 sendo disponibilizado em prepara\u00e7\u00e3o \u00e0 iniciativa, que envolve desde uma reflex\u00e3o sobre Sacramento da Reconcilia\u00e7\u00e3o at\u00e9 a abordagem da ora\u00e7\u00e3o pessoal atrav\u00e9s da Palavra de Deus e sugest\u00f5es para a celebra\u00e7\u00e3o em comunidade, com a catequese do Papa Francisco sobre o Perd\u00e3o. O material pode ser baixado gratuitamente em portugu\u00eas e outras 5 l\u00ednguas, como ingl\u00eas e espanhol, atrav\u00e9s do site do dicast\u00e9rio:\u00a0<a href=\"http:\/\/www.evangelizatio.va\/content\/pcpne\/it\/attivita\/24ore\/24-ore-per-il-signore-2024\/sussidio.html\" target=\"_blank\" rel=\"external noopener\">www.evangelizatio.va<\/a>.<\/p>\n<p>O objetivo da iniciativa, segundo o pr\u00f3-prefeito Rino Fisichella, &#8220;\u00e9 colocar o Sacramento da Reconcilia\u00e7\u00e3o novamente no centro da vida pastoral da Igreja, portanto, das nossas comunidades, das nossas par\u00f3quias, de todas as realidades eclesiais. Esse \u00e9 o centro da mensagem do Evangelho: a Miseric\u00f3rdia de Deus, que nos d\u00e1 a certeza de que diante do Senhor ningu\u00e9m encontrar\u00e1 um juiz, mas, sim, um pai que o acolhe, o consola e tamb\u00e9m lhe mostra o caminho da renova\u00e7\u00e3o&#8221;.<\/p>\n<hr \/>\n<p><em>Andressa Collet &#8211; Vatican News<\/em><\/p>\n","protected":false},"excerpt":{"rendered":"<p>24 horas de ora\u00e7\u00e3o para o Senhor<\/p>\n","protected":false},"author":10,"featured_media":246604,"comment_status":"open","ping_status":"open","sticky":false,"template":"","format":"standard","meta":[],"categories":[1,1428],"tags":[55,170],"acf":[],"yoast_head":"<!-- This site is optimized with the Yoast SEO plugin v19.2 - https:\/\/yoast.com\/wordpress\/plugins\/seo\/ -->\n<title>Papa celebra as &quot;24 horas para o Senhor&quot; em par\u00f3quia de Roma nesta sexta-feira - Not\u00edcias - Franciscanos<\/title>\n<meta name=\"robots\" content=\"index, follow, max-snippet:-1, max-image-preview:large, max-video-preview:-1\" \/>\n<link rel=\"canonical\" href=\"https:\/\/franciscanos.org.br\/noticias\/papa-celebra-as-24-horas-para-o-senhor-em-paroquia-de-roma-nesta-sexta-feira.html\" \/>\n<meta property=\"og:locale\" content=\"pt_BR\" \/>\n<meta property=\"og:type\" content=\"article\" \/>\n<meta property=\"og:title\" content=\"Papa celebra as &quot;24 horas para o Senhor&quot; em par\u00f3quia de Roma nesta sexta-feira - Not\u00edcias - Franciscanos\" \/>\n<meta property=\"og:description\" content=\"24 horas de ora\u00e7\u00e3o para o Senhor\" \/>\n<meta property=\"og:url\" content=\"https:\/\/franciscanos.org.br\/noticias\/papa-celebra-as-24-horas-para-o-senhor-em-paroquia-de-roma-nesta-sexta-feira.html\" \/>\n<meta property=\"og:site_name\" content=\"Not\u00edcias - Franciscanos\" \/>\n<meta property=\"article:published_time\" content=\"2024-03-08T13:21:22+00:00\" \/>\n<meta property=\"article:modified_time\" content=\"2024-03-08T13:24:25+00:00\" \/>\n<meta property=\"og:image\" content=\"https:\/\/franciscanos.org.br\/noticias\/wp-content\/uploads\/2024\/03\/cq5dam.thumbnail.cropped.750.422.jpeg\" \/>\n\t<meta property=\"og:image:width\" content=\"750\" \/>\n\t<meta property=\"og:image:height\" content=\"422\" \/>\n\t<meta property=\"og:image:type\" content=\"image\/jpeg\" \/>\n<meta name=\"author\" content=\"Jo\u00e3o Vitor\" \/>\n<meta name=\"twitter:card\" content=\"summary_large_image\" \/>\n<meta name=\"twitter:label1\" content=\"Escrito por\" \/>\n\t<meta name=\"twitter:data1\" content=\"Jo\u00e3o Vitor\" \/>\n\t<meta name=\"twitter:label2\" content=\"Est. tempo de leitura\" \/>\n\t<meta name=\"twitter:data2\" content=\"3 minutos\" \/>\n<script type=\"application\/ld+json\" class=\"yoast-schema-graph\">{\"@context\":\"https:\/\/schema.org\",\"@graph\":[{\"@type\":\"WebSite\",\"@id\":\"https:\/\/franciscanos.org.br\/noticias\/#website\",\"url\":\"https:\/\/franciscanos.org.br\/noticias\/\",\"name\":\"Not\u00edcias - Franciscanos\",\"description\":\"Prov\u00edncia Franciscana da Imaculada Concei\u00e7\u00e3o do Brasil - Ordem dos Frades Menores - OFM\",\"potentialAction\":[{\"@type\":\"SearchAction\",\"target\":{\"@type\":\"EntryPoint\",\"urlTemplate\":\"https:\/\/franciscanos.org.br\/noticias\/?s={search_term_string}\"},\"query-input\":\"required name=search_term_string\"}],\"inLanguage\":\"pt-BR\"},{\"@type\":\"ImageObject\",\"inLanguage\":\"pt-BR\",\"@id\":\"https:\/\/franciscanos.org.br\/noticias\/papa-celebra-as-24-horas-para-o-senhor-em-paroquia-de-roma-nesta-sexta-feira.html#primaryimage\",\"url\":\"https:\/\/franciscanos.org.br\/noticias\/wp-content\/uploads\/2024\/03\/cq5dam.thumbnail.cropped.750.422.jpeg\",\"contentUrl\":\"https:\/\/franciscanos.org.br\/noticias\/wp-content\/uploads\/2024\/03\/cq5dam.thumbnail.cropped.750.422.jpeg\",\"width\":750,\"height\":422},{\"@type\":\"WebPage\",\"@id\":\"https:\/\/franciscanos.org.br\/noticias\/papa-celebra-as-24-horas-para-o-senhor-em-paroquia-de-roma-nesta-sexta-feira.html#webpage\",\"url\":\"https:\/\/franciscanos.org.br\/noticias\/papa-celebra-as-24-horas-para-o-senhor-em-paroquia-de-roma-nesta-sexta-feira.html\",\"name\":\"Papa celebra as \\\"24 horas para o Senhor\\\" em par\u00f3quia de Roma nesta sexta-feira - Not\u00edcias - Franciscanos\",\"isPartOf\":{\"@id\":\"https:\/\/franciscanos.org.br\/noticias\/#website\"},\"primaryImageOfPage\":{\"@id\":\"https:\/\/franciscanos.org.br\/noticias\/papa-celebra-as-24-horas-para-o-senhor-em-paroquia-de-roma-nesta-sexta-feira.html#primaryimage\"},\"datePublished\":\"2024-03-08T13:21:22+00:00\",\"dateModified\":\"2024-03-08T13:24:25+00:00\",\"author\":{\"@id\":\"https:\/\/franciscanos.org.br\/noticias\/#\/schema\/person\/8c11f06a466b856a11dd48d20600055f\"},\"breadcrumb\":{\"@id\":\"https:\/\/franciscanos.org.br\/noticias\/papa-celebra-as-24-horas-para-o-senhor-em-paroquia-de-roma-nesta-sexta-feira.html#breadcrumb\"},\"inLanguage\":\"pt-BR\",\"potentialAction\":[{\"@type\":\"ReadAction\",\"target\":[\"https:\/\/franciscanos.org.br\/noticias\/papa-celebra-as-24-horas-para-o-senhor-em-paroquia-de-roma-nesta-sexta-feira.html\"]}]},{\"@type\":\"BreadcrumbList\",\"@id\":\"https:\/\/franciscanos.org.br\/noticias\/papa-celebra-as-24-horas-para-o-senhor-em-paroquia-de-roma-nesta-sexta-feira.html#breadcrumb\",\"itemListElement\":[{\"@type\":\"ListItem\",\"position\":1,\"name\":\"Home\",\"item\":\"https:\/\/franciscanos.org.br\/noticias\"},{\"@type\":\"ListItem\",\"position\":2,\"name\":\"Papa celebra as &#8220;24 horas para o Senhor&#8221; em par\u00f3quia de Roma nesta sexta-feira\"}]},{\"@type\":\"Person\",\"@id\":\"https:\/\/franciscanos.org.br\/noticias\/#\/schema\/person\/8c11f06a466b856a11dd48d20600055f\",\"name\":\"Jo\u00e3o Vitor\",\"image\":{\"@type\":\"ImageObject\",\"inLanguage\":\"pt-BR\",\"@id\":\"https:\/\/franciscanos.org.br\/noticias\/#\/schema\/person\/image\/\",\"url\":\"https:\/\/secure.gravatar.com\/avatar\/10ba5c9713e0c323617b4309a19e3a46?s=96&d=mm&r=g\",\"contentUrl\":\"https:\/\/secure.gravatar.com\/avatar\/10ba5c9713e0c323617b4309a19e3a46?s=96&d=mm&r=g\",\"caption\":\"Jo\u00e3o Vitor\"},\"url\":\"https:\/\/franciscanos.org.br\/noticias\/author\/joaovitor\"}]}<\/script>\n<!-- \/ Yoast SEO plugin. -->","yoast_head_json":{"title":"Papa celebra as \"24 horas para o Senhor\" em par\u00f3quia de Roma nesta sexta-feira - Not\u00edcias - Franciscanos","robots":{"index":"index","follow":"follow","max-snippet":"max-snippet:-1","max-image-preview":"max-image-preview:large","max-video-preview":"max-video-preview:-1"},"canonical":"https:\/\/franciscanos.org.br\/noticias\/papa-celebra-as-24-horas-para-o-senhor-em-paroquia-de-roma-nesta-sexta-feira.html","og_locale":"pt_BR","og_type":"article","og_title":"Papa celebra as \"24 horas para o Senhor\" em par\u00f3quia de Roma nesta sexta-feira - Not\u00edcias - Franciscanos","og_description":"24 horas de ora\u00e7\u00e3o para o Senhor","og_url":"https:\/\/franciscanos.org.br\/noticias\/papa-celebra-as-24-horas-para-o-senhor-em-paroquia-de-roma-nesta-sexta-feira.html","og_site_name":"Not\u00edcias - Franciscanos","article_published_time":"2024-03-08T13:21:22+00:00","article_modified_time":"2024-03-08T13:24:25+00:00","og_image":[{"width":750,"height":422,"url":"https:\/\/franciscanos.org.br\/noticias\/wp-content\/uploads\/2024\/03\/cq5dam.thumbnail.cropped.750.422.jpeg","type":"image\/jpeg"}],"author":"Jo\u00e3o Vitor","twitter_card":"summary_large_image","twitter_misc":{"Escrito por":"Jo\u00e3o Vitor","Est. tempo de leitura":"3 minutos"},"schema":{"@context":"https:\/\/schema.org","@graph":[{"@type":"WebSite","@id":"https:\/\/franciscanos.org.br\/noticias\/#website","url":"https:\/\/franciscanos.org.br\/noticias\/","name":"Not\u00edcias - Franciscanos","description":"Prov\u00edncia Franciscana da Imaculada Concei\u00e7\u00e3o do Brasil - Ordem dos Frades Menores - OFM","potentialAction":[{"@type":"SearchAction","target":{"@type":"EntryPoint","urlTemplate":"https:\/\/franciscanos.org.br\/noticias\/?s={search_term_string}"},"query-input":"required name=search_term_string"}],"inLanguage":"pt-BR"},{"@type":"ImageObject","inLanguage":"pt-BR","@id":"https:\/\/franciscanos.org.br\/noticias\/papa-celebra-as-24-horas-para-o-senhor-em-paroquia-de-roma-nesta-sexta-feira.html#primaryimage","url":"https:\/\/franciscanos.org.br\/noticias\/wp-content\/uploads\/2024\/03\/cq5dam.thumbnail.cropped.750.422.jpeg","contentUrl":"https:\/\/franciscanos.org.br\/noticias\/wp-content\/uploads\/2024\/03\/cq5dam.thumbnail.cropped.750.422.jpeg","width":750,"height":422},{"@type":"WebPage","@id":"https:\/\/franciscanos.org.br\/noticias\/papa-celebra-as-24-horas-para-o-senhor-em-paroquia-de-roma-nesta-sexta-feira.html#webpage","url":"https:\/\/franciscanos.org.br\/noticias\/papa-celebra-as-24-horas-para-o-senhor-em-paroquia-de-roma-nesta-sexta-feira.html","name":"Papa celebra as \"24 horas para o Senhor\" em par\u00f3quia de Roma nesta sexta-feira - Not\u00edcias - Franciscanos","isPartOf":{"@id":"https:\/\/franciscanos.org.br\/noticias\/#website"},"primaryImageOfPage":{"@id":"https:\/\/franciscanos.org.br\/noticias\/papa-celebra-as-24-horas-para-o-senhor-em-paroquia-de-roma-nesta-sexta-feira.html#primaryimage"},"datePublished":"2024-03-08T13:21:22+00:00","dateModified":"2024-03-08T13:24:25+00:00","author":{"@id":"https:\/\/franciscanos.org.br\/noticias\/#\/schema\/person\/8c11f06a466b856a11dd48d20600055f"},"breadcrumb":{"@id":"https:\/\/franciscanos.org.br\/noticias\/papa-celebra-as-24-horas-para-o-senhor-em-paroquia-de-roma-nesta-sexta-feira.html#breadcrumb"},"inLanguage":"pt-BR","potentialAction":[{"@type":"ReadAction","target":["https:\/\/franciscanos.org.br\/noticias\/papa-celebra-as-24-horas-para-o-senhor-em-paroquia-de-roma-nesta-sexta-feira.html"]}]},{"@type":"BreadcrumbList","@id":"https:\/\/franciscanos.org.br\/noticias\/papa-celebra-as-24-horas-para-o-senhor-em-paroquia-de-roma-nesta-sexta-feira.html#breadcrumb","itemListElement":[{"@type":"ListItem","position":1,"name":"Home","item":"https:\/\/franciscanos.org.br\/noticias"},{"@type":"ListItem","position":2,"name":"Papa celebra as &#8220;24 horas para o Senhor&#8221; em par\u00f3quia de Roma nesta sexta-feira"}]},{"@type":"Person","@id":"https:\/\/franciscanos.org.br\/noticias\/#\/schema\/person\/8c11f06a466b856a11dd48d20600055f","name":"Jo\u00e3o Vitor","image":{"@type":"ImageObject","inLanguage":"pt-BR","@id":"https:\/\/franciscanos.org.br\/noticias\/#\/schema\/person\/image\/","url":"https:\/\/secure.gravatar.com\/avatar\/10ba5c9713e0c323617b4309a19e3a46?s=96&d=mm&r=g","contentUrl":"https:\/\/secure.gravatar.com\/avatar\/10ba5c9713e0c323617b4309a19e3a46?s=96&d=mm&r=g","caption":"Jo\u00e3o Vitor"},"url":"https:\/\/franciscanos.org.br\/noticias\/author\/joaovitor"}]}},"_links":{"self":[{"href":"https:\/\/franciscanos.org.br\/noticias\/wp-json\/wp\/v2\/posts\/246603"}],"collection":[{"href":"https:\/\/franciscanos.org.br\/noticias\/wp-json\/wp\/v2\/posts"}],"about":[{"href":"https:\/\/franciscanos.org.br\/noticias\/wp-json\/wp\/v2\/types\/post"}],"author":[{"embeddable":true,"href":"https:\/\/franciscanos.org.br\/noticias\/wp-json\/wp\/v2\/users\/10"}],"replies":[{"embeddable":true,"href":"https:\/\/franciscanos.org.br\/noticias\/wp-json\/wp\/v2\/comments?post=246603"}],"version-history":[{"count":3,"href":"https:\/\/franciscanos.org.br\/noticias\/wp-json\/wp\/v2\/posts\/246603\/revisions"}],"predecessor-version":[{"id":246607,"href":"https:\/\/franciscanos.org.br\/noticias\/wp-json\/wp\/v2\/posts\/246603\/revisions\/246607"}],"wp:featuredmedia":[{"embeddable":true,"href":"https:\/\/franciscanos.org.br\/noticias\/wp-json\/wp\/v2\/media\/246604"}],"wp:attachment":[{"href":"https:\/\/franciscanos.org.br\/noticias\/wp-json\/wp\/v2\/media?parent=246603"}],"wp:term":[{"taxonomy":"category","embeddable":true,"href":"https:\/\/franciscanos.org.br\/noticias\/wp-json\/wp\/v2\/categories?post=246603"},{"taxonomy":"post_tag","embeddable":true,"href":"https:\/\/franciscanos.org.br\/noticias\/wp-json\/wp\/v2\/tags?post=246603"}],"curies":[{"name":"wp","href":"https:\/\/api.w.org\/{rel}","templated":true}]}}