{"id":246591,"date":"2024-03-06T17:04:13","date_gmt":"2024-03-06T20:04:13","guid":{"rendered":"https:\/\/franciscanos.org.br\/noticias\/?p=246591"},"modified":"2024-03-07T09:57:22","modified_gmt":"2024-03-07T12:57:22","slug":"12a-festa-de-frei-bruno-na-paroquia-sao-luiz-gonzaga-de-xaxim","status":"publish","type":"post","link":"https:\/\/franciscanos.org.br\/noticias\/12a-festa-de-frei-bruno-na-paroquia-sao-luiz-gonzaga-de-xaxim.html","title":{"rendered":"12\u00aa Festa de Frei Bruno na Par\u00f3quia S\u00e3o Luiz Gonzaga de Xaxim"},"content":{"rendered":"<p><img loading=\"lazy\" class=\"wp-image-246592 size-full aligncenter\" src=\"https:\/\/franciscanos.org.br\/noticias\/wp-content\/uploads\/2024\/03\/IMG_8559-scaled.jpg\" alt=\"\" width=\"1620\" height=\"1080\" srcset=\"https:\/\/franciscanos.org.br\/noticias\/wp-content\/uploads\/2024\/03\/IMG_8559-scaled.jpg 1620w, https:\/\/franciscanos.org.br\/noticias\/wp-content\/uploads\/2024\/03\/IMG_8559-450x300.jpg 450w, https:\/\/franciscanos.org.br\/noticias\/wp-content\/uploads\/2024\/03\/IMG_8559-1024x683.jpg 1024w, https:\/\/franciscanos.org.br\/noticias\/wp-content\/uploads\/2024\/03\/IMG_8559-768x512.jpg 768w, https:\/\/franciscanos.org.br\/noticias\/wp-content\/uploads\/2024\/03\/IMG_8559-1536x1024.jpg 1536w, https:\/\/franciscanos.org.br\/noticias\/wp-content\/uploads\/2024\/03\/IMG_8559-150x100.jpg 150w\" sizes=\"(max-width: 1620px) 100vw, 1620px\" \/><\/p>\n<p><span style=\"font-weight: 400;\">A Par\u00f3quia S\u00e3o Luiz Gonzaga, em Xaxim (SC), est\u00e1 celebrando a 12\u00aa Festa em honra a Frei Bruno. Durante 10 dias, os fi\u00e9is vindos de diferentes localidades de Santa Catarina e\u00a0 do Paran\u00e1, participam das comemora\u00e7\u00f5es ao Servo de Deus.\u00a0<\/span><\/p>\n<p><span style=\"font-weight: 400;\">O local est\u00e1 entre as 35 Par\u00f3quias e Santu\u00e1rios, localizadas no Brasil, al\u00e9m de mais 4 na regi\u00e3o da FIMDA (Funda\u00e7\u00e3o Imaculada M\u00e3e de Deus de Angola), totalizando 39 espa\u00e7os sagrados, que est\u00e3o sob os cuidados da Prov\u00edncia da Imaculada Concei\u00e7\u00e3o do Brasil.<\/span><\/p>\n<p><span style=\"font-weight: 400;\">A novena come\u00e7ou na \u00faltima sexta-feira (01), com uma Santa Missa na Igreja Matriz, presidida pelo p\u00e1roco Frei Gilson Kammer. Durante 9 dias os moradores de Xaxim e de cidades vizinhas participam de reflex\u00f5es, a partir de temas relacionados ao modo de vida franciscana de Frei Bruno Linden, homem visto como santo pelo povo, que sempre esteve junto de todos os filhos e filhas de Deus que necessitavam de acolhimento e ora\u00e7\u00e3o para uma boa vida em fraternidade.\u00a0<\/span><\/p>\n<p><span style=\"font-weight: 400;\">O primeiro dia da novena teve como tema: \u201cFrei Bruno e as fam\u00edlias\u201d e nos demais encontros com os fi\u00e9is, outras reflex\u00f5es como as quest\u00f5es do religioso relacionadas aos trabalhadores, enfermos,\u00a0 miss\u00f5es,\u00a0 voca\u00e7\u00f5es e\u00a0 amizade social,\u00a0 foram apresentadas \u00e0 comunidade como forma de compartilhar e levar a experi\u00eancia da caminhada para a santidade do Servo de Deus.\u00a0<\/span><\/p>\n<p><img loading=\"lazy\" class=\" wp-image-246594 alignright\" src=\"https:\/\/franciscanos.org.br\/noticias\/wp-content\/uploads\/2024\/03\/IMG_8585-450x300.jpg\" alt=\"\" width=\"328\" height=\"218\" srcset=\"https:\/\/franciscanos.org.br\/noticias\/wp-content\/uploads\/2024\/03\/IMG_8585-450x300.jpg 450w, https:\/\/franciscanos.org.br\/noticias\/wp-content\/uploads\/2024\/03\/IMG_8585-1024x683.jpg 1024w, https:\/\/franciscanos.org.br\/noticias\/wp-content\/uploads\/2024\/03\/IMG_8585-768x512.jpg 768w, https:\/\/franciscanos.org.br\/noticias\/wp-content\/uploads\/2024\/03\/IMG_8585-1536x1024.jpg 1536w, https:\/\/franciscanos.org.br\/noticias\/wp-content\/uploads\/2024\/03\/IMG_8585-150x100.jpg 150w, https:\/\/franciscanos.org.br\/noticias\/wp-content\/uploads\/2024\/03\/IMG_8585-scaled.jpg 1620w\" sizes=\"(max-width: 328px) 100vw, 328px\" \/><\/p>\n<p><span style=\"font-weight: 400;\">\u201cA novena \u00e9 um momento de f\u00e9 e uni\u00e3o. Um momento de reunir o povo em ora\u00e7\u00e3o, intensificando os agradecimentos \u00e0 vida e ao minist\u00e9rio de Frei Bruno, pedindo por sua beatifica\u00e7\u00e3o\u201d, refor\u00e7ou Frei Gilson.<\/span><\/p>\n<p><span style=\"font-weight: 400;\">Frades das par\u00f3quias de Conc\u00f3rdia (SC), Coronel Freitas (SC) e Pato Branco (PR) tamb\u00e9m participam das celebra\u00e7\u00f5es, que ser\u00e3o encerradas no pr\u00f3ximo domingo (10), com a Santa Missa, \u00e0s 10h, presidida pelo Ministro Provincial, Frei Paulo\u00a0 Roberto Pereira.<\/span><\/p>\n<p><span style=\"font-weight: 400;\">Segundo o p\u00e1roco,\u00a0 neste ano a comunidade recorda os 10 anos que Frei Bruno esteve em Xaxim, per\u00edodo que marcou o in\u00edcio da constru\u00e7\u00e3o da Igreja Matriz, de 1947 a 1951.\u00a0 \u201cEstamos restaurando esse templo que foi planejado\u00a0 e constru\u00eddo naquela \u00e9poca. Nessa caminhada, lembramos dos trabalhos realizados por aqui e refor\u00e7amos a import\u00e2ncia desse lugar para o fortalecimento da f\u00e9 do povo e para a vida em fraternidade\u201d, salientou.\u00a0<\/span><\/p>\n<p><span style=\"font-weight: 400;\">Durante os festejos dedicados a Frei Bruno, a par\u00f3quia tamb\u00e9m organizou a\u00e7\u00f5es com apoio de volunt\u00e1rios, colaboradores, patrocinadores e pastorais para angariar recursos que ser\u00e3o destinados \u00e0 obra da Matriz.\u00a0<\/span><\/p>\n<p><img loading=\"lazy\" class=\"wp-image-246595 size-large aligncenter\" src=\"https:\/\/franciscanos.org.br\/noticias\/wp-content\/uploads\/2024\/03\/WhatsApp-Image-2024-03-06-at-10.16.38-1024x768.jpeg\" alt=\"\" width=\"1024\" height=\"768\" srcset=\"https:\/\/franciscanos.org.br\/noticias\/wp-content\/uploads\/2024\/03\/WhatsApp-Image-2024-03-06-at-10.16.38-1024x768.jpeg 1024w, https:\/\/franciscanos.org.br\/noticias\/wp-content\/uploads\/2024\/03\/WhatsApp-Image-2024-03-06-at-10.16.38-450x338.jpeg 450w, https:\/\/franciscanos.org.br\/noticias\/wp-content\/uploads\/2024\/03\/WhatsApp-Image-2024-03-06-at-10.16.38-768x576.jpeg 768w, https:\/\/franciscanos.org.br\/noticias\/wp-content\/uploads\/2024\/03\/WhatsApp-Image-2024-03-06-at-10.16.38-1536x1152.jpeg 1536w, https:\/\/franciscanos.org.br\/noticias\/wp-content\/uploads\/2024\/03\/WhatsApp-Image-2024-03-06-at-10.16.38-2048x1536.jpeg 2048w, https:\/\/franciscanos.org.br\/noticias\/wp-content\/uploads\/2024\/03\/WhatsApp-Image-2024-03-06-at-10.16.38-150x113.jpeg 150w, https:\/\/franciscanos.org.br\/noticias\/wp-content\/uploads\/2024\/03\/WhatsApp-Image-2024-03-06-at-10.16.38-600x450.jpeg 600w, https:\/\/franciscanos.org.br\/noticias\/wp-content\/uploads\/2024\/03\/WhatsApp-Image-2024-03-06-at-10.16.38-scaled.jpeg 1440w\" sizes=\"(max-width: 1024px) 100vw, 1024px\" \/><\/p>\n<hr \/>\n<p>Adriana Rabelo\/ Prov\u00edncia Franciscana e Camila Mendo\/ Par\u00f3quia S\u00e3o Luiz Gonzaga<\/p>\n","protected":false},"excerpt":{"rendered":"<p>12\u00aa Festa de Frei Bruno<\/p>\n","protected":false},"author":11,"featured_media":246594,"comment_status":"open","ping_status":"open","sticky":false,"template":"","format":"standard","meta":[],"categories":[1488,1],"tags":[1591],"acf":[],"yoast_head":"<!-- This site is optimized with the Yoast SEO plugin v19.2 - https:\/\/yoast.com\/wordpress\/plugins\/seo\/ -->\n<title>12\u00aa Festa de Frei Bruno na Par\u00f3quia S\u00e3o Luiz Gonzaga de Xaxim - Not\u00edcias - Franciscanos<\/title>\n<meta name=\"robots\" content=\"index, follow, max-snippet:-1, max-image-preview:large, max-video-preview:-1\" \/>\n<link rel=\"canonical\" href=\"https:\/\/franciscanos.org.br\/noticias\/12a-festa-de-frei-bruno-na-paroquia-sao-luiz-gonzaga-de-xaxim.html\" \/>\n<meta property=\"og:locale\" content=\"pt_BR\" \/>\n<meta property=\"og:type\" content=\"article\" \/>\n<meta property=\"og:title\" content=\"12\u00aa Festa de Frei Bruno na Par\u00f3quia S\u00e3o Luiz Gonzaga de Xaxim - Not\u00edcias - Franciscanos\" \/>\n<meta property=\"og:description\" content=\"12\u00aa Festa de Frei Bruno\" \/>\n<meta property=\"og:url\" content=\"https:\/\/franciscanos.org.br\/noticias\/12a-festa-de-frei-bruno-na-paroquia-sao-luiz-gonzaga-de-xaxim.html\" \/>\n<meta property=\"og:site_name\" content=\"Not\u00edcias - Franciscanos\" \/>\n<meta property=\"article:published_time\" content=\"2024-03-06T20:04:13+00:00\" \/>\n<meta property=\"article:modified_time\" content=\"2024-03-07T12:57:22+00:00\" \/>\n<meta property=\"og:image\" content=\"https:\/\/franciscanos.org.br\/noticias\/wp-content\/uploads\/2024\/03\/IMG_8585-scaled.jpg\" \/>\n\t<meta property=\"og:image:width\" content=\"1620\" \/>\n\t<meta property=\"og:image:height\" content=\"1080\" \/>\n\t<meta property=\"og:image:type\" content=\"image\/jpeg\" \/>\n<meta name=\"author\" content=\"Adriana Rabelo\" \/>\n<meta name=\"twitter:card\" content=\"summary_large_image\" \/>\n<meta name=\"twitter:label1\" content=\"Escrito por\" \/>\n\t<meta name=\"twitter:data1\" content=\"Adriana Rabelo\" \/>\n\t<meta name=\"twitter:label2\" content=\"Est. tempo de leitura\" \/>\n\t<meta name=\"twitter:data2\" content=\"2 minutos\" \/>\n<script type=\"application\/ld+json\" class=\"yoast-schema-graph\">{\"@context\":\"https:\/\/schema.org\",\"@graph\":[{\"@type\":\"WebSite\",\"@id\":\"https:\/\/franciscanos.org.br\/noticias\/#website\",\"url\":\"https:\/\/franciscanos.org.br\/noticias\/\",\"name\":\"Not\u00edcias - Franciscanos\",\"description\":\"Prov\u00edncia Franciscana da Imaculada Concei\u00e7\u00e3o do Brasil - Ordem dos Frades Menores - OFM\",\"potentialAction\":[{\"@type\":\"SearchAction\",\"target\":{\"@type\":\"EntryPoint\",\"urlTemplate\":\"https:\/\/franciscanos.org.br\/noticias\/?s={search_term_string}\"},\"query-input\":\"required name=search_term_string\"}],\"inLanguage\":\"pt-BR\"},{\"@type\":\"ImageObject\",\"inLanguage\":\"pt-BR\",\"@id\":\"https:\/\/franciscanos.org.br\/noticias\/12a-festa-de-frei-bruno-na-paroquia-sao-luiz-gonzaga-de-xaxim.html#primaryimage\",\"url\":\"https:\/\/franciscanos.org.br\/noticias\/wp-content\/uploads\/2024\/03\/IMG_8585-scaled.jpg\",\"contentUrl\":\"https:\/\/franciscanos.org.br\/noticias\/wp-content\/uploads\/2024\/03\/IMG_8585-scaled.jpg\",\"width\":1620,\"height\":1080},{\"@type\":\"WebPage\",\"@id\":\"https:\/\/franciscanos.org.br\/noticias\/12a-festa-de-frei-bruno-na-paroquia-sao-luiz-gonzaga-de-xaxim.html#webpage\",\"url\":\"https:\/\/franciscanos.org.br\/noticias\/12a-festa-de-frei-bruno-na-paroquia-sao-luiz-gonzaga-de-xaxim.html\",\"name\":\"12\u00aa Festa de Frei Bruno na Par\u00f3quia S\u00e3o Luiz Gonzaga de Xaxim - Not\u00edcias - Franciscanos\",\"isPartOf\":{\"@id\":\"https:\/\/franciscanos.org.br\/noticias\/#website\"},\"primaryImageOfPage\":{\"@id\":\"https:\/\/franciscanos.org.br\/noticias\/12a-festa-de-frei-bruno-na-paroquia-sao-luiz-gonzaga-de-xaxim.html#primaryimage\"},\"datePublished\":\"2024-03-06T20:04:13+00:00\",\"dateModified\":\"2024-03-07T12:57:22+00:00\",\"author\":{\"@id\":\"https:\/\/franciscanos.org.br\/noticias\/#\/schema\/person\/d9422e83121c3ad3b0f423d195f5bb25\"},\"breadcrumb\":{\"@id\":\"https:\/\/franciscanos.org.br\/noticias\/12a-festa-de-frei-bruno-na-paroquia-sao-luiz-gonzaga-de-xaxim.html#breadcrumb\"},\"inLanguage\":\"pt-BR\",\"potentialAction\":[{\"@type\":\"ReadAction\",\"target\":[\"https:\/\/franciscanos.org.br\/noticias\/12a-festa-de-frei-bruno-na-paroquia-sao-luiz-gonzaga-de-xaxim.html\"]}]},{\"@type\":\"BreadcrumbList\",\"@id\":\"https:\/\/franciscanos.org.br\/noticias\/12a-festa-de-frei-bruno-na-paroquia-sao-luiz-gonzaga-de-xaxim.html#breadcrumb\",\"itemListElement\":[{\"@type\":\"ListItem\",\"position\":1,\"name\":\"Home\",\"item\":\"https:\/\/franciscanos.org.br\/noticias\"},{\"@type\":\"ListItem\",\"position\":2,\"name\":\"12\u00aa Festa de Frei Bruno na Par\u00f3quia S\u00e3o Luiz Gonzaga de Xaxim\"}]},{\"@type\":\"Person\",\"@id\":\"https:\/\/franciscanos.org.br\/noticias\/#\/schema\/person\/d9422e83121c3ad3b0f423d195f5bb25\",\"name\":\"Adriana Rabelo\",\"image\":{\"@type\":\"ImageObject\",\"inLanguage\":\"pt-BR\",\"@id\":\"https:\/\/franciscanos.org.br\/noticias\/#\/schema\/person\/image\/\",\"url\":\"https:\/\/secure.gravatar.com\/avatar\/0a937b7500cd7df77540cfb8bede877d?s=96&d=mm&r=g\",\"contentUrl\":\"https:\/\/secure.gravatar.com\/avatar\/0a937b7500cd7df77540cfb8bede877d?s=96&d=mm&r=g\",\"caption\":\"Adriana Rabelo\"},\"url\":\"https:\/\/franciscanos.org.br\/noticias\/author\/adrianarabelo\"}]}<\/script>\n<!-- \/ Yoast SEO plugin. -->","yoast_head_json":{"title":"12\u00aa Festa de Frei Bruno na Par\u00f3quia S\u00e3o Luiz Gonzaga de Xaxim - Not\u00edcias - Franciscanos","robots":{"index":"index","follow":"follow","max-snippet":"max-snippet:-1","max-image-preview":"max-image-preview:large","max-video-preview":"max-video-preview:-1"},"canonical":"https:\/\/franciscanos.org.br\/noticias\/12a-festa-de-frei-bruno-na-paroquia-sao-luiz-gonzaga-de-xaxim.html","og_locale":"pt_BR","og_type":"article","og_title":"12\u00aa Festa de Frei Bruno na Par\u00f3quia S\u00e3o Luiz Gonzaga de Xaxim - Not\u00edcias - Franciscanos","og_description":"12\u00aa Festa de Frei Bruno","og_url":"https:\/\/franciscanos.org.br\/noticias\/12a-festa-de-frei-bruno-na-paroquia-sao-luiz-gonzaga-de-xaxim.html","og_site_name":"Not\u00edcias - Franciscanos","article_published_time":"2024-03-06T20:04:13+00:00","article_modified_time":"2024-03-07T12:57:22+00:00","og_image":[{"width":1620,"height":1080,"url":"https:\/\/franciscanos.org.br\/noticias\/wp-content\/uploads\/2024\/03\/IMG_8585-scaled.jpg","type":"image\/jpeg"}],"author":"Adriana Rabelo","twitter_card":"summary_large_image","twitter_misc":{"Escrito por":"Adriana Rabelo","Est. tempo de leitura":"2 minutos"},"schema":{"@context":"https:\/\/schema.org","@graph":[{"@type":"WebSite","@id":"https:\/\/franciscanos.org.br\/noticias\/#website","url":"https:\/\/franciscanos.org.br\/noticias\/","name":"Not\u00edcias - Franciscanos","description":"Prov\u00edncia Franciscana da Imaculada Concei\u00e7\u00e3o do Brasil - Ordem dos Frades Menores - OFM","potentialAction":[{"@type":"SearchAction","target":{"@type":"EntryPoint","urlTemplate":"https:\/\/franciscanos.org.br\/noticias\/?s={search_term_string}"},"query-input":"required name=search_term_string"}],"inLanguage":"pt-BR"},{"@type":"ImageObject","inLanguage":"pt-BR","@id":"https:\/\/franciscanos.org.br\/noticias\/12a-festa-de-frei-bruno-na-paroquia-sao-luiz-gonzaga-de-xaxim.html#primaryimage","url":"https:\/\/franciscanos.org.br\/noticias\/wp-content\/uploads\/2024\/03\/IMG_8585-scaled.jpg","contentUrl":"https:\/\/franciscanos.org.br\/noticias\/wp-content\/uploads\/2024\/03\/IMG_8585-scaled.jpg","width":1620,"height":1080},{"@type":"WebPage","@id":"https:\/\/franciscanos.org.br\/noticias\/12a-festa-de-frei-bruno-na-paroquia-sao-luiz-gonzaga-de-xaxim.html#webpage","url":"https:\/\/franciscanos.org.br\/noticias\/12a-festa-de-frei-bruno-na-paroquia-sao-luiz-gonzaga-de-xaxim.html","name":"12\u00aa Festa de Frei Bruno na Par\u00f3quia S\u00e3o Luiz Gonzaga de Xaxim - Not\u00edcias - Franciscanos","isPartOf":{"@id":"https:\/\/franciscanos.org.br\/noticias\/#website"},"primaryImageOfPage":{"@id":"https:\/\/franciscanos.org.br\/noticias\/12a-festa-de-frei-bruno-na-paroquia-sao-luiz-gonzaga-de-xaxim.html#primaryimage"},"datePublished":"2024-03-06T20:04:13+00:00","dateModified":"2024-03-07T12:57:22+00:00","author":{"@id":"https:\/\/franciscanos.org.br\/noticias\/#\/schema\/person\/d9422e83121c3ad3b0f423d195f5bb25"},"breadcrumb":{"@id":"https:\/\/franciscanos.org.br\/noticias\/12a-festa-de-frei-bruno-na-paroquia-sao-luiz-gonzaga-de-xaxim.html#breadcrumb"},"inLanguage":"pt-BR","potentialAction":[{"@type":"ReadAction","target":["https:\/\/franciscanos.org.br\/noticias\/12a-festa-de-frei-bruno-na-paroquia-sao-luiz-gonzaga-de-xaxim.html"]}]},{"@type":"BreadcrumbList","@id":"https:\/\/franciscanos.org.br\/noticias\/12a-festa-de-frei-bruno-na-paroquia-sao-luiz-gonzaga-de-xaxim.html#breadcrumb","itemListElement":[{"@type":"ListItem","position":1,"name":"Home","item":"https:\/\/franciscanos.org.br\/noticias"},{"@type":"ListItem","position":2,"name":"12\u00aa Festa de Frei Bruno na Par\u00f3quia S\u00e3o Luiz Gonzaga de Xaxim"}]},{"@type":"Person","@id":"https:\/\/franciscanos.org.br\/noticias\/#\/schema\/person\/d9422e83121c3ad3b0f423d195f5bb25","name":"Adriana Rabelo","image":{"@type":"ImageObject","inLanguage":"pt-BR","@id":"https:\/\/franciscanos.org.br\/noticias\/#\/schema\/person\/image\/","url":"https:\/\/secure.gravatar.com\/avatar\/0a937b7500cd7df77540cfb8bede877d?s=96&d=mm&r=g","contentUrl":"https:\/\/secure.gravatar.com\/avatar\/0a937b7500cd7df77540cfb8bede877d?s=96&d=mm&r=g","caption":"Adriana Rabelo"},"url":"https:\/\/franciscanos.org.br\/noticias\/author\/adrianarabelo"}]}},"_links":{"self":[{"href":"https:\/\/franciscanos.org.br\/noticias\/wp-json\/wp\/v2\/posts\/246591"}],"collection":[{"href":"https:\/\/franciscanos.org.br\/noticias\/wp-json\/wp\/v2\/posts"}],"about":[{"href":"https:\/\/franciscanos.org.br\/noticias\/wp-json\/wp\/v2\/types\/post"}],"author":[{"embeddable":true,"href":"https:\/\/franciscanos.org.br\/noticias\/wp-json\/wp\/v2\/users\/11"}],"replies":[{"embeddable":true,"href":"https:\/\/franciscanos.org.br\/noticias\/wp-json\/wp\/v2\/comments?post=246591"}],"version-history":[{"count":6,"href":"https:\/\/franciscanos.org.br\/noticias\/wp-json\/wp\/v2\/posts\/246591\/revisions"}],"predecessor-version":[{"id":246601,"href":"https:\/\/franciscanos.org.br\/noticias\/wp-json\/wp\/v2\/posts\/246591\/revisions\/246601"}],"wp:featuredmedia":[{"embeddable":true,"href":"https:\/\/franciscanos.org.br\/noticias\/wp-json\/wp\/v2\/media\/246594"}],"wp:attachment":[{"href":"https:\/\/franciscanos.org.br\/noticias\/wp-json\/wp\/v2\/media?parent=246591"}],"wp:term":[{"taxonomy":"category","embeddable":true,"href":"https:\/\/franciscanos.org.br\/noticias\/wp-json\/wp\/v2\/categories?post=246591"},{"taxonomy":"post_tag","embeddable":true,"href":"https:\/\/franciscanos.org.br\/noticias\/wp-json\/wp\/v2\/tags?post=246591"}],"curies":[{"name":"wp","href":"https:\/\/api.w.org\/{rel}","templated":true}]}}