{"id":246586,"date":"2024-03-06T09:35:24","date_gmt":"2024-03-06T12:35:24","guid":{"rendered":"https:\/\/franciscanos.org.br\/noticias\/?p=246586"},"modified":"2024-03-06T09:35:24","modified_gmt":"2024-03-06T12:35:24","slug":"papa-francisco-quem-cede-a-soberba-esta-longe-de-deus","status":"publish","type":"post","link":"https:\/\/franciscanos.org.br\/noticias\/papa-francisco-quem-cede-a-soberba-esta-longe-de-deus.html","title":{"rendered":"Papa Francisco: quem cede \u00e0 soberba est\u00e1 longe de Deus"},"content":{"rendered":"<p><img loading=\"lazy\" class=\"wp-image-246579 size-full\" src=\"https:\/\/franciscanos.org.br\/noticias\/wp-content\/uploads\/2024\/03\/pope-francis-1784304_1280-1.jpg\" alt=\"\" width=\"1280\" height=\"960\" srcset=\"https:\/\/franciscanos.org.br\/noticias\/wp-content\/uploads\/2024\/03\/pope-francis-1784304_1280-1.jpg 1280w, https:\/\/franciscanos.org.br\/noticias\/wp-content\/uploads\/2024\/03\/pope-francis-1784304_1280-1-450x338.jpg 450w, https:\/\/franciscanos.org.br\/noticias\/wp-content\/uploads\/2024\/03\/pope-francis-1784304_1280-1-1024x768.jpg 1024w, https:\/\/franciscanos.org.br\/noticias\/wp-content\/uploads\/2024\/03\/pope-francis-1784304_1280-1-768x576.jpg 768w, https:\/\/franciscanos.org.br\/noticias\/wp-content\/uploads\/2024\/03\/pope-francis-1784304_1280-1-150x113.jpg 150w, https:\/\/franciscanos.org.br\/noticias\/wp-content\/uploads\/2024\/03\/pope-francis-1784304_1280-1-600x450.jpg 600w\" sizes=\"(max-width: 1280px) 100vw, 1280px\" \/><\/p>\n<p>Com um significativo aumento das temperaturas, sinalizando o fim do inverno no hemisf\u00e9rio norte, a Pra\u00e7a S\u00e3o Pedro voltou a receber nesta quarta-feira, 06 de mar\u00e7o, milhares de peregrinos para a Audi\u00eancia Geral. Antes da catequese, o Papa saudou os presentes a bordo do papam\u00f3vel e recebeu calorosas demonstra\u00e7\u00f5es de afeto por parte dos fi\u00e9is.<\/p>\n<p>Francisco, que ainda se recupera de um resfriado, antes de seu discurso, lido por mons. Pierluigi Giroli, proferiu algumas breves palavras:<\/p>\n<p><i>&#8220;A catequese de hoje ser\u00e1 lida por um dos meus ajudantes, porque ainda estou resfriado e n\u00e3o consigo ler bem. Muito obrigado!&#8221;<\/i><\/p>\n<p>A d\u00e9cima reflex\u00e3o do Santo Padre no ciclo de catequeses sobre os v\u00edcios e as virtudes foi dedicada ao pecado da soberba.<\/p>\n<p><strong>De todos os v\u00edcios, a soberba \u00e9 a grande rainha<\/strong><\/p>\n<p>No texto, o Papa define o soberbo como \u201calgu\u00e9m que se acha muito mais do que realmente \u00e9; algu\u00e9m que se agita para ser reconhecido como maior que os outros, quer sempre ver seus m\u00e9ritos reconhecidos e despreza os outros considerando-os inferiores.\u201d Ao recordar o v\u00edcio da vangl\u00f3ria, tema da ultima reflex\u00e3o, Francisco enfatiza que &#8220;\u00e9 uma doen\u00e7a infantil&#8221; quando comparada a destrui\u00e7\u00e3o de que a soberba \u00e9 capaz:<\/p>\n<p><i>\u201cAnalisando as loucuras do homem, os monges da antiguidade reconheciam uma certa ordem na sequ\u00eancia dos males: dos pecados mais grosseiros, como a gula, para chegar aos monstros mais perturbadores. De todos os v\u00edcios, a soberba \u00e9 a grande rainha. [&#8230;] Quem cede a este v\u00edcio est\u00e1 longe de Deus, e a corre\u00e7\u00e3o deste mal exige tempo e esfor\u00e7o, mais do que qualquer outra batalha para que o crist\u00e3o \u00e9 chamado.\u201d<\/i><\/p>\n<p><strong>Absurda pretens\u00e3o de ser como Deus<\/strong><\/p>\n<p>Na raiz da soberba, prossegue o Papa, \u201creside a absurda pretens\u00e3o de ser como Deus\u201d. Este vicio arru\u00edna as rela\u00e7\u00f5es humanas, envenena o sentimento de fraternidade e revela uma s\u00e9rie de sintomas:<\/p>\n<p><i>\u201cO soberbo \u00e9 altivo, propenso a julgamentos, desdenhoso, em v\u00e3o emite senten\u00e7as irrevog\u00e1veis \u200b\u200bcontra os outros, que lhe parecem irremediavelmente ineptos e incapazes. Na sua arrog\u00e2ncia, esquece-se que Jesus nos deu poucos preceitos morais nos Evangelhos, mas em um deles mostrou-se intransigente: n\u00e3o julgueis.\u201d<\/i><\/p>\n<p><strong>Sintomas de um soberbo<\/strong><\/p>\n<p>Segundo Francisco, quando lidamos com uma pessoa soberba, quando, fazendo-lhe uma pequena cr\u00edtica construtiva, ou uma observa\u00e7\u00e3o completamente inofensiva, ela reage de forma exagerada, fica furiosa, grita, interrompe rela\u00e7\u00f5es com outros de uma forma ressentida:<\/p>\n<p><i>\u201cH\u00e1 pouco que se possa fazer com uma pessoa cheia de soberba. \u00c9 imposs\u00edvel falar com ela, muito menos corrig\u00ed-la, porque em \u00faltima an\u00e1lise ela n\u00e3o est\u00e1 mais presente consigo mesma. Com ela basta apenas ter paci\u00eancia, porque um dia o seu pr\u00e9dio desabar\u00e1.\u201d<\/i><\/p>\n<p>O Pont\u00edfice acrescenta o exemplo do ap\u00f3stolo Pedro que, confiante, diz a Jesus: &#8220;Mesmo que todos te abandonassem, eu n\u00e3o o faria!&#8221;, mas se descobre t\u00e3o temeroso quanto os outros quando se depara com o perigo da morte:<\/p>\n<p>\u201cE assim o segundo Pedro, aquele que j\u00e1 n\u00e3o levanta o queixo, mas chora l\u00e1grimas salgadas, ser\u00e1 curado por Jesus e estar\u00e1 finalmente apto a suportar o peso da Igreja. Antes, exibia uma presun\u00e7\u00e3o que era melhor n\u00e3o ostentar; agora, em vez disso, \u00e9 um disc\u00edpulo.\u201d<\/p>\n<p>&nbsp;<\/p>\n<p><img loading=\"lazy\" class=\"\" src=\"https:\/\/www.vaticannews.va\/content\/dam\/vaticannews\/agenzie\/images\/srv\/2024\/03\/06\/2024-03-06-udienza-generale\/1709714262841.JPG\/_jcr_content\/renditions\/cq5dam.thumbnail.cropped.750.422.jpeg\" alt=\"Audi\u00eancia Geral com o Papa Francisco \" width=\"700\" height=\"394\" \/><\/p>\n<p><strong>A salva\u00e7\u00e3o passa pela humildade<\/strong><\/p>\n<p>Por fim, o Papa enfatiza que o verdadeiro rem\u00e9dio para todo ato de soberba \u00e9 a humildade. \u201cNo\u00a0<i>Magnificat<\/i>, Maria canta ao Deus que com o seu poder dispersa os soberbos nos pensamentos doentios dos seus cora\u00e7\u00f5es\u201d:<\/p>\n<p><i>&#8220;\u00c9 in\u00fatil roubar algo de Deus, como os soberbos esperam fazer, porque em \u00faltima an\u00e1lise Ele quer dar-nos tudo.&#8221;<\/i><\/p>\n<p>&#8220;Portanto, queridos irm\u00e3os e irm\u00e3s, aproveitemos esta Quaresma para lutar contra a nossa soberba&#8221;, concluiu o Papa.<\/p>\n<hr \/>\n<p><em>Texto:Vatican News\/ Foto1: G\u00fcnther Simmermacher\u00a0por\u00a0Pixabay\/ Foto 2: Vatican News<\/em><\/p>\n","protected":false},"excerpt":{"rendered":"<p>Audi\u00eancia Geral<\/p>\n","protected":false},"author":11,"featured_media":246579,"comment_status":"open","ping_status":"open","sticky":false,"template":"","format":"standard","meta":[],"categories":[1428],"tags":[487,55],"acf":[],"yoast_head":"<!-- This site is optimized with the Yoast SEO plugin v19.2 - https:\/\/yoast.com\/wordpress\/plugins\/seo\/ -->\n<title>Papa Francisco: quem cede \u00e0 soberba est\u00e1 longe de Deus - Not\u00edcias - Franciscanos<\/title>\n<meta name=\"robots\" content=\"index, follow, max-snippet:-1, max-image-preview:large, max-video-preview:-1\" \/>\n<link rel=\"canonical\" href=\"https:\/\/franciscanos.org.br\/noticias\/papa-francisco-quem-cede-a-soberba-esta-longe-de-deus.html\" \/>\n<meta property=\"og:locale\" content=\"pt_BR\" \/>\n<meta property=\"og:type\" content=\"article\" \/>\n<meta property=\"og:title\" content=\"Papa Francisco: quem cede \u00e0 soberba est\u00e1 longe de Deus - Not\u00edcias - Franciscanos\" \/>\n<meta property=\"og:description\" content=\"Audi\u00eancia Geral\" \/>\n<meta property=\"og:url\" content=\"https:\/\/franciscanos.org.br\/noticias\/papa-francisco-quem-cede-a-soberba-esta-longe-de-deus.html\" \/>\n<meta property=\"og:site_name\" content=\"Not\u00edcias - Franciscanos\" \/>\n<meta property=\"article:published_time\" content=\"2024-03-06T12:35:24+00:00\" \/>\n<meta property=\"og:image\" content=\"https:\/\/franciscanos.org.br\/noticias\/wp-content\/uploads\/2024\/03\/pope-francis-1784304_1280-1.jpg\" \/>\n\t<meta property=\"og:image:width\" content=\"1280\" \/>\n\t<meta property=\"og:image:height\" content=\"960\" \/>\n\t<meta property=\"og:image:type\" content=\"image\/jpeg\" \/>\n<meta name=\"author\" content=\"Adriana Rabelo\" \/>\n<meta name=\"twitter:card\" content=\"summary_large_image\" \/>\n<meta name=\"twitter:label1\" content=\"Escrito por\" \/>\n\t<meta name=\"twitter:data1\" content=\"Adriana Rabelo\" \/>\n\t<meta name=\"twitter:label2\" content=\"Est. tempo de leitura\" \/>\n\t<meta name=\"twitter:data2\" content=\"3 minutos\" \/>\n<script type=\"application\/ld+json\" class=\"yoast-schema-graph\">{\"@context\":\"https:\/\/schema.org\",\"@graph\":[{\"@type\":\"WebSite\",\"@id\":\"https:\/\/franciscanos.org.br\/noticias\/#website\",\"url\":\"https:\/\/franciscanos.org.br\/noticias\/\",\"name\":\"Not\u00edcias - Franciscanos\",\"description\":\"Prov\u00edncia Franciscana da Imaculada Concei\u00e7\u00e3o do Brasil - Ordem dos Frades Menores - OFM\",\"potentialAction\":[{\"@type\":\"SearchAction\",\"target\":{\"@type\":\"EntryPoint\",\"urlTemplate\":\"https:\/\/franciscanos.org.br\/noticias\/?s={search_term_string}\"},\"query-input\":\"required name=search_term_string\"}],\"inLanguage\":\"pt-BR\"},{\"@type\":\"ImageObject\",\"inLanguage\":\"pt-BR\",\"@id\":\"https:\/\/franciscanos.org.br\/noticias\/papa-francisco-quem-cede-a-soberba-esta-longe-de-deus.html#primaryimage\",\"url\":\"https:\/\/franciscanos.org.br\/noticias\/wp-content\/uploads\/2024\/03\/pope-francis-1784304_1280-1.jpg\",\"contentUrl\":\"https:\/\/franciscanos.org.br\/noticias\/wp-content\/uploads\/2024\/03\/pope-francis-1784304_1280-1.jpg\",\"width\":1280,\"height\":960},{\"@type\":\"WebPage\",\"@id\":\"https:\/\/franciscanos.org.br\/noticias\/papa-francisco-quem-cede-a-soberba-esta-longe-de-deus.html#webpage\",\"url\":\"https:\/\/franciscanos.org.br\/noticias\/papa-francisco-quem-cede-a-soberba-esta-longe-de-deus.html\",\"name\":\"Papa Francisco: quem cede \u00e0 soberba est\u00e1 longe de Deus - Not\u00edcias - Franciscanos\",\"isPartOf\":{\"@id\":\"https:\/\/franciscanos.org.br\/noticias\/#website\"},\"primaryImageOfPage\":{\"@id\":\"https:\/\/franciscanos.org.br\/noticias\/papa-francisco-quem-cede-a-soberba-esta-longe-de-deus.html#primaryimage\"},\"datePublished\":\"2024-03-06T12:35:24+00:00\",\"dateModified\":\"2024-03-06T12:35:24+00:00\",\"author\":{\"@id\":\"https:\/\/franciscanos.org.br\/noticias\/#\/schema\/person\/d9422e83121c3ad3b0f423d195f5bb25\"},\"breadcrumb\":{\"@id\":\"https:\/\/franciscanos.org.br\/noticias\/papa-francisco-quem-cede-a-soberba-esta-longe-de-deus.html#breadcrumb\"},\"inLanguage\":\"pt-BR\",\"potentialAction\":[{\"@type\":\"ReadAction\",\"target\":[\"https:\/\/franciscanos.org.br\/noticias\/papa-francisco-quem-cede-a-soberba-esta-longe-de-deus.html\"]}]},{\"@type\":\"BreadcrumbList\",\"@id\":\"https:\/\/franciscanos.org.br\/noticias\/papa-francisco-quem-cede-a-soberba-esta-longe-de-deus.html#breadcrumb\",\"itemListElement\":[{\"@type\":\"ListItem\",\"position\":1,\"name\":\"Home\",\"item\":\"https:\/\/franciscanos.org.br\/noticias\"},{\"@type\":\"ListItem\",\"position\":2,\"name\":\"Papa Francisco: quem cede \u00e0 soberba est\u00e1 longe de Deus\"}]},{\"@type\":\"Person\",\"@id\":\"https:\/\/franciscanos.org.br\/noticias\/#\/schema\/person\/d9422e83121c3ad3b0f423d195f5bb25\",\"name\":\"Adriana Rabelo\",\"image\":{\"@type\":\"ImageObject\",\"inLanguage\":\"pt-BR\",\"@id\":\"https:\/\/franciscanos.org.br\/noticias\/#\/schema\/person\/image\/\",\"url\":\"https:\/\/secure.gravatar.com\/avatar\/0a937b7500cd7df77540cfb8bede877d?s=96&d=mm&r=g\",\"contentUrl\":\"https:\/\/secure.gravatar.com\/avatar\/0a937b7500cd7df77540cfb8bede877d?s=96&d=mm&r=g\",\"caption\":\"Adriana Rabelo\"},\"url\":\"https:\/\/franciscanos.org.br\/noticias\/author\/adrianarabelo\"}]}<\/script>\n<!-- \/ Yoast SEO plugin. -->","yoast_head_json":{"title":"Papa Francisco: quem cede \u00e0 soberba est\u00e1 longe de Deus - Not\u00edcias - Franciscanos","robots":{"index":"index","follow":"follow","max-snippet":"max-snippet:-1","max-image-preview":"max-image-preview:large","max-video-preview":"max-video-preview:-1"},"canonical":"https:\/\/franciscanos.org.br\/noticias\/papa-francisco-quem-cede-a-soberba-esta-longe-de-deus.html","og_locale":"pt_BR","og_type":"article","og_title":"Papa Francisco: quem cede \u00e0 soberba est\u00e1 longe de Deus - Not\u00edcias - Franciscanos","og_description":"Audi\u00eancia Geral","og_url":"https:\/\/franciscanos.org.br\/noticias\/papa-francisco-quem-cede-a-soberba-esta-longe-de-deus.html","og_site_name":"Not\u00edcias - Franciscanos","article_published_time":"2024-03-06T12:35:24+00:00","og_image":[{"width":1280,"height":960,"url":"https:\/\/franciscanos.org.br\/noticias\/wp-content\/uploads\/2024\/03\/pope-francis-1784304_1280-1.jpg","type":"image\/jpeg"}],"author":"Adriana Rabelo","twitter_card":"summary_large_image","twitter_misc":{"Escrito por":"Adriana Rabelo","Est. tempo de leitura":"3 minutos"},"schema":{"@context":"https:\/\/schema.org","@graph":[{"@type":"WebSite","@id":"https:\/\/franciscanos.org.br\/noticias\/#website","url":"https:\/\/franciscanos.org.br\/noticias\/","name":"Not\u00edcias - Franciscanos","description":"Prov\u00edncia Franciscana da Imaculada Concei\u00e7\u00e3o do Brasil - Ordem dos Frades Menores - OFM","potentialAction":[{"@type":"SearchAction","target":{"@type":"EntryPoint","urlTemplate":"https:\/\/franciscanos.org.br\/noticias\/?s={search_term_string}"},"query-input":"required name=search_term_string"}],"inLanguage":"pt-BR"},{"@type":"ImageObject","inLanguage":"pt-BR","@id":"https:\/\/franciscanos.org.br\/noticias\/papa-francisco-quem-cede-a-soberba-esta-longe-de-deus.html#primaryimage","url":"https:\/\/franciscanos.org.br\/noticias\/wp-content\/uploads\/2024\/03\/pope-francis-1784304_1280-1.jpg","contentUrl":"https:\/\/franciscanos.org.br\/noticias\/wp-content\/uploads\/2024\/03\/pope-francis-1784304_1280-1.jpg","width":1280,"height":960},{"@type":"WebPage","@id":"https:\/\/franciscanos.org.br\/noticias\/papa-francisco-quem-cede-a-soberba-esta-longe-de-deus.html#webpage","url":"https:\/\/franciscanos.org.br\/noticias\/papa-francisco-quem-cede-a-soberba-esta-longe-de-deus.html","name":"Papa Francisco: quem cede \u00e0 soberba est\u00e1 longe de Deus - Not\u00edcias - Franciscanos","isPartOf":{"@id":"https:\/\/franciscanos.org.br\/noticias\/#website"},"primaryImageOfPage":{"@id":"https:\/\/franciscanos.org.br\/noticias\/papa-francisco-quem-cede-a-soberba-esta-longe-de-deus.html#primaryimage"},"datePublished":"2024-03-06T12:35:24+00:00","dateModified":"2024-03-06T12:35:24+00:00","author":{"@id":"https:\/\/franciscanos.org.br\/noticias\/#\/schema\/person\/d9422e83121c3ad3b0f423d195f5bb25"},"breadcrumb":{"@id":"https:\/\/franciscanos.org.br\/noticias\/papa-francisco-quem-cede-a-soberba-esta-longe-de-deus.html#breadcrumb"},"inLanguage":"pt-BR","potentialAction":[{"@type":"ReadAction","target":["https:\/\/franciscanos.org.br\/noticias\/papa-francisco-quem-cede-a-soberba-esta-longe-de-deus.html"]}]},{"@type":"BreadcrumbList","@id":"https:\/\/franciscanos.org.br\/noticias\/papa-francisco-quem-cede-a-soberba-esta-longe-de-deus.html#breadcrumb","itemListElement":[{"@type":"ListItem","position":1,"name":"Home","item":"https:\/\/franciscanos.org.br\/noticias"},{"@type":"ListItem","position":2,"name":"Papa Francisco: quem cede \u00e0 soberba est\u00e1 longe de Deus"}]},{"@type":"Person","@id":"https:\/\/franciscanos.org.br\/noticias\/#\/schema\/person\/d9422e83121c3ad3b0f423d195f5bb25","name":"Adriana Rabelo","image":{"@type":"ImageObject","inLanguage":"pt-BR","@id":"https:\/\/franciscanos.org.br\/noticias\/#\/schema\/person\/image\/","url":"https:\/\/secure.gravatar.com\/avatar\/0a937b7500cd7df77540cfb8bede877d?s=96&d=mm&r=g","contentUrl":"https:\/\/secure.gravatar.com\/avatar\/0a937b7500cd7df77540cfb8bede877d?s=96&d=mm&r=g","caption":"Adriana Rabelo"},"url":"https:\/\/franciscanos.org.br\/noticias\/author\/adrianarabelo"}]}},"_links":{"self":[{"href":"https:\/\/franciscanos.org.br\/noticias\/wp-json\/wp\/v2\/posts\/246586"}],"collection":[{"href":"https:\/\/franciscanos.org.br\/noticias\/wp-json\/wp\/v2\/posts"}],"about":[{"href":"https:\/\/franciscanos.org.br\/noticias\/wp-json\/wp\/v2\/types\/post"}],"author":[{"embeddable":true,"href":"https:\/\/franciscanos.org.br\/noticias\/wp-json\/wp\/v2\/users\/11"}],"replies":[{"embeddable":true,"href":"https:\/\/franciscanos.org.br\/noticias\/wp-json\/wp\/v2\/comments?post=246586"}],"version-history":[{"count":2,"href":"https:\/\/franciscanos.org.br\/noticias\/wp-json\/wp\/v2\/posts\/246586\/revisions"}],"predecessor-version":[{"id":246588,"href":"https:\/\/franciscanos.org.br\/noticias\/wp-json\/wp\/v2\/posts\/246586\/revisions\/246588"}],"wp:featuredmedia":[{"embeddable":true,"href":"https:\/\/franciscanos.org.br\/noticias\/wp-json\/wp\/v2\/media\/246579"}],"wp:attachment":[{"href":"https:\/\/franciscanos.org.br\/noticias\/wp-json\/wp\/v2\/media?parent=246586"}],"wp:term":[{"taxonomy":"category","embeddable":true,"href":"https:\/\/franciscanos.org.br\/noticias\/wp-json\/wp\/v2\/categories?post=246586"},{"taxonomy":"post_tag","embeddable":true,"href":"https:\/\/franciscanos.org.br\/noticias\/wp-json\/wp\/v2\/tags?post=246586"}],"curies":[{"name":"wp","href":"https:\/\/api.w.org\/{rel}","templated":true}]}}