{"id":246569,"date":"2024-03-05T17:53:19","date_gmt":"2024-03-05T20:53:19","guid":{"rendered":"https:\/\/franciscanos.org.br\/noticias\/?p=246569"},"modified":"2024-03-06T09:51:35","modified_gmt":"2024-03-06T12:51:35","slug":"provincia-franciscana-da-imaculada-conceicao-do-brasil-realiza-assembleia-para-secretariado-de-formacao-e-estudos","status":"publish","type":"post","link":"https:\/\/franciscanos.org.br\/noticias\/provincia-franciscana-da-imaculada-conceicao-do-brasil-realiza-assembleia-para-secretariado-de-formacao-e-estudos.html","title":{"rendered":"Prov\u00edncia Franciscana da Imaculada Concei\u00e7\u00e3o do Brasil realiza Assembleia para Secretariado de Forma\u00e7\u00e3o e Estudos"},"content":{"rendered":"<p><img loading=\"lazy\" class=\"wp-image-246573 size-full aligncenter\" src=\"https:\/\/franciscanos.org.br\/noticias\/wp-content\/uploads\/2024\/03\/assembleia-3-scaled.jpg\" alt=\"\" width=\"1620\" height=\"1080\" srcset=\"https:\/\/franciscanos.org.br\/noticias\/wp-content\/uploads\/2024\/03\/assembleia-3-scaled.jpg 1620w, https:\/\/franciscanos.org.br\/noticias\/wp-content\/uploads\/2024\/03\/assembleia-3-450x300.jpg 450w, https:\/\/franciscanos.org.br\/noticias\/wp-content\/uploads\/2024\/03\/assembleia-3-1024x683.jpg 1024w, https:\/\/franciscanos.org.br\/noticias\/wp-content\/uploads\/2024\/03\/assembleia-3-768x512.jpg 768w, https:\/\/franciscanos.org.br\/noticias\/wp-content\/uploads\/2024\/03\/assembleia-3-1536x1024.jpg 1536w, https:\/\/franciscanos.org.br\/noticias\/wp-content\/uploads\/2024\/03\/assembleia-3-2048x1365.jpg 2048w, https:\/\/franciscanos.org.br\/noticias\/wp-content\/uploads\/2024\/03\/assembleia-3-150x100.jpg 150w\" sizes=\"(max-width: 1620px) 100vw, 1620px\" \/><\/p>\n<p><span style=\"font-weight: 400;\">Lideran\u00e7as franciscanas do Secretariado para Forma\u00e7\u00e3o e Estudos da Prov\u00edncia Franciscana da Imaculada Concei\u00e7\u00e3o do Brasil estar\u00e3o reunidas at\u00e9 esta quarta-feira (05), no Convento\u00a0 e Santu\u00e1rio S\u00e3o Francisco (SP), para discutir e refletir sobre as quest\u00f5es que envolvem as etapas de forma\u00e7\u00e3o e a prepara\u00e7\u00e3o para o Cap\u00edtulo Provincial.<\/span><\/p>\n<p><span style=\"font-weight: 400;\">De acordo com Frei Marcos Antonio de Andrade, Secret\u00e1rio para Forma\u00e7\u00e3o e Estudos, a Assembleia \u00e9 um encontro com foco na capacita\u00e7\u00e3o dos Freis formadores. Estudantes tamb\u00e9m comp\u00f5em o grupo, pois ter\u00e3o a miss\u00e3o de difundir o aprendizado para os demais formandos, que est\u00e3o na caminhada religiosa.\u00a0<\/span><\/p>\n<p><span style=\"font-weight: 400;\">\u201cA Assembleia oferece diferentes abordagens\u00a0 sobre assuntos que envolvem o ambiente franciscano. Este ano, um dos assuntos destacados pelos\u00a0 formadores e conselhos foi a import\u00e2ncia de acentuarmos as quest\u00f5es que envolvem a forma\u00e7\u00e3o humana. Precisamos rever todo processo formativo mas, especialmente,\u00a0 a forma\u00e7\u00e3o humana nesse mundo t\u00e3o conturbado que estamos vivendo com tantas dificuldades. O mundo est\u00e1 passando por mudan\u00e7as r\u00e1pidas, e n\u00f3s quase n\u00e3o estamos acompanhando isso. Acreditamos que todos est\u00e3o num \u00fanico processo formativo, seja na forma\u00e7\u00e3o inicial ou permanente\u201d, explicou o frade.<\/span><\/p>\n<p><span style=\"font-weight: 400;\">Para acrescentar na aprendizagem e debates, as atividades da ter\u00e7a-feira (04), contaram com a presen\u00e7a da psic\u00f3loga Sandra Hansen, especialista em Gestalt-terapia e Logoterapia,\u00a0 que h\u00e1 mais de 25 anos atua na \u00e1rea de atendimento para forma\u00e7\u00e3o com religiosos. Segundo Frei Marcos, a ideia de procurar um profissional foi justamente para\u00a0 ajudar os frades a superar os limites no processo de forma\u00e7\u00e3o dos vocacionados. \u201cA Dra. Sandra conhece muito bem a nossa linguagem da forma\u00e7\u00e3o, devido a sua vasta experi\u00eancia com v\u00e1rias dioceses. Ela fala da figura humana que \u00e9 \u00fanica em todos os lugares, especialmente dentro de um projeto de vida religiosa e encontro com Deus\u201d, salientou.<\/span><\/p>\n<p><img loading=\"lazy\" class=\"alignright wp-image-246575 size-medium\" src=\"https:\/\/franciscanos.org.br\/noticias\/wp-content\/uploads\/2024\/03\/assembleia-2-450x300.jpg\" alt=\"\" width=\"450\" height=\"300\" srcset=\"https:\/\/franciscanos.org.br\/noticias\/wp-content\/uploads\/2024\/03\/assembleia-2-450x300.jpg 450w, https:\/\/franciscanos.org.br\/noticias\/wp-content\/uploads\/2024\/03\/assembleia-2-1024x683.jpg 1024w, https:\/\/franciscanos.org.br\/noticias\/wp-content\/uploads\/2024\/03\/assembleia-2-768x512.jpg 768w, https:\/\/franciscanos.org.br\/noticias\/wp-content\/uploads\/2024\/03\/assembleia-2-1536x1024.jpg 1536w, https:\/\/franciscanos.org.br\/noticias\/wp-content\/uploads\/2024\/03\/assembleia-2-2048x1365.jpg 2048w, https:\/\/franciscanos.org.br\/noticias\/wp-content\/uploads\/2024\/03\/assembleia-2-150x100.jpg 150w, https:\/\/franciscanos.org.br\/noticias\/wp-content\/uploads\/2024\/03\/assembleia-2-scaled.jpg 1620w\" sizes=\"(max-width: 450px) 100vw, 450px\" \/><\/p>\n<p><span style=\"font-weight: 400;\">A psic\u00f3loga abriu o dia da Assembleia com\u00a0 o tema: \u2018A import\u00e2ncia do auto-conhecimento para o discernimento vocacional\u2019. Ela trouxe abordagens como o desafio da forma\u00e7\u00e3o humana na vida religiosa, e provocou os Freis com\u00a0 reflex\u00f5es como a falta de harmonia entre a abordagem humana e intelectual, assim como a dimens\u00e3o humana e fundamento da voca\u00e7\u00e3o religiosa e a consci\u00eancia clara dos formadores para identificar nos diferentes perfis acolhidos os potenciais e as limita\u00e7\u00f5es na forma\u00e7\u00e3o. \u201c Esse momento teve como prop\u00f3sito estimular o sentido de um autoconhecimento que favorecesse os formandos e a forma como eles podem proporcionar um ambiente mais humano para os vocacionados e novos frades\u201d, explicou a psic\u00f3loga.\u00a0<\/span><\/p>\n<p><span style=\"font-weight: 400;\">J\u00e1 no per\u00edodo da tarde, os participantes da Assembleia puderam conhecer os diferentes aspectos que envolvem a \u2018 import\u00e2ncia do psicodiagn\u00f3stico e algumas estrat\u00e9gias de a\u00e7\u00e3o\u2019 e os cuidados com os cuidador. Foram debatidas quest\u00f5es como transtornos de personalidade, temperamento e os caminhos para o diagn\u00f3stico, tratamento e acolhimento por parte dos formadores.<\/span><\/p>\n<p><span style=\"font-weight: 400;\">Frei Marcos explicou que muitas das quest\u00f5es que envolvem a forma\u00e7\u00e3o humana necess\u00e1rias para aprimorar ou aprender, est\u00e3o voltadas mais para os frades que j\u00e1 est\u00e3o na caminhada, do que aqueles que est\u00e3o iniciando . \u201cA proposta \u00e9 buscar entre n\u00f3s, mais velhos na caminhada, um\u00a0 melhor modo de crescimento para sermos mais\u00a0 aut\u00eanticos frades, para que, a partir da nossa pr\u00f3pria vida, possamos ser mais refer\u00eancias e exemplos para os novos\u00a0 formandos. Estamos indo ao encontro de uma unidade no processo formativo,\u00a0 como pessoas humanas e frades que est\u00e3o num processo cont\u00ednuo\u00a0 de forma\u00e7\u00e3o\u201d, afirma.<\/span><\/p>\n<p><img loading=\"lazy\" class=\"size-medium wp-image-246574 alignleft\" src=\"https:\/\/franciscanos.org.br\/noticias\/wp-content\/uploads\/2024\/03\/assembleia-1-450x300.jpg\" alt=\"\" width=\"450\" height=\"300\" srcset=\"https:\/\/franciscanos.org.br\/noticias\/wp-content\/uploads\/2024\/03\/assembleia-1-450x300.jpg 450w, https:\/\/franciscanos.org.br\/noticias\/wp-content\/uploads\/2024\/03\/assembleia-1-1024x683.jpg 1024w, https:\/\/franciscanos.org.br\/noticias\/wp-content\/uploads\/2024\/03\/assembleia-1-768x512.jpg 768w, https:\/\/franciscanos.org.br\/noticias\/wp-content\/uploads\/2024\/03\/assembleia-1-1536x1024.jpg 1536w, https:\/\/franciscanos.org.br\/noticias\/wp-content\/uploads\/2024\/03\/assembleia-1-2048x1365.jpg 2048w, https:\/\/franciscanos.org.br\/noticias\/wp-content\/uploads\/2024\/03\/assembleia-1-150x100.jpg 150w, https:\/\/franciscanos.org.br\/noticias\/wp-content\/uploads\/2024\/03\/assembleia-1-scaled.jpg 1620w\" sizes=\"(max-width: 450px) 100vw, 450px\" \/><\/p>\n<p><span style=\"font-weight: 400;\">Para Frei Gabriel Dellandrea, do Servi\u00e7o de Anima\u00e7\u00e3o Vocacional, essas situa\u00e7\u00f5es s\u00e3o importantes para aprimorar as atividades evangelizadoras e de acolhida dos novos vocacionados. \u201cQuando assumi a miss\u00e3o de acompanhar os vocacionados me coloquei na condi\u00e7\u00e3o de quem quer fazer o melhor. Entretanto, sei de meus limites nesse trabalho. Por isso, essas ocasi\u00f5es ajudam a acrescentar elementos para aprimorar a atividade evangelizadora do acompanhamento vocacional. Aprofundar o mist\u00e9rio do ser humano, entre suas compet\u00eancias e limites. \u00c9 a oportunidade de fazer uma avalia\u00e7\u00e3o pessoal a fim de integrar-se. \u00c9 a partir disso que as condi\u00e7\u00f5es melhoram para acompanhar aqueles que nos procuram, tendo a clareza de que n\u00e3o farei um trabalho completo, mas que visa sempre se aprimorar, com os seus acertos e erros. A nossa Prov\u00edncia tem se aprofundado cada vez mais para buscar caminhos de se rever e acertar melhor o passo, inclusive na forma\u00e7\u00e3o inicial. Isso \u00e9 uma d\u00e1diva, embora exige esfor\u00e7o e aten\u00e7\u00e3o\u201d.<\/span><\/p>\n<p><span style=\"font-weight: 400;\">A Assembleia ser\u00e1 encerrada nesta quarta-feira (06), com planejamento, agenda e comunica\u00e7\u00f5es dos frades. \u201cEssa semana \u00e9 para nosso tempo de forma\u00e7\u00e3o, considerando tamb\u00e9m quest\u00f5es j\u00e1 discutidas em 2023 pelas comiss\u00f5es eleitas para trabalhar as v\u00e1rias quest\u00f5es levantadas at\u00e9 o momento como o itiner\u00e1rio formativo e centro de estudos. Tudo isso porque estamos vivendo um ano capitular, e tudo o que est\u00e1 sendo levantado e abordado nesses encontros ser\u00e1 apresentado no Cap\u00edtulo no final do ano\u201d, destaca Frei Marcos.<\/span><\/p>\n<hr \/>\n<p>Fotos e texto: Adriana Rodrigues<\/p>\n","protected":false},"excerpt":{"rendered":"<p>Assembleia para Secretariado de Forma\u00e7\u00e3o e Estudos<\/p>\n","protected":false},"author":10,"featured_media":246573,"comment_status":"open","ping_status":"open","sticky":false,"template":"","format":"standard","meta":[],"categories":[1],"tags":[325,2208],"acf":[],"yoast_head":"<!-- This site is optimized with the Yoast SEO plugin v19.2 - https:\/\/yoast.com\/wordpress\/plugins\/seo\/ -->\n<title>Prov\u00edncia Franciscana da Imaculada Concei\u00e7\u00e3o do Brasil realiza Assembleia para Secretariado de Forma\u00e7\u00e3o e Estudos - Not\u00edcias - Franciscanos<\/title>\n<meta name=\"robots\" content=\"index, follow, max-snippet:-1, max-image-preview:large, max-video-preview:-1\" \/>\n<link rel=\"canonical\" href=\"https:\/\/franciscanos.org.br\/noticias\/provincia-franciscana-da-imaculada-conceicao-do-brasil-realiza-assembleia-para-secretariado-de-formacao-e-estudos.html\" \/>\n<meta property=\"og:locale\" content=\"pt_BR\" \/>\n<meta property=\"og:type\" content=\"article\" \/>\n<meta property=\"og:title\" content=\"Prov\u00edncia Franciscana da Imaculada Concei\u00e7\u00e3o do Brasil realiza Assembleia para Secretariado de Forma\u00e7\u00e3o e Estudos - Not\u00edcias - Franciscanos\" \/>\n<meta property=\"og:description\" content=\"Assembleia para Secretariado de Forma\u00e7\u00e3o e Estudos\" \/>\n<meta property=\"og:url\" content=\"https:\/\/franciscanos.org.br\/noticias\/provincia-franciscana-da-imaculada-conceicao-do-brasil-realiza-assembleia-para-secretariado-de-formacao-e-estudos.html\" \/>\n<meta property=\"og:site_name\" content=\"Not\u00edcias - Franciscanos\" \/>\n<meta property=\"article:published_time\" content=\"2024-03-05T20:53:19+00:00\" \/>\n<meta property=\"article:modified_time\" content=\"2024-03-06T12:51:35+00:00\" \/>\n<meta property=\"og:image\" content=\"https:\/\/franciscanos.org.br\/noticias\/wp-content\/uploads\/2024\/03\/assembleia-3-scaled.jpg\" \/>\n\t<meta property=\"og:image:width\" content=\"1620\" \/>\n\t<meta property=\"og:image:height\" content=\"1080\" \/>\n\t<meta property=\"og:image:type\" content=\"image\/jpeg\" \/>\n<meta name=\"author\" content=\"Jo\u00e3o Vitor\" \/>\n<meta name=\"twitter:card\" content=\"summary_large_image\" \/>\n<meta name=\"twitter:label1\" content=\"Escrito por\" \/>\n\t<meta name=\"twitter:data1\" content=\"Jo\u00e3o Vitor\" \/>\n\t<meta name=\"twitter:label2\" content=\"Est. tempo de leitura\" \/>\n\t<meta name=\"twitter:data2\" content=\"4 minutos\" \/>\n<script type=\"application\/ld+json\" class=\"yoast-schema-graph\">{\"@context\":\"https:\/\/schema.org\",\"@graph\":[{\"@type\":\"WebSite\",\"@id\":\"https:\/\/franciscanos.org.br\/noticias\/#website\",\"url\":\"https:\/\/franciscanos.org.br\/noticias\/\",\"name\":\"Not\u00edcias - Franciscanos\",\"description\":\"Prov\u00edncia Franciscana da Imaculada Concei\u00e7\u00e3o do Brasil - Ordem dos Frades Menores - OFM\",\"potentialAction\":[{\"@type\":\"SearchAction\",\"target\":{\"@type\":\"EntryPoint\",\"urlTemplate\":\"https:\/\/franciscanos.org.br\/noticias\/?s={search_term_string}\"},\"query-input\":\"required name=search_term_string\"}],\"inLanguage\":\"pt-BR\"},{\"@type\":\"ImageObject\",\"inLanguage\":\"pt-BR\",\"@id\":\"https:\/\/franciscanos.org.br\/noticias\/provincia-franciscana-da-imaculada-conceicao-do-brasil-realiza-assembleia-para-secretariado-de-formacao-e-estudos.html#primaryimage\",\"url\":\"https:\/\/franciscanos.org.br\/noticias\/wp-content\/uploads\/2024\/03\/assembleia-3-scaled.jpg\",\"contentUrl\":\"https:\/\/franciscanos.org.br\/noticias\/wp-content\/uploads\/2024\/03\/assembleia-3-scaled.jpg\",\"width\":1620,\"height\":1080},{\"@type\":\"WebPage\",\"@id\":\"https:\/\/franciscanos.org.br\/noticias\/provincia-franciscana-da-imaculada-conceicao-do-brasil-realiza-assembleia-para-secretariado-de-formacao-e-estudos.html#webpage\",\"url\":\"https:\/\/franciscanos.org.br\/noticias\/provincia-franciscana-da-imaculada-conceicao-do-brasil-realiza-assembleia-para-secretariado-de-formacao-e-estudos.html\",\"name\":\"Prov\u00edncia Franciscana da Imaculada Concei\u00e7\u00e3o do Brasil realiza Assembleia para Secretariado de Forma\u00e7\u00e3o e Estudos - Not\u00edcias - Franciscanos\",\"isPartOf\":{\"@id\":\"https:\/\/franciscanos.org.br\/noticias\/#website\"},\"primaryImageOfPage\":{\"@id\":\"https:\/\/franciscanos.org.br\/noticias\/provincia-franciscana-da-imaculada-conceicao-do-brasil-realiza-assembleia-para-secretariado-de-formacao-e-estudos.html#primaryimage\"},\"datePublished\":\"2024-03-05T20:53:19+00:00\",\"dateModified\":\"2024-03-06T12:51:35+00:00\",\"author\":{\"@id\":\"https:\/\/franciscanos.org.br\/noticias\/#\/schema\/person\/8c11f06a466b856a11dd48d20600055f\"},\"breadcrumb\":{\"@id\":\"https:\/\/franciscanos.org.br\/noticias\/provincia-franciscana-da-imaculada-conceicao-do-brasil-realiza-assembleia-para-secretariado-de-formacao-e-estudos.html#breadcrumb\"},\"inLanguage\":\"pt-BR\",\"potentialAction\":[{\"@type\":\"ReadAction\",\"target\":[\"https:\/\/franciscanos.org.br\/noticias\/provincia-franciscana-da-imaculada-conceicao-do-brasil-realiza-assembleia-para-secretariado-de-formacao-e-estudos.html\"]}]},{\"@type\":\"BreadcrumbList\",\"@id\":\"https:\/\/franciscanos.org.br\/noticias\/provincia-franciscana-da-imaculada-conceicao-do-brasil-realiza-assembleia-para-secretariado-de-formacao-e-estudos.html#breadcrumb\",\"itemListElement\":[{\"@type\":\"ListItem\",\"position\":1,\"name\":\"Home\",\"item\":\"https:\/\/franciscanos.org.br\/noticias\"},{\"@type\":\"ListItem\",\"position\":2,\"name\":\"Prov\u00edncia Franciscana da Imaculada Concei\u00e7\u00e3o do Brasil realiza Assembleia para Secretariado de Forma\u00e7\u00e3o e Estudos\"}]},{\"@type\":\"Person\",\"@id\":\"https:\/\/franciscanos.org.br\/noticias\/#\/schema\/person\/8c11f06a466b856a11dd48d20600055f\",\"name\":\"Jo\u00e3o Vitor\",\"image\":{\"@type\":\"ImageObject\",\"inLanguage\":\"pt-BR\",\"@id\":\"https:\/\/franciscanos.org.br\/noticias\/#\/schema\/person\/image\/\",\"url\":\"https:\/\/secure.gravatar.com\/avatar\/10ba5c9713e0c323617b4309a19e3a46?s=96&d=mm&r=g\",\"contentUrl\":\"https:\/\/secure.gravatar.com\/avatar\/10ba5c9713e0c323617b4309a19e3a46?s=96&d=mm&r=g\",\"caption\":\"Jo\u00e3o Vitor\"},\"url\":\"https:\/\/franciscanos.org.br\/noticias\/author\/joaovitor\"}]}<\/script>\n<!-- \/ Yoast SEO plugin. -->","yoast_head_json":{"title":"Prov\u00edncia Franciscana da Imaculada Concei\u00e7\u00e3o do Brasil realiza Assembleia para Secretariado de Forma\u00e7\u00e3o e Estudos - Not\u00edcias - Franciscanos","robots":{"index":"index","follow":"follow","max-snippet":"max-snippet:-1","max-image-preview":"max-image-preview:large","max-video-preview":"max-video-preview:-1"},"canonical":"https:\/\/franciscanos.org.br\/noticias\/provincia-franciscana-da-imaculada-conceicao-do-brasil-realiza-assembleia-para-secretariado-de-formacao-e-estudos.html","og_locale":"pt_BR","og_type":"article","og_title":"Prov\u00edncia Franciscana da Imaculada Concei\u00e7\u00e3o do Brasil realiza Assembleia para Secretariado de Forma\u00e7\u00e3o e Estudos - Not\u00edcias - Franciscanos","og_description":"Assembleia para Secretariado de Forma\u00e7\u00e3o e Estudos","og_url":"https:\/\/franciscanos.org.br\/noticias\/provincia-franciscana-da-imaculada-conceicao-do-brasil-realiza-assembleia-para-secretariado-de-formacao-e-estudos.html","og_site_name":"Not\u00edcias - Franciscanos","article_published_time":"2024-03-05T20:53:19+00:00","article_modified_time":"2024-03-06T12:51:35+00:00","og_image":[{"width":1620,"height":1080,"url":"https:\/\/franciscanos.org.br\/noticias\/wp-content\/uploads\/2024\/03\/assembleia-3-scaled.jpg","type":"image\/jpeg"}],"author":"Jo\u00e3o Vitor","twitter_card":"summary_large_image","twitter_misc":{"Escrito por":"Jo\u00e3o Vitor","Est. tempo de leitura":"4 minutos"},"schema":{"@context":"https:\/\/schema.org","@graph":[{"@type":"WebSite","@id":"https:\/\/franciscanos.org.br\/noticias\/#website","url":"https:\/\/franciscanos.org.br\/noticias\/","name":"Not\u00edcias - Franciscanos","description":"Prov\u00edncia Franciscana da Imaculada Concei\u00e7\u00e3o do Brasil - Ordem dos Frades Menores - OFM","potentialAction":[{"@type":"SearchAction","target":{"@type":"EntryPoint","urlTemplate":"https:\/\/franciscanos.org.br\/noticias\/?s={search_term_string}"},"query-input":"required name=search_term_string"}],"inLanguage":"pt-BR"},{"@type":"ImageObject","inLanguage":"pt-BR","@id":"https:\/\/franciscanos.org.br\/noticias\/provincia-franciscana-da-imaculada-conceicao-do-brasil-realiza-assembleia-para-secretariado-de-formacao-e-estudos.html#primaryimage","url":"https:\/\/franciscanos.org.br\/noticias\/wp-content\/uploads\/2024\/03\/assembleia-3-scaled.jpg","contentUrl":"https:\/\/franciscanos.org.br\/noticias\/wp-content\/uploads\/2024\/03\/assembleia-3-scaled.jpg","width":1620,"height":1080},{"@type":"WebPage","@id":"https:\/\/franciscanos.org.br\/noticias\/provincia-franciscana-da-imaculada-conceicao-do-brasil-realiza-assembleia-para-secretariado-de-formacao-e-estudos.html#webpage","url":"https:\/\/franciscanos.org.br\/noticias\/provincia-franciscana-da-imaculada-conceicao-do-brasil-realiza-assembleia-para-secretariado-de-formacao-e-estudos.html","name":"Prov\u00edncia Franciscana da Imaculada Concei\u00e7\u00e3o do Brasil realiza Assembleia para Secretariado de Forma\u00e7\u00e3o e Estudos - Not\u00edcias - Franciscanos","isPartOf":{"@id":"https:\/\/franciscanos.org.br\/noticias\/#website"},"primaryImageOfPage":{"@id":"https:\/\/franciscanos.org.br\/noticias\/provincia-franciscana-da-imaculada-conceicao-do-brasil-realiza-assembleia-para-secretariado-de-formacao-e-estudos.html#primaryimage"},"datePublished":"2024-03-05T20:53:19+00:00","dateModified":"2024-03-06T12:51:35+00:00","author":{"@id":"https:\/\/franciscanos.org.br\/noticias\/#\/schema\/person\/8c11f06a466b856a11dd48d20600055f"},"breadcrumb":{"@id":"https:\/\/franciscanos.org.br\/noticias\/provincia-franciscana-da-imaculada-conceicao-do-brasil-realiza-assembleia-para-secretariado-de-formacao-e-estudos.html#breadcrumb"},"inLanguage":"pt-BR","potentialAction":[{"@type":"ReadAction","target":["https:\/\/franciscanos.org.br\/noticias\/provincia-franciscana-da-imaculada-conceicao-do-brasil-realiza-assembleia-para-secretariado-de-formacao-e-estudos.html"]}]},{"@type":"BreadcrumbList","@id":"https:\/\/franciscanos.org.br\/noticias\/provincia-franciscana-da-imaculada-conceicao-do-brasil-realiza-assembleia-para-secretariado-de-formacao-e-estudos.html#breadcrumb","itemListElement":[{"@type":"ListItem","position":1,"name":"Home","item":"https:\/\/franciscanos.org.br\/noticias"},{"@type":"ListItem","position":2,"name":"Prov\u00edncia Franciscana da Imaculada Concei\u00e7\u00e3o do Brasil realiza Assembleia para Secretariado de Forma\u00e7\u00e3o e Estudos"}]},{"@type":"Person","@id":"https:\/\/franciscanos.org.br\/noticias\/#\/schema\/person\/8c11f06a466b856a11dd48d20600055f","name":"Jo\u00e3o Vitor","image":{"@type":"ImageObject","inLanguage":"pt-BR","@id":"https:\/\/franciscanos.org.br\/noticias\/#\/schema\/person\/image\/","url":"https:\/\/secure.gravatar.com\/avatar\/10ba5c9713e0c323617b4309a19e3a46?s=96&d=mm&r=g","contentUrl":"https:\/\/secure.gravatar.com\/avatar\/10ba5c9713e0c323617b4309a19e3a46?s=96&d=mm&r=g","caption":"Jo\u00e3o Vitor"},"url":"https:\/\/franciscanos.org.br\/noticias\/author\/joaovitor"}]}},"_links":{"self":[{"href":"https:\/\/franciscanos.org.br\/noticias\/wp-json\/wp\/v2\/posts\/246569"}],"collection":[{"href":"https:\/\/franciscanos.org.br\/noticias\/wp-json\/wp\/v2\/posts"}],"about":[{"href":"https:\/\/franciscanos.org.br\/noticias\/wp-json\/wp\/v2\/types\/post"}],"author":[{"embeddable":true,"href":"https:\/\/franciscanos.org.br\/noticias\/wp-json\/wp\/v2\/users\/10"}],"replies":[{"embeddable":true,"href":"https:\/\/franciscanos.org.br\/noticias\/wp-json\/wp\/v2\/comments?post=246569"}],"version-history":[{"count":4,"href":"https:\/\/franciscanos.org.br\/noticias\/wp-json\/wp\/v2\/posts\/246569\/revisions"}],"predecessor-version":[{"id":246590,"href":"https:\/\/franciscanos.org.br\/noticias\/wp-json\/wp\/v2\/posts\/246569\/revisions\/246590"}],"wp:featuredmedia":[{"embeddable":true,"href":"https:\/\/franciscanos.org.br\/noticias\/wp-json\/wp\/v2\/media\/246573"}],"wp:attachment":[{"href":"https:\/\/franciscanos.org.br\/noticias\/wp-json\/wp\/v2\/media?parent=246569"}],"wp:term":[{"taxonomy":"category","embeddable":true,"href":"https:\/\/franciscanos.org.br\/noticias\/wp-json\/wp\/v2\/categories?post=246569"},{"taxonomy":"post_tag","embeddable":true,"href":"https:\/\/franciscanos.org.br\/noticias\/wp-json\/wp\/v2\/tags?post=246569"}],"curies":[{"name":"wp","href":"https:\/\/api.w.org\/{rel}","templated":true}]}}