{"id":246566,"date":"2024-03-05T09:24:34","date_gmt":"2024-03-05T12:24:34","guid":{"rendered":"https:\/\/franciscanos.org.br\/noticias\/?p=246566"},"modified":"2024-03-05T09:24:34","modified_gmt":"2024-03-05T12:24:34","slug":"assembleia-da-conferencia-africana-sobre-novas-formas-de-vida-e-evangelizacao","status":"publish","type":"post","link":"https:\/\/franciscanos.org.br\/noticias\/assembleia-da-conferencia-africana-sobre-novas-formas-de-vida-e-evangelizacao.html","title":{"rendered":"Assembleia da Confer\u00eancia Africana sobre Novas Formas de Vida e Evangeliza\u00e7\u00e3o"},"content":{"rendered":"<p><img loading=\"lazy\" class=\"aligncenter wp-image-246567 size-full\" src=\"https:\/\/franciscanos.org.br\/noticias\/wp-content\/uploads\/2024\/03\/nuove_forme_africa-3.jpg\" alt=\"\" width=\"1920\" height=\"1080\" srcset=\"https:\/\/franciscanos.org.br\/noticias\/wp-content\/uploads\/2024\/03\/nuove_forme_africa-3.jpg 1920w, https:\/\/franciscanos.org.br\/noticias\/wp-content\/uploads\/2024\/03\/nuove_forme_africa-3-450x253.jpg 450w, https:\/\/franciscanos.org.br\/noticias\/wp-content\/uploads\/2024\/03\/nuove_forme_africa-3-1024x576.jpg 1024w, https:\/\/franciscanos.org.br\/noticias\/wp-content\/uploads\/2024\/03\/nuove_forme_africa-3-768x432.jpg 768w, https:\/\/franciscanos.org.br\/noticias\/wp-content\/uploads\/2024\/03\/nuove_forme_africa-3-1536x864.jpg 1536w, https:\/\/franciscanos.org.br\/noticias\/wp-content\/uploads\/2024\/03\/nuove_forme_africa-3-150x84.jpg 150w\" sizes=\"(max-width: 1920px) 100vw, 1920px\" \/><\/p>\n<p>De 26 de fevereiro a 3 de mar\u00e7o de 2024, quinze frades se reuniram na Casa de Retiro Santa Madalena, em Nairobi, Qu\u00eania, para a primeira Assembleia da Confer\u00eancia Africana sobre Novas Formas de Vida e Evangeliza\u00e7\u00e3o. Guiados pelo &#8220;Ite Nuntiate&#8221; e estimulados pela mensagem do Ministro Geral, Frei Massimo Fusarelli, os frades compartilharam e refletiram sobre como viver as &#8220;novas formas&#8221; no contexto da \u00c1frica. Frei Victor Quematcha honrou o encontro com suas palavras de lembran\u00e7a e inspira\u00e7\u00e3o. Frei Francisco G\u00f2mez Vargas e Frei Dennis Tayo do Secretariado Geral para Miss\u00f5es e Evangeliza\u00e7\u00e3o (SGME) animaram este encontro, juntamente com Frei Hubert Mfouri Nsampe e Frei Cl\u00e9ment Boumekpor.<\/p>\n<p>Os participantes come\u00e7aram o primeiro dia &#8220;contando e ouvindo o que o Esp\u00edrito est\u00e1 operando entre eles&#8221;. Eles foram recebidos por Frei Frederick Odhiambo, Ministro Provincial da Entidade anfitri\u00e3 de Nairobi. Cada um compartilhou suas express\u00f5es existentes de formas &#8220;novas&#8221; de vida na \u00c1frica, que variam desde ajuda a refugiados, cuidado de leprosos, doentes, \u00f3rf\u00e3os, crian\u00e7as de rua, jovens e presidi\u00e1rios. At\u00e9 o cuidado de v\u00e1rias comunidades urbanas pobres entre \u00e1reas marginais e em \u00e1reas rurais dif\u00edceis e desfavorecidas nas periferias. Atividades &#8220;ministeriais convencionais&#8221; em par\u00f3quias, escolas e instala\u00e7\u00f5es de sa\u00fade tamb\u00e9m envolvem essas formas de atividades sociais.<\/p>\n<p>Outros compartilharam suas experi\u00eancias na administra\u00e7\u00e3o de um abrigo para pessoas em dificuldades e casas de ora\u00e7\u00e3o. O di\u00e1logo, as m\u00eddias sociais, o apoio espiritual e o cuidado com o meio ambiente foram express\u00f5es alternativas. Os desafios identificados inclu\u00edam a instabilidade s\u00f3cio-pol\u00edtico-econ\u00f4mica de um continente atingido pela guerra, resultando em pobreza, abusos, amea\u00e7as \u00e0 seguran\u00e7a e explora\u00e7\u00e3o da M\u00e3e Terra.<\/p>\n<p>Tamb\u00e9m foram mencionados a diversidade cultural e o pluralismo religioso, regionalismo, materialismo, individualismo e clericalismo. Internamente, os frades enfrentam o desafio dos recursos limitados: humanos, financeiros, estruturais, e a necessidade de um programa de forma\u00e7\u00e3o mais integrado. As grandes dist\u00e2ncias entre as Entidades dificultam a anima\u00e7\u00e3o. Alguns sentiram a falta de apoio do Conselho ou da Igreja local.<\/p>\n<p>O segundo dia foi dedicado &#8220;a ver e julgar o que o Esp\u00edrito operou entre eles&#8221; \u00e0 luz do &#8220;Ite Nuntiate&#8221; e dos desafios colocados pelo Ministro Geral. Ele destacou os &#8220;fundamentos&#8221; de viver essa inspira\u00e7\u00e3o, como fraternidade contemplativa em minoria, testemunhando os dons prof\u00e9ticos do carisma ao viver o Evangelho no contexto atual da \u00c1frica, saindo, permanecendo com e entre os pobres que sofrem. Por fim, o \u00faltimo dia foi um momento de gra\u00e7a para todos, &#8220;inspirados a formar um compromisso comum que possa ser revitalizado&#8221; com as seguintes recomenda\u00e7\u00f5es concretas identificadas:<\/p>\n<p>Que as &#8220;novas formas&#8221; sejam um compromisso de cada Entidade, apoiando os frades inspirados a viver essa voca\u00e7\u00e3o. O Ministro e seu Definitorio devem promover a continua\u00e7\u00e3o da operacionalidade das existentes e\/ou a abertura de novas, designando um frade como Coordenador das &#8220;Novas Formas&#8221; (fazendo parte da estrutura organizacional existente) para animar a Entidade nesse sentido. Al\u00e9m disso, as &#8220;novas formas&#8221; devem ser inclu\u00eddas na forma\u00e7\u00e3o inicial e permanente (FI\/FP). Uma avalia\u00e7\u00e3o cr\u00edtica \u00e9 urgente para saber onde a Entidade est\u00e1 agora, para onde quer ir e como pode chegar l\u00e1, animada pelo Conselho e guiada pelo SGME. Que a colabora\u00e7\u00e3o a n\u00edvel da Confer\u00eancia Africana seja realizada anualmente, reunindo os Coordenadores das &#8220;Novas Formas&#8221; de cada Entidade para formar uma rede de sistemas de suporte. Frades inspirados de uma Entidade (como parte da FI\/FP) podem ir para outra Entidade com formas novas existentes, para experimentar e aprender com elas. Deve ser estudada a possibilidade de estabelecer um Eremit\u00e9rio\/Casa de Ora\u00e7\u00e3o comum para a Confer\u00eancia, sabendo que este \u00e9 o cerne da quest\u00e3o para realizar novas formas de presen\u00e7a. Outras recomenda\u00e7\u00f5es espec\u00edficas incluem a abertura de uma comunidade urbana pobre em Nairobi e um abrigo para crian\u00e7as de rua no Sud\u00e3o do Sul, em colabora\u00e7\u00e3o com as irm\u00e3s franciscanas. O SGME continua a assistir, acompanhar e animar os irm\u00e3os na viv\u00eancia dessa inspira\u00e7\u00e3o. Que seja formada uma Comiss\u00e3o para as Novas Formas de Vida e Evangeliza\u00e7\u00e3o na \u00c1frica para animar a Confer\u00eancia, delineando novas formas de realidade na \u00c1frica. O SGME, em consulta com os Ministros da Confer\u00eancia Africana, deve submeter quatro nomes (2 angl\u00f3fonos e 2 franc\u00f3fonos) \u00e0 aprova\u00e7\u00e3o do Definitorio Geral para formar a comiss\u00e3o. Esta comiss\u00e3o poder\u00e1 colaborar no futuro com outras Comiss\u00f5es de Confer\u00eancias para Novas Formas, para compartilhar e aprender com elas. Por fim, os dois \u00faltimos dias do encontro foram gastos visitando comunidades urbanas pobres onde nossos frades estudantes realizam seu trabalho pastoral, nossas duas fraternidades em Nairobi e alguns parques pr\u00f3ximos. Que esta hist\u00f3rica assembleia seja um est\u00edmulo para avan\u00e7ar na viv\u00eancia de &#8220;novas formas&#8221; na \u00c1frica.<\/p>\n","protected":false},"excerpt":{"rendered":"<p>De 26 de fevereiro a 3 de mar\u00e7o de 2024, quinze frades se reuniram na Casa de Retiro Santa Madalena, em Nairobi, Qu\u00eania, para a primeira Assembleia da Confer\u00eancia Africana sobre Novas Formas de Vida e Evangeliza\u00e7\u00e3o. Guiados pelo &#8220;Ite Nuntiate&#8221; e estimulados pela mensagem do Ministro Geral, Frei Massimo Fusarelli, os frades compartilharam e [&hellip;]<\/p>\n","protected":false},"author":10,"featured_media":246567,"comment_status":"open","ping_status":"open","sticky":false,"template":"","format":"standard","meta":[],"categories":[1],"tags":[2167],"acf":[],"yoast_head":"<!-- This site is optimized with the Yoast SEO plugin v19.2 - https:\/\/yoast.com\/wordpress\/plugins\/seo\/ -->\n<title>Assembleia da Confer\u00eancia Africana sobre Novas Formas de Vida e Evangeliza\u00e7\u00e3o - Not\u00edcias - Franciscanos<\/title>\n<meta name=\"robots\" content=\"index, follow, max-snippet:-1, max-image-preview:large, max-video-preview:-1\" \/>\n<link rel=\"canonical\" href=\"https:\/\/franciscanos.org.br\/noticias\/assembleia-da-conferencia-africana-sobre-novas-formas-de-vida-e-evangelizacao.html\" \/>\n<meta property=\"og:locale\" content=\"pt_BR\" \/>\n<meta property=\"og:type\" content=\"article\" \/>\n<meta property=\"og:title\" content=\"Assembleia da Confer\u00eancia Africana sobre Novas Formas de Vida e Evangeliza\u00e7\u00e3o - Not\u00edcias - Franciscanos\" \/>\n<meta property=\"og:description\" content=\"De 26 de fevereiro a 3 de mar\u00e7o de 2024, quinze frades se reuniram na Casa de Retiro Santa Madalena, em Nairobi, Qu\u00eania, para a primeira Assembleia da Confer\u00eancia Africana sobre Novas Formas de Vida e Evangeliza\u00e7\u00e3o. Guiados pelo &#8220;Ite Nuntiate&#8221; e estimulados pela mensagem do Ministro Geral, Frei Massimo Fusarelli, os frades compartilharam e [&hellip;]\" \/>\n<meta property=\"og:url\" content=\"https:\/\/franciscanos.org.br\/noticias\/assembleia-da-conferencia-africana-sobre-novas-formas-de-vida-e-evangelizacao.html\" \/>\n<meta property=\"og:site_name\" content=\"Not\u00edcias - Franciscanos\" \/>\n<meta property=\"article:published_time\" content=\"2024-03-05T12:24:34+00:00\" \/>\n<meta property=\"og:image\" content=\"https:\/\/franciscanos.org.br\/noticias\/wp-content\/uploads\/2024\/03\/nuove_forme_africa-3.jpg\" \/>\n\t<meta property=\"og:image:width\" content=\"1920\" \/>\n\t<meta property=\"og:image:height\" content=\"1080\" \/>\n\t<meta property=\"og:image:type\" content=\"image\/jpeg\" \/>\n<meta name=\"author\" content=\"Jo\u00e3o Vitor\" \/>\n<meta name=\"twitter:card\" content=\"summary_large_image\" \/>\n<meta name=\"twitter:label1\" content=\"Escrito por\" \/>\n\t<meta name=\"twitter:data1\" content=\"Jo\u00e3o Vitor\" \/>\n\t<meta name=\"twitter:label2\" content=\"Est. tempo de leitura\" \/>\n\t<meta name=\"twitter:data2\" content=\"4 minutos\" \/>\n<script type=\"application\/ld+json\" class=\"yoast-schema-graph\">{\"@context\":\"https:\/\/schema.org\",\"@graph\":[{\"@type\":\"WebSite\",\"@id\":\"https:\/\/franciscanos.org.br\/noticias\/#website\",\"url\":\"https:\/\/franciscanos.org.br\/noticias\/\",\"name\":\"Not\u00edcias - Franciscanos\",\"description\":\"Prov\u00edncia Franciscana da Imaculada Concei\u00e7\u00e3o do Brasil - Ordem dos Frades Menores - OFM\",\"potentialAction\":[{\"@type\":\"SearchAction\",\"target\":{\"@type\":\"EntryPoint\",\"urlTemplate\":\"https:\/\/franciscanos.org.br\/noticias\/?s={search_term_string}\"},\"query-input\":\"required name=search_term_string\"}],\"inLanguage\":\"pt-BR\"},{\"@type\":\"ImageObject\",\"inLanguage\":\"pt-BR\",\"@id\":\"https:\/\/franciscanos.org.br\/noticias\/assembleia-da-conferencia-africana-sobre-novas-formas-de-vida-e-evangelizacao.html#primaryimage\",\"url\":\"https:\/\/franciscanos.org.br\/noticias\/wp-content\/uploads\/2024\/03\/nuove_forme_africa-3.jpg\",\"contentUrl\":\"https:\/\/franciscanos.org.br\/noticias\/wp-content\/uploads\/2024\/03\/nuove_forme_africa-3.jpg\",\"width\":1920,\"height\":1080},{\"@type\":\"WebPage\",\"@id\":\"https:\/\/franciscanos.org.br\/noticias\/assembleia-da-conferencia-africana-sobre-novas-formas-de-vida-e-evangelizacao.html#webpage\",\"url\":\"https:\/\/franciscanos.org.br\/noticias\/assembleia-da-conferencia-africana-sobre-novas-formas-de-vida-e-evangelizacao.html\",\"name\":\"Assembleia da Confer\u00eancia Africana sobre Novas Formas de Vida e Evangeliza\u00e7\u00e3o - Not\u00edcias - Franciscanos\",\"isPartOf\":{\"@id\":\"https:\/\/franciscanos.org.br\/noticias\/#website\"},\"primaryImageOfPage\":{\"@id\":\"https:\/\/franciscanos.org.br\/noticias\/assembleia-da-conferencia-africana-sobre-novas-formas-de-vida-e-evangelizacao.html#primaryimage\"},\"datePublished\":\"2024-03-05T12:24:34+00:00\",\"dateModified\":\"2024-03-05T12:24:34+00:00\",\"author\":{\"@id\":\"https:\/\/franciscanos.org.br\/noticias\/#\/schema\/person\/8c11f06a466b856a11dd48d20600055f\"},\"breadcrumb\":{\"@id\":\"https:\/\/franciscanos.org.br\/noticias\/assembleia-da-conferencia-africana-sobre-novas-formas-de-vida-e-evangelizacao.html#breadcrumb\"},\"inLanguage\":\"pt-BR\",\"potentialAction\":[{\"@type\":\"ReadAction\",\"target\":[\"https:\/\/franciscanos.org.br\/noticias\/assembleia-da-conferencia-africana-sobre-novas-formas-de-vida-e-evangelizacao.html\"]}]},{\"@type\":\"BreadcrumbList\",\"@id\":\"https:\/\/franciscanos.org.br\/noticias\/assembleia-da-conferencia-africana-sobre-novas-formas-de-vida-e-evangelizacao.html#breadcrumb\",\"itemListElement\":[{\"@type\":\"ListItem\",\"position\":1,\"name\":\"Home\",\"item\":\"https:\/\/franciscanos.org.br\/noticias\"},{\"@type\":\"ListItem\",\"position\":2,\"name\":\"Assembleia da Confer\u00eancia Africana sobre Novas Formas de Vida e Evangeliza\u00e7\u00e3o\"}]},{\"@type\":\"Person\",\"@id\":\"https:\/\/franciscanos.org.br\/noticias\/#\/schema\/person\/8c11f06a466b856a11dd48d20600055f\",\"name\":\"Jo\u00e3o Vitor\",\"image\":{\"@type\":\"ImageObject\",\"inLanguage\":\"pt-BR\",\"@id\":\"https:\/\/franciscanos.org.br\/noticias\/#\/schema\/person\/image\/\",\"url\":\"https:\/\/secure.gravatar.com\/avatar\/10ba5c9713e0c323617b4309a19e3a46?s=96&d=mm&r=g\",\"contentUrl\":\"https:\/\/secure.gravatar.com\/avatar\/10ba5c9713e0c323617b4309a19e3a46?s=96&d=mm&r=g\",\"caption\":\"Jo\u00e3o Vitor\"},\"url\":\"https:\/\/franciscanos.org.br\/noticias\/author\/joaovitor\"}]}<\/script>\n<!-- \/ Yoast SEO plugin. -->","yoast_head_json":{"title":"Assembleia da Confer\u00eancia Africana sobre Novas Formas de Vida e Evangeliza\u00e7\u00e3o - Not\u00edcias - Franciscanos","robots":{"index":"index","follow":"follow","max-snippet":"max-snippet:-1","max-image-preview":"max-image-preview:large","max-video-preview":"max-video-preview:-1"},"canonical":"https:\/\/franciscanos.org.br\/noticias\/assembleia-da-conferencia-africana-sobre-novas-formas-de-vida-e-evangelizacao.html","og_locale":"pt_BR","og_type":"article","og_title":"Assembleia da Confer\u00eancia Africana sobre Novas Formas de Vida e Evangeliza\u00e7\u00e3o - Not\u00edcias - Franciscanos","og_description":"De 26 de fevereiro a 3 de mar\u00e7o de 2024, quinze frades se reuniram na Casa de Retiro Santa Madalena, em Nairobi, Qu\u00eania, para a primeira Assembleia da Confer\u00eancia Africana sobre Novas Formas de Vida e Evangeliza\u00e7\u00e3o. Guiados pelo &#8220;Ite Nuntiate&#8221; e estimulados pela mensagem do Ministro Geral, Frei Massimo Fusarelli, os frades compartilharam e [&hellip;]","og_url":"https:\/\/franciscanos.org.br\/noticias\/assembleia-da-conferencia-africana-sobre-novas-formas-de-vida-e-evangelizacao.html","og_site_name":"Not\u00edcias - Franciscanos","article_published_time":"2024-03-05T12:24:34+00:00","og_image":[{"width":1920,"height":1080,"url":"https:\/\/franciscanos.org.br\/noticias\/wp-content\/uploads\/2024\/03\/nuove_forme_africa-3.jpg","type":"image\/jpeg"}],"author":"Jo\u00e3o Vitor","twitter_card":"summary_large_image","twitter_misc":{"Escrito por":"Jo\u00e3o Vitor","Est. tempo de leitura":"4 minutos"},"schema":{"@context":"https:\/\/schema.org","@graph":[{"@type":"WebSite","@id":"https:\/\/franciscanos.org.br\/noticias\/#website","url":"https:\/\/franciscanos.org.br\/noticias\/","name":"Not\u00edcias - Franciscanos","description":"Prov\u00edncia Franciscana da Imaculada Concei\u00e7\u00e3o do Brasil - Ordem dos Frades Menores - OFM","potentialAction":[{"@type":"SearchAction","target":{"@type":"EntryPoint","urlTemplate":"https:\/\/franciscanos.org.br\/noticias\/?s={search_term_string}"},"query-input":"required name=search_term_string"}],"inLanguage":"pt-BR"},{"@type":"ImageObject","inLanguage":"pt-BR","@id":"https:\/\/franciscanos.org.br\/noticias\/assembleia-da-conferencia-africana-sobre-novas-formas-de-vida-e-evangelizacao.html#primaryimage","url":"https:\/\/franciscanos.org.br\/noticias\/wp-content\/uploads\/2024\/03\/nuove_forme_africa-3.jpg","contentUrl":"https:\/\/franciscanos.org.br\/noticias\/wp-content\/uploads\/2024\/03\/nuove_forme_africa-3.jpg","width":1920,"height":1080},{"@type":"WebPage","@id":"https:\/\/franciscanos.org.br\/noticias\/assembleia-da-conferencia-africana-sobre-novas-formas-de-vida-e-evangelizacao.html#webpage","url":"https:\/\/franciscanos.org.br\/noticias\/assembleia-da-conferencia-africana-sobre-novas-formas-de-vida-e-evangelizacao.html","name":"Assembleia da Confer\u00eancia Africana sobre Novas Formas de Vida e Evangeliza\u00e7\u00e3o - Not\u00edcias - Franciscanos","isPartOf":{"@id":"https:\/\/franciscanos.org.br\/noticias\/#website"},"primaryImageOfPage":{"@id":"https:\/\/franciscanos.org.br\/noticias\/assembleia-da-conferencia-africana-sobre-novas-formas-de-vida-e-evangelizacao.html#primaryimage"},"datePublished":"2024-03-05T12:24:34+00:00","dateModified":"2024-03-05T12:24:34+00:00","author":{"@id":"https:\/\/franciscanos.org.br\/noticias\/#\/schema\/person\/8c11f06a466b856a11dd48d20600055f"},"breadcrumb":{"@id":"https:\/\/franciscanos.org.br\/noticias\/assembleia-da-conferencia-africana-sobre-novas-formas-de-vida-e-evangelizacao.html#breadcrumb"},"inLanguage":"pt-BR","potentialAction":[{"@type":"ReadAction","target":["https:\/\/franciscanos.org.br\/noticias\/assembleia-da-conferencia-africana-sobre-novas-formas-de-vida-e-evangelizacao.html"]}]},{"@type":"BreadcrumbList","@id":"https:\/\/franciscanos.org.br\/noticias\/assembleia-da-conferencia-africana-sobre-novas-formas-de-vida-e-evangelizacao.html#breadcrumb","itemListElement":[{"@type":"ListItem","position":1,"name":"Home","item":"https:\/\/franciscanos.org.br\/noticias"},{"@type":"ListItem","position":2,"name":"Assembleia da Confer\u00eancia Africana sobre Novas Formas de Vida e Evangeliza\u00e7\u00e3o"}]},{"@type":"Person","@id":"https:\/\/franciscanos.org.br\/noticias\/#\/schema\/person\/8c11f06a466b856a11dd48d20600055f","name":"Jo\u00e3o Vitor","image":{"@type":"ImageObject","inLanguage":"pt-BR","@id":"https:\/\/franciscanos.org.br\/noticias\/#\/schema\/person\/image\/","url":"https:\/\/secure.gravatar.com\/avatar\/10ba5c9713e0c323617b4309a19e3a46?s=96&d=mm&r=g","contentUrl":"https:\/\/secure.gravatar.com\/avatar\/10ba5c9713e0c323617b4309a19e3a46?s=96&d=mm&r=g","caption":"Jo\u00e3o Vitor"},"url":"https:\/\/franciscanos.org.br\/noticias\/author\/joaovitor"}]}},"_links":{"self":[{"href":"https:\/\/franciscanos.org.br\/noticias\/wp-json\/wp\/v2\/posts\/246566"}],"collection":[{"href":"https:\/\/franciscanos.org.br\/noticias\/wp-json\/wp\/v2\/posts"}],"about":[{"href":"https:\/\/franciscanos.org.br\/noticias\/wp-json\/wp\/v2\/types\/post"}],"author":[{"embeddable":true,"href":"https:\/\/franciscanos.org.br\/noticias\/wp-json\/wp\/v2\/users\/10"}],"replies":[{"embeddable":true,"href":"https:\/\/franciscanos.org.br\/noticias\/wp-json\/wp\/v2\/comments?post=246566"}],"version-history":[{"count":1,"href":"https:\/\/franciscanos.org.br\/noticias\/wp-json\/wp\/v2\/posts\/246566\/revisions"}],"predecessor-version":[{"id":246568,"href":"https:\/\/franciscanos.org.br\/noticias\/wp-json\/wp\/v2\/posts\/246566\/revisions\/246568"}],"wp:featuredmedia":[{"embeddable":true,"href":"https:\/\/franciscanos.org.br\/noticias\/wp-json\/wp\/v2\/media\/246567"}],"wp:attachment":[{"href":"https:\/\/franciscanos.org.br\/noticias\/wp-json\/wp\/v2\/media?parent=246566"}],"wp:term":[{"taxonomy":"category","embeddable":true,"href":"https:\/\/franciscanos.org.br\/noticias\/wp-json\/wp\/v2\/categories?post=246566"},{"taxonomy":"post_tag","embeddable":true,"href":"https:\/\/franciscanos.org.br\/noticias\/wp-json\/wp\/v2\/tags?post=246566"}],"curies":[{"name":"wp","href":"https:\/\/api.w.org\/{rel}","templated":true}]}}