{"id":246536,"date":"2024-02-28T09:01:26","date_gmt":"2024-02-28T12:01:26","guid":{"rendered":"https:\/\/franciscanos.org.br\/noticias\/?p=246536"},"modified":"2024-02-28T09:03:28","modified_gmt":"2024-02-28T12:03:28","slug":"papa-inveja-e-vangloria-vicios-de-quem-sonha-ser-o-centro-do-mundo","status":"publish","type":"post","link":"https:\/\/franciscanos.org.br\/noticias\/papa-inveja-e-vangloria-vicios-de-quem-sonha-ser-o-centro-do-mundo.html","title":{"rendered":"Papa: inveja e vangl\u00f3ria, v\u00edcios de quem sonha ser o centro do mundo"},"content":{"rendered":"<div>\n<div id=\"attachment_246539\" style=\"width: 760px\" class=\"wp-caption aligncenter\"><img aria-describedby=\"caption-attachment-246539\" loading=\"lazy\" class=\"wp-image-246539 size-full\" src=\"https:\/\/franciscanos.org.br\/noticias\/wp-content\/uploads\/2024\/02\/cq5dam.thumbnail.cropped.750.422-1.jpeg\" alt=\"\" width=\"750\" height=\"422\" srcset=\"https:\/\/franciscanos.org.br\/noticias\/wp-content\/uploads\/2024\/02\/cq5dam.thumbnail.cropped.750.422-1.jpeg 750w, https:\/\/franciscanos.org.br\/noticias\/wp-content\/uploads\/2024\/02\/cq5dam.thumbnail.cropped.750.422-1-450x253.jpeg 450w, https:\/\/franciscanos.org.br\/noticias\/wp-content\/uploads\/2024\/02\/cq5dam.thumbnail.cropped.750.422-1-150x84.jpeg 150w\" sizes=\"(max-width: 750px) 100vw, 750px\" \/><p id=\"caption-attachment-246539\" class=\"wp-caption-text\">Audi\u00eancia Geral com o Papa Francisco<\/p><\/div>\n<\/div>\n<div class=\"article__subTitle\"><em>Na Audi\u00eancia Geral desta quarta-feira (28), Francisco deu continuidade ao ciclo de catequeses sobre os v\u00edcios e as virtudes. O texto da reflex\u00e3o dedicado \u00e0 inveja e \u00e0 vangl\u00f3ria foi proferido por mons. Ciampanelli, colaborador da Secretaria de Estado. Para combater esses v\u00edcios, os rem\u00e9dios s\u00e3o o amor gratuito e o reconhecimento de que Deus est\u00e1 presente em nossa pr\u00f3pria fraqueza.<\/em><\/div>\n<div>\n<p>Ap\u00f3s uma semana de pausa, devido ao retiro espiritual quaresmal dos membros da C\u00faria Romana, e ainda se recuperando de uma &#8220;leve gripe&#8221;, conforme comunicado pela Sala de Imprensa da Santa S\u00e9, que levou o Pont\u00edfice a cancelar algumas atividades no s\u00e1bado e na segunda-feira, Francisco esteve presente na Sala Paulo VI para a Audi\u00eancia Geral desta quarta-feira, 28 de fevereiro.<\/p>\n<p>Ao saudar os fi\u00e9is e peregrinos, o Papa afirmou: &#8220;Queridos irm\u00e3os e irm\u00e3s, ainda estou um pouco resfriado. Por isso, pedi ao mons. Ciampanelli para ler a catequese de hoje&#8221;, e em seguida, o colaborador da Secretaria de Estado proferiu o discurso que d\u00e1 continuidade \u00e0 reflex\u00e3o sobre os v\u00edcios e as virtudes.<\/p>\n<\/div>\n<div class=\"title__separator\">\n<div id=\"attachment_246537\" style=\"width: 760px\" class=\"wp-caption aligncenter\"><img aria-describedby=\"caption-attachment-246537\" loading=\"lazy\" class=\"wp-image-246537 size-full\" src=\"https:\/\/franciscanos.org.br\/noticias\/wp-content\/uploads\/2024\/02\/chico.jpeg\" alt=\"\" width=\"750\" height=\"422\" srcset=\"https:\/\/franciscanos.org.br\/noticias\/wp-content\/uploads\/2024\/02\/chico.jpeg 750w, https:\/\/franciscanos.org.br\/noticias\/wp-content\/uploads\/2024\/02\/chico-450x253.jpeg 450w, https:\/\/franciscanos.org.br\/noticias\/wp-content\/uploads\/2024\/02\/chico-150x84.jpeg 150w\" sizes=\"(max-width: 750px) 100vw, 750px\" \/><p id=\"caption-attachment-246537\" class=\"wp-caption-text\">Francisco, no momento em que explica aos fi\u00e9is que confiou a leitura da catequese ao monsenhor Ciampanelli<\/p><\/div>\n<h2>O rosto do invejoso \u00e9 sempre triste<\/h2>\n<p>&#8220;Hoje examinaremos dois pecados capitais que encontramos nas grandes listas que a tradi\u00e7\u00e3o espiritual nos deixou: a inveja e a vangl\u00f3ria&#8221;, introduz mons. Ciampanelli, dedicando a primeira parte da reflex\u00e3o \u00e0 inveja:<\/p>\n<p><i>&#8220;Quando lemos a Sagrada Escritura, percebemos que este v\u00edcio nos \u00e9 apresentado como um dos mais antigos: o \u00f3dio de Caim por Abel \u00e9 desencadeado quando ele percebe que os sacrif\u00edcios do seu irm\u00e3o agradam a Deus. O rosto do invejoso \u00e9 sempre triste: o seu olhar est\u00e1 abaixado, parece examinar continuamente o ch\u00e3o, mas na realidade n\u00e3o v\u00ea nada, porque a mente est\u00e1 envolvida por pensamentos cheios de mal\u00edcia. A inveja, se n\u00e3o for controlada, leva ao \u00f3dio pelos outros. Abel ser\u00e1 morto pelas m\u00e3os de Caim, que n\u00e3o podia suportar a felicidade do irm\u00e3o.&#8221;<\/i><\/p>\n<h2>Deus tem uma &#8220;matem\u00e1tica&#8221; pr\u00f3pria<\/h2>\n<p>O texto do Papa sublinha que &#8220;na raiz deste v\u00edcio existe uma rela\u00e7\u00e3o de \u00f3dio e amor: deseja-se mal ao outro, mas secretamente deseja-se ser como ele&#8221;.<\/p>\n<p>A inveja nos faz criar uma falsa ideia de Deus, n\u00e3o se aceita que Deus tenha uma &#8220;matem\u00e1tica&#8221; pr\u00f3pria, diferente da nossa:<\/p>\n<p><i>&#8220;Gostar\u00edamos de impor a Deus a nossa l\u00f3gica ego\u00edsta, mas a l\u00f3gica de Deus \u00e9 o amor. Os bens que Ele nos d\u00e1 s\u00e3o feitos para serem partilhados. \u00c9 por isso que S\u00e3o Paulo exorta os crist\u00e3os: &#8216;Com amizade fraterna, sede afetuosos uns com os outros. Rivalizai uns com os outros na estima rec\u00edproca&#8217; (Rm 12,10). Eis aqui o rem\u00e9dio para a inveja!&#8221;<\/i><\/p>\n<div id=\"attachment_246538\" style=\"width: 760px\" class=\"wp-caption aligncenter\"><img aria-describedby=\"caption-attachment-246538\" loading=\"lazy\" class=\"wp-image-246538 size-full\" src=\"https:\/\/franciscanos.org.br\/noticias\/wp-content\/uploads\/2024\/02\/cq5dam.thumbnail.cropped.750.422.jpeg\" alt=\"\" width=\"750\" height=\"422\" srcset=\"https:\/\/franciscanos.org.br\/noticias\/wp-content\/uploads\/2024\/02\/cq5dam.thumbnail.cropped.750.422.jpeg 750w, https:\/\/franciscanos.org.br\/noticias\/wp-content\/uploads\/2024\/02\/cq5dam.thumbnail.cropped.750.422-450x253.jpeg 450w, https:\/\/franciscanos.org.br\/noticias\/wp-content\/uploads\/2024\/02\/cq5dam.thumbnail.cropped.750.422-150x84.jpeg 150w\" sizes=\"(max-width: 750px) 100vw, 750px\" \/><p id=\"caption-attachment-246538\" class=\"wp-caption-text\">Aula Paulo VI durante a Audi\u00eancia Geral desta quarta-feira, 28 de fevereiro<\/p><\/div>\n<h2>A vangl\u00f3ria \u00e9 uma autoestima inflada e infundada<\/h2>\n<p>A segunda parte da catequese de Francisco volta-se para a vangl\u00f3ria, e mons. Ciampanelli, na leitura do texto, recorda que este v\u00edcio anda de m\u00e3os dadas com o dem\u00f4nio da inveja, sendo t\u00edpico de quem aspira ser o centro do mundo, livre para explorar tudo e todos, objeto de todo louvor e todo amor:<\/p>\n<p><i>&#8220;A pessoa vangloriosa n\u00e3o tem empatia e n\u00e3o percebe que existem outras pessoas no mundo al\u00e9m dela. As suas rela\u00e7\u00f5es s\u00e3o sempre instrumentais, caracterizadas pela opress\u00e3o dos outros. A sua pessoa, as suas fa\u00e7anhas, os seus sucessos devem ser mostrados a todos: \u00e9 uma perp\u00e9tua mendiga da aten\u00e7\u00e3o. E se, \u00e0s vezes, suas qualidades n\u00e3o s\u00e3o reconhecidas, fica extremamente irritada. Os outros s\u00e3o injustos, n\u00e3o entendem, n\u00e3o est\u00e3o \u00e0 altura.&#8221;<\/i><\/p>\n<h2>Nas fraquezas, a for\u00e7a de Cristo<\/h2>\n<p>&#8220;Para curar os vangloriosos, os mestres espirituais n\u00e3o sugerem muitos rem\u00e9dios&#8221;, recorda o texto do Papa, &#8220;porque, em \u00faltima an\u00e1lise, o mal da vaidade tem em si o seu rem\u00e9dio: os elogios que o vanglorioso esperava colher no mundo logo se voltar\u00e3o contra ele. E quantas pessoas, iludidas por uma falsa imagem de si mesmas, ca\u00edram em pecados dos quais logo se envergonhariam!&#8221;<\/p>\n<p>Na conclus\u00e3o, mons. Ciampanelli ressalta na leitura da catequese, que a mais bela instru\u00e7\u00e3o para vencer a vangl\u00f3ria encontra-se no testemunho de S\u00e3o Paulo:<\/p>\n<p><i>&#8220;O Ap\u00f3stolo sempre teve de lidar com uma falha que nunca foi capaz de superar. Tr\u00eas vezes pediu ao Senhor que o libertasse daquele tormento, mas no final Jesus respondeu-lhe: &#8216;Basta-te a minha gra\u00e7a, pois \u00e9 na fraqueza que a for\u00e7a se consuma&#8217;. A partir daquele dia, Paulo foi libertado. E a sua conclus\u00e3o deveria tornar-se tamb\u00e9m a nossa: &#8216;\u00c9, portanto, de bom grado que prefiro gloriar-me nas minhas fraquezas, para que habite em mim a for\u00e7a de Cristo&#8217; (2Cor 12,9).&#8221;<\/i><\/p>\n<p><iframe loading=\"lazy\" title=\"YouTube video player\" src=\"https:\/\/www.youtube.com\/embed\/oz3ua0isZ_0?si=6D2d4X2oYkLmv79H\" width=\"560\" height=\"315\" frameborder=\"0\" allowfullscreen=\"allowfullscreen\"><\/iframe><\/p>\n<\/div>\n<div class=\"article__text\">\n<hr \/>\n<p><b>Thulio Fonseca &#8211; Vatican News<\/b><\/p>\n<\/div>\n","protected":false},"excerpt":{"rendered":"<p>Na Audi\u00eancia Geral desta quarta-feira (28), Francisco deu continuidade ao ciclo de catequeses sobre os v\u00edcios e as virtudes. O texto da reflex\u00e3o dedicado \u00e0 inveja e \u00e0 vangl\u00f3ria foi proferido por mons. Ciampanelli, colaborador da Secretaria de Estado. Para combater esses v\u00edcios, os rem\u00e9dios s\u00e3o o amor gratuito e o reconhecimento de que Deus [&hellip;]<\/p>\n","protected":false},"author":10,"featured_media":0,"comment_status":"open","ping_status":"open","sticky":false,"template":"","format":"standard","meta":[],"categories":[1428],"tags":[2196],"acf":[],"yoast_head":"<!-- This site is optimized with the Yoast SEO plugin v19.2 - https:\/\/yoast.com\/wordpress\/plugins\/seo\/ -->\n<title>Papa: inveja e vangl\u00f3ria, v\u00edcios de quem sonha ser o centro do mundo - Not\u00edcias - Franciscanos<\/title>\n<meta name=\"robots\" content=\"index, follow, max-snippet:-1, max-image-preview:large, max-video-preview:-1\" \/>\n<link rel=\"canonical\" href=\"https:\/\/franciscanos.org.br\/noticias\/papa-inveja-e-vangloria-vicios-de-quem-sonha-ser-o-centro-do-mundo.html\" \/>\n<meta property=\"og:locale\" content=\"pt_BR\" \/>\n<meta property=\"og:type\" content=\"article\" \/>\n<meta property=\"og:title\" content=\"Papa: inveja e vangl\u00f3ria, v\u00edcios de quem sonha ser o centro do mundo - Not\u00edcias - Franciscanos\" \/>\n<meta property=\"og:description\" content=\"Na Audi\u00eancia Geral desta quarta-feira (28), Francisco deu continuidade ao ciclo de catequeses sobre os v\u00edcios e as virtudes. O texto da reflex\u00e3o dedicado \u00e0 inveja e \u00e0 vangl\u00f3ria foi proferido por mons. Ciampanelli, colaborador da Secretaria de Estado. Para combater esses v\u00edcios, os rem\u00e9dios s\u00e3o o amor gratuito e o reconhecimento de que Deus [&hellip;]\" \/>\n<meta property=\"og:url\" content=\"https:\/\/franciscanos.org.br\/noticias\/papa-inveja-e-vangloria-vicios-de-quem-sonha-ser-o-centro-do-mundo.html\" \/>\n<meta property=\"og:site_name\" content=\"Not\u00edcias - Franciscanos\" \/>\n<meta property=\"article:published_time\" content=\"2024-02-28T12:01:26+00:00\" \/>\n<meta property=\"article:modified_time\" content=\"2024-02-28T12:03:28+00:00\" \/>\n<meta property=\"og:image\" content=\"https:\/\/franciscanos.org.br\/noticias\/wp-content\/uploads\/2024\/02\/cq5dam.thumbnail.cropped.750.422-1.jpeg\" \/>\n<meta name=\"author\" content=\"Jo\u00e3o Vitor\" \/>\n<meta name=\"twitter:card\" content=\"summary_large_image\" \/>\n<meta name=\"twitter:label1\" content=\"Escrito por\" \/>\n\t<meta name=\"twitter:data1\" content=\"Jo\u00e3o Vitor\" \/>\n\t<meta name=\"twitter:label2\" content=\"Est. tempo de leitura\" \/>\n\t<meta name=\"twitter:data2\" content=\"4 minutos\" \/>\n<script type=\"application\/ld+json\" class=\"yoast-schema-graph\">{\"@context\":\"https:\/\/schema.org\",\"@graph\":[{\"@type\":\"WebSite\",\"@id\":\"https:\/\/franciscanos.org.br\/noticias\/#website\",\"url\":\"https:\/\/franciscanos.org.br\/noticias\/\",\"name\":\"Not\u00edcias - Franciscanos\",\"description\":\"Prov\u00edncia Franciscana da Imaculada Concei\u00e7\u00e3o do Brasil - Ordem dos Frades Menores - OFM\",\"potentialAction\":[{\"@type\":\"SearchAction\",\"target\":{\"@type\":\"EntryPoint\",\"urlTemplate\":\"https:\/\/franciscanos.org.br\/noticias\/?s={search_term_string}\"},\"query-input\":\"required name=search_term_string\"}],\"inLanguage\":\"pt-BR\"},{\"@type\":\"ImageObject\",\"inLanguage\":\"pt-BR\",\"@id\":\"https:\/\/franciscanos.org.br\/noticias\/papa-inveja-e-vangloria-vicios-de-quem-sonha-ser-o-centro-do-mundo.html#primaryimage\",\"url\":\"https:\/\/franciscanos.org.br\/noticias\/wp-content\/uploads\/2024\/02\/cq5dam.thumbnail.cropped.750.422-1.jpeg\",\"contentUrl\":\"https:\/\/franciscanos.org.br\/noticias\/wp-content\/uploads\/2024\/02\/cq5dam.thumbnail.cropped.750.422-1.jpeg\",\"width\":750,\"height\":422,\"caption\":\"Audi\u00eancia Geral com o Papa Francisco\"},{\"@type\":\"WebPage\",\"@id\":\"https:\/\/franciscanos.org.br\/noticias\/papa-inveja-e-vangloria-vicios-de-quem-sonha-ser-o-centro-do-mundo.html#webpage\",\"url\":\"https:\/\/franciscanos.org.br\/noticias\/papa-inveja-e-vangloria-vicios-de-quem-sonha-ser-o-centro-do-mundo.html\",\"name\":\"Papa: inveja e vangl\u00f3ria, v\u00edcios de quem sonha ser o centro do mundo - Not\u00edcias - Franciscanos\",\"isPartOf\":{\"@id\":\"https:\/\/franciscanos.org.br\/noticias\/#website\"},\"primaryImageOfPage\":{\"@id\":\"https:\/\/franciscanos.org.br\/noticias\/papa-inveja-e-vangloria-vicios-de-quem-sonha-ser-o-centro-do-mundo.html#primaryimage\"},\"datePublished\":\"2024-02-28T12:01:26+00:00\",\"dateModified\":\"2024-02-28T12:03:28+00:00\",\"author\":{\"@id\":\"https:\/\/franciscanos.org.br\/noticias\/#\/schema\/person\/8c11f06a466b856a11dd48d20600055f\"},\"breadcrumb\":{\"@id\":\"https:\/\/franciscanos.org.br\/noticias\/papa-inveja-e-vangloria-vicios-de-quem-sonha-ser-o-centro-do-mundo.html#breadcrumb\"},\"inLanguage\":\"pt-BR\",\"potentialAction\":[{\"@type\":\"ReadAction\",\"target\":[\"https:\/\/franciscanos.org.br\/noticias\/papa-inveja-e-vangloria-vicios-de-quem-sonha-ser-o-centro-do-mundo.html\"]}]},{\"@type\":\"BreadcrumbList\",\"@id\":\"https:\/\/franciscanos.org.br\/noticias\/papa-inveja-e-vangloria-vicios-de-quem-sonha-ser-o-centro-do-mundo.html#breadcrumb\",\"itemListElement\":[{\"@type\":\"ListItem\",\"position\":1,\"name\":\"Home\",\"item\":\"https:\/\/franciscanos.org.br\/noticias\"},{\"@type\":\"ListItem\",\"position\":2,\"name\":\"Papa: inveja e vangl\u00f3ria, v\u00edcios de quem sonha ser o centro do mundo\"}]},{\"@type\":\"Person\",\"@id\":\"https:\/\/franciscanos.org.br\/noticias\/#\/schema\/person\/8c11f06a466b856a11dd48d20600055f\",\"name\":\"Jo\u00e3o Vitor\",\"image\":{\"@type\":\"ImageObject\",\"inLanguage\":\"pt-BR\",\"@id\":\"https:\/\/franciscanos.org.br\/noticias\/#\/schema\/person\/image\/\",\"url\":\"https:\/\/secure.gravatar.com\/avatar\/10ba5c9713e0c323617b4309a19e3a46?s=96&d=mm&r=g\",\"contentUrl\":\"https:\/\/secure.gravatar.com\/avatar\/10ba5c9713e0c323617b4309a19e3a46?s=96&d=mm&r=g\",\"caption\":\"Jo\u00e3o Vitor\"},\"url\":\"https:\/\/franciscanos.org.br\/noticias\/author\/joaovitor\"}]}<\/script>\n<!-- \/ Yoast SEO plugin. -->","yoast_head_json":{"title":"Papa: inveja e vangl\u00f3ria, v\u00edcios de quem sonha ser o centro do mundo - Not\u00edcias - Franciscanos","robots":{"index":"index","follow":"follow","max-snippet":"max-snippet:-1","max-image-preview":"max-image-preview:large","max-video-preview":"max-video-preview:-1"},"canonical":"https:\/\/franciscanos.org.br\/noticias\/papa-inveja-e-vangloria-vicios-de-quem-sonha-ser-o-centro-do-mundo.html","og_locale":"pt_BR","og_type":"article","og_title":"Papa: inveja e vangl\u00f3ria, v\u00edcios de quem sonha ser o centro do mundo - Not\u00edcias - Franciscanos","og_description":"Na Audi\u00eancia Geral desta quarta-feira (28), Francisco deu continuidade ao ciclo de catequeses sobre os v\u00edcios e as virtudes. O texto da reflex\u00e3o dedicado \u00e0 inveja e \u00e0 vangl\u00f3ria foi proferido por mons. Ciampanelli, colaborador da Secretaria de Estado. Para combater esses v\u00edcios, os rem\u00e9dios s\u00e3o o amor gratuito e o reconhecimento de que Deus [&hellip;]","og_url":"https:\/\/franciscanos.org.br\/noticias\/papa-inveja-e-vangloria-vicios-de-quem-sonha-ser-o-centro-do-mundo.html","og_site_name":"Not\u00edcias - Franciscanos","article_published_time":"2024-02-28T12:01:26+00:00","article_modified_time":"2024-02-28T12:03:28+00:00","og_image":[{"url":"https:\/\/franciscanos.org.br\/noticias\/wp-content\/uploads\/2024\/02\/cq5dam.thumbnail.cropped.750.422-1.jpeg"}],"author":"Jo\u00e3o Vitor","twitter_card":"summary_large_image","twitter_misc":{"Escrito por":"Jo\u00e3o Vitor","Est. tempo de leitura":"4 minutos"},"schema":{"@context":"https:\/\/schema.org","@graph":[{"@type":"WebSite","@id":"https:\/\/franciscanos.org.br\/noticias\/#website","url":"https:\/\/franciscanos.org.br\/noticias\/","name":"Not\u00edcias - Franciscanos","description":"Prov\u00edncia Franciscana da Imaculada Concei\u00e7\u00e3o do Brasil - Ordem dos Frades Menores - OFM","potentialAction":[{"@type":"SearchAction","target":{"@type":"EntryPoint","urlTemplate":"https:\/\/franciscanos.org.br\/noticias\/?s={search_term_string}"},"query-input":"required name=search_term_string"}],"inLanguage":"pt-BR"},{"@type":"ImageObject","inLanguage":"pt-BR","@id":"https:\/\/franciscanos.org.br\/noticias\/papa-inveja-e-vangloria-vicios-de-quem-sonha-ser-o-centro-do-mundo.html#primaryimage","url":"https:\/\/franciscanos.org.br\/noticias\/wp-content\/uploads\/2024\/02\/cq5dam.thumbnail.cropped.750.422-1.jpeg","contentUrl":"https:\/\/franciscanos.org.br\/noticias\/wp-content\/uploads\/2024\/02\/cq5dam.thumbnail.cropped.750.422-1.jpeg","width":750,"height":422,"caption":"Audi\u00eancia Geral com o Papa Francisco"},{"@type":"WebPage","@id":"https:\/\/franciscanos.org.br\/noticias\/papa-inveja-e-vangloria-vicios-de-quem-sonha-ser-o-centro-do-mundo.html#webpage","url":"https:\/\/franciscanos.org.br\/noticias\/papa-inveja-e-vangloria-vicios-de-quem-sonha-ser-o-centro-do-mundo.html","name":"Papa: inveja e vangl\u00f3ria, v\u00edcios de quem sonha ser o centro do mundo - Not\u00edcias - Franciscanos","isPartOf":{"@id":"https:\/\/franciscanos.org.br\/noticias\/#website"},"primaryImageOfPage":{"@id":"https:\/\/franciscanos.org.br\/noticias\/papa-inveja-e-vangloria-vicios-de-quem-sonha-ser-o-centro-do-mundo.html#primaryimage"},"datePublished":"2024-02-28T12:01:26+00:00","dateModified":"2024-02-28T12:03:28+00:00","author":{"@id":"https:\/\/franciscanos.org.br\/noticias\/#\/schema\/person\/8c11f06a466b856a11dd48d20600055f"},"breadcrumb":{"@id":"https:\/\/franciscanos.org.br\/noticias\/papa-inveja-e-vangloria-vicios-de-quem-sonha-ser-o-centro-do-mundo.html#breadcrumb"},"inLanguage":"pt-BR","potentialAction":[{"@type":"ReadAction","target":["https:\/\/franciscanos.org.br\/noticias\/papa-inveja-e-vangloria-vicios-de-quem-sonha-ser-o-centro-do-mundo.html"]}]},{"@type":"BreadcrumbList","@id":"https:\/\/franciscanos.org.br\/noticias\/papa-inveja-e-vangloria-vicios-de-quem-sonha-ser-o-centro-do-mundo.html#breadcrumb","itemListElement":[{"@type":"ListItem","position":1,"name":"Home","item":"https:\/\/franciscanos.org.br\/noticias"},{"@type":"ListItem","position":2,"name":"Papa: inveja e vangl\u00f3ria, v\u00edcios de quem sonha ser o centro do mundo"}]},{"@type":"Person","@id":"https:\/\/franciscanos.org.br\/noticias\/#\/schema\/person\/8c11f06a466b856a11dd48d20600055f","name":"Jo\u00e3o Vitor","image":{"@type":"ImageObject","inLanguage":"pt-BR","@id":"https:\/\/franciscanos.org.br\/noticias\/#\/schema\/person\/image\/","url":"https:\/\/secure.gravatar.com\/avatar\/10ba5c9713e0c323617b4309a19e3a46?s=96&d=mm&r=g","contentUrl":"https:\/\/secure.gravatar.com\/avatar\/10ba5c9713e0c323617b4309a19e3a46?s=96&d=mm&r=g","caption":"Jo\u00e3o Vitor"},"url":"https:\/\/franciscanos.org.br\/noticias\/author\/joaovitor"}]}},"_links":{"self":[{"href":"https:\/\/franciscanos.org.br\/noticias\/wp-json\/wp\/v2\/posts\/246536"}],"collection":[{"href":"https:\/\/franciscanos.org.br\/noticias\/wp-json\/wp\/v2\/posts"}],"about":[{"href":"https:\/\/franciscanos.org.br\/noticias\/wp-json\/wp\/v2\/types\/post"}],"author":[{"embeddable":true,"href":"https:\/\/franciscanos.org.br\/noticias\/wp-json\/wp\/v2\/users\/10"}],"replies":[{"embeddable":true,"href":"https:\/\/franciscanos.org.br\/noticias\/wp-json\/wp\/v2\/comments?post=246536"}],"version-history":[{"count":2,"href":"https:\/\/franciscanos.org.br\/noticias\/wp-json\/wp\/v2\/posts\/246536\/revisions"}],"predecessor-version":[{"id":246541,"href":"https:\/\/franciscanos.org.br\/noticias\/wp-json\/wp\/v2\/posts\/246536\/revisions\/246541"}],"wp:attachment":[{"href":"https:\/\/franciscanos.org.br\/noticias\/wp-json\/wp\/v2\/media?parent=246536"}],"wp:term":[{"taxonomy":"category","embeddable":true,"href":"https:\/\/franciscanos.org.br\/noticias\/wp-json\/wp\/v2\/categories?post=246536"},{"taxonomy":"post_tag","embeddable":true,"href":"https:\/\/franciscanos.org.br\/noticias\/wp-json\/wp\/v2\/tags?post=246536"}],"curies":[{"name":"wp","href":"https:\/\/api.w.org\/{rel}","templated":true}]}}