{"id":246471,"date":"2024-02-19T10:30:36","date_gmt":"2024-02-19T13:30:36","guid":{"rendered":"https:\/\/franciscanos.org.br\/noticias\/?p=246471"},"modified":"2025-03-10T16:00:45","modified_gmt":"2025-03-10T19:00:45","slug":"postulantes-visitam-a-casa-da-mae-aparecida-e-rezam-pelo-ano-formativo","status":"publish","type":"post","link":"https:\/\/franciscanos.org.br\/noticias\/postulantes-visitam-a-casa-da-mae-aparecida-e-rezam-pelo-ano-formativo.html","title":{"rendered":"Postulantes visitam a Casa da M\u00e3e Aparecida e rezam pelo ano formativo"},"content":{"rendered":"<div id=\"attachment_246472\" style=\"width: 1290px\" class=\"wp-caption alignnone\"><img aria-describedby=\"caption-attachment-246472\" loading=\"lazy\" class=\"wp-image-246472 size-full\" src=\"https:\/\/franciscanos.org.br\/noticias\/wp-content\/uploads\/2024\/02\/guara_01.jpg\" alt=\"\" width=\"1280\" height=\"720\" srcset=\"https:\/\/franciscanos.org.br\/noticias\/wp-content\/uploads\/2024\/02\/guara_01.jpg 1280w, https:\/\/franciscanos.org.br\/noticias\/wp-content\/uploads\/2024\/02\/guara_01-450x253.jpg 450w, https:\/\/franciscanos.org.br\/noticias\/wp-content\/uploads\/2024\/02\/guara_01-1024x576.jpg 1024w, https:\/\/franciscanos.org.br\/noticias\/wp-content\/uploads\/2024\/02\/guara_01-768x432.jpg 768w, https:\/\/franciscanos.org.br\/noticias\/wp-content\/uploads\/2024\/02\/guara_01-150x84.jpg 150w\" sizes=\"(max-width: 1280px) 100vw, 1280px\" \/><p id=\"caption-attachment-246472\" class=\"wp-caption-text\"><em>Da esquerda para direita, postulantes: Ivan, Luciano, Levy, Luis, Irm\u00e3s Concepcionistas, Frei Walter (Mestre), Frei Valdir (Vice-mestre), Francisco, Mateus, Gabriel.<\/em><\/p><\/div>\n<p>O evangelista S\u00e3o Mateus, ap\u00f3s ouvir o chamado do Mestre, levantou-se e O seguiu. Ele colocou-se a caminho, indo ao encontro daquele que o chamou (Cf. Mt 9:9). O Senhor repetiu esse convite que ressoou no cora\u00e7\u00e3o de sete jovens, que s\u00e3o os postulantes deste ano . Ouvindo, levantaram-se e O seguiram. E para bem viver esse seguimento, estes jovens postulantes visitaram a Casa da M\u00e3e Aparecida, rezaram o Ter\u00e7o na Capela dedicada a S\u00e3o Jos\u00e9 para pedirem amparo e consagrarem o ano formativo e de atividades pastorais.<\/p>\n<p><strong> Seguimento e miss\u00e3o<\/strong><\/p>\n<p>Sendo assim, deram tamb\u00e9m in\u00edcio \u00e0s atividades pastorais: atendimento aos romeiros no Semin\u00e1rio, visitas mission\u00e1rias \u00e0s fam\u00edlias do bairro do entorno do Semin\u00e1rio e pastoral junto aos irm\u00e3os em situa\u00e7\u00e3o de rua. Seguir tamb\u00e9m \u00e9 formar fam\u00edlia, ser um com os demais. Isso retrata-se no conv\u00edvio fraterno com os frades e na participa\u00e7\u00e3o quinzenal, aos s\u00e1bados, da Celebra\u00e7\u00e3o Eucar\u00edstica junto ao mosteiro das Irm\u00e3s Concepcionistas.<\/p>\n<div id=\"attachment_246473\" style=\"width: 970px\" class=\"wp-caption alignnone\"><img aria-describedby=\"caption-attachment-246473\" loading=\"lazy\" class=\"wp-image-246473 size-full\" src=\"https:\/\/franciscanos.org.br\/noticias\/wp-content\/uploads\/2024\/02\/capela_saojose.jpg\" alt=\"\" width=\"960\" height=\"1124\" srcset=\"https:\/\/franciscanos.org.br\/noticias\/wp-content\/uploads\/2024\/02\/capela_saojose.jpg 960w, https:\/\/franciscanos.org.br\/noticias\/wp-content\/uploads\/2024\/02\/capela_saojose-384x450.jpg 384w, https:\/\/franciscanos.org.br\/noticias\/wp-content\/uploads\/2024\/02\/capela_saojose-875x1024.jpg 875w, https:\/\/franciscanos.org.br\/noticias\/wp-content\/uploads\/2024\/02\/capela_saojose-768x899.jpg 768w, https:\/\/franciscanos.org.br\/noticias\/wp-content\/uploads\/2024\/02\/capela_saojose-150x176.jpg 150w\" sizes=\"(max-width: 960px) 100vw, 960px\" \/><p id=\"caption-attachment-246473\" class=\"wp-caption-text\">Reza do Ter\u00e7o em Aparecida (Santu\u00e1rio Nacional).<\/p><\/div>\n<p>Segundo as Constitui\u00e7\u00f5es Gerais da Ordem dos Frades Menores, a forma\u00e7\u00e3o inicial \u00e0 vida religiosa franciscana \u00e9 feita em tr\u00eas etapas: postulantado, noviciado e tempo de Profiss\u00e3o tempor\u00e1ria: \u201cO Postulantado \u00e9 o per\u00edodo durante o qual o candidato pede para abra\u00e7ar nossa vida, com a inten\u00e7\u00e3o de preparar-se convenientemente para o Noviciado; e a Fraternidade provincial, depois de oportuno e rec\u00edproco conhecimento, amadurece sua resposta sobre a admiss\u00e3o dele ao Noviciado\u201d, define o documento.<\/p>\n<hr \/>\n<p><em style=\"font-size: 16px;\">Equipe de Comunica\u00e7\u00e3o do Postulantado ( Francisco Ivan e Luis Nald<\/em><span style=\"font-size: 16px;\">o).<\/span><\/p>\n","protected":false},"excerpt":{"rendered":"<p>Postulantado Frei Galv\u00e3o<\/p>\n","protected":false},"author":3,"featured_media":246475,"comment_status":"open","ping_status":"open","sticky":false,"template":"","format":"standard","meta":[],"categories":[1],"tags":[2204,2056],"acf":[],"yoast_head":"<!-- This site is optimized with the Yoast SEO plugin v19.2 - https:\/\/yoast.com\/wordpress\/plugins\/seo\/ -->\n<title>Postulantes visitam a Casa da M\u00e3e Aparecida e rezam pelo ano formativo - Not\u00edcias - Franciscanos<\/title>\n<meta name=\"robots\" content=\"index, follow, max-snippet:-1, max-image-preview:large, max-video-preview:-1\" \/>\n<link rel=\"canonical\" href=\"https:\/\/franciscanos.org.br\/noticias\/postulantes-visitam-a-casa-da-mae-aparecida-e-rezam-pelo-ano-formativo.html\" \/>\n<meta property=\"og:locale\" content=\"pt_BR\" \/>\n<meta property=\"og:type\" content=\"article\" \/>\n<meta property=\"og:title\" content=\"Postulantes visitam a Casa da M\u00e3e Aparecida e rezam pelo ano formativo - Not\u00edcias - Franciscanos\" \/>\n<meta property=\"og:description\" content=\"Postulantado Frei Galv\u00e3o\" \/>\n<meta property=\"og:url\" content=\"https:\/\/franciscanos.org.br\/noticias\/postulantes-visitam-a-casa-da-mae-aparecida-e-rezam-pelo-ano-formativo.html\" \/>\n<meta property=\"og:site_name\" content=\"Not\u00edcias - Franciscanos\" \/>\n<meta property=\"article:published_time\" content=\"2024-02-19T13:30:36+00:00\" \/>\n<meta property=\"article:modified_time\" content=\"2025-03-10T19:00:45+00:00\" \/>\n<meta property=\"og:image\" content=\"https:\/\/franciscanos.org.br\/noticias\/wp-content\/uploads\/2024\/02\/postulantes_1902.jpg\" \/>\n\t<meta property=\"og:image:width\" content=\"800\" \/>\n\t<meta property=\"og:image:height\" content=\"500\" \/>\n\t<meta property=\"og:image:type\" content=\"image\/jpeg\" \/>\n<meta name=\"author\" content=\"moacir\" \/>\n<meta name=\"twitter:card\" content=\"summary_large_image\" \/>\n<meta name=\"twitter:label1\" content=\"Escrito por\" \/>\n\t<meta name=\"twitter:data1\" content=\"moacir\" \/>\n\t<meta name=\"twitter:label2\" content=\"Est. tempo de leitura\" \/>\n\t<meta name=\"twitter:data2\" content=\"2 minutos\" \/>\n<script type=\"application\/ld+json\" class=\"yoast-schema-graph\">{\"@context\":\"https:\/\/schema.org\",\"@graph\":[{\"@type\":\"WebSite\",\"@id\":\"https:\/\/franciscanos.org.br\/noticias\/#website\",\"url\":\"https:\/\/franciscanos.org.br\/noticias\/\",\"name\":\"Not\u00edcias - Franciscanos\",\"description\":\"Prov\u00edncia Franciscana da Imaculada Concei\u00e7\u00e3o do Brasil - Ordem dos Frades Menores - OFM\",\"potentialAction\":[{\"@type\":\"SearchAction\",\"target\":{\"@type\":\"EntryPoint\",\"urlTemplate\":\"https:\/\/franciscanos.org.br\/noticias\/?s={search_term_string}\"},\"query-input\":\"required name=search_term_string\"}],\"inLanguage\":\"pt-BR\"},{\"@type\":\"ImageObject\",\"inLanguage\":\"pt-BR\",\"@id\":\"https:\/\/franciscanos.org.br\/noticias\/postulantes-visitam-a-casa-da-mae-aparecida-e-rezam-pelo-ano-formativo.html#primaryimage\",\"url\":\"https:\/\/franciscanos.org.br\/noticias\/wp-content\/uploads\/2024\/02\/postulantes_1902.jpg\",\"contentUrl\":\"https:\/\/franciscanos.org.br\/noticias\/wp-content\/uploads\/2024\/02\/postulantes_1902.jpg\",\"width\":800,\"height\":500},{\"@type\":\"WebPage\",\"@id\":\"https:\/\/franciscanos.org.br\/noticias\/postulantes-visitam-a-casa-da-mae-aparecida-e-rezam-pelo-ano-formativo.html#webpage\",\"url\":\"https:\/\/franciscanos.org.br\/noticias\/postulantes-visitam-a-casa-da-mae-aparecida-e-rezam-pelo-ano-formativo.html\",\"name\":\"Postulantes visitam a Casa da M\u00e3e Aparecida e rezam pelo ano formativo - Not\u00edcias - Franciscanos\",\"isPartOf\":{\"@id\":\"https:\/\/franciscanos.org.br\/noticias\/#website\"},\"primaryImageOfPage\":{\"@id\":\"https:\/\/franciscanos.org.br\/noticias\/postulantes-visitam-a-casa-da-mae-aparecida-e-rezam-pelo-ano-formativo.html#primaryimage\"},\"datePublished\":\"2024-02-19T13:30:36+00:00\",\"dateModified\":\"2025-03-10T19:00:45+00:00\",\"author\":{\"@id\":\"https:\/\/franciscanos.org.br\/noticias\/#\/schema\/person\/b5c8cba458c330ccff548b056e95a5d4\"},\"breadcrumb\":{\"@id\":\"https:\/\/franciscanos.org.br\/noticias\/postulantes-visitam-a-casa-da-mae-aparecida-e-rezam-pelo-ano-formativo.html#breadcrumb\"},\"inLanguage\":\"pt-BR\",\"potentialAction\":[{\"@type\":\"ReadAction\",\"target\":[\"https:\/\/franciscanos.org.br\/noticias\/postulantes-visitam-a-casa-da-mae-aparecida-e-rezam-pelo-ano-formativo.html\"]}]},{\"@type\":\"BreadcrumbList\",\"@id\":\"https:\/\/franciscanos.org.br\/noticias\/postulantes-visitam-a-casa-da-mae-aparecida-e-rezam-pelo-ano-formativo.html#breadcrumb\",\"itemListElement\":[{\"@type\":\"ListItem\",\"position\":1,\"name\":\"Home\",\"item\":\"https:\/\/franciscanos.org.br\/noticias\"},{\"@type\":\"ListItem\",\"position\":2,\"name\":\"Postulantes visitam a Casa da M\u00e3e Aparecida e rezam pelo ano formativo\"}]},{\"@type\":\"Person\",\"@id\":\"https:\/\/franciscanos.org.br\/noticias\/#\/schema\/person\/b5c8cba458c330ccff548b056e95a5d4\",\"name\":\"moacir\",\"image\":{\"@type\":\"ImageObject\",\"inLanguage\":\"pt-BR\",\"@id\":\"https:\/\/franciscanos.org.br\/noticias\/#\/schema\/person\/image\/\",\"url\":\"https:\/\/secure.gravatar.com\/avatar\/d08aa2ce4c8dd416d4479aa8536fcf64?s=96&d=mm&r=g\",\"contentUrl\":\"https:\/\/secure.gravatar.com\/avatar\/d08aa2ce4c8dd416d4479aa8536fcf64?s=96&d=mm&r=g\",\"caption\":\"moacir\"},\"url\":\"https:\/\/franciscanos.org.br\/noticias\/author\/moacir\"}]}<\/script>\n<!-- \/ Yoast SEO plugin. -->","yoast_head_json":{"title":"Postulantes visitam a Casa da M\u00e3e Aparecida e rezam pelo ano formativo - Not\u00edcias - Franciscanos","robots":{"index":"index","follow":"follow","max-snippet":"max-snippet:-1","max-image-preview":"max-image-preview:large","max-video-preview":"max-video-preview:-1"},"canonical":"https:\/\/franciscanos.org.br\/noticias\/postulantes-visitam-a-casa-da-mae-aparecida-e-rezam-pelo-ano-formativo.html","og_locale":"pt_BR","og_type":"article","og_title":"Postulantes visitam a Casa da M\u00e3e Aparecida e rezam pelo ano formativo - Not\u00edcias - Franciscanos","og_description":"Postulantado Frei Galv\u00e3o","og_url":"https:\/\/franciscanos.org.br\/noticias\/postulantes-visitam-a-casa-da-mae-aparecida-e-rezam-pelo-ano-formativo.html","og_site_name":"Not\u00edcias - Franciscanos","article_published_time":"2024-02-19T13:30:36+00:00","article_modified_time":"2025-03-10T19:00:45+00:00","og_image":[{"width":800,"height":500,"url":"https:\/\/franciscanos.org.br\/noticias\/wp-content\/uploads\/2024\/02\/postulantes_1902.jpg","type":"image\/jpeg"}],"author":"moacir","twitter_card":"summary_large_image","twitter_misc":{"Escrito por":"moacir","Est. tempo de leitura":"2 minutos"},"schema":{"@context":"https:\/\/schema.org","@graph":[{"@type":"WebSite","@id":"https:\/\/franciscanos.org.br\/noticias\/#website","url":"https:\/\/franciscanos.org.br\/noticias\/","name":"Not\u00edcias - Franciscanos","description":"Prov\u00edncia Franciscana da Imaculada Concei\u00e7\u00e3o do Brasil - Ordem dos Frades Menores - OFM","potentialAction":[{"@type":"SearchAction","target":{"@type":"EntryPoint","urlTemplate":"https:\/\/franciscanos.org.br\/noticias\/?s={search_term_string}"},"query-input":"required name=search_term_string"}],"inLanguage":"pt-BR"},{"@type":"ImageObject","inLanguage":"pt-BR","@id":"https:\/\/franciscanos.org.br\/noticias\/postulantes-visitam-a-casa-da-mae-aparecida-e-rezam-pelo-ano-formativo.html#primaryimage","url":"https:\/\/franciscanos.org.br\/noticias\/wp-content\/uploads\/2024\/02\/postulantes_1902.jpg","contentUrl":"https:\/\/franciscanos.org.br\/noticias\/wp-content\/uploads\/2024\/02\/postulantes_1902.jpg","width":800,"height":500},{"@type":"WebPage","@id":"https:\/\/franciscanos.org.br\/noticias\/postulantes-visitam-a-casa-da-mae-aparecida-e-rezam-pelo-ano-formativo.html#webpage","url":"https:\/\/franciscanos.org.br\/noticias\/postulantes-visitam-a-casa-da-mae-aparecida-e-rezam-pelo-ano-formativo.html","name":"Postulantes visitam a Casa da M\u00e3e Aparecida e rezam pelo ano formativo - Not\u00edcias - Franciscanos","isPartOf":{"@id":"https:\/\/franciscanos.org.br\/noticias\/#website"},"primaryImageOfPage":{"@id":"https:\/\/franciscanos.org.br\/noticias\/postulantes-visitam-a-casa-da-mae-aparecida-e-rezam-pelo-ano-formativo.html#primaryimage"},"datePublished":"2024-02-19T13:30:36+00:00","dateModified":"2025-03-10T19:00:45+00:00","author":{"@id":"https:\/\/franciscanos.org.br\/noticias\/#\/schema\/person\/b5c8cba458c330ccff548b056e95a5d4"},"breadcrumb":{"@id":"https:\/\/franciscanos.org.br\/noticias\/postulantes-visitam-a-casa-da-mae-aparecida-e-rezam-pelo-ano-formativo.html#breadcrumb"},"inLanguage":"pt-BR","potentialAction":[{"@type":"ReadAction","target":["https:\/\/franciscanos.org.br\/noticias\/postulantes-visitam-a-casa-da-mae-aparecida-e-rezam-pelo-ano-formativo.html"]}]},{"@type":"BreadcrumbList","@id":"https:\/\/franciscanos.org.br\/noticias\/postulantes-visitam-a-casa-da-mae-aparecida-e-rezam-pelo-ano-formativo.html#breadcrumb","itemListElement":[{"@type":"ListItem","position":1,"name":"Home","item":"https:\/\/franciscanos.org.br\/noticias"},{"@type":"ListItem","position":2,"name":"Postulantes visitam a Casa da M\u00e3e Aparecida e rezam pelo ano formativo"}]},{"@type":"Person","@id":"https:\/\/franciscanos.org.br\/noticias\/#\/schema\/person\/b5c8cba458c330ccff548b056e95a5d4","name":"moacir","image":{"@type":"ImageObject","inLanguage":"pt-BR","@id":"https:\/\/franciscanos.org.br\/noticias\/#\/schema\/person\/image\/","url":"https:\/\/secure.gravatar.com\/avatar\/d08aa2ce4c8dd416d4479aa8536fcf64?s=96&d=mm&r=g","contentUrl":"https:\/\/secure.gravatar.com\/avatar\/d08aa2ce4c8dd416d4479aa8536fcf64?s=96&d=mm&r=g","caption":"moacir"},"url":"https:\/\/franciscanos.org.br\/noticias\/author\/moacir"}]}},"_links":{"self":[{"href":"https:\/\/franciscanos.org.br\/noticias\/wp-json\/wp\/v2\/posts\/246471"}],"collection":[{"href":"https:\/\/franciscanos.org.br\/noticias\/wp-json\/wp\/v2\/posts"}],"about":[{"href":"https:\/\/franciscanos.org.br\/noticias\/wp-json\/wp\/v2\/types\/post"}],"author":[{"embeddable":true,"href":"https:\/\/franciscanos.org.br\/noticias\/wp-json\/wp\/v2\/users\/3"}],"replies":[{"embeddable":true,"href":"https:\/\/franciscanos.org.br\/noticias\/wp-json\/wp\/v2\/comments?post=246471"}],"version-history":[{"count":1,"href":"https:\/\/franciscanos.org.br\/noticias\/wp-json\/wp\/v2\/posts\/246471\/revisions"}],"predecessor-version":[{"id":246474,"href":"https:\/\/franciscanos.org.br\/noticias\/wp-json\/wp\/v2\/posts\/246471\/revisions\/246474"}],"wp:featuredmedia":[{"embeddable":true,"href":"https:\/\/franciscanos.org.br\/noticias\/wp-json\/wp\/v2\/media\/246475"}],"wp:attachment":[{"href":"https:\/\/franciscanos.org.br\/noticias\/wp-json\/wp\/v2\/media?parent=246471"}],"wp:term":[{"taxonomy":"category","embeddable":true,"href":"https:\/\/franciscanos.org.br\/noticias\/wp-json\/wp\/v2\/categories?post=246471"},{"taxonomy":"post_tag","embeddable":true,"href":"https:\/\/franciscanos.org.br\/noticias\/wp-json\/wp\/v2\/tags?post=246471"}],"curies":[{"name":"wp","href":"https:\/\/api.w.org\/{rel}","templated":true}]}}