{"id":246449,"date":"2024-02-16T17:35:45","date_gmt":"2024-02-16T20:35:45","guid":{"rendered":"https:\/\/franciscanos.org.br\/noticias\/?p=246449"},"modified":"2024-02-17T06:06:16","modified_gmt":"2024-02-17T09:06:16","slug":"fundacao-de-angola-participa-da-conferencia-africana-sobre-protecao-de-menores","status":"publish","type":"post","link":"https:\/\/franciscanos.org.br\/noticias\/fundacao-de-angola-participa-da-conferencia-africana-sobre-protecao-de-menores.html","title":{"rendered":"Funda\u00e7\u00e3o de Angola participa da Confer\u00eancia Africana sobre prote\u00e7\u00e3o de menores"},"content":{"rendered":"<p><img loading=\"lazy\" class=\"alignnone size-full wp-image-246451\" src=\"https:\/\/franciscanos.org.br\/noticias\/wp-content\/uploads\/2024\/02\/quenia_02.jpg\" alt=\"\" width=\"1280\" height=\"720\" srcset=\"https:\/\/franciscanos.org.br\/noticias\/wp-content\/uploads\/2024\/02\/quenia_02.jpg 1280w, https:\/\/franciscanos.org.br\/noticias\/wp-content\/uploads\/2024\/02\/quenia_02-450x253.jpg 450w, https:\/\/franciscanos.org.br\/noticias\/wp-content\/uploads\/2024\/02\/quenia_02-1024x576.jpg 1024w, https:\/\/franciscanos.org.br\/noticias\/wp-content\/uploads\/2024\/02\/quenia_02-768x432.jpg 768w, https:\/\/franciscanos.org.br\/noticias\/wp-content\/uploads\/2024\/02\/quenia_02-150x84.jpg 150w\" sizes=\"(max-width: 1280px) 100vw, 1280px\" \/><\/p>\n<p>De 1\u00ba a 16 de fevereiro de 2024 aconteceu, em Nair\u00f3bi, capital do Qu\u00eania, o encontro da Confer\u00eancia Africana da Ordem dos Frades Menores sobre a tutela de menores e adultos vulner\u00e1veis. O encontro foi organizado pela c\u00faria Geral da Ordem dos Frades Menores, e pela comiss\u00e3o do of\u00edcio da Tutela de Menores e Adultos Vulner\u00e1veis (TMAV), onde Frei Albert Schumucki \u00e9 o coordenador e Frei Joseph Conderen, secret\u00e1rio. O facilitador o Padre St\u00e9phane Joulain, dos sacerdotes Mission\u00e1rios de \u00c1frica. Estavam presentes 55 frades vindos de todas as entidades da Ordem dos Frades Menores na \u00c1frica. Representando a Funda\u00e7\u00e3o Imaculada M\u00e3e de Deus de Angola estavam presentes Frei Ermelindo Francisco Bambi e Frei Santana Sebasti\u00e3o Cafunda.<\/p>\n<p><img loading=\"lazy\" class=\"alignnone size-full wp-image-246450\" src=\"https:\/\/franciscanos.org.br\/noticias\/wp-content\/uploads\/2024\/02\/quenia_08.jpg\" alt=\"\" width=\"1280\" height=\"720\" srcset=\"https:\/\/franciscanos.org.br\/noticias\/wp-content\/uploads\/2024\/02\/quenia_08.jpg 1280w, https:\/\/franciscanos.org.br\/noticias\/wp-content\/uploads\/2024\/02\/quenia_08-450x253.jpg 450w, https:\/\/franciscanos.org.br\/noticias\/wp-content\/uploads\/2024\/02\/quenia_08-1024x576.jpg 1024w, https:\/\/franciscanos.org.br\/noticias\/wp-content\/uploads\/2024\/02\/quenia_08-768x432.jpg 768w, https:\/\/franciscanos.org.br\/noticias\/wp-content\/uploads\/2024\/02\/quenia_08-150x84.jpg 150w\" sizes=\"(max-width: 1280px) 100vw, 1280px\" \/><\/p>\n<p><strong>A casa do encontro<\/strong><\/p>\n<p>O encontro aconteceu na casa das Im\u00e3s\u00a0 <em>Dimesse Sisters.<\/em> Um espa\u00e7o acolhedor, arborizado, bel\u00edssima constru\u00e7\u00e3o. Trata-se de uma casa de encontro pertencente \u00e0s Dimesse Sisters. Essa congrega\u00e7\u00e3o foi fundada por um frade, na Italia, em 1579. \u00c9 um espa\u00e7o que tem todas as condi\u00e7\u00f5es necess\u00e1rias para um frutuoso encontro.<\/p>\n<p><strong>\u00a0<\/strong><strong>Abertura<\/strong><\/p>\n<p>A abertura foi feita pelo Ministro Geral, Frei Massimo Fusarelli. Na ocasi\u00e3o, o ministro deu boas-vindas aos frades, apresentou o programa e incentivou os frades a participar de forma eficaz e frut\u00edfera do encontro. No mesmo dia, \u00e0 noite, o Ministro seguiu sua jornada para a Rep\u00fablica Democr\u00e1tica do Congo.<\/p>\n<div id=\"attachment_246452\" style=\"width: 1290px\" class=\"wp-caption alignnone\"><img aria-describedby=\"caption-attachment-246452\" loading=\"lazy\" class=\"wp-image-246452 size-full\" src=\"https:\/\/franciscanos.org.br\/noticias\/wp-content\/uploads\/2024\/02\/quenia_09.jpg\" alt=\"\" width=\"1280\" height=\"575\" srcset=\"https:\/\/franciscanos.org.br\/noticias\/wp-content\/uploads\/2024\/02\/quenia_09.jpg 1280w, https:\/\/franciscanos.org.br\/noticias\/wp-content\/uploads\/2024\/02\/quenia_09-450x202.jpg 450w, https:\/\/franciscanos.org.br\/noticias\/wp-content\/uploads\/2024\/02\/quenia_09-1024x460.jpg 1024w, https:\/\/franciscanos.org.br\/noticias\/wp-content\/uploads\/2024\/02\/quenia_09-768x345.jpg 768w, https:\/\/franciscanos.org.br\/noticias\/wp-content\/uploads\/2024\/02\/quenia_09-150x67.jpg 150w\" sizes=\"(max-width: 1280px) 100vw, 1280px\" \/><p id=\"caption-attachment-246452\" class=\"wp-caption-text\"><em>Frei Santana Sebasti\u00e3o Cafunda, o Ministro Geral, Frei Massimo Fusarelli, e Frei Ermelindo Francisco Bambi. <\/em><\/p><\/div>\n<p><strong>O encontro<\/strong><\/p>\n<p>No primeiro dia de trabalho, os frades foram convidados a apresentar as diferentes formas de abuso existentes nos seus pa\u00edses, regi\u00f5es e culturas. Este trabalho foi feito em grupos por proximidades lingu\u00edsticas.<\/p>\n<p>No plen\u00e1rio foi destacado que \u00c1frica \u00e9 um Continente que tem uma longa hist\u00f3ria de abusos, desde os tempos dos reis; o tr\u00e1fico de escravos; o colonialismo; as guerras tribais e pol\u00edticas; a corrup\u00e7\u00e3o da parte dos estados; a explora\u00e7\u00e3o sexual; casamentos precoces; o trabalho infantil. Falou-se ainda que muitos crian\u00e7as e mulheres africanas que s\u00e3o levadas para exterior do Continente, com propostas de forma\u00e7\u00e3o e de emprego, mas, infelizmente, l\u00e1 tornam-se escravas sexuais e exploradas com o trabalho infantil. Outra preocupa\u00e7\u00e3o levantada foi a cultura isl\u00e2mica que tem ganhado espa\u00e7o na \u00c1frica. \u00c9 uma cultura muito fechada e \u201cmisteriosa\u201d, nela acontecem muitos abusos.\u00a0\u00a0 Em suma, o Continente Africano \u00e9 alvo de muitos abusos.<\/p>\n<p>Por outro lado, v\u00ea-se tamb\u00e9m da parte dos estados e na\u00e7\u00f5es, um esfor\u00e7o na cria\u00e7\u00e3o de leis e normas que a prote\u00e7\u00e3o de menores e vulner\u00e1veis.\u00a0 Em quase todos os pa\u00edses se tem visto um esfor\u00e7o dos estados para combater os males dos abusos.<\/p>\n<p>O abuso sexual de crian\u00e7as e adultos vulner\u00e1veis \u00e9 uma realidade dolorosa que afeta comunidades em todo o mundo. Junto a ele encontramos tamb\u00e9m o abuso de poder, o abuso psicol\u00f3gico, o abuso espiritual.<\/p>\n<p><img loading=\"lazy\" class=\"alignnone size-full wp-image-246453\" src=\"https:\/\/franciscanos.org.br\/noticias\/wp-content\/uploads\/2024\/02\/quenia_10.jpg\" alt=\"\" width=\"1280\" height=\"720\" srcset=\"https:\/\/franciscanos.org.br\/noticias\/wp-content\/uploads\/2024\/02\/quenia_10.jpg 1280w, https:\/\/franciscanos.org.br\/noticias\/wp-content\/uploads\/2024\/02\/quenia_10-450x253.jpg 450w, https:\/\/franciscanos.org.br\/noticias\/wp-content\/uploads\/2024\/02\/quenia_10-1024x576.jpg 1024w, https:\/\/franciscanos.org.br\/noticias\/wp-content\/uploads\/2024\/02\/quenia_10-768x432.jpg 768w, https:\/\/franciscanos.org.br\/noticias\/wp-content\/uploads\/2024\/02\/quenia_10-150x84.jpg 150w\" sizes=\"(max-width: 1280px) 100vw, 1280px\" \/><\/p>\n<p><strong>Os assuntos tratados<\/strong><\/p>\n<p>Durante as palestras, foram compartilhadas experi\u00eancias e estrat\u00e9gias para prevenir e enfrentar os abusos na Igreja e na sociedade.<\/p>\n<p>A prote\u00e7\u00e3o das v\u00edtimas e a responsabiliza\u00e7\u00e3o dos agressores foram temas centrais das discuss\u00f5es. A v\u00edtima deve ser olhada sempre com caridade, sem julgamento, sem lhe atribuir qualquer culpa.<\/p>\n<p>Geralmente, o abusador apresenta sinais. Por isso, <a href=\"https:\/\/franciscanos.org.br\/noticias\/conferencia-africana-da-ordem-dos-frades-menores-se-reune-na-africa-do-sul.html\">a conscientiza\u00e7\u00e3o sobre os sinais de abuso e a import\u00e2ncia de denunciar s\u00e3o essenciais para garantir a seguran\u00e7a das crian\u00e7as e a de adultos vulner\u00e1veis\u00a0<\/a>.<\/p>\n<p>Tem crescido na \u00c1frica os abusos dentro da Igreja. Muitos abusos aconteceram no passado, hoje, as v\u00edtimas j\u00e1 adultas, v\u00e3o at\u00e9 as autoridade eclesiais fazer as suas den\u00fancias. Por outro lado,\u00a0 muitos abusos tamb\u00e9m acontecem em nossos dias e tamb\u00e9m cresce e a consci\u00eancia do denuncianismo.<\/p>\n<p>Os assuntos, todos eles na mesma perspectiva, perpassaram a moral, a psicologia, o direito can\u00f4nico, o direito civil, testemunhos de pessoas que foram abusadas e outras que trabalham que pessoas vulner\u00e1veis.<\/p>\n\n\t\t<style type=\"text\/css\">\n\t\t\t#gallery-1 {\n\t\t\t\tmargin: auto;\n\t\t\t}\n\t\t\t#gallery-1 .gallery-item {\n\t\t\t\tfloat: left;\n\t\t\t\tmargin-top: 10px;\n\t\t\t\ttext-align: center;\n\t\t\t\twidth: 33%;\n\t\t\t}\n\t\t\t#gallery-1 img {\n\t\t\t\tborder: 2px solid #cfcfcf;\n\t\t\t}\n\t\t\t#gallery-1 .gallery-caption {\n\t\t\t\tmargin-left: 0;\n\t\t\t}\n\t\t\t\/* see gallery_shortcode() in wp-includes\/media.php *\/\n\t\t<\/style>\n\t\t<div id='gallery-1' class='gallery galleryid-246449 gallery-columns-3 gallery-size-thumbnail'><dl class='gallery-item'>\n\t\t\t<dt class='gallery-icon landscape'>\n\t\t\t\t<a href='https:\/\/franciscanos.org.br\/noticias\/wp-content\/uploads\/2024\/02\/quenia_11.jpg'><img width=\"300\" height=\"300\" src=\"https:\/\/franciscanos.org.br\/noticias\/wp-content\/uploads\/2024\/02\/quenia_11-300x300.jpg\" class=\"attachment-thumbnail size-thumbnail\" alt=\"\" loading=\"lazy\" srcset=\"https:\/\/franciscanos.org.br\/noticias\/wp-content\/uploads\/2024\/02\/quenia_11-300x300.jpg 300w, https:\/\/franciscanos.org.br\/noticias\/wp-content\/uploads\/2024\/02\/quenia_11-100x100.jpg 100w\" sizes=\"(max-width: 300px) 100vw, 300px\" \/><\/a>\n\t\t\t<\/dt><\/dl><dl class='gallery-item'>\n\t\t\t<dt class='gallery-icon landscape'>\n\t\t\t\t<a href='https:\/\/franciscanos.org.br\/noticias\/wp-content\/uploads\/2024\/02\/quenia_12.jpg'><img width=\"300\" height=\"300\" src=\"https:\/\/franciscanos.org.br\/noticias\/wp-content\/uploads\/2024\/02\/quenia_12-300x300.jpg\" class=\"attachment-thumbnail size-thumbnail\" alt=\"\" loading=\"lazy\" srcset=\"https:\/\/franciscanos.org.br\/noticias\/wp-content\/uploads\/2024\/02\/quenia_12-300x300.jpg 300w, https:\/\/franciscanos.org.br\/noticias\/wp-content\/uploads\/2024\/02\/quenia_12-100x100.jpg 100w\" sizes=\"(max-width: 300px) 100vw, 300px\" \/><\/a>\n\t\t\t<\/dt><\/dl><dl class='gallery-item'>\n\t\t\t<dt class='gallery-icon landscape'>\n\t\t\t\t<a href='https:\/\/franciscanos.org.br\/noticias\/wp-content\/uploads\/2024\/02\/quenia_13.jpg'><img width=\"300\" height=\"300\" src=\"https:\/\/franciscanos.org.br\/noticias\/wp-content\/uploads\/2024\/02\/quenia_13-300x300.jpg\" class=\"attachment-thumbnail size-thumbnail\" alt=\"\" loading=\"lazy\" srcset=\"https:\/\/franciscanos.org.br\/noticias\/wp-content\/uploads\/2024\/02\/quenia_13-300x300.jpg 300w, https:\/\/franciscanos.org.br\/noticias\/wp-content\/uploads\/2024\/02\/quenia_13-100x100.jpg 100w\" sizes=\"(max-width: 300px) 100vw, 300px\" \/><\/a>\n\t\t\t<\/dt><\/dl><br style=\"clear: both\" \/>\n\t\t<\/div>\n\n<p><em>(toque nas imagens para ampli\u00e1-las)<\/em><\/p>\n<p><strong>Tutela \u00e9 responsabilidade de todos<\/strong><\/p>\n<p>A tutela envolve a responsabilidade de cuidar e proteger os mais fr\u00e1geis, assim como Jesus nos ensina nos Evangelhos.<\/p>\n<p>Os Frades Menores t\u00eam um papel fundamental na promo\u00e7\u00e3o da justi\u00e7a e na defesa dos direitos das crian\u00e7as e vulner\u00e1veis, assim como S\u00e3o Francisco teve a coragem de beijar o leproso.<\/p>\n<p>Durante o encontro foram discutidas estrat\u00e9gias para fortalecer a tutela e garantir que as entidades franciscanas estejam comprometidas com a seguran\u00e7a e o bem-estar dos mais necessitados.<\/p>\n<p>Dentre elas, cada entidade deveria elaborar um regimento sobre a tutela de menores e adultos vulner\u00e1veis e encaminhar para a c\u00faria Geral.<\/p>\n<p>Todas as entidades devem criar comiss\u00f5es de tutela de menores e adultos vulner\u00e1veis.<\/p>\n<p>&nbsp;<\/p>\n\n\t\t<style type=\"text\/css\">\n\t\t\t#gallery-2 {\n\t\t\t\tmargin: auto;\n\t\t\t}\n\t\t\t#gallery-2 .gallery-item {\n\t\t\t\tfloat: left;\n\t\t\t\tmargin-top: 10px;\n\t\t\t\ttext-align: center;\n\t\t\t\twidth: 20%;\n\t\t\t}\n\t\t\t#gallery-2 img {\n\t\t\t\tborder: 2px solid #cfcfcf;\n\t\t\t}\n\t\t\t#gallery-2 .gallery-caption {\n\t\t\t\tmargin-left: 0;\n\t\t\t}\n\t\t\t\/* see gallery_shortcode() in wp-includes\/media.php *\/\n\t\t<\/style>\n\t\t<div id='gallery-2' class='gallery galleryid-246449 gallery-columns-5 gallery-size-thumbnail'><dl class='gallery-item'>\n\t\t\t<dt class='gallery-icon landscape'>\n\t\t\t\t<a href='https:\/\/franciscanos.org.br\/noticias\/wp-content\/uploads\/2024\/02\/quenia_04.jpg'><img width=\"300\" height=\"300\" src=\"https:\/\/franciscanos.org.br\/noticias\/wp-content\/uploads\/2024\/02\/quenia_04-300x300.jpg\" class=\"attachment-thumbnail size-thumbnail\" alt=\"\" loading=\"lazy\" srcset=\"https:\/\/franciscanos.org.br\/noticias\/wp-content\/uploads\/2024\/02\/quenia_04-300x300.jpg 300w, https:\/\/franciscanos.org.br\/noticias\/wp-content\/uploads\/2024\/02\/quenia_04-100x100.jpg 100w\" sizes=\"(max-width: 300px) 100vw, 300px\" \/><\/a>\n\t\t\t<\/dt><\/dl><dl class='gallery-item'>\n\t\t\t<dt class='gallery-icon landscape'>\n\t\t\t\t<a href='https:\/\/franciscanos.org.br\/noticias\/wp-content\/uploads\/2024\/02\/quenia_14-1.jpg'><img width=\"300\" height=\"300\" src=\"https:\/\/franciscanos.org.br\/noticias\/wp-content\/uploads\/2024\/02\/quenia_14-1-300x300.jpg\" class=\"attachment-thumbnail size-thumbnail\" alt=\"\" loading=\"lazy\" srcset=\"https:\/\/franciscanos.org.br\/noticias\/wp-content\/uploads\/2024\/02\/quenia_14-1-300x300.jpg 300w, https:\/\/franciscanos.org.br\/noticias\/wp-content\/uploads\/2024\/02\/quenia_14-1-100x100.jpg 100w\" sizes=\"(max-width: 300px) 100vw, 300px\" \/><\/a>\n\t\t\t<\/dt><\/dl><dl class='gallery-item'>\n\t\t\t<dt class='gallery-icon landscape'>\n\t\t\t\t<a href='https:\/\/franciscanos.org.br\/noticias\/wp-content\/uploads\/2024\/02\/quenia_15-1.jpg'><img width=\"300\" height=\"300\" src=\"https:\/\/franciscanos.org.br\/noticias\/wp-content\/uploads\/2024\/02\/quenia_15-1-300x300.jpg\" class=\"attachment-thumbnail size-thumbnail\" alt=\"\" loading=\"lazy\" srcset=\"https:\/\/franciscanos.org.br\/noticias\/wp-content\/uploads\/2024\/02\/quenia_15-1-300x300.jpg 300w, https:\/\/franciscanos.org.br\/noticias\/wp-content\/uploads\/2024\/02\/quenia_15-1-100x100.jpg 100w\" sizes=\"(max-width: 300px) 100vw, 300px\" \/><\/a>\n\t\t\t<\/dt><\/dl><dl class='gallery-item'>\n\t\t\t<dt class='gallery-icon landscape'>\n\t\t\t\t<a href='https:\/\/franciscanos.org.br\/noticias\/wp-content\/uploads\/2024\/02\/quenia_17.jpg'><img width=\"300\" height=\"300\" src=\"https:\/\/franciscanos.org.br\/noticias\/wp-content\/uploads\/2024\/02\/quenia_17-300x300.jpg\" class=\"attachment-thumbnail size-thumbnail\" alt=\"\" loading=\"lazy\" srcset=\"https:\/\/franciscanos.org.br\/noticias\/wp-content\/uploads\/2024\/02\/quenia_17-300x300.jpg 300w, https:\/\/franciscanos.org.br\/noticias\/wp-content\/uploads\/2024\/02\/quenia_17-100x100.jpg 100w\" sizes=\"(max-width: 300px) 100vw, 300px\" \/><\/a>\n\t\t\t<\/dt><\/dl><dl class='gallery-item'>\n\t\t\t<dt class='gallery-icon landscape'>\n\t\t\t\t<a href='https:\/\/franciscanos.org.br\/noticias\/wp-content\/uploads\/2024\/02\/quenia_18.jpg'><img width=\"300\" height=\"300\" src=\"https:\/\/franciscanos.org.br\/noticias\/wp-content\/uploads\/2024\/02\/quenia_18-300x300.jpg\" class=\"attachment-thumbnail size-thumbnail\" alt=\"\" loading=\"lazy\" srcset=\"https:\/\/franciscanos.org.br\/noticias\/wp-content\/uploads\/2024\/02\/quenia_18-300x300.jpg 300w, https:\/\/franciscanos.org.br\/noticias\/wp-content\/uploads\/2024\/02\/quenia_18-100x100.jpg 100w\" sizes=\"(max-width: 300px) 100vw, 300px\" \/><\/a>\n\t\t\t<\/dt><\/dl><br style=\"clear: both\" \/>\n\t\t<\/div>\n\n<p><em>(toque nas imagens para ampli\u00e1-las)<\/em><\/p>\n<p><strong>Desafios<\/strong><\/p>\n<p>A forma\u00e7\u00e3o cont\u00ednua dos frades, especialmente em rela\u00e7\u00e3o \u00e0 prote\u00e7\u00e3o de menores, \u00e9 essencial.<\/p>\n<p>O assunto sobre tutela deve ser tratado desde a forma\u00e7\u00e3o inicial. As entidades devem ser rigorosas nos crit\u00e9rios para a sele\u00e7\u00e3o dos candidatos \u00e0 vida Religiosa franciscana.<\/p>\n<p>A Conferencia tamb\u00e9m real\u00e7ou que as entidades n\u00e3o deveriam estar isoladas. \u00c9 importante trabalhos conjuntos, sobretudo nos projetos sociais.<\/p>\n<p>Esse encontro dos Frades da Confer\u00eancia em Nair\u00f3bi reafirmou o compromisso franciscano com a justi\u00e7a, a solidariedade e a prote\u00e7\u00e3o dos mais vulner\u00e1veis. Que essas reflex\u00f5es inspirem a\u00e7\u00f5es concretas em prol de um mundo mais seguro e compassivo.<\/p>\n<p><img loading=\"lazy\" class=\"alignnone size-full wp-image-246457\" src=\"https:\/\/franciscanos.org.br\/noticias\/wp-content\/uploads\/2024\/02\/quenia_06.jpg\" alt=\"\" width=\"1280\" height=\"720\" srcset=\"https:\/\/franciscanos.org.br\/noticias\/wp-content\/uploads\/2024\/02\/quenia_06.jpg 1280w, https:\/\/franciscanos.org.br\/noticias\/wp-content\/uploads\/2024\/02\/quenia_06-450x253.jpg 450w, https:\/\/franciscanos.org.br\/noticias\/wp-content\/uploads\/2024\/02\/quenia_06-1024x576.jpg 1024w, https:\/\/franciscanos.org.br\/noticias\/wp-content\/uploads\/2024\/02\/quenia_06-768x432.jpg 768w, https:\/\/franciscanos.org.br\/noticias\/wp-content\/uploads\/2024\/02\/quenia_06-150x84.jpg 150w\" sizes=\"(max-width: 1280px) 100vw, 1280px\" \/><\/p>\n<p><img loading=\"lazy\" class=\"alignnone size-full wp-image-246458\" src=\"https:\/\/franciscanos.org.br\/noticias\/wp-content\/uploads\/2024\/02\/quenia_05.jpg\" alt=\"\" width=\"1280\" height=\"720\" srcset=\"https:\/\/franciscanos.org.br\/noticias\/wp-content\/uploads\/2024\/02\/quenia_05.jpg 1280w, https:\/\/franciscanos.org.br\/noticias\/wp-content\/uploads\/2024\/02\/quenia_05-450x253.jpg 450w, https:\/\/franciscanos.org.br\/noticias\/wp-content\/uploads\/2024\/02\/quenia_05-1024x576.jpg 1024w, https:\/\/franciscanos.org.br\/noticias\/wp-content\/uploads\/2024\/02\/quenia_05-768x432.jpg 768w, https:\/\/franciscanos.org.br\/noticias\/wp-content\/uploads\/2024\/02\/quenia_05-150x84.jpg 150w\" sizes=\"(max-width: 1280px) 100vw, 1280px\" \/><\/p>\n<p><strong>Celebra\u00e7\u00f5es<\/strong><\/p>\n<p>Durante os 16 dias, a Eucaristia\u00a0 era celebrada em diferentes idiomas.\u00a0 Para destacar, estavam presentes\u00a0 frades de l\u00edngua portuguesa, francesa e inglesa. Foi not\u00e1vel os esfor\u00e7os dos irm\u00e3os em aprender os novos idiomas. Os Frades angolanos animaram e presidiram a celebra\u00e7\u00e3o no dia 13, ter\u00e7a-feira de carnaval.<\/p>\n<p><strong> <img loading=\"lazy\" class=\"alignnone size-full wp-image-246459\" src=\"https:\/\/franciscanos.org.br\/noticias\/wp-content\/uploads\/2024\/02\/quenia_03.jpg\" alt=\"\" width=\"1280\" height=\"720\" srcset=\"https:\/\/franciscanos.org.br\/noticias\/wp-content\/uploads\/2024\/02\/quenia_03.jpg 1280w, https:\/\/franciscanos.org.br\/noticias\/wp-content\/uploads\/2024\/02\/quenia_03-450x253.jpg 450w, https:\/\/franciscanos.org.br\/noticias\/wp-content\/uploads\/2024\/02\/quenia_03-1024x576.jpg 1024w, https:\/\/franciscanos.org.br\/noticias\/wp-content\/uploads\/2024\/02\/quenia_03-768x432.jpg 768w, https:\/\/franciscanos.org.br\/noticias\/wp-content\/uploads\/2024\/02\/quenia_03-150x84.jpg 150w\" sizes=\"(max-width: 1280px) 100vw, 1280px\" \/><\/strong><\/p>\n<p><strong>Passeio<\/strong><\/p>\n<p>O Qu\u00eania \u00e9 conhecido por ser um pa\u00eds com grande potencial tur\u00edstico. Basta ver as zonas as verdes, as belas praias de Malindi e tantos outros encantos.<\/p>\n<p>O s\u00e1bado, 10 de fevereiro, foi reservado para conhecer a linda cidade de Nair\u00f3bi. Com uma arquitetura moderna, Nair\u00f3bi destaca-se como uma das cidades mais lindas, limpas e desenvolvidas da \u00c1frica. Chama aten\u00e7\u00e3o o cuidado com o meio ambiente, muito verde!<\/p>\n<p>Tivemos a oportunidade de conhecer a Fraternidade dos Estudantes de Teologia, a Bas\u00edlica da\u00a0 Sagrada Fam\u00edlia, e, por fim, uma visita guiada no Museu Nacional de Nair\u00f3bi. No final do dia visitamos o Provincialado, onde o provincial e a Fraternidade local nos receberam com um delicioso almo\u00e7o.<\/p>\n<p>Resta-nos agradecer \u00e0 C\u00faria Geral da Ordem dos Frades Menores, a Prov\u00edncia de S\u00e3o Francisco do Leste de \u00c1frica pela organiza\u00e7\u00e3o e realiza\u00e7\u00e3o de tamanho encontro.<\/p>\n<p><img loading=\"lazy\" class=\"alignnone size-full wp-image-246462\" src=\"https:\/\/franciscanos.org.br\/noticias\/wp-content\/uploads\/2024\/02\/quenia_16.jpg\" alt=\"\" width=\"1052\" height=\"592\" srcset=\"https:\/\/franciscanos.org.br\/noticias\/wp-content\/uploads\/2024\/02\/quenia_16.jpg 1052w, https:\/\/franciscanos.org.br\/noticias\/wp-content\/uploads\/2024\/02\/quenia_16-450x253.jpg 450w, https:\/\/franciscanos.org.br\/noticias\/wp-content\/uploads\/2024\/02\/quenia_16-1024x576.jpg 1024w, https:\/\/franciscanos.org.br\/noticias\/wp-content\/uploads\/2024\/02\/quenia_16-768x432.jpg 768w, https:\/\/franciscanos.org.br\/noticias\/wp-content\/uploads\/2024\/02\/quenia_16-150x84.jpg 150w\" sizes=\"(max-width: 1052px) 100vw, 1052px\" \/><\/p>\n<p>&nbsp;<\/p>\n<p><strong>Compromisso<\/strong><\/p>\n<p>Os frades da Confer\u00eancia Africana, reunidos em Nair\u00f3bi de 1-16 de fevereiro, estamos conscientes de que a tutela de menores e adultos vulner\u00e1veis est\u00e1 na ess\u00eancia do carisma franciscano e da Igreja Universal. Por isso, assumimos, com firme coragem, de viver o atual desafio da Igreja, formando frades e outros agentes da pastoral para melhor tutela, e nunca optar pelo sil\u00eancio.<\/p>\n<hr \/>\n<p><em>Nair\u00f3bi 16 de fevereiro de 2024<\/em><\/p>\n<p><em>Frei Ermelindo Francisco Bambi<\/em><\/p>\n","protected":false},"excerpt":{"rendered":"<p>Ordem dos Frades Menores<\/p>\n","protected":false},"author":3,"featured_media":246451,"comment_status":"open","ping_status":"open","sticky":false,"template":"","format":"standard","meta":[],"categories":[1],"tags":[397],"acf":[],"yoast_head":"<!-- This site is optimized with the Yoast SEO plugin v19.2 - https:\/\/yoast.com\/wordpress\/plugins\/seo\/ -->\n<title>Funda\u00e7\u00e3o de Angola participa da Confer\u00eancia Africana sobre prote\u00e7\u00e3o de menores - Not\u00edcias - Franciscanos<\/title>\n<meta name=\"robots\" content=\"index, follow, max-snippet:-1, max-image-preview:large, max-video-preview:-1\" \/>\n<link rel=\"canonical\" href=\"https:\/\/franciscanos.org.br\/noticias\/fundacao-de-angola-participa-da-conferencia-africana-sobre-protecao-de-menores.html\" \/>\n<meta property=\"og:locale\" content=\"pt_BR\" \/>\n<meta property=\"og:type\" content=\"article\" \/>\n<meta property=\"og:title\" content=\"Funda\u00e7\u00e3o de Angola participa da Confer\u00eancia Africana sobre prote\u00e7\u00e3o de menores - Not\u00edcias - Franciscanos\" \/>\n<meta property=\"og:description\" content=\"Ordem dos Frades Menores\" \/>\n<meta property=\"og:url\" content=\"https:\/\/franciscanos.org.br\/noticias\/fundacao-de-angola-participa-da-conferencia-africana-sobre-protecao-de-menores.html\" \/>\n<meta property=\"og:site_name\" content=\"Not\u00edcias - Franciscanos\" \/>\n<meta property=\"article:published_time\" content=\"2024-02-16T20:35:45+00:00\" \/>\n<meta property=\"article:modified_time\" content=\"2024-02-17T09:06:16+00:00\" \/>\n<meta property=\"og:image\" content=\"https:\/\/franciscanos.org.br\/noticias\/wp-content\/uploads\/2024\/02\/quenia_02.jpg\" \/>\n\t<meta property=\"og:image:width\" content=\"1280\" \/>\n\t<meta property=\"og:image:height\" content=\"720\" \/>\n\t<meta property=\"og:image:type\" content=\"image\/jpeg\" \/>\n<meta name=\"author\" content=\"moacir\" \/>\n<meta name=\"twitter:card\" content=\"summary_large_image\" \/>\n<meta name=\"twitter:label1\" content=\"Escrito por\" \/>\n\t<meta name=\"twitter:data1\" content=\"moacir\" \/>\n\t<meta name=\"twitter:label2\" content=\"Est. tempo de leitura\" \/>\n\t<meta name=\"twitter:data2\" content=\"6 minutos\" \/>\n<script type=\"application\/ld+json\" class=\"yoast-schema-graph\">{\"@context\":\"https:\/\/schema.org\",\"@graph\":[{\"@type\":\"WebSite\",\"@id\":\"https:\/\/franciscanos.org.br\/noticias\/#website\",\"url\":\"https:\/\/franciscanos.org.br\/noticias\/\",\"name\":\"Not\u00edcias - Franciscanos\",\"description\":\"Prov\u00edncia Franciscana da Imaculada Concei\u00e7\u00e3o do Brasil - Ordem dos Frades Menores - OFM\",\"potentialAction\":[{\"@type\":\"SearchAction\",\"target\":{\"@type\":\"EntryPoint\",\"urlTemplate\":\"https:\/\/franciscanos.org.br\/noticias\/?s={search_term_string}\"},\"query-input\":\"required name=search_term_string\"}],\"inLanguage\":\"pt-BR\"},{\"@type\":\"ImageObject\",\"inLanguage\":\"pt-BR\",\"@id\":\"https:\/\/franciscanos.org.br\/noticias\/fundacao-de-angola-participa-da-conferencia-africana-sobre-protecao-de-menores.html#primaryimage\",\"url\":\"https:\/\/franciscanos.org.br\/noticias\/wp-content\/uploads\/2024\/02\/quenia_02.jpg\",\"contentUrl\":\"https:\/\/franciscanos.org.br\/noticias\/wp-content\/uploads\/2024\/02\/quenia_02.jpg\",\"width\":1280,\"height\":720},{\"@type\":\"WebPage\",\"@id\":\"https:\/\/franciscanos.org.br\/noticias\/fundacao-de-angola-participa-da-conferencia-africana-sobre-protecao-de-menores.html#webpage\",\"url\":\"https:\/\/franciscanos.org.br\/noticias\/fundacao-de-angola-participa-da-conferencia-africana-sobre-protecao-de-menores.html\",\"name\":\"Funda\u00e7\u00e3o de Angola participa da Confer\u00eancia Africana sobre prote\u00e7\u00e3o de menores - Not\u00edcias - Franciscanos\",\"isPartOf\":{\"@id\":\"https:\/\/franciscanos.org.br\/noticias\/#website\"},\"primaryImageOfPage\":{\"@id\":\"https:\/\/franciscanos.org.br\/noticias\/fundacao-de-angola-participa-da-conferencia-africana-sobre-protecao-de-menores.html#primaryimage\"},\"datePublished\":\"2024-02-16T20:35:45+00:00\",\"dateModified\":\"2024-02-17T09:06:16+00:00\",\"author\":{\"@id\":\"https:\/\/franciscanos.org.br\/noticias\/#\/schema\/person\/b5c8cba458c330ccff548b056e95a5d4\"},\"breadcrumb\":{\"@id\":\"https:\/\/franciscanos.org.br\/noticias\/fundacao-de-angola-participa-da-conferencia-africana-sobre-protecao-de-menores.html#breadcrumb\"},\"inLanguage\":\"pt-BR\",\"potentialAction\":[{\"@type\":\"ReadAction\",\"target\":[\"https:\/\/franciscanos.org.br\/noticias\/fundacao-de-angola-participa-da-conferencia-africana-sobre-protecao-de-menores.html\"]}]},{\"@type\":\"BreadcrumbList\",\"@id\":\"https:\/\/franciscanos.org.br\/noticias\/fundacao-de-angola-participa-da-conferencia-africana-sobre-protecao-de-menores.html#breadcrumb\",\"itemListElement\":[{\"@type\":\"ListItem\",\"position\":1,\"name\":\"Home\",\"item\":\"https:\/\/franciscanos.org.br\/noticias\"},{\"@type\":\"ListItem\",\"position\":2,\"name\":\"Funda\u00e7\u00e3o de Angola participa da Confer\u00eancia Africana sobre prote\u00e7\u00e3o de menores\"}]},{\"@type\":\"Person\",\"@id\":\"https:\/\/franciscanos.org.br\/noticias\/#\/schema\/person\/b5c8cba458c330ccff548b056e95a5d4\",\"name\":\"moacir\",\"image\":{\"@type\":\"ImageObject\",\"inLanguage\":\"pt-BR\",\"@id\":\"https:\/\/franciscanos.org.br\/noticias\/#\/schema\/person\/image\/\",\"url\":\"https:\/\/secure.gravatar.com\/avatar\/d08aa2ce4c8dd416d4479aa8536fcf64?s=96&d=mm&r=g\",\"contentUrl\":\"https:\/\/secure.gravatar.com\/avatar\/d08aa2ce4c8dd416d4479aa8536fcf64?s=96&d=mm&r=g\",\"caption\":\"moacir\"},\"url\":\"https:\/\/franciscanos.org.br\/noticias\/author\/moacir\"}]}<\/script>\n<!-- \/ Yoast SEO plugin. -->","yoast_head_json":{"title":"Funda\u00e7\u00e3o de Angola participa da Confer\u00eancia Africana sobre prote\u00e7\u00e3o de menores - Not\u00edcias - Franciscanos","robots":{"index":"index","follow":"follow","max-snippet":"max-snippet:-1","max-image-preview":"max-image-preview:large","max-video-preview":"max-video-preview:-1"},"canonical":"https:\/\/franciscanos.org.br\/noticias\/fundacao-de-angola-participa-da-conferencia-africana-sobre-protecao-de-menores.html","og_locale":"pt_BR","og_type":"article","og_title":"Funda\u00e7\u00e3o de Angola participa da Confer\u00eancia Africana sobre prote\u00e7\u00e3o de menores - Not\u00edcias - Franciscanos","og_description":"Ordem dos Frades Menores","og_url":"https:\/\/franciscanos.org.br\/noticias\/fundacao-de-angola-participa-da-conferencia-africana-sobre-protecao-de-menores.html","og_site_name":"Not\u00edcias - Franciscanos","article_published_time":"2024-02-16T20:35:45+00:00","article_modified_time":"2024-02-17T09:06:16+00:00","og_image":[{"width":1280,"height":720,"url":"https:\/\/franciscanos.org.br\/noticias\/wp-content\/uploads\/2024\/02\/quenia_02.jpg","type":"image\/jpeg"}],"author":"moacir","twitter_card":"summary_large_image","twitter_misc":{"Escrito por":"moacir","Est. tempo de leitura":"6 minutos"},"schema":{"@context":"https:\/\/schema.org","@graph":[{"@type":"WebSite","@id":"https:\/\/franciscanos.org.br\/noticias\/#website","url":"https:\/\/franciscanos.org.br\/noticias\/","name":"Not\u00edcias - Franciscanos","description":"Prov\u00edncia Franciscana da Imaculada Concei\u00e7\u00e3o do Brasil - Ordem dos Frades Menores - OFM","potentialAction":[{"@type":"SearchAction","target":{"@type":"EntryPoint","urlTemplate":"https:\/\/franciscanos.org.br\/noticias\/?s={search_term_string}"},"query-input":"required name=search_term_string"}],"inLanguage":"pt-BR"},{"@type":"ImageObject","inLanguage":"pt-BR","@id":"https:\/\/franciscanos.org.br\/noticias\/fundacao-de-angola-participa-da-conferencia-africana-sobre-protecao-de-menores.html#primaryimage","url":"https:\/\/franciscanos.org.br\/noticias\/wp-content\/uploads\/2024\/02\/quenia_02.jpg","contentUrl":"https:\/\/franciscanos.org.br\/noticias\/wp-content\/uploads\/2024\/02\/quenia_02.jpg","width":1280,"height":720},{"@type":"WebPage","@id":"https:\/\/franciscanos.org.br\/noticias\/fundacao-de-angola-participa-da-conferencia-africana-sobre-protecao-de-menores.html#webpage","url":"https:\/\/franciscanos.org.br\/noticias\/fundacao-de-angola-participa-da-conferencia-africana-sobre-protecao-de-menores.html","name":"Funda\u00e7\u00e3o de Angola participa da Confer\u00eancia Africana sobre prote\u00e7\u00e3o de menores - Not\u00edcias - Franciscanos","isPartOf":{"@id":"https:\/\/franciscanos.org.br\/noticias\/#website"},"primaryImageOfPage":{"@id":"https:\/\/franciscanos.org.br\/noticias\/fundacao-de-angola-participa-da-conferencia-africana-sobre-protecao-de-menores.html#primaryimage"},"datePublished":"2024-02-16T20:35:45+00:00","dateModified":"2024-02-17T09:06:16+00:00","author":{"@id":"https:\/\/franciscanos.org.br\/noticias\/#\/schema\/person\/b5c8cba458c330ccff548b056e95a5d4"},"breadcrumb":{"@id":"https:\/\/franciscanos.org.br\/noticias\/fundacao-de-angola-participa-da-conferencia-africana-sobre-protecao-de-menores.html#breadcrumb"},"inLanguage":"pt-BR","potentialAction":[{"@type":"ReadAction","target":["https:\/\/franciscanos.org.br\/noticias\/fundacao-de-angola-participa-da-conferencia-africana-sobre-protecao-de-menores.html"]}]},{"@type":"BreadcrumbList","@id":"https:\/\/franciscanos.org.br\/noticias\/fundacao-de-angola-participa-da-conferencia-africana-sobre-protecao-de-menores.html#breadcrumb","itemListElement":[{"@type":"ListItem","position":1,"name":"Home","item":"https:\/\/franciscanos.org.br\/noticias"},{"@type":"ListItem","position":2,"name":"Funda\u00e7\u00e3o de Angola participa da Confer\u00eancia Africana sobre prote\u00e7\u00e3o de menores"}]},{"@type":"Person","@id":"https:\/\/franciscanos.org.br\/noticias\/#\/schema\/person\/b5c8cba458c330ccff548b056e95a5d4","name":"moacir","image":{"@type":"ImageObject","inLanguage":"pt-BR","@id":"https:\/\/franciscanos.org.br\/noticias\/#\/schema\/person\/image\/","url":"https:\/\/secure.gravatar.com\/avatar\/d08aa2ce4c8dd416d4479aa8536fcf64?s=96&d=mm&r=g","contentUrl":"https:\/\/secure.gravatar.com\/avatar\/d08aa2ce4c8dd416d4479aa8536fcf64?s=96&d=mm&r=g","caption":"moacir"},"url":"https:\/\/franciscanos.org.br\/noticias\/author\/moacir"}]}},"_links":{"self":[{"href":"https:\/\/franciscanos.org.br\/noticias\/wp-json\/wp\/v2\/posts\/246449"}],"collection":[{"href":"https:\/\/franciscanos.org.br\/noticias\/wp-json\/wp\/v2\/posts"}],"about":[{"href":"https:\/\/franciscanos.org.br\/noticias\/wp-json\/wp\/v2\/types\/post"}],"author":[{"embeddable":true,"href":"https:\/\/franciscanos.org.br\/noticias\/wp-json\/wp\/v2\/users\/3"}],"replies":[{"embeddable":true,"href":"https:\/\/franciscanos.org.br\/noticias\/wp-json\/wp\/v2\/comments?post=246449"}],"version-history":[{"count":3,"href":"https:\/\/franciscanos.org.br\/noticias\/wp-json\/wp\/v2\/posts\/246449\/revisions"}],"predecessor-version":[{"id":246470,"href":"https:\/\/franciscanos.org.br\/noticias\/wp-json\/wp\/v2\/posts\/246449\/revisions\/246470"}],"wp:featuredmedia":[{"embeddable":true,"href":"https:\/\/franciscanos.org.br\/noticias\/wp-json\/wp\/v2\/media\/246451"}],"wp:attachment":[{"href":"https:\/\/franciscanos.org.br\/noticias\/wp-json\/wp\/v2\/media?parent=246449"}],"wp:term":[{"taxonomy":"category","embeddable":true,"href":"https:\/\/franciscanos.org.br\/noticias\/wp-json\/wp\/v2\/categories?post=246449"},{"taxonomy":"post_tag","embeddable":true,"href":"https:\/\/franciscanos.org.br\/noticias\/wp-json\/wp\/v2\/tags?post=246449"}],"curies":[{"name":"wp","href":"https:\/\/api.w.org\/{rel}","templated":true}]}}