{"id":246443,"date":"2024-02-16T08:43:04","date_gmt":"2024-02-16T11:43:04","guid":{"rendered":"https:\/\/franciscanos.org.br\/noticias\/?p=246443"},"modified":"2024-02-16T17:13:50","modified_gmt":"2024-02-16T20:13:50","slug":"quaresma-tempo-de-se-exercitar-de-forma-mais-intensa-na-intimidade-com-deus","status":"publish","type":"post","link":"https:\/\/franciscanos.org.br\/noticias\/quaresma-tempo-de-se-exercitar-de-forma-mais-intensa-na-intimidade-com-deus.html","title":{"rendered":"Quaresma: tempo de se exercitar de forma mais intensa na intimidade com Deus"},"content":{"rendered":"<p><span style=\"font-weight: 400;\"><img loading=\"lazy\" class=\"wp-image-246444 size-full aligncenter\" src=\"https:\/\/franciscanos.org.br\/noticias\/wp-content\/uploads\/2024\/02\/Quarta-feira-de-Cinzas-2024-41-1024x683-1.jpg\" alt=\"\" width=\"1024\" height=\"683\" srcset=\"https:\/\/franciscanos.org.br\/noticias\/wp-content\/uploads\/2024\/02\/Quarta-feira-de-Cinzas-2024-41-1024x683-1.jpg 1024w, https:\/\/franciscanos.org.br\/noticias\/wp-content\/uploads\/2024\/02\/Quarta-feira-de-Cinzas-2024-41-1024x683-1-450x300.jpg 450w, https:\/\/franciscanos.org.br\/noticias\/wp-content\/uploads\/2024\/02\/Quarta-feira-de-Cinzas-2024-41-1024x683-1-768x512.jpg 768w, https:\/\/franciscanos.org.br\/noticias\/wp-content\/uploads\/2024\/02\/Quarta-feira-de-Cinzas-2024-41-1024x683-1-150x100.jpg 150w\" sizes=\"(max-width: 1024px) 100vw, 1024px\" \/><\/span><\/p>\n<p><span style=\"font-weight: 400;\">A Igreja no mundo inteiro iniciou nesta semana a Quaresma, tempo forte de convers\u00e3o e penit\u00eancia. Na Quarta-feira de Cinzas,14, milhares de fi\u00e9is participaram da Santa Missa, presidida pelo Guardi\u00e3o Frei Djalmo Fuck, no Campinho do Convento da Penha, em Vila Velha (ES).<\/span><\/p>\n<p><span style=\"font-weight: 400;\">Em sua homilia, Frei Djalmo recordou que Deus \u00e9 cheio de miseric\u00f3rdia. \u201cAo iniciarmos a Quaresma, n\u00e3o \u00e9 apenas a oportunidade que temos de apresentar a Deus nossos pecados e falhas, \u00e9 a oportunidade que Ele nos oferece para experimentar sua miseric\u00f3rdia. Esta \u00e9 a grande oportunidade que Deus nos concede, de se permitir que Deus venha ao nosso encontro e nos abrace com amor, para permitir a n\u00f3s, iniciar, uma vida nova\u201d.\u00a0<\/span><\/p>\n<p><span style=\"font-weight: 400;\">O Guardi\u00e3o destacou os tr\u00eas exerc\u00edcios quaresmais para uma \u201cvida nova\u201d, descritos no Evangelho de Mateus 6,1-6.16-18. \u201cS\u00e3o tr\u00eas exerc\u00edcios que nos permitem viver profundamente esse tempo da Quaresma. O jejum, a esmola e a ora\u00e7\u00e3o. S\u00e3o tr\u00eas exerc\u00edcios pr\u00f3prios do tempo da Quaresma, mas Jesus fala que eles s\u00f3 t\u00eam validade se houver discri\u00e7\u00e3o, nada deve ser feio para mostrarmos aos outros. \u2018Ficai atentos para n\u00e3o praticar a vossa justi\u00e7a na frente dos homens s\u00f3 para serdes vistos por eles&#8217;\u201d, recordou Frei Djalmo.<\/span><\/p>\n<p><span style=\"font-weight: 400;\">O primeiro exerc\u00edcio, o jejum. \u201cQuando voc\u00ea jejuar, diz Jesus, que ningu\u00e9m saiba que voc\u00ea est\u00e1 jejuando. Ele pede para tomarmos banho, colocarmos uma roupa bonita, um perfume, para que ningu\u00e9m perceba que voc\u00ea est\u00e1 jejuando, com a cara triste, mas somente o Pai do C\u00e9u. E a gente se pergunta: do que eu devo jejuar? Hoje normalmente, a gente se abstem de comer carne no dia de hoje, \u00e9 uma forma de jejum, mas n\u00e3o basta disso, n\u00e3o basta se reservar de comer carne, \u00e9 preciso fazer jejum de muitas coisas, \u00e0s vezes \u00e9 preciso fazer um jejum da pr\u00f3pria l\u00edngua, dos pensamentos, daquilo que a gente diz, daquilo que a gente comenta, \u00e0s vezes somos maldosos nas nossas falas, nos nossos coment\u00e1rios. Ent\u00e3o cada um de n\u00f3s precisa perceber onde o \u2018calo aperta\u2019 e ali fazer o seu jejum, discretamente\u201d, explicou o frade.<\/span><\/p>\n<p><span style=\"font-weight: 400;\">O segundo, esmola. \u201cA esmola, a capacidade de ser solid\u00e1rio com quem precisa da nossa ajuda, precisa do nosso aux\u00edlio, ser capaz de partilhar de forma solid\u00e1ria com quem, de fato, necessita do meu olhar, do meu amor. A gente n\u00e3o partilha apenas dinheiro. Partilhamos afeto, amor, ternura, um sorriso, um olhar que damos a algu\u00e9m. \u2018quando deres esmola, que a tua m\u00e3o esquerda n\u00e3o saiba o que faz a tua m\u00e3o direita, de modo que a tua esmola fique oculta. E o teu Pai, que v\u00ea o que est\u00e1 oculto, te dar\u00e1 a recompensa\u2019, disse.<\/span><\/p>\n<p><img loading=\"lazy\" class=\"size-medium wp-image-246445 alignright\" src=\"https:\/\/franciscanos.org.br\/noticias\/wp-content\/uploads\/2024\/02\/Quarta-feira-de-Cinzas-2024-Missa-das-15h-16-2048x1365-1-450x300.jpg\" alt=\"\" width=\"450\" height=\"300\" srcset=\"https:\/\/franciscanos.org.br\/noticias\/wp-content\/uploads\/2024\/02\/Quarta-feira-de-Cinzas-2024-Missa-das-15h-16-2048x1365-1-450x300.jpg 450w, https:\/\/franciscanos.org.br\/noticias\/wp-content\/uploads\/2024\/02\/Quarta-feira-de-Cinzas-2024-Missa-das-15h-16-2048x1365-1-1024x683.jpg 1024w, https:\/\/franciscanos.org.br\/noticias\/wp-content\/uploads\/2024\/02\/Quarta-feira-de-Cinzas-2024-Missa-das-15h-16-2048x1365-1-768x512.jpg 768w, https:\/\/franciscanos.org.br\/noticias\/wp-content\/uploads\/2024\/02\/Quarta-feira-de-Cinzas-2024-Missa-das-15h-16-2048x1365-1-1536x1024.jpg 1536w, https:\/\/franciscanos.org.br\/noticias\/wp-content\/uploads\/2024\/02\/Quarta-feira-de-Cinzas-2024-Missa-das-15h-16-2048x1365-1-150x100.jpg 150w, https:\/\/franciscanos.org.br\/noticias\/wp-content\/uploads\/2024\/02\/Quarta-feira-de-Cinzas-2024-Missa-das-15h-16-2048x1365-1-scaled.jpg 1620w\" sizes=\"(max-width: 450px) 100vw, 450px\" \/><\/p>\n<p><span style=\"font-weight: 400;\">O terceiro exerc\u00edcio quaresmal \u00e9 a ora\u00e7\u00e3o. \u201cOra\u00e7\u00e3o, intimidade com Deus. Jesus pede que essa ora\u00e7\u00e3o seja feita no sil\u00eancio do quarto, onde s\u00f3 o Pai do C\u00e9u percebe que voc\u00ea est\u00e1 rezando. O tempo da Quaresma \u00e9 este tempo de se exercitar numa forma mais intensa de ora\u00e7\u00e3o, de intimidade com Deus. \u00c9 o que Jesus tamb\u00e9m faz durante a Quaresma Dele, porque a Quaresma lembra os quarenta dias que Jesus passou no deserto, logo depois que ele foi batizado, foi conduzido para o deserto e ali foi tentado. Ele inicia seu momento de confronto com as coisas ruins e Ele sai vitorioso e inicia sua vida p\u00fablica\u201d, afirmou<\/span><\/p>\n<p>&nbsp;<\/p>\n<p><span style=\"font-weight: 400;\">Frei Djalmo tamb\u00e9m ressaltou a import\u00e2ncia da Campanha da Fraternidade para a Igreja no Brasil. \u201cA nossa quaresma no Brasil \u00e9 vivida de modo especial, porque existe uma forma. Junto com a Quaresma, temos a Campanha da Fraternidade que n\u00e3o pode ser esquecida. H\u00e1 60 anos, aqui no Brasil, vivemos a quaresma e junto a Campanha para lembrar-nos que a convers\u00e3o \u00e9 pessoal, mas tamb\u00e9m \u00e9 comunit\u00e1ria, eclesial, social. Este ano o tema da Campanha da Fraternidade \u00e9: \u2018Fraternidade e Amizade Social\u2019 e lema \u2018V\u00f3s sois todos irm\u00e3os e irm\u00e3s\u2019 (Mt 23,8). Para nos lembrar que, embora somos diversos uns dos outros, somos de fam\u00edlias diferentes, temos hist\u00f3rias diferentes, pertencemos a grupos diferentes, mas todos n\u00f3s somos irm\u00e3os uns dos outros. \u2018Fraternidade e Amizade Social\u2019, portanto, somos convidados a viver a benqueren\u00e7a, o amor, o afeto, o respeito entre n\u00f3s. Repito, n\u00f3s somos diferentes, mas n\u00e3o somos inimigos uns dos outros, somos irm\u00e3os em torno do mesmo altar, ent\u00e3o, Jesus nos permite, nos desafia a viver la\u00e7os e fraternidade que v\u00e3o al\u00e9m dos la\u00e7os de sangue, que v\u00e3o al\u00e9m dos grupos de amizade que a gente tem. \u00c9 a capacidade de viver e experimentar uma conviv\u00eancia com aquele que \u00e9 diferente. Que n\u00f3s possamos viver esta Santa Quaresma, neste esp\u00edrito e nesse sentido\u201d, finalizou.<\/span><\/p>\n<p>&nbsp;<\/p>\n<p><span style=\"font-weight: 400;\">Saiba mais sobre\u00a0 esse momento no Convento da Penha. Acesse: <\/span><a href=\"https:\/\/conventodapenha.org.br\/quaresma-tempo-de-se-exercitar-de-forma-mais-intensa-na-intimidade-com-deus\/\"><span style=\"font-weight: 400;\">https:\/\/conventodapenha.org.br\/quaresma-tempo-de-se-exercitar-de-forma-mais-intensa-na-intimidade-com-deus\/<\/span><\/a><\/p>\n","protected":false},"excerpt":{"rendered":"<p>Convento da Penha<\/p>\n","protected":false},"author":10,"featured_media":246444,"comment_status":"open","ping_status":"open","sticky":false,"template":"","format":"standard","meta":[],"categories":[1488,1],"tags":[248,170,1600],"acf":[],"yoast_head":"<!-- This site is optimized with the Yoast SEO plugin v19.2 - https:\/\/yoast.com\/wordpress\/plugins\/seo\/ -->\n<title>Quaresma: tempo de se exercitar de forma mais intensa na intimidade com Deus - Not\u00edcias - Franciscanos<\/title>\n<meta name=\"robots\" content=\"index, follow, max-snippet:-1, max-image-preview:large, max-video-preview:-1\" \/>\n<link rel=\"canonical\" href=\"https:\/\/franciscanos.org.br\/noticias\/quaresma-tempo-de-se-exercitar-de-forma-mais-intensa-na-intimidade-com-deus.html\" \/>\n<meta property=\"og:locale\" content=\"pt_BR\" \/>\n<meta property=\"og:type\" content=\"article\" \/>\n<meta property=\"og:title\" content=\"Quaresma: tempo de se exercitar de forma mais intensa na intimidade com Deus - Not\u00edcias - Franciscanos\" \/>\n<meta property=\"og:description\" content=\"Convento da Penha\" \/>\n<meta property=\"og:url\" content=\"https:\/\/franciscanos.org.br\/noticias\/quaresma-tempo-de-se-exercitar-de-forma-mais-intensa-na-intimidade-com-deus.html\" \/>\n<meta property=\"og:site_name\" content=\"Not\u00edcias - Franciscanos\" \/>\n<meta property=\"article:published_time\" content=\"2024-02-16T11:43:04+00:00\" \/>\n<meta property=\"article:modified_time\" content=\"2024-02-16T20:13:50+00:00\" \/>\n<meta property=\"og:image\" content=\"https:\/\/franciscanos.org.br\/noticias\/wp-content\/uploads\/2024\/02\/Quarta-feira-de-Cinzas-2024-41-1024x683-1.jpg\" \/>\n\t<meta property=\"og:image:width\" content=\"1024\" \/>\n\t<meta property=\"og:image:height\" content=\"683\" \/>\n\t<meta property=\"og:image:type\" content=\"image\/jpeg\" \/>\n<meta name=\"author\" content=\"Jo\u00e3o Vitor\" \/>\n<meta name=\"twitter:card\" content=\"summary_large_image\" \/>\n<meta name=\"twitter:label1\" content=\"Escrito por\" \/>\n\t<meta name=\"twitter:data1\" content=\"Jo\u00e3o Vitor\" \/>\n\t<meta name=\"twitter:label2\" content=\"Est. tempo de leitura\" \/>\n\t<meta name=\"twitter:data2\" content=\"4 minutos\" \/>\n<script type=\"application\/ld+json\" class=\"yoast-schema-graph\">{\"@context\":\"https:\/\/schema.org\",\"@graph\":[{\"@type\":\"WebSite\",\"@id\":\"https:\/\/franciscanos.org.br\/noticias\/#website\",\"url\":\"https:\/\/franciscanos.org.br\/noticias\/\",\"name\":\"Not\u00edcias - Franciscanos\",\"description\":\"Prov\u00edncia Franciscana da Imaculada Concei\u00e7\u00e3o do Brasil - Ordem dos Frades Menores - OFM\",\"potentialAction\":[{\"@type\":\"SearchAction\",\"target\":{\"@type\":\"EntryPoint\",\"urlTemplate\":\"https:\/\/franciscanos.org.br\/noticias\/?s={search_term_string}\"},\"query-input\":\"required name=search_term_string\"}],\"inLanguage\":\"pt-BR\"},{\"@type\":\"ImageObject\",\"inLanguage\":\"pt-BR\",\"@id\":\"https:\/\/franciscanos.org.br\/noticias\/quaresma-tempo-de-se-exercitar-de-forma-mais-intensa-na-intimidade-com-deus.html#primaryimage\",\"url\":\"https:\/\/franciscanos.org.br\/noticias\/wp-content\/uploads\/2024\/02\/Quarta-feira-de-Cinzas-2024-41-1024x683-1.jpg\",\"contentUrl\":\"https:\/\/franciscanos.org.br\/noticias\/wp-content\/uploads\/2024\/02\/Quarta-feira-de-Cinzas-2024-41-1024x683-1.jpg\",\"width\":1024,\"height\":683},{\"@type\":\"WebPage\",\"@id\":\"https:\/\/franciscanos.org.br\/noticias\/quaresma-tempo-de-se-exercitar-de-forma-mais-intensa-na-intimidade-com-deus.html#webpage\",\"url\":\"https:\/\/franciscanos.org.br\/noticias\/quaresma-tempo-de-se-exercitar-de-forma-mais-intensa-na-intimidade-com-deus.html\",\"name\":\"Quaresma: tempo de se exercitar de forma mais intensa na intimidade com Deus - Not\u00edcias - Franciscanos\",\"isPartOf\":{\"@id\":\"https:\/\/franciscanos.org.br\/noticias\/#website\"},\"primaryImageOfPage\":{\"@id\":\"https:\/\/franciscanos.org.br\/noticias\/quaresma-tempo-de-se-exercitar-de-forma-mais-intensa-na-intimidade-com-deus.html#primaryimage\"},\"datePublished\":\"2024-02-16T11:43:04+00:00\",\"dateModified\":\"2024-02-16T20:13:50+00:00\",\"author\":{\"@id\":\"https:\/\/franciscanos.org.br\/noticias\/#\/schema\/person\/8c11f06a466b856a11dd48d20600055f\"},\"breadcrumb\":{\"@id\":\"https:\/\/franciscanos.org.br\/noticias\/quaresma-tempo-de-se-exercitar-de-forma-mais-intensa-na-intimidade-com-deus.html#breadcrumb\"},\"inLanguage\":\"pt-BR\",\"potentialAction\":[{\"@type\":\"ReadAction\",\"target\":[\"https:\/\/franciscanos.org.br\/noticias\/quaresma-tempo-de-se-exercitar-de-forma-mais-intensa-na-intimidade-com-deus.html\"]}]},{\"@type\":\"BreadcrumbList\",\"@id\":\"https:\/\/franciscanos.org.br\/noticias\/quaresma-tempo-de-se-exercitar-de-forma-mais-intensa-na-intimidade-com-deus.html#breadcrumb\",\"itemListElement\":[{\"@type\":\"ListItem\",\"position\":1,\"name\":\"Home\",\"item\":\"https:\/\/franciscanos.org.br\/noticias\"},{\"@type\":\"ListItem\",\"position\":2,\"name\":\"Quaresma: tempo de se exercitar de forma mais intensa na intimidade com Deus\"}]},{\"@type\":\"Person\",\"@id\":\"https:\/\/franciscanos.org.br\/noticias\/#\/schema\/person\/8c11f06a466b856a11dd48d20600055f\",\"name\":\"Jo\u00e3o Vitor\",\"image\":{\"@type\":\"ImageObject\",\"inLanguage\":\"pt-BR\",\"@id\":\"https:\/\/franciscanos.org.br\/noticias\/#\/schema\/person\/image\/\",\"url\":\"https:\/\/secure.gravatar.com\/avatar\/10ba5c9713e0c323617b4309a19e3a46?s=96&d=mm&r=g\",\"contentUrl\":\"https:\/\/secure.gravatar.com\/avatar\/10ba5c9713e0c323617b4309a19e3a46?s=96&d=mm&r=g\",\"caption\":\"Jo\u00e3o Vitor\"},\"url\":\"https:\/\/franciscanos.org.br\/noticias\/author\/joaovitor\"}]}<\/script>\n<!-- \/ Yoast SEO plugin. -->","yoast_head_json":{"title":"Quaresma: tempo de se exercitar de forma mais intensa na intimidade com Deus - Not\u00edcias - Franciscanos","robots":{"index":"index","follow":"follow","max-snippet":"max-snippet:-1","max-image-preview":"max-image-preview:large","max-video-preview":"max-video-preview:-1"},"canonical":"https:\/\/franciscanos.org.br\/noticias\/quaresma-tempo-de-se-exercitar-de-forma-mais-intensa-na-intimidade-com-deus.html","og_locale":"pt_BR","og_type":"article","og_title":"Quaresma: tempo de se exercitar de forma mais intensa na intimidade com Deus - Not\u00edcias - Franciscanos","og_description":"Convento da Penha","og_url":"https:\/\/franciscanos.org.br\/noticias\/quaresma-tempo-de-se-exercitar-de-forma-mais-intensa-na-intimidade-com-deus.html","og_site_name":"Not\u00edcias - Franciscanos","article_published_time":"2024-02-16T11:43:04+00:00","article_modified_time":"2024-02-16T20:13:50+00:00","og_image":[{"width":1024,"height":683,"url":"https:\/\/franciscanos.org.br\/noticias\/wp-content\/uploads\/2024\/02\/Quarta-feira-de-Cinzas-2024-41-1024x683-1.jpg","type":"image\/jpeg"}],"author":"Jo\u00e3o Vitor","twitter_card":"summary_large_image","twitter_misc":{"Escrito por":"Jo\u00e3o Vitor","Est. tempo de leitura":"4 minutos"},"schema":{"@context":"https:\/\/schema.org","@graph":[{"@type":"WebSite","@id":"https:\/\/franciscanos.org.br\/noticias\/#website","url":"https:\/\/franciscanos.org.br\/noticias\/","name":"Not\u00edcias - Franciscanos","description":"Prov\u00edncia Franciscana da Imaculada Concei\u00e7\u00e3o do Brasil - Ordem dos Frades Menores - OFM","potentialAction":[{"@type":"SearchAction","target":{"@type":"EntryPoint","urlTemplate":"https:\/\/franciscanos.org.br\/noticias\/?s={search_term_string}"},"query-input":"required name=search_term_string"}],"inLanguage":"pt-BR"},{"@type":"ImageObject","inLanguage":"pt-BR","@id":"https:\/\/franciscanos.org.br\/noticias\/quaresma-tempo-de-se-exercitar-de-forma-mais-intensa-na-intimidade-com-deus.html#primaryimage","url":"https:\/\/franciscanos.org.br\/noticias\/wp-content\/uploads\/2024\/02\/Quarta-feira-de-Cinzas-2024-41-1024x683-1.jpg","contentUrl":"https:\/\/franciscanos.org.br\/noticias\/wp-content\/uploads\/2024\/02\/Quarta-feira-de-Cinzas-2024-41-1024x683-1.jpg","width":1024,"height":683},{"@type":"WebPage","@id":"https:\/\/franciscanos.org.br\/noticias\/quaresma-tempo-de-se-exercitar-de-forma-mais-intensa-na-intimidade-com-deus.html#webpage","url":"https:\/\/franciscanos.org.br\/noticias\/quaresma-tempo-de-se-exercitar-de-forma-mais-intensa-na-intimidade-com-deus.html","name":"Quaresma: tempo de se exercitar de forma mais intensa na intimidade com Deus - Not\u00edcias - Franciscanos","isPartOf":{"@id":"https:\/\/franciscanos.org.br\/noticias\/#website"},"primaryImageOfPage":{"@id":"https:\/\/franciscanos.org.br\/noticias\/quaresma-tempo-de-se-exercitar-de-forma-mais-intensa-na-intimidade-com-deus.html#primaryimage"},"datePublished":"2024-02-16T11:43:04+00:00","dateModified":"2024-02-16T20:13:50+00:00","author":{"@id":"https:\/\/franciscanos.org.br\/noticias\/#\/schema\/person\/8c11f06a466b856a11dd48d20600055f"},"breadcrumb":{"@id":"https:\/\/franciscanos.org.br\/noticias\/quaresma-tempo-de-se-exercitar-de-forma-mais-intensa-na-intimidade-com-deus.html#breadcrumb"},"inLanguage":"pt-BR","potentialAction":[{"@type":"ReadAction","target":["https:\/\/franciscanos.org.br\/noticias\/quaresma-tempo-de-se-exercitar-de-forma-mais-intensa-na-intimidade-com-deus.html"]}]},{"@type":"BreadcrumbList","@id":"https:\/\/franciscanos.org.br\/noticias\/quaresma-tempo-de-se-exercitar-de-forma-mais-intensa-na-intimidade-com-deus.html#breadcrumb","itemListElement":[{"@type":"ListItem","position":1,"name":"Home","item":"https:\/\/franciscanos.org.br\/noticias"},{"@type":"ListItem","position":2,"name":"Quaresma: tempo de se exercitar de forma mais intensa na intimidade com Deus"}]},{"@type":"Person","@id":"https:\/\/franciscanos.org.br\/noticias\/#\/schema\/person\/8c11f06a466b856a11dd48d20600055f","name":"Jo\u00e3o Vitor","image":{"@type":"ImageObject","inLanguage":"pt-BR","@id":"https:\/\/franciscanos.org.br\/noticias\/#\/schema\/person\/image\/","url":"https:\/\/secure.gravatar.com\/avatar\/10ba5c9713e0c323617b4309a19e3a46?s=96&d=mm&r=g","contentUrl":"https:\/\/secure.gravatar.com\/avatar\/10ba5c9713e0c323617b4309a19e3a46?s=96&d=mm&r=g","caption":"Jo\u00e3o Vitor"},"url":"https:\/\/franciscanos.org.br\/noticias\/author\/joaovitor"}]}},"_links":{"self":[{"href":"https:\/\/franciscanos.org.br\/noticias\/wp-json\/wp\/v2\/posts\/246443"}],"collection":[{"href":"https:\/\/franciscanos.org.br\/noticias\/wp-json\/wp\/v2\/posts"}],"about":[{"href":"https:\/\/franciscanos.org.br\/noticias\/wp-json\/wp\/v2\/types\/post"}],"author":[{"embeddable":true,"href":"https:\/\/franciscanos.org.br\/noticias\/wp-json\/wp\/v2\/users\/10"}],"replies":[{"embeddable":true,"href":"https:\/\/franciscanos.org.br\/noticias\/wp-json\/wp\/v2\/comments?post=246443"}],"version-history":[{"count":2,"href":"https:\/\/franciscanos.org.br\/noticias\/wp-json\/wp\/v2\/posts\/246443\/revisions"}],"predecessor-version":[{"id":246448,"href":"https:\/\/franciscanos.org.br\/noticias\/wp-json\/wp\/v2\/posts\/246443\/revisions\/246448"}],"wp:featuredmedia":[{"embeddable":true,"href":"https:\/\/franciscanos.org.br\/noticias\/wp-json\/wp\/v2\/media\/246444"}],"wp:attachment":[{"href":"https:\/\/franciscanos.org.br\/noticias\/wp-json\/wp\/v2\/media?parent=246443"}],"wp:term":[{"taxonomy":"category","embeddable":true,"href":"https:\/\/franciscanos.org.br\/noticias\/wp-json\/wp\/v2\/categories?post=246443"},{"taxonomy":"post_tag","embeddable":true,"href":"https:\/\/franciscanos.org.br\/noticias\/wp-json\/wp\/v2\/tags?post=246443"}],"curies":[{"name":"wp","href":"https:\/\/api.w.org\/{rel}","templated":true}]}}