{"id":246440,"date":"2024-02-16T08:18:37","date_gmt":"2024-02-16T11:18:37","guid":{"rendered":"https:\/\/franciscanos.org.br\/noticias\/?p=246440"},"modified":"2024-02-16T08:18:37","modified_gmt":"2024-02-16T11:18:37","slug":"quenia-franciscanos-na-africa-empenhados-na-protecao-dos-menores","status":"publish","type":"post","link":"https:\/\/franciscanos.org.br\/noticias\/quenia-franciscanos-na-africa-empenhados-na-protecao-dos-menores.html","title":{"rendered":"Qu\u00eania: Franciscanos na \u00c1frica empenhados na prote\u00e7\u00e3o dos menores"},"content":{"rendered":"<div id=\"attachment_246441\" style=\"width: 1510px\" class=\"wp-caption alignnone\"><img aria-describedby=\"caption-attachment-246441\" loading=\"lazy\" class=\"wp-image-246441 size-full\" src=\"https:\/\/franciscanos.org.br\/noticias\/wp-content\/uploads\/2024\/02\/texto_final.jpeg\" alt=\"\" width=\"1500\" height=\"844\" srcset=\"https:\/\/franciscanos.org.br\/noticias\/wp-content\/uploads\/2024\/02\/texto_final.jpeg 1500w, https:\/\/franciscanos.org.br\/noticias\/wp-content\/uploads\/2024\/02\/texto_final-450x253.jpeg 450w, https:\/\/franciscanos.org.br\/noticias\/wp-content\/uploads\/2024\/02\/texto_final-1024x576.jpeg 1024w, https:\/\/franciscanos.org.br\/noticias\/wp-content\/uploads\/2024\/02\/texto_final-768x432.jpeg 768w, https:\/\/franciscanos.org.br\/noticias\/wp-content\/uploads\/2024\/02\/texto_final-150x84.jpeg 150w\" sizes=\"(max-width: 1500px) 100vw, 1500px\" \/><p id=\"caption-attachment-246441\" class=\"wp-caption-text\"><em>Imagem: Vatican Media<\/em><\/p><\/div>\n<p>\u00c9 a primeira vez que os Franciscanos em \u00c1frica o fazem. De 1 a 15 de fevereiro, 55 respons\u00e1veis da Ordem dos Frades Menores de todo o Continente reuniram-se em Nair\u00f3bi para uma sess\u00e3o de forma\u00e7\u00e3o destinada a sensibilizar para a prote\u00e7\u00e3o dos menores e das pessoas vulner\u00e1veis. Em 2021, a Ordem dos Frades Menores decidiu criar um escrit\u00f3rio para a salvaguarda e prote\u00e7\u00e3o dos menores, e as conclus\u00f5es do Cap\u00edtulo Geral encorajaram os frades a assumir a quest\u00e3o.<\/p>\n<p>O encontro reuniu religiosos de todas as prov\u00edncias e cust\u00f3dias franciscanas de \u00c1frica. Especialistas de todo o mundo falaram sobre os m\u00faltiplos aspectos da luta contra os abusos: a escuta das v\u00edtimas, a forma\u00e7\u00e3o, o impacto dos abusos nas fam\u00edlias das v\u00edtimas e, sobretudo, a reflex\u00e3o sobre os instrumentos a p\u00f4r em pr\u00e1tica para combater mais eficazmente este flagelo. Entre eles, Augusta Muthigani, respons\u00e1vel pela \u00c1frica da Comiss\u00e3o Pontif\u00edcia para a Prote\u00e7\u00e3o dos Menores.<\/p>\n<p><strong>Redescobrir S\u00e3o Francisco<\/strong><br \/>\nO que parece ter agitado as coisas foi a partilha espiritual em que a sess\u00e3o foi organizada. Na introdu\u00e7\u00e3o \u00e0 sess\u00e3o, Frei Albert Schmucki, respons\u00e1vel pela unidade de prote\u00e7\u00e3o de menores da Ordem Franciscana, prop\u00f4s uma reflex\u00e3o sobre o testamento de S\u00e3o Francisco de Assis, no qual o <em>Poverello<\/em> recorda a sua convers\u00e3o. &#8220;Ele escreve que ela n\u00e3o se deu num lugar sagrado, mas entre os leprosos&#8221;, recorda o franciscano. &#8220;Sem os identificar com os leprosos da Idade M\u00e9dia, h\u00e1 semelhan\u00e7as com as v\u00edtimas de abusos sexuais de hoje. Os leprosos eram segregados, exclu\u00eddos da cidade e tinham de permanecer invis\u00edveis. Foi a\u00ed que Francisco experimentou a sua convers\u00e3o, experimentou a miseric\u00f3rdia rec\u00edproca&#8221;. Esta releitura do carisma do santo de Assis levou \u00e0 cria\u00e7\u00e3o de grupos de reflex\u00e3o para descobrir como criar um espa\u00e7o para as v\u00edtimas. Na opini\u00e3o de Frei Albert, &#8220;o clima mudou&#8221; depois desta partilha. &#8220;Descobriram a import\u00e2ncia de escutar com o cora\u00e7\u00e3o&#8221;.<\/p>\n<p><strong>Escutar as v\u00edtimas<\/strong><br \/>\nO testemunho de duas v\u00edtimas tamb\u00e9m foi decisivo no in\u00edcio da sess\u00e3o. &#8220;Mudou completamente a din\u00e2mica da sess\u00e3o&#8221;, diz o Padre Joulain, mission\u00e1rio de \u00c1frica e um dos organizadores do encontro, que trabalha h\u00e1 muitos anos com sobreviventes de agress\u00f5es sexuais. Segundo o Padre Blanc, um passo fundamental \u00e9 escutar as v\u00edtimas. &#8220;Vimos que escutar estas pessoas, olh\u00e1-las de frente, j\u00e1 n\u00e3o \u00e9 assustador, mas tornou-se parte integrante do trabalho da Igreja mission\u00e1ria em \u00c1frica, hoje&#8221;.<\/p>\n<p><strong>As resist\u00eancias culturais<\/strong><br \/>\nAs duas semanas de trabalho permitiram tamb\u00e9m identificar a dimens\u00e3o cultural que pode constituir um trav\u00e3o \u00e0 percep\u00e7\u00e3o da crise dos abusos. &#8220;Em \u00c1frica, a fam\u00edlia continua a ser uma unidade muito s\u00f3lida da sociedade, raz\u00e3o pela qual a quest\u00e3o da prote\u00e7\u00e3o dos menores \u00e9 por vezes vista como uma grande amea\u00e7a&#8221;, explica Frei Albert Schmucki. &#8220;Os pr\u00f3prios Irm\u00e3os sublinharam que, para n\u00e3o amea\u00e7ar a fam\u00edlia, continuamos a preferir a cultura do sil\u00eancio&#8221;, acrescenta. &#8220;Outro aspecto \u00e9 o da lideran\u00e7a pol\u00edtica, social e econ\u00f3mica em \u00c1frica, mas tamb\u00e9m na Igreja, onde por vezes h\u00e1 falta de reflex\u00e3o sobre a forma como o poder \u00e9 exercido&#8221;, explica Frei Schmucki. Na sua opini\u00e3o, \u00e9 necess\u00e1rio &#8220;p\u00f4r em rela\u00e7\u00e3o as diferentes culturas em \u00c1frica para p\u00f4r em pr\u00e1tica uma verdadeira prote\u00e7\u00e3o; n\u00e3o basta resolver alguns casos isolados&#8221;.<\/p>\n<p>\u201cH\u00e1 resist\u00eancias porque \u00e9 uma quest\u00e3o que pode ser assustadora&#8221;, diz o Frei St\u00e9phane Joulain, &#8220;mas esta sess\u00e3o mostrou que estamos a passar de uma abordagem cerebral da quest\u00e3o para uma perce\u00e7\u00e3o desta realidade que vem mais do cora\u00e7\u00e3o&#8221;, acrescenta com satisfa\u00e7\u00e3o.<\/p>\n<p><strong>Construir sobre o que j\u00e1 existe<\/strong><br \/>\nFrei Pierre-Auguste Kacou, de origem marfinense, \u00e9 membro da Prov\u00edncia do Verbo Encarnado. Presente em Nair\u00f3bi, ele explica que um dos obst\u00e1culos \u00e0 percep\u00e7\u00e3o da pedocriminalidade \u00e9 tamb\u00e9m um ambiente onde &#8220;h\u00e1 outras prioridades, ligadas a quest\u00f5es sociais ou de seguran\u00e7a, ao bem-estar da popula\u00e7\u00e3o. A quest\u00e3o dos abusos n\u00e3o \u00e9, por isso, percepcionada como um problema urgente&#8221;. O franciscano da Costa do Marfim sublinha tamb\u00e9m o aspecto cultural da resolu\u00e7\u00e3o de conflitos, que se baseia frequentemente na negocia\u00e7\u00e3o. &#8220;Mas \u00e0 medida que refletimos mais e mais, relendo o Evangelho e aproveitando a experi\u00eancia de outras Igrejas, apercebemo-nos de que a quest\u00e3o dos abusos se tornou crucial&#8221;.<\/p>\n<p>O desafio \u00e9 grande: para al\u00e9m das estruturas de acolhimento das v\u00edtimas, \u00e9 tamb\u00e9m necess\u00e1rio formar pessoal para receber os seus testemunhos e iniciar um processo de apoio. Para muitos dos participantes na sess\u00e3o de forma\u00e7\u00e3o, a Igreja em \u00c1frica ainda n\u00e3o tem uma base concreta sobre a qual trabalhar, como os resultados de inqu\u00e9ritos. No entanto, os Franciscanos do continente africano n\u00e3o est\u00e3o a come\u00e7ar do zero.<\/p>\n<p><strong>Uma esperan\u00e7a para \u00c1frica<\/strong><br \/>\nEsta sess\u00e3o constituiu uma oportunidade para partilhar as experi\u00eancias virtuosas que j\u00e1 foram postas em pr\u00e1tica para acolher a voz das v\u00edtimas. &#8220;Alguns Pa\u00edses j\u00e1 t\u00eam uma boa experi\u00eancia para come\u00e7ar, porque as estruturas est\u00e3o a ser criadas&#8221;, sublinha Frei Pierre-Auguste. \u00c9 o caso, por exemplo, da Confer\u00eancia Episcopal do Qu\u00eania, onde a Comiss\u00e3o de educa\u00e7\u00e3o desenvolveu um programa de acompanhamento das v\u00edtimas. Em Brazzaville, foi criada uma unidade de escuta e de apoio, e o Togo foi tamb\u00e9m saudado como um Pa\u00eds virtuoso neste dom\u00ednio.<\/p>\n<p>Esta sess\u00e3o no Qu\u00e9nia permite-nos lan\u00e7ar sementes para o futuro. \u201cN\u00e3o estamos a pedir aos Franciscanos para que resolvam todos os problemas de \u00c1frica&#8221;, conclui Frei St\u00e9phane Joulain, &#8220;mas pelo menos eles regressam mais bem equipados para construir programas de prote\u00e7\u00e3o. Ao seu n\u00edvel, todos estes irm\u00e3os podem ser agentes de mudan\u00e7a&#8221;. A sess\u00e3o terminou com a visita do N\u00fancio Apost\u00f3lico no Qu\u00eania, Dom Hubertus van Megen, que veio saudar e encorajar os participantes.<\/p>\n<hr \/>\n<p><em>Fonte: Vatican News (texto de Olivier Bonnel)<\/em><\/p>\n<p>&nbsp;<\/p>\n","protected":false},"excerpt":{"rendered":"<p>Ordem dos Frades Menores<\/p>\n","protected":false},"author":3,"featured_media":246441,"comment_status":"open","ping_status":"open","sticky":false,"template":"","format":"standard","meta":[],"categories":[1],"tags":[397],"acf":[],"yoast_head":"<!-- This site is optimized with the Yoast SEO plugin v19.2 - https:\/\/yoast.com\/wordpress\/plugins\/seo\/ -->\n<title>Qu\u00eania: Franciscanos na \u00c1frica empenhados na prote\u00e7\u00e3o dos menores - Not\u00edcias - Franciscanos<\/title>\n<meta name=\"robots\" content=\"index, follow, max-snippet:-1, max-image-preview:large, max-video-preview:-1\" \/>\n<link rel=\"canonical\" href=\"https:\/\/franciscanos.org.br\/noticias\/quenia-franciscanos-na-africa-empenhados-na-protecao-dos-menores.html\" \/>\n<meta property=\"og:locale\" content=\"pt_BR\" \/>\n<meta property=\"og:type\" content=\"article\" \/>\n<meta property=\"og:title\" content=\"Qu\u00eania: Franciscanos na \u00c1frica empenhados na prote\u00e7\u00e3o dos menores - Not\u00edcias - Franciscanos\" \/>\n<meta property=\"og:description\" content=\"Ordem dos Frades Menores\" \/>\n<meta property=\"og:url\" content=\"https:\/\/franciscanos.org.br\/noticias\/quenia-franciscanos-na-africa-empenhados-na-protecao-dos-menores.html\" \/>\n<meta property=\"og:site_name\" content=\"Not\u00edcias - Franciscanos\" \/>\n<meta property=\"article:published_time\" content=\"2024-02-16T11:18:37+00:00\" \/>\n<meta property=\"og:image\" content=\"https:\/\/franciscanos.org.br\/noticias\/wp-content\/uploads\/2024\/02\/texto_final.jpeg\" \/>\n\t<meta property=\"og:image:width\" content=\"1500\" \/>\n\t<meta property=\"og:image:height\" content=\"844\" \/>\n\t<meta property=\"og:image:type\" content=\"image\/jpeg\" \/>\n<meta name=\"author\" content=\"moacir\" \/>\n<meta name=\"twitter:card\" content=\"summary_large_image\" \/>\n<meta name=\"twitter:label1\" content=\"Escrito por\" \/>\n\t<meta name=\"twitter:data1\" content=\"moacir\" \/>\n\t<meta name=\"twitter:label2\" content=\"Est. tempo de leitura\" \/>\n\t<meta name=\"twitter:data2\" content=\"5 minutos\" \/>\n<script type=\"application\/ld+json\" class=\"yoast-schema-graph\">{\"@context\":\"https:\/\/schema.org\",\"@graph\":[{\"@type\":\"WebSite\",\"@id\":\"https:\/\/franciscanos.org.br\/noticias\/#website\",\"url\":\"https:\/\/franciscanos.org.br\/noticias\/\",\"name\":\"Not\u00edcias - Franciscanos\",\"description\":\"Prov\u00edncia Franciscana da Imaculada Concei\u00e7\u00e3o do Brasil - Ordem dos Frades Menores - OFM\",\"potentialAction\":[{\"@type\":\"SearchAction\",\"target\":{\"@type\":\"EntryPoint\",\"urlTemplate\":\"https:\/\/franciscanos.org.br\/noticias\/?s={search_term_string}\"},\"query-input\":\"required name=search_term_string\"}],\"inLanguage\":\"pt-BR\"},{\"@type\":\"ImageObject\",\"inLanguage\":\"pt-BR\",\"@id\":\"https:\/\/franciscanos.org.br\/noticias\/quenia-franciscanos-na-africa-empenhados-na-protecao-dos-menores.html#primaryimage\",\"url\":\"https:\/\/franciscanos.org.br\/noticias\/wp-content\/uploads\/2024\/02\/texto_final.jpeg\",\"contentUrl\":\"https:\/\/franciscanos.org.br\/noticias\/wp-content\/uploads\/2024\/02\/texto_final.jpeg\",\"width\":1500,\"height\":844},{\"@type\":\"WebPage\",\"@id\":\"https:\/\/franciscanos.org.br\/noticias\/quenia-franciscanos-na-africa-empenhados-na-protecao-dos-menores.html#webpage\",\"url\":\"https:\/\/franciscanos.org.br\/noticias\/quenia-franciscanos-na-africa-empenhados-na-protecao-dos-menores.html\",\"name\":\"Qu\u00eania: Franciscanos na \u00c1frica empenhados na prote\u00e7\u00e3o dos menores - Not\u00edcias - Franciscanos\",\"isPartOf\":{\"@id\":\"https:\/\/franciscanos.org.br\/noticias\/#website\"},\"primaryImageOfPage\":{\"@id\":\"https:\/\/franciscanos.org.br\/noticias\/quenia-franciscanos-na-africa-empenhados-na-protecao-dos-menores.html#primaryimage\"},\"datePublished\":\"2024-02-16T11:18:37+00:00\",\"dateModified\":\"2024-02-16T11:18:37+00:00\",\"author\":{\"@id\":\"https:\/\/franciscanos.org.br\/noticias\/#\/schema\/person\/b5c8cba458c330ccff548b056e95a5d4\"},\"breadcrumb\":{\"@id\":\"https:\/\/franciscanos.org.br\/noticias\/quenia-franciscanos-na-africa-empenhados-na-protecao-dos-menores.html#breadcrumb\"},\"inLanguage\":\"pt-BR\",\"potentialAction\":[{\"@type\":\"ReadAction\",\"target\":[\"https:\/\/franciscanos.org.br\/noticias\/quenia-franciscanos-na-africa-empenhados-na-protecao-dos-menores.html\"]}]},{\"@type\":\"BreadcrumbList\",\"@id\":\"https:\/\/franciscanos.org.br\/noticias\/quenia-franciscanos-na-africa-empenhados-na-protecao-dos-menores.html#breadcrumb\",\"itemListElement\":[{\"@type\":\"ListItem\",\"position\":1,\"name\":\"Home\",\"item\":\"https:\/\/franciscanos.org.br\/noticias\"},{\"@type\":\"ListItem\",\"position\":2,\"name\":\"Qu\u00eania: Franciscanos na \u00c1frica empenhados na prote\u00e7\u00e3o dos menores\"}]},{\"@type\":\"Person\",\"@id\":\"https:\/\/franciscanos.org.br\/noticias\/#\/schema\/person\/b5c8cba458c330ccff548b056e95a5d4\",\"name\":\"moacir\",\"image\":{\"@type\":\"ImageObject\",\"inLanguage\":\"pt-BR\",\"@id\":\"https:\/\/franciscanos.org.br\/noticias\/#\/schema\/person\/image\/\",\"url\":\"https:\/\/secure.gravatar.com\/avatar\/d08aa2ce4c8dd416d4479aa8536fcf64?s=96&d=mm&r=g\",\"contentUrl\":\"https:\/\/secure.gravatar.com\/avatar\/d08aa2ce4c8dd416d4479aa8536fcf64?s=96&d=mm&r=g\",\"caption\":\"moacir\"},\"url\":\"https:\/\/franciscanos.org.br\/noticias\/author\/moacir\"}]}<\/script>\n<!-- \/ Yoast SEO plugin. -->","yoast_head_json":{"title":"Qu\u00eania: Franciscanos na \u00c1frica empenhados na prote\u00e7\u00e3o dos menores - Not\u00edcias - Franciscanos","robots":{"index":"index","follow":"follow","max-snippet":"max-snippet:-1","max-image-preview":"max-image-preview:large","max-video-preview":"max-video-preview:-1"},"canonical":"https:\/\/franciscanos.org.br\/noticias\/quenia-franciscanos-na-africa-empenhados-na-protecao-dos-menores.html","og_locale":"pt_BR","og_type":"article","og_title":"Qu\u00eania: Franciscanos na \u00c1frica empenhados na prote\u00e7\u00e3o dos menores - Not\u00edcias - Franciscanos","og_description":"Ordem dos Frades Menores","og_url":"https:\/\/franciscanos.org.br\/noticias\/quenia-franciscanos-na-africa-empenhados-na-protecao-dos-menores.html","og_site_name":"Not\u00edcias - Franciscanos","article_published_time":"2024-02-16T11:18:37+00:00","og_image":[{"width":1500,"height":844,"url":"https:\/\/franciscanos.org.br\/noticias\/wp-content\/uploads\/2024\/02\/texto_final.jpeg","type":"image\/jpeg"}],"author":"moacir","twitter_card":"summary_large_image","twitter_misc":{"Escrito por":"moacir","Est. tempo de leitura":"5 minutos"},"schema":{"@context":"https:\/\/schema.org","@graph":[{"@type":"WebSite","@id":"https:\/\/franciscanos.org.br\/noticias\/#website","url":"https:\/\/franciscanos.org.br\/noticias\/","name":"Not\u00edcias - Franciscanos","description":"Prov\u00edncia Franciscana da Imaculada Concei\u00e7\u00e3o do Brasil - Ordem dos Frades Menores - OFM","potentialAction":[{"@type":"SearchAction","target":{"@type":"EntryPoint","urlTemplate":"https:\/\/franciscanos.org.br\/noticias\/?s={search_term_string}"},"query-input":"required name=search_term_string"}],"inLanguage":"pt-BR"},{"@type":"ImageObject","inLanguage":"pt-BR","@id":"https:\/\/franciscanos.org.br\/noticias\/quenia-franciscanos-na-africa-empenhados-na-protecao-dos-menores.html#primaryimage","url":"https:\/\/franciscanos.org.br\/noticias\/wp-content\/uploads\/2024\/02\/texto_final.jpeg","contentUrl":"https:\/\/franciscanos.org.br\/noticias\/wp-content\/uploads\/2024\/02\/texto_final.jpeg","width":1500,"height":844},{"@type":"WebPage","@id":"https:\/\/franciscanos.org.br\/noticias\/quenia-franciscanos-na-africa-empenhados-na-protecao-dos-menores.html#webpage","url":"https:\/\/franciscanos.org.br\/noticias\/quenia-franciscanos-na-africa-empenhados-na-protecao-dos-menores.html","name":"Qu\u00eania: Franciscanos na \u00c1frica empenhados na prote\u00e7\u00e3o dos menores - Not\u00edcias - Franciscanos","isPartOf":{"@id":"https:\/\/franciscanos.org.br\/noticias\/#website"},"primaryImageOfPage":{"@id":"https:\/\/franciscanos.org.br\/noticias\/quenia-franciscanos-na-africa-empenhados-na-protecao-dos-menores.html#primaryimage"},"datePublished":"2024-02-16T11:18:37+00:00","dateModified":"2024-02-16T11:18:37+00:00","author":{"@id":"https:\/\/franciscanos.org.br\/noticias\/#\/schema\/person\/b5c8cba458c330ccff548b056e95a5d4"},"breadcrumb":{"@id":"https:\/\/franciscanos.org.br\/noticias\/quenia-franciscanos-na-africa-empenhados-na-protecao-dos-menores.html#breadcrumb"},"inLanguage":"pt-BR","potentialAction":[{"@type":"ReadAction","target":["https:\/\/franciscanos.org.br\/noticias\/quenia-franciscanos-na-africa-empenhados-na-protecao-dos-menores.html"]}]},{"@type":"BreadcrumbList","@id":"https:\/\/franciscanos.org.br\/noticias\/quenia-franciscanos-na-africa-empenhados-na-protecao-dos-menores.html#breadcrumb","itemListElement":[{"@type":"ListItem","position":1,"name":"Home","item":"https:\/\/franciscanos.org.br\/noticias"},{"@type":"ListItem","position":2,"name":"Qu\u00eania: Franciscanos na \u00c1frica empenhados na prote\u00e7\u00e3o dos menores"}]},{"@type":"Person","@id":"https:\/\/franciscanos.org.br\/noticias\/#\/schema\/person\/b5c8cba458c330ccff548b056e95a5d4","name":"moacir","image":{"@type":"ImageObject","inLanguage":"pt-BR","@id":"https:\/\/franciscanos.org.br\/noticias\/#\/schema\/person\/image\/","url":"https:\/\/secure.gravatar.com\/avatar\/d08aa2ce4c8dd416d4479aa8536fcf64?s=96&d=mm&r=g","contentUrl":"https:\/\/secure.gravatar.com\/avatar\/d08aa2ce4c8dd416d4479aa8536fcf64?s=96&d=mm&r=g","caption":"moacir"},"url":"https:\/\/franciscanos.org.br\/noticias\/author\/moacir"}]}},"_links":{"self":[{"href":"https:\/\/franciscanos.org.br\/noticias\/wp-json\/wp\/v2\/posts\/246440"}],"collection":[{"href":"https:\/\/franciscanos.org.br\/noticias\/wp-json\/wp\/v2\/posts"}],"about":[{"href":"https:\/\/franciscanos.org.br\/noticias\/wp-json\/wp\/v2\/types\/post"}],"author":[{"embeddable":true,"href":"https:\/\/franciscanos.org.br\/noticias\/wp-json\/wp\/v2\/users\/3"}],"replies":[{"embeddable":true,"href":"https:\/\/franciscanos.org.br\/noticias\/wp-json\/wp\/v2\/comments?post=246440"}],"version-history":[{"count":1,"href":"https:\/\/franciscanos.org.br\/noticias\/wp-json\/wp\/v2\/posts\/246440\/revisions"}],"predecessor-version":[{"id":246442,"href":"https:\/\/franciscanos.org.br\/noticias\/wp-json\/wp\/v2\/posts\/246440\/revisions\/246442"}],"wp:featuredmedia":[{"embeddable":true,"href":"https:\/\/franciscanos.org.br\/noticias\/wp-json\/wp\/v2\/media\/246441"}],"wp:attachment":[{"href":"https:\/\/franciscanos.org.br\/noticias\/wp-json\/wp\/v2\/media?parent=246440"}],"wp:term":[{"taxonomy":"category","embeddable":true,"href":"https:\/\/franciscanos.org.br\/noticias\/wp-json\/wp\/v2\/categories?post=246440"},{"taxonomy":"post_tag","embeddable":true,"href":"https:\/\/franciscanos.org.br\/noticias\/wp-json\/wp\/v2\/tags?post=246440"}],"curies":[{"name":"wp","href":"https:\/\/api.w.org\/{rel}","templated":true}]}}