{"id":246410,"date":"2024-02-14T06:34:01","date_gmt":"2024-02-14T09:34:01","guid":{"rendered":"https:\/\/franciscanos.org.br\/noticias\/?p=246410"},"modified":"2025-05-03T10:25:45","modified_gmt":"2025-05-03T13:25:45","slug":"documento-mostra-como-e-a-estrutura-da-ordem-dos-frades-menores-atraves-de-suas-conferencias","status":"publish","type":"post","link":"https:\/\/franciscanos.org.br\/noticias\/documento-mostra-como-e-a-estrutura-da-ordem-dos-frades-menores-atraves-de-suas-conferencias.html","title":{"rendered":"Documento mostra como \u00e9 a estrutura da Ordem dos Frades Menores atrav\u00e9s de suas Confer\u00eancias"},"content":{"rendered":"<p><img loading=\"lazy\" class=\"size-full wp-image-246411 aligncenter\" src=\"https:\/\/franciscanos.org.br\/noticias\/wp-content\/uploads\/2024\/02\/conferencias.jpg\" alt=\"\" width=\"838\" height=\"597\" srcset=\"https:\/\/franciscanos.org.br\/noticias\/wp-content\/uploads\/2024\/02\/conferencias.jpg 838w, https:\/\/franciscanos.org.br\/noticias\/wp-content\/uploads\/2024\/02\/conferencias-450x321.jpg 450w, https:\/\/franciscanos.org.br\/noticias\/wp-content\/uploads\/2024\/02\/conferencias-768x547.jpg 768w, https:\/\/franciscanos.org.br\/noticias\/wp-content\/uploads\/2024\/02\/conferencias-150x107.jpg 150w\" sizes=\"(max-width: 838px) 100vw, 838px\" \/><\/p>\n<p>Foi publicado em vers\u00e3o digital o documento \u201cAs Confer\u00eancias na OFM: evolu\u00e7\u00e3o hist\u00f3rico-jur\u00eddica e novos desafios para o futuro\u201d, que oferece uma vis\u00e3o geral das Confer\u00eancias dos Ministros Provinciais da Ordem.<\/p>\n<p>O Cap\u00edtulo Geral de 2021 formulou um mandato (n\u00ba 31) que diz o seguinte:<\/p>\n<p>O Ministro Geral e o seu Definit\u00f3rio devem realizar uma revis\u00e3o completa da atual estrutura da Confer\u00eancia e, onde seja necess\u00e1rio, fazer ajustes na configura\u00e7\u00e3o da estrutura da Confer\u00eancia, incentivando o di\u00e1logo e o interc\u00e2mbio entre o Definit\u00f3rio Geral, as Entidades e as Confer\u00eancias.<\/p>\n<p>Para cumprir este mandato, o Definit\u00f3rio Geral, no final de 2022, nomeou uma Comiss\u00e3o para realizar um estudo sobre as Confer\u00eancias da Ordem, formada por Frei Claudio Durighetto, Frei Francisco G\u00f3mez Vargas, Frei C\u00e9sar Kulkamp, \u200b\u200b\u200b\u200bFrei Cesare Vaiani.<\/p>\n<p>A Comiss\u00e3o elaborou um documento que visa oferecer alguns elementos para uma melhor compreens\u00e3o da hist\u00f3ria passada e da realidade atual das Confer\u00eancias de Ministros Provinciais da Ordem dos Irm\u00e3os Menores.<\/p>\n<p>O texto \u00e9 composto por quatro cap\u00edtulos, n\u00e3o t\u00e3o longos: no primeiro, prop\u00f5e-se uma breve hist\u00f3ria \u201cinstitucional\u201d das pr\u00f3prias Confer\u00eancias e, no segundo, uma leitura da evolu\u00e7\u00e3o das normas jur\u00eddicas da Ordem que as regulou; o terceiro cap\u00edtulo oferece uma avalia\u00e7\u00e3o qualitativa das estruturas de governo da Ordem que emergiram do Cap\u00edtulo Geral de 2021, e o quarto tenta elaborar algumas reflex\u00f5es germinais para o futuro.<\/p>\n<h3>Baixe o documento na <strong><span style=\"color: #800080;\">vers\u00e3o em <a style=\"color: #800080;\" href=\"https:\/\/ofm.org\/uploads\/Le%20conferenze%20nell%20ofm%20-%20ESP.pdf\">espanhol.<\/a><\/span><\/strong><\/h3>\n","protected":false},"excerpt":{"rendered":"<p>Ordem dos Frades Menores<\/p>\n","protected":false},"author":3,"featured_media":246411,"comment_status":"open","ping_status":"open","sticky":false,"template":"","format":"standard","meta":[],"categories":[1],"tags":[397],"acf":[],"yoast_head":"<!-- This site is optimized with the Yoast SEO plugin v19.2 - https:\/\/yoast.com\/wordpress\/plugins\/seo\/ -->\n<title>Documento mostra como \u00e9 a estrutura da Ordem dos Frades Menores atrav\u00e9s de suas Confer\u00eancias - Not\u00edcias - Franciscanos<\/title>\n<meta name=\"robots\" content=\"index, follow, max-snippet:-1, max-image-preview:large, max-video-preview:-1\" \/>\n<link rel=\"canonical\" href=\"https:\/\/franciscanos.org.br\/noticias\/documento-mostra-como-e-a-estrutura-da-ordem-dos-frades-menores-atraves-de-suas-conferencias.html\" \/>\n<meta property=\"og:locale\" content=\"pt_BR\" \/>\n<meta property=\"og:type\" content=\"article\" \/>\n<meta property=\"og:title\" content=\"Documento mostra como \u00e9 a estrutura da Ordem dos Frades Menores atrav\u00e9s de suas Confer\u00eancias - Not\u00edcias - Franciscanos\" \/>\n<meta property=\"og:description\" content=\"Ordem dos Frades Menores\" \/>\n<meta property=\"og:url\" content=\"https:\/\/franciscanos.org.br\/noticias\/documento-mostra-como-e-a-estrutura-da-ordem-dos-frades-menores-atraves-de-suas-conferencias.html\" \/>\n<meta property=\"og:site_name\" content=\"Not\u00edcias - Franciscanos\" \/>\n<meta property=\"article:published_time\" content=\"2024-02-14T09:34:01+00:00\" \/>\n<meta property=\"article:modified_time\" content=\"2025-05-03T13:25:45+00:00\" \/>\n<meta property=\"og:image\" content=\"https:\/\/franciscanos.org.br\/noticias\/wp-content\/uploads\/2024\/02\/conferencias.jpg\" \/>\n\t<meta property=\"og:image:width\" content=\"838\" \/>\n\t<meta property=\"og:image:height\" content=\"597\" \/>\n\t<meta property=\"og:image:type\" content=\"image\/jpeg\" \/>\n<meta name=\"author\" content=\"moacir\" \/>\n<meta name=\"twitter:card\" content=\"summary_large_image\" \/>\n<meta name=\"twitter:label1\" content=\"Escrito por\" \/>\n\t<meta name=\"twitter:data1\" content=\"moacir\" \/>\n\t<meta name=\"twitter:label2\" content=\"Est. tempo de leitura\" \/>\n\t<meta name=\"twitter:data2\" content=\"1 minuto\" \/>\n<script type=\"application\/ld+json\" class=\"yoast-schema-graph\">{\"@context\":\"https:\/\/schema.org\",\"@graph\":[{\"@type\":\"WebSite\",\"@id\":\"https:\/\/franciscanos.org.br\/noticias\/#website\",\"url\":\"https:\/\/franciscanos.org.br\/noticias\/\",\"name\":\"Not\u00edcias - Franciscanos\",\"description\":\"Prov\u00edncia Franciscana da Imaculada Concei\u00e7\u00e3o do Brasil - Ordem dos Frades Menores - OFM\",\"potentialAction\":[{\"@type\":\"SearchAction\",\"target\":{\"@type\":\"EntryPoint\",\"urlTemplate\":\"https:\/\/franciscanos.org.br\/noticias\/?s={search_term_string}\"},\"query-input\":\"required name=search_term_string\"}],\"inLanguage\":\"pt-BR\"},{\"@type\":\"ImageObject\",\"inLanguage\":\"pt-BR\",\"@id\":\"https:\/\/franciscanos.org.br\/noticias\/documento-mostra-como-e-a-estrutura-da-ordem-dos-frades-menores-atraves-de-suas-conferencias.html#primaryimage\",\"url\":\"https:\/\/franciscanos.org.br\/noticias\/wp-content\/uploads\/2024\/02\/conferencias.jpg\",\"contentUrl\":\"https:\/\/franciscanos.org.br\/noticias\/wp-content\/uploads\/2024\/02\/conferencias.jpg\",\"width\":838,\"height\":597},{\"@type\":\"WebPage\",\"@id\":\"https:\/\/franciscanos.org.br\/noticias\/documento-mostra-como-e-a-estrutura-da-ordem-dos-frades-menores-atraves-de-suas-conferencias.html#webpage\",\"url\":\"https:\/\/franciscanos.org.br\/noticias\/documento-mostra-como-e-a-estrutura-da-ordem-dos-frades-menores-atraves-de-suas-conferencias.html\",\"name\":\"Documento mostra como \u00e9 a estrutura da Ordem dos Frades Menores atrav\u00e9s de suas Confer\u00eancias - Not\u00edcias - Franciscanos\",\"isPartOf\":{\"@id\":\"https:\/\/franciscanos.org.br\/noticias\/#website\"},\"primaryImageOfPage\":{\"@id\":\"https:\/\/franciscanos.org.br\/noticias\/documento-mostra-como-e-a-estrutura-da-ordem-dos-frades-menores-atraves-de-suas-conferencias.html#primaryimage\"},\"datePublished\":\"2024-02-14T09:34:01+00:00\",\"dateModified\":\"2025-05-03T13:25:45+00:00\",\"author\":{\"@id\":\"https:\/\/franciscanos.org.br\/noticias\/#\/schema\/person\/b5c8cba458c330ccff548b056e95a5d4\"},\"breadcrumb\":{\"@id\":\"https:\/\/franciscanos.org.br\/noticias\/documento-mostra-como-e-a-estrutura-da-ordem-dos-frades-menores-atraves-de-suas-conferencias.html#breadcrumb\"},\"inLanguage\":\"pt-BR\",\"potentialAction\":[{\"@type\":\"ReadAction\",\"target\":[\"https:\/\/franciscanos.org.br\/noticias\/documento-mostra-como-e-a-estrutura-da-ordem-dos-frades-menores-atraves-de-suas-conferencias.html\"]}]},{\"@type\":\"BreadcrumbList\",\"@id\":\"https:\/\/franciscanos.org.br\/noticias\/documento-mostra-como-e-a-estrutura-da-ordem-dos-frades-menores-atraves-de-suas-conferencias.html#breadcrumb\",\"itemListElement\":[{\"@type\":\"ListItem\",\"position\":1,\"name\":\"Home\",\"item\":\"https:\/\/franciscanos.org.br\/noticias\"},{\"@type\":\"ListItem\",\"position\":2,\"name\":\"Documento mostra como \u00e9 a estrutura da Ordem dos Frades Menores atrav\u00e9s de suas Confer\u00eancias\"}]},{\"@type\":\"Person\",\"@id\":\"https:\/\/franciscanos.org.br\/noticias\/#\/schema\/person\/b5c8cba458c330ccff548b056e95a5d4\",\"name\":\"moacir\",\"image\":{\"@type\":\"ImageObject\",\"inLanguage\":\"pt-BR\",\"@id\":\"https:\/\/franciscanos.org.br\/noticias\/#\/schema\/person\/image\/\",\"url\":\"https:\/\/secure.gravatar.com\/avatar\/d08aa2ce4c8dd416d4479aa8536fcf64?s=96&d=mm&r=g\",\"contentUrl\":\"https:\/\/secure.gravatar.com\/avatar\/d08aa2ce4c8dd416d4479aa8536fcf64?s=96&d=mm&r=g\",\"caption\":\"moacir\"},\"url\":\"https:\/\/franciscanos.org.br\/noticias\/author\/moacir\"}]}<\/script>\n<!-- \/ Yoast SEO plugin. -->","yoast_head_json":{"title":"Documento mostra como \u00e9 a estrutura da Ordem dos Frades Menores atrav\u00e9s de suas Confer\u00eancias - Not\u00edcias - Franciscanos","robots":{"index":"index","follow":"follow","max-snippet":"max-snippet:-1","max-image-preview":"max-image-preview:large","max-video-preview":"max-video-preview:-1"},"canonical":"https:\/\/franciscanos.org.br\/noticias\/documento-mostra-como-e-a-estrutura-da-ordem-dos-frades-menores-atraves-de-suas-conferencias.html","og_locale":"pt_BR","og_type":"article","og_title":"Documento mostra como \u00e9 a estrutura da Ordem dos Frades Menores atrav\u00e9s de suas Confer\u00eancias - Not\u00edcias - Franciscanos","og_description":"Ordem dos Frades Menores","og_url":"https:\/\/franciscanos.org.br\/noticias\/documento-mostra-como-e-a-estrutura-da-ordem-dos-frades-menores-atraves-de-suas-conferencias.html","og_site_name":"Not\u00edcias - Franciscanos","article_published_time":"2024-02-14T09:34:01+00:00","article_modified_time":"2025-05-03T13:25:45+00:00","og_image":[{"width":838,"height":597,"url":"https:\/\/franciscanos.org.br\/noticias\/wp-content\/uploads\/2024\/02\/conferencias.jpg","type":"image\/jpeg"}],"author":"moacir","twitter_card":"summary_large_image","twitter_misc":{"Escrito por":"moacir","Est. tempo de leitura":"1 minuto"},"schema":{"@context":"https:\/\/schema.org","@graph":[{"@type":"WebSite","@id":"https:\/\/franciscanos.org.br\/noticias\/#website","url":"https:\/\/franciscanos.org.br\/noticias\/","name":"Not\u00edcias - Franciscanos","description":"Prov\u00edncia Franciscana da Imaculada Concei\u00e7\u00e3o do Brasil - Ordem dos Frades Menores - OFM","potentialAction":[{"@type":"SearchAction","target":{"@type":"EntryPoint","urlTemplate":"https:\/\/franciscanos.org.br\/noticias\/?s={search_term_string}"},"query-input":"required name=search_term_string"}],"inLanguage":"pt-BR"},{"@type":"ImageObject","inLanguage":"pt-BR","@id":"https:\/\/franciscanos.org.br\/noticias\/documento-mostra-como-e-a-estrutura-da-ordem-dos-frades-menores-atraves-de-suas-conferencias.html#primaryimage","url":"https:\/\/franciscanos.org.br\/noticias\/wp-content\/uploads\/2024\/02\/conferencias.jpg","contentUrl":"https:\/\/franciscanos.org.br\/noticias\/wp-content\/uploads\/2024\/02\/conferencias.jpg","width":838,"height":597},{"@type":"WebPage","@id":"https:\/\/franciscanos.org.br\/noticias\/documento-mostra-como-e-a-estrutura-da-ordem-dos-frades-menores-atraves-de-suas-conferencias.html#webpage","url":"https:\/\/franciscanos.org.br\/noticias\/documento-mostra-como-e-a-estrutura-da-ordem-dos-frades-menores-atraves-de-suas-conferencias.html","name":"Documento mostra como \u00e9 a estrutura da Ordem dos Frades Menores atrav\u00e9s de suas Confer\u00eancias - Not\u00edcias - Franciscanos","isPartOf":{"@id":"https:\/\/franciscanos.org.br\/noticias\/#website"},"primaryImageOfPage":{"@id":"https:\/\/franciscanos.org.br\/noticias\/documento-mostra-como-e-a-estrutura-da-ordem-dos-frades-menores-atraves-de-suas-conferencias.html#primaryimage"},"datePublished":"2024-02-14T09:34:01+00:00","dateModified":"2025-05-03T13:25:45+00:00","author":{"@id":"https:\/\/franciscanos.org.br\/noticias\/#\/schema\/person\/b5c8cba458c330ccff548b056e95a5d4"},"breadcrumb":{"@id":"https:\/\/franciscanos.org.br\/noticias\/documento-mostra-como-e-a-estrutura-da-ordem-dos-frades-menores-atraves-de-suas-conferencias.html#breadcrumb"},"inLanguage":"pt-BR","potentialAction":[{"@type":"ReadAction","target":["https:\/\/franciscanos.org.br\/noticias\/documento-mostra-como-e-a-estrutura-da-ordem-dos-frades-menores-atraves-de-suas-conferencias.html"]}]},{"@type":"BreadcrumbList","@id":"https:\/\/franciscanos.org.br\/noticias\/documento-mostra-como-e-a-estrutura-da-ordem-dos-frades-menores-atraves-de-suas-conferencias.html#breadcrumb","itemListElement":[{"@type":"ListItem","position":1,"name":"Home","item":"https:\/\/franciscanos.org.br\/noticias"},{"@type":"ListItem","position":2,"name":"Documento mostra como \u00e9 a estrutura da Ordem dos Frades Menores atrav\u00e9s de suas Confer\u00eancias"}]},{"@type":"Person","@id":"https:\/\/franciscanos.org.br\/noticias\/#\/schema\/person\/b5c8cba458c330ccff548b056e95a5d4","name":"moacir","image":{"@type":"ImageObject","inLanguage":"pt-BR","@id":"https:\/\/franciscanos.org.br\/noticias\/#\/schema\/person\/image\/","url":"https:\/\/secure.gravatar.com\/avatar\/d08aa2ce4c8dd416d4479aa8536fcf64?s=96&d=mm&r=g","contentUrl":"https:\/\/secure.gravatar.com\/avatar\/d08aa2ce4c8dd416d4479aa8536fcf64?s=96&d=mm&r=g","caption":"moacir"},"url":"https:\/\/franciscanos.org.br\/noticias\/author\/moacir"}]}},"_links":{"self":[{"href":"https:\/\/franciscanos.org.br\/noticias\/wp-json\/wp\/v2\/posts\/246410"}],"collection":[{"href":"https:\/\/franciscanos.org.br\/noticias\/wp-json\/wp\/v2\/posts"}],"about":[{"href":"https:\/\/franciscanos.org.br\/noticias\/wp-json\/wp\/v2\/types\/post"}],"author":[{"embeddable":true,"href":"https:\/\/franciscanos.org.br\/noticias\/wp-json\/wp\/v2\/users\/3"}],"replies":[{"embeddable":true,"href":"https:\/\/franciscanos.org.br\/noticias\/wp-json\/wp\/v2\/comments?post=246410"}],"version-history":[{"count":4,"href":"https:\/\/franciscanos.org.br\/noticias\/wp-json\/wp\/v2\/posts\/246410\/revisions"}],"predecessor-version":[{"id":256880,"href":"https:\/\/franciscanos.org.br\/noticias\/wp-json\/wp\/v2\/posts\/246410\/revisions\/256880"}],"wp:featuredmedia":[{"embeddable":true,"href":"https:\/\/franciscanos.org.br\/noticias\/wp-json\/wp\/v2\/media\/246411"}],"wp:attachment":[{"href":"https:\/\/franciscanos.org.br\/noticias\/wp-json\/wp\/v2\/media?parent=246410"}],"wp:term":[{"taxonomy":"category","embeddable":true,"href":"https:\/\/franciscanos.org.br\/noticias\/wp-json\/wp\/v2\/categories?post=246410"},{"taxonomy":"post_tag","embeddable":true,"href":"https:\/\/franciscanos.org.br\/noticias\/wp-json\/wp\/v2\/tags?post=246410"}],"curies":[{"name":"wp","href":"https:\/\/api.w.org\/{rel}","templated":true}]}}