{"id":246406,"date":"2024-02-11T07:54:58","date_gmt":"2024-02-11T10:54:58","guid":{"rendered":"https:\/\/franciscanos.org.br\/noticias\/?p=246406"},"modified":"2024-02-11T07:55:50","modified_gmt":"2024-02-11T10:55:50","slug":"papa-lepra-da-alma-uma-doenca-que-nos-torna-insensiveis-ao-amor","status":"publish","type":"post","link":"https:\/\/franciscanos.org.br\/noticias\/papa-lepra-da-alma-uma-doenca-que-nos-torna-insensiveis-ao-amor.html","title":{"rendered":"Papa: &#8220;lepra da alma&#8221;, uma doen\u00e7a que nos torna insens\u00edveis ao amor"},"content":{"rendered":"<div id=\"attachment_246407\" style=\"width: 1510px\" class=\"wp-caption alignnone\"><img aria-describedby=\"caption-attachment-246407\" loading=\"lazy\" class=\"wp-image-246407 size-full\" src=\"https:\/\/franciscanos.org.br\/noticias\/wp-content\/uploads\/2024\/02\/missa_1102.jpeg\" alt=\"\" width=\"1500\" height=\"844\" srcset=\"https:\/\/franciscanos.org.br\/noticias\/wp-content\/uploads\/2024\/02\/missa_1102.jpeg 1500w, https:\/\/franciscanos.org.br\/noticias\/wp-content\/uploads\/2024\/02\/missa_1102-450x253.jpeg 450w, https:\/\/franciscanos.org.br\/noticias\/wp-content\/uploads\/2024\/02\/missa_1102-1024x576.jpeg 1024w, https:\/\/franciscanos.org.br\/noticias\/wp-content\/uploads\/2024\/02\/missa_1102-768x432.jpeg 768w, https:\/\/franciscanos.org.br\/noticias\/wp-content\/uploads\/2024\/02\/missa_1102-150x84.jpeg 150w\" sizes=\"(max-width: 1500px) 100vw, 1500px\" \/><p id=\"caption-attachment-246407\" class=\"wp-caption-text\"><em>Imagem: Vatican Media<\/em><\/p><\/div>\n<p>O Papa Francisco presidiu a missa de canoniza\u00e7\u00e3o de Maria Ant\u00f3nia de San Jos\u00e9 de Paz y Figueroa, mais conhecida como Mama Antula, na Bas\u00edlica de S\u00e3o Pedro, na manh\u00e3 deste domingo, 11 de fevereiro, Dia Mundial do Enfermo.<\/p>\n<p>A primeira Leitura e o Evangelho deste domingo &#8220;falam da lepra, uma doen\u00e7a que causa a progressiva destrui\u00e7\u00e3o f\u00edsica da pessoa e que muitas vezes, infelizmente, ainda est\u00e1 hoje associada em certos lugares com atitudes de marginaliza\u00e7\u00e3o&#8221;. &#8220;Lepra e marginaliza\u00e7\u00e3o s\u00e3o dois males de que Jesus quer libertar o homem que encontra no Evangelho&#8221;, disse Francisco em sua homilia.<\/p>\n<p>&#8220;Aquele leproso \u00e9 obrigado a viver fora da cidade. Fragilizado pela doen\u00e7a, em vez de receber ajuda dos seus concidad\u00e3os, \u00e9 abandonado a si mesmo, acabando duplamente ferido pelo afastamento e a rejei\u00e7\u00e3o&#8221;, sublinhou o Pont\u00edfice. As pessoas mantinham dist\u00e2ncia, pois tinham medo de serem contagiadas e ficarem como ele. Mantinham dist\u00e2ncia tamb\u00e9m por preconceito, pois pensavam que fosse &#8220;um castigo de Deus por alguma falta que ele cometeu, e tamb\u00e9m por uma falsa religiosidade, porque pensavam que tocar um morto tornava a pessoa impura, e os leprosos eram pessoas cuja carne lhe \u00abmorria no corpo\u00bb. Trata-se de uma religiosidade distorcida, que levanta barreiras e mina a piedade&#8221;.<\/p>\n<p><strong>\u00abLepras da alma\u00bb<\/strong><br \/>\n&#8220;Medo, preconceito e falsa religiosidade: aqui est\u00e3o tr\u00eas causas de uma grande injusti\u00e7a, tr\u00eas \u00ablepras da alma\u00bb que fazem sofrer uma pessoa fr\u00e1gil, descartando-a como qualquer desperd\u00edcio&#8221;, disse ainda o Papa, acrescentando que &#8220;n\u00e3o se trata de coisas s\u00f3 do passado&#8221;.<\/p>\n<p>\u201cQuantas pessoas sofredoras encontramos nos passeios das nossas cidades! E quantos medos, preconceitos e incoer\u00eancias, mesmo entre quem acredita e se professa crist\u00e3o. Esses medos continuam ferindo essas pessoas ainda mais! Tamb\u00e9m no nosso tempo h\u00e1 tanta marginaliza\u00e7\u00e3o, h\u00e1 barreiras a derrubar, \u00ablepras\u00bb a curar.\u201d<\/p>\n<p>&#8220;Mas como?&#8221;, perguntou Francisco, indicando como resposta dois gestos que faz Jesus: tocar e curar.<\/p>\n<p>Jesus sente compaix\u00e3o daquele homem, para, estende a m\u00e3o e o toca.<\/p>\n<p>O Senhor poderia evitar de tocar naquela pessoa; bastava \u00abcur\u00e1-la \u00e0 dist\u00e2ncia\u00bb. &#8220;Mas Cristo n\u00e3o pensa assim; o seu caminho \u00e9 o do amor, que o faz aproximar de quem sofre, entrar em contato, tocar as suas feridas. A proximidade de Deus. Jesus est\u00e1 pr\u00f3ximo, Deus est\u00e1 pr\u00f3ximo. O nosso Deus, queridos irm\u00e3os e irm\u00e3s, n\u00e3o se manteve distante no c\u00e9u, mas em Jesus fez-se homem para tocar a nossa pobreza. E perante a \u00ablepra\u00bb mais grave, que \u00e9 o pecado, n\u00e3o hesitou em morrer na cruz, fora das muralhas da cidade, rejeitado como um pecador, como um leproso, para tocar a fundo a nossa realidade humana. Um santo escreveu: \u00abEle se tornou leproso por n\u00f3s\u00bb.&#8221;, sublinhou Francisco.<\/p>\n<p><strong>O Papa convida a tomar cuidado com a \u00ablepra da alma\u00bb.<\/strong><\/p>\n<p>\u201cUma doen\u00e7a que nos torna insens\u00edveis ao amor, \u00e0 compaix\u00e3o, que nos destr\u00f3i com as \u00abgangrenas\u00bb do ego\u00edsmo, preconceito, indiferen\u00e7a e intoler\u00e2ncia.\u201d<\/p>\n<p>&#8220;Tenhamos cuidado&#8221;, advertiu ele, &#8220;tamb\u00e9m porque, como acontece na fase inicial da doen\u00e7a com as primeiras manchas de lepra que aparecem na pele, se n\u00e3o se tomar medidas imediatas, a infe\u00e7\u00e3o cresce e torna-se devastadora&#8221;.<\/p>\n<p><strong>Deixar-se tocar por Jesus na ora\u00e7\u00e3o e na adora\u00e7\u00e3o<\/strong><\/p>\n<p>&#8220;Mas qual \u00e9 a cura?&#8221;, perguntou o Pont\u00edfice. A resposta se encontra no segundo gesto de Jesus: curar. &#8220;De fato, aquele seu \u00abtocar\u00bb n\u00e3o indica apenas proximidade, mas \u00e9 o in\u00edcio da cura. Pois \u00e9 deixando-nos tocar por Jesus que nos curamos intimamente, no cora\u00e7\u00e3o. Se nos deixarmos tocar por Ele na ora\u00e7\u00e3o, na adora\u00e7\u00e3o, se Lhe permitirmos agir em n\u00f3s atrav\u00e9s da sua Palavra e dos Sacramentos, o seu contato muda-nos realmente, cura-nos do pecado, liberta-nos de fechamentos, transforma-nos para al\u00e9m daquilo que podemos fazer sozinhos, com os nossos esfor\u00e7os&#8221;, disse ainda o Papa.<\/p>\n<p>\u201cAs nossas partes feridas, as doen\u00e7as da alma devem ser levadas a Jesus. \u00c9 isto que faz a ora\u00e7\u00e3o; n\u00e3o uma ora\u00e7\u00e3o abstrata, feita apenas de repeti\u00e7\u00e3o de f\u00f3rmulas, mas uma ora\u00e7\u00e3o sincera e viva, que dep\u00f5e aos p\u00e9s de Cristo as mis\u00e9rias, as fragilidades, as falsidades, os medos.\u201d<\/p>\n<p><strong>A canoniza\u00e7\u00e3o de Mama Antula \u00e9 um presente para todos os argentinos<\/strong><\/p>\n<p>&#8220;E eu deixo Jesus tocar as minhas \u00ablepras\u00bb, para que me cure?&#8221;, perguntou o Papa. &#8220;Ao \u00abtoque\u00bb de Jesus&#8221;, respondeu Francisco, &#8220;retorna a beleza que possu\u00edmos, a beleza que somos; amados por Cristo, redescobrimos a alegria de nos doar aos outros, sem medo nem preconceito, livres de formas de religiosidade anestesiante e desinteressada da carne do irm\u00e3o; retoma for\u00e7a em n\u00f3s a capacidade de amar, para al\u00e9m de todo e qualquer c\u00e1lculo e conveni\u00eancia&#8221;. Vive-se a cada dia a &#8220;caridade sem alarde: na fam\u00edlia, no trabalho, na par\u00f3quia e na escola; na rua, no escrit\u00f3rio e no mercado; a caridade que n\u00e3o busca publicidade nem precisa de aplausos, porque ao amor basta o amor&#8221;.<\/p>\n<p>&#8220;Proximidade e discri\u00e7\u00e3o&#8221;, \u00e9 o que Jesus nos pede, e &#8220;se nos deixarmos tocar por Ele, tamb\u00e9m n\u00f3s, com a for\u00e7a do seu Esp\u00edrito, poderemos tornar-nos testemunhas do amor que salva&#8221;, assim como nos ensinou Santa Maria Ant\u00f3nia de Paz y Figueroa, conhecida como \u00abMam\u00e3 Antula\u00bb.<\/p>\n<p>\u201cEla foi uma viajante do Esp\u00edrito. Percorreu milhares de quil\u00f4metros a p\u00e9, por desertos e estradas perigosas, para levar Deus. Hoje, ela \u00e9 um modelo de fervor e aud\u00e1cia apost\u00f3lica para n\u00f3s. Quando os jesu\u00edtas foram expulsos, o Esp\u00edrito acendeu nela uma chama mission\u00e1ria baseada na confian\u00e7a na provid\u00eancia e na perseveran\u00e7a.\u201d<\/p>\n<p>Ela invocou a intercess\u00e3o de S\u00e3o Jos\u00e9 e, para n\u00e3o cans\u00e1-lo muito, tamb\u00e9m a de S\u00e3o Caetano Thi\u00e8ne. Por essa raz\u00e3o, introduziu a devo\u00e7\u00e3o a este \u00faltimo, e sua primeira imagem chegou a Buenos Aires no s\u00e9culo XVIII. Gra\u00e7as a Mama Antula, esse santo, intercessor da Divina Provid\u00eancia, entrou nas casas, nos bairros, nos meios de transporte, nas lojas, nas f\u00e1bricas e nos cora\u00e7\u00f5es, para oferecer uma vida digna por meio do trabalho, da justi\u00e7a, do p\u00e3o de cada dia, na mesa dos pobres. Pe\u00e7amos hoje a Maria Ant\u00f3nia, Santa Maria Ant\u00f3nia de Paz de San Jos\u00e9, para que ela possa nos ajude muito.<\/p>\n<p>&#8220;Que o Senhor aben\u00e7oe a todos n\u00f3s&#8221;, concluiu o Papa.<\/p>\n<hr \/>\n<p><em>Fonte: Vatican News (texto de Mariangela Jaguraba)<\/em><\/p>\n","protected":false},"excerpt":{"rendered":"<p>Missa na Bas\u00edlica S\u00e3o Pedro<\/p>\n","protected":false},"author":3,"featured_media":246407,"comment_status":"open","ping_status":"open","sticky":false,"template":"","format":"standard","meta":[],"categories":[1428],"tags":[216],"acf":[],"yoast_head":"<!-- This site is optimized with the Yoast SEO plugin v19.2 - https:\/\/yoast.com\/wordpress\/plugins\/seo\/ -->\n<title>Papa: &quot;lepra da alma&quot;, uma doen\u00e7a que nos torna insens\u00edveis ao amor - Not\u00edcias - Franciscanos<\/title>\n<meta name=\"robots\" content=\"index, follow, max-snippet:-1, max-image-preview:large, max-video-preview:-1\" \/>\n<link rel=\"canonical\" href=\"https:\/\/franciscanos.org.br\/noticias\/papa-lepra-da-alma-uma-doenca-que-nos-torna-insensiveis-ao-amor.html\" \/>\n<meta property=\"og:locale\" content=\"pt_BR\" \/>\n<meta property=\"og:type\" content=\"article\" \/>\n<meta property=\"og:title\" content=\"Papa: &quot;lepra da alma&quot;, uma doen\u00e7a que nos torna insens\u00edveis ao amor - Not\u00edcias - Franciscanos\" \/>\n<meta property=\"og:description\" content=\"Missa na Bas\u00edlica S\u00e3o Pedro\" \/>\n<meta property=\"og:url\" content=\"https:\/\/franciscanos.org.br\/noticias\/papa-lepra-da-alma-uma-doenca-que-nos-torna-insensiveis-ao-amor.html\" \/>\n<meta property=\"og:site_name\" content=\"Not\u00edcias - Franciscanos\" \/>\n<meta property=\"article:published_time\" content=\"2024-02-11T10:54:58+00:00\" \/>\n<meta property=\"article:modified_time\" content=\"2024-02-11T10:55:50+00:00\" \/>\n<meta property=\"og:image\" content=\"https:\/\/franciscanos.org.br\/noticias\/wp-content\/uploads\/2024\/02\/missa_1102.jpeg\" \/>\n\t<meta property=\"og:image:width\" content=\"1500\" \/>\n\t<meta property=\"og:image:height\" content=\"844\" \/>\n\t<meta property=\"og:image:type\" content=\"image\/jpeg\" \/>\n<meta name=\"author\" content=\"moacir\" \/>\n<meta name=\"twitter:card\" content=\"summary_large_image\" \/>\n<meta name=\"twitter:label1\" content=\"Escrito por\" \/>\n\t<meta name=\"twitter:data1\" content=\"moacir\" \/>\n\t<meta name=\"twitter:label2\" content=\"Est. tempo de leitura\" \/>\n\t<meta name=\"twitter:data2\" content=\"6 minutos\" \/>\n<script type=\"application\/ld+json\" class=\"yoast-schema-graph\">{\"@context\":\"https:\/\/schema.org\",\"@graph\":[{\"@type\":\"WebSite\",\"@id\":\"https:\/\/franciscanos.org.br\/noticias\/#website\",\"url\":\"https:\/\/franciscanos.org.br\/noticias\/\",\"name\":\"Not\u00edcias - Franciscanos\",\"description\":\"Prov\u00edncia Franciscana da Imaculada Concei\u00e7\u00e3o do Brasil - Ordem dos Frades Menores - OFM\",\"potentialAction\":[{\"@type\":\"SearchAction\",\"target\":{\"@type\":\"EntryPoint\",\"urlTemplate\":\"https:\/\/franciscanos.org.br\/noticias\/?s={search_term_string}\"},\"query-input\":\"required name=search_term_string\"}],\"inLanguage\":\"pt-BR\"},{\"@type\":\"ImageObject\",\"inLanguage\":\"pt-BR\",\"@id\":\"https:\/\/franciscanos.org.br\/noticias\/papa-lepra-da-alma-uma-doenca-que-nos-torna-insensiveis-ao-amor.html#primaryimage\",\"url\":\"https:\/\/franciscanos.org.br\/noticias\/wp-content\/uploads\/2024\/02\/missa_1102.jpeg\",\"contentUrl\":\"https:\/\/franciscanos.org.br\/noticias\/wp-content\/uploads\/2024\/02\/missa_1102.jpeg\",\"width\":1500,\"height\":844},{\"@type\":\"WebPage\",\"@id\":\"https:\/\/franciscanos.org.br\/noticias\/papa-lepra-da-alma-uma-doenca-que-nos-torna-insensiveis-ao-amor.html#webpage\",\"url\":\"https:\/\/franciscanos.org.br\/noticias\/papa-lepra-da-alma-uma-doenca-que-nos-torna-insensiveis-ao-amor.html\",\"name\":\"Papa: \\\"lepra da alma\\\", uma doen\u00e7a que nos torna insens\u00edveis ao amor - Not\u00edcias - Franciscanos\",\"isPartOf\":{\"@id\":\"https:\/\/franciscanos.org.br\/noticias\/#website\"},\"primaryImageOfPage\":{\"@id\":\"https:\/\/franciscanos.org.br\/noticias\/papa-lepra-da-alma-uma-doenca-que-nos-torna-insensiveis-ao-amor.html#primaryimage\"},\"datePublished\":\"2024-02-11T10:54:58+00:00\",\"dateModified\":\"2024-02-11T10:55:50+00:00\",\"author\":{\"@id\":\"https:\/\/franciscanos.org.br\/noticias\/#\/schema\/person\/b5c8cba458c330ccff548b056e95a5d4\"},\"breadcrumb\":{\"@id\":\"https:\/\/franciscanos.org.br\/noticias\/papa-lepra-da-alma-uma-doenca-que-nos-torna-insensiveis-ao-amor.html#breadcrumb\"},\"inLanguage\":\"pt-BR\",\"potentialAction\":[{\"@type\":\"ReadAction\",\"target\":[\"https:\/\/franciscanos.org.br\/noticias\/papa-lepra-da-alma-uma-doenca-que-nos-torna-insensiveis-ao-amor.html\"]}]},{\"@type\":\"BreadcrumbList\",\"@id\":\"https:\/\/franciscanos.org.br\/noticias\/papa-lepra-da-alma-uma-doenca-que-nos-torna-insensiveis-ao-amor.html#breadcrumb\",\"itemListElement\":[{\"@type\":\"ListItem\",\"position\":1,\"name\":\"Home\",\"item\":\"https:\/\/franciscanos.org.br\/noticias\"},{\"@type\":\"ListItem\",\"position\":2,\"name\":\"Papa: &#8220;lepra da alma&#8221;, uma doen\u00e7a que nos torna insens\u00edveis ao amor\"}]},{\"@type\":\"Person\",\"@id\":\"https:\/\/franciscanos.org.br\/noticias\/#\/schema\/person\/b5c8cba458c330ccff548b056e95a5d4\",\"name\":\"moacir\",\"image\":{\"@type\":\"ImageObject\",\"inLanguage\":\"pt-BR\",\"@id\":\"https:\/\/franciscanos.org.br\/noticias\/#\/schema\/person\/image\/\",\"url\":\"https:\/\/secure.gravatar.com\/avatar\/d08aa2ce4c8dd416d4479aa8536fcf64?s=96&d=mm&r=g\",\"contentUrl\":\"https:\/\/secure.gravatar.com\/avatar\/d08aa2ce4c8dd416d4479aa8536fcf64?s=96&d=mm&r=g\",\"caption\":\"moacir\"},\"url\":\"https:\/\/franciscanos.org.br\/noticias\/author\/moacir\"}]}<\/script>\n<!-- \/ Yoast SEO plugin. -->","yoast_head_json":{"title":"Papa: \"lepra da alma\", uma doen\u00e7a que nos torna insens\u00edveis ao amor - Not\u00edcias - Franciscanos","robots":{"index":"index","follow":"follow","max-snippet":"max-snippet:-1","max-image-preview":"max-image-preview:large","max-video-preview":"max-video-preview:-1"},"canonical":"https:\/\/franciscanos.org.br\/noticias\/papa-lepra-da-alma-uma-doenca-que-nos-torna-insensiveis-ao-amor.html","og_locale":"pt_BR","og_type":"article","og_title":"Papa: \"lepra da alma\", uma doen\u00e7a que nos torna insens\u00edveis ao amor - Not\u00edcias - Franciscanos","og_description":"Missa na Bas\u00edlica S\u00e3o Pedro","og_url":"https:\/\/franciscanos.org.br\/noticias\/papa-lepra-da-alma-uma-doenca-que-nos-torna-insensiveis-ao-amor.html","og_site_name":"Not\u00edcias - Franciscanos","article_published_time":"2024-02-11T10:54:58+00:00","article_modified_time":"2024-02-11T10:55:50+00:00","og_image":[{"width":1500,"height":844,"url":"https:\/\/franciscanos.org.br\/noticias\/wp-content\/uploads\/2024\/02\/missa_1102.jpeg","type":"image\/jpeg"}],"author":"moacir","twitter_card":"summary_large_image","twitter_misc":{"Escrito por":"moacir","Est. tempo de leitura":"6 minutos"},"schema":{"@context":"https:\/\/schema.org","@graph":[{"@type":"WebSite","@id":"https:\/\/franciscanos.org.br\/noticias\/#website","url":"https:\/\/franciscanos.org.br\/noticias\/","name":"Not\u00edcias - Franciscanos","description":"Prov\u00edncia Franciscana da Imaculada Concei\u00e7\u00e3o do Brasil - Ordem dos Frades Menores - OFM","potentialAction":[{"@type":"SearchAction","target":{"@type":"EntryPoint","urlTemplate":"https:\/\/franciscanos.org.br\/noticias\/?s={search_term_string}"},"query-input":"required name=search_term_string"}],"inLanguage":"pt-BR"},{"@type":"ImageObject","inLanguage":"pt-BR","@id":"https:\/\/franciscanos.org.br\/noticias\/papa-lepra-da-alma-uma-doenca-que-nos-torna-insensiveis-ao-amor.html#primaryimage","url":"https:\/\/franciscanos.org.br\/noticias\/wp-content\/uploads\/2024\/02\/missa_1102.jpeg","contentUrl":"https:\/\/franciscanos.org.br\/noticias\/wp-content\/uploads\/2024\/02\/missa_1102.jpeg","width":1500,"height":844},{"@type":"WebPage","@id":"https:\/\/franciscanos.org.br\/noticias\/papa-lepra-da-alma-uma-doenca-que-nos-torna-insensiveis-ao-amor.html#webpage","url":"https:\/\/franciscanos.org.br\/noticias\/papa-lepra-da-alma-uma-doenca-que-nos-torna-insensiveis-ao-amor.html","name":"Papa: \"lepra da alma\", uma doen\u00e7a que nos torna insens\u00edveis ao amor - Not\u00edcias - Franciscanos","isPartOf":{"@id":"https:\/\/franciscanos.org.br\/noticias\/#website"},"primaryImageOfPage":{"@id":"https:\/\/franciscanos.org.br\/noticias\/papa-lepra-da-alma-uma-doenca-que-nos-torna-insensiveis-ao-amor.html#primaryimage"},"datePublished":"2024-02-11T10:54:58+00:00","dateModified":"2024-02-11T10:55:50+00:00","author":{"@id":"https:\/\/franciscanos.org.br\/noticias\/#\/schema\/person\/b5c8cba458c330ccff548b056e95a5d4"},"breadcrumb":{"@id":"https:\/\/franciscanos.org.br\/noticias\/papa-lepra-da-alma-uma-doenca-que-nos-torna-insensiveis-ao-amor.html#breadcrumb"},"inLanguage":"pt-BR","potentialAction":[{"@type":"ReadAction","target":["https:\/\/franciscanos.org.br\/noticias\/papa-lepra-da-alma-uma-doenca-que-nos-torna-insensiveis-ao-amor.html"]}]},{"@type":"BreadcrumbList","@id":"https:\/\/franciscanos.org.br\/noticias\/papa-lepra-da-alma-uma-doenca-que-nos-torna-insensiveis-ao-amor.html#breadcrumb","itemListElement":[{"@type":"ListItem","position":1,"name":"Home","item":"https:\/\/franciscanos.org.br\/noticias"},{"@type":"ListItem","position":2,"name":"Papa: &#8220;lepra da alma&#8221;, uma doen\u00e7a que nos torna insens\u00edveis ao amor"}]},{"@type":"Person","@id":"https:\/\/franciscanos.org.br\/noticias\/#\/schema\/person\/b5c8cba458c330ccff548b056e95a5d4","name":"moacir","image":{"@type":"ImageObject","inLanguage":"pt-BR","@id":"https:\/\/franciscanos.org.br\/noticias\/#\/schema\/person\/image\/","url":"https:\/\/secure.gravatar.com\/avatar\/d08aa2ce4c8dd416d4479aa8536fcf64?s=96&d=mm&r=g","contentUrl":"https:\/\/secure.gravatar.com\/avatar\/d08aa2ce4c8dd416d4479aa8536fcf64?s=96&d=mm&r=g","caption":"moacir"},"url":"https:\/\/franciscanos.org.br\/noticias\/author\/moacir"}]}},"_links":{"self":[{"href":"https:\/\/franciscanos.org.br\/noticias\/wp-json\/wp\/v2\/posts\/246406"}],"collection":[{"href":"https:\/\/franciscanos.org.br\/noticias\/wp-json\/wp\/v2\/posts"}],"about":[{"href":"https:\/\/franciscanos.org.br\/noticias\/wp-json\/wp\/v2\/types\/post"}],"author":[{"embeddable":true,"href":"https:\/\/franciscanos.org.br\/noticias\/wp-json\/wp\/v2\/users\/3"}],"replies":[{"embeddable":true,"href":"https:\/\/franciscanos.org.br\/noticias\/wp-json\/wp\/v2\/comments?post=246406"}],"version-history":[{"count":2,"href":"https:\/\/franciscanos.org.br\/noticias\/wp-json\/wp\/v2\/posts\/246406\/revisions"}],"predecessor-version":[{"id":246409,"href":"https:\/\/franciscanos.org.br\/noticias\/wp-json\/wp\/v2\/posts\/246406\/revisions\/246409"}],"wp:featuredmedia":[{"embeddable":true,"href":"https:\/\/franciscanos.org.br\/noticias\/wp-json\/wp\/v2\/media\/246407"}],"wp:attachment":[{"href":"https:\/\/franciscanos.org.br\/noticias\/wp-json\/wp\/v2\/media?parent=246406"}],"wp:term":[{"taxonomy":"category","embeddable":true,"href":"https:\/\/franciscanos.org.br\/noticias\/wp-json\/wp\/v2\/categories?post=246406"},{"taxonomy":"post_tag","embeddable":true,"href":"https:\/\/franciscanos.org.br\/noticias\/wp-json\/wp\/v2\/tags?post=246406"}],"curies":[{"name":"wp","href":"https:\/\/api.w.org\/{rel}","templated":true}]}}