{"id":246397,"date":"2024-02-09T08:49:02","date_gmt":"2024-02-09T11:49:02","guid":{"rendered":"https:\/\/franciscanos.org.br\/noticias\/?p=246397"},"modified":"2024-02-09T11:22:36","modified_gmt":"2024-02-09T14:22:36","slug":"fichas-de-trabalho-para-celebrar-o-centenario-dos-estigmas","status":"publish","type":"post","link":"https:\/\/franciscanos.org.br\/noticias\/fichas-de-trabalho-para-celebrar-o-centenario-dos-estigmas.html","title":{"rendered":"Fichas de trabalho para celebrar o Centen\u00e1rio dos Estigmas"},"content":{"rendered":"<p><img loading=\"lazy\" class=\"alignnone size-full wp-image-246399\" src=\"https:\/\/franciscanos.org.br\/noticias\/wp-content\/uploads\/2024\/02\/logo_oitocentos.jpg\" alt=\"\" width=\"1280\" height=\"720\" srcset=\"https:\/\/franciscanos.org.br\/noticias\/wp-content\/uploads\/2024\/02\/logo_oitocentos.jpg 1280w, https:\/\/franciscanos.org.br\/noticias\/wp-content\/uploads\/2024\/02\/logo_oitocentos-450x253.jpg 450w, https:\/\/franciscanos.org.br\/noticias\/wp-content\/uploads\/2024\/02\/logo_oitocentos-1024x576.jpg 1024w, https:\/\/franciscanos.org.br\/noticias\/wp-content\/uploads\/2024\/02\/logo_oitocentos-768x432.jpg 768w, https:\/\/franciscanos.org.br\/noticias\/wp-content\/uploads\/2024\/02\/logo_oitocentos-150x84.jpg 150w\" sizes=\"(max-width: 1280px) 100vw, 1280px\" \/><br \/>\nEm prepara\u00e7\u00e3o para o Centen\u00e1rio Franciscano 2023-26, por ordem do nosso Ministro Geral, a Secretaria Geral de Forma\u00e7\u00e3o e Estudos prepara anualmente as Fichas de Trabalho de toda a Ordem.<\/p>\n<p>Elas foram concebidas como uma ferramenta \u00fatil tanto para o trabalho individual como para a Fraternidade. De fato, poderiam ser utilizadas nos Cap\u00edtulos locais, nos encontros de forma\u00e7\u00e3o permanente, na forma\u00e7\u00e3o inicial e em muitas outras ocasi\u00f5es.<\/p>\n<p>A riqueza dos textos do \u00faltimo Cap\u00edtulo Geral, das Fontes Franciscanas e da B\u00edblia permite que elas sejam utilizadas diversas vezes e de diferentes maneiras, por exemplo para medita\u00e7\u00e3o, estudo ou discuss\u00e3o.<\/p>\n<p>As Fichas de Trabalho para o Centen\u00e1rio dos Estigmas foram elaboradas com a colabora\u00e7\u00e3o da Comiss\u00e3o \u201cEsp\u00edrito de Ora\u00e7\u00e3o e Devo\u00e7\u00e3o\u201d da nossa Ordem e da Comiss\u00e3o Executiva para a Forma\u00e7\u00e3o e Estudos da Ordem.<\/p>\n<p>Este grande Centen\u00e1rio continua a ser uma oportunidade fecunda de crescimento na nossa identidade carism\u00e1tica comum para toda a Ordem, com a Fam\u00edlia Franciscana.<\/p>\n<p><a href=\"http:\/\/www.ofm.org\">www.ofm.org<\/a><\/p>\n<hr \/>\n<p>PDF<\/p>\n<h2><a href=\"https:\/\/franciscanos.org.br\/noticias\/wp-content\/uploads\/2024\/02\/Scheda_di-_lavoro_Stimmate_2024_PT.pdf\">BAIXE AQUI A FICHA DE TRABALHO<\/a><\/h2>\n<hr \/>\n<p>&nbsp;<\/p>\n","protected":false},"excerpt":{"rendered":"<p>Ordem dos Frades Menores<\/p>\n","protected":false},"author":3,"featured_media":246399,"comment_status":"open","ping_status":"open","sticky":false,"template":"","format":"standard","meta":[],"categories":[1],"tags":[397],"acf":[],"yoast_head":"<!-- This site is optimized with the Yoast SEO plugin v19.2 - https:\/\/yoast.com\/wordpress\/plugins\/seo\/ -->\n<title>Fichas de trabalho para celebrar o Centen\u00e1rio dos Estigmas - Not\u00edcias - Franciscanos<\/title>\n<meta name=\"robots\" content=\"index, follow, max-snippet:-1, max-image-preview:large, max-video-preview:-1\" \/>\n<link rel=\"canonical\" href=\"https:\/\/franciscanos.org.br\/noticias\/fichas-de-trabalho-para-celebrar-o-centenario-dos-estigmas.html\" \/>\n<meta property=\"og:locale\" content=\"pt_BR\" \/>\n<meta property=\"og:type\" content=\"article\" \/>\n<meta property=\"og:title\" content=\"Fichas de trabalho para celebrar o Centen\u00e1rio dos Estigmas - Not\u00edcias - Franciscanos\" \/>\n<meta property=\"og:description\" content=\"Ordem dos Frades Menores\" \/>\n<meta property=\"og:url\" content=\"https:\/\/franciscanos.org.br\/noticias\/fichas-de-trabalho-para-celebrar-o-centenario-dos-estigmas.html\" \/>\n<meta property=\"og:site_name\" content=\"Not\u00edcias - Franciscanos\" \/>\n<meta property=\"article:published_time\" content=\"2024-02-09T11:49:02+00:00\" \/>\n<meta property=\"article:modified_time\" content=\"2024-02-09T14:22:36+00:00\" \/>\n<meta property=\"og:image\" content=\"https:\/\/franciscanos.org.br\/noticias\/wp-content\/uploads\/2024\/02\/logo_oitocentos.jpg\" \/>\n\t<meta property=\"og:image:width\" content=\"1280\" \/>\n\t<meta property=\"og:image:height\" content=\"720\" \/>\n\t<meta property=\"og:image:type\" content=\"image\/jpeg\" \/>\n<meta name=\"author\" content=\"moacir\" \/>\n<meta name=\"twitter:card\" content=\"summary_large_image\" \/>\n<meta name=\"twitter:label1\" content=\"Escrito por\" \/>\n\t<meta name=\"twitter:data1\" content=\"moacir\" \/>\n\t<meta name=\"twitter:label2\" content=\"Est. tempo de leitura\" \/>\n\t<meta name=\"twitter:data2\" content=\"1 minuto\" \/>\n<script type=\"application\/ld+json\" class=\"yoast-schema-graph\">{\"@context\":\"https:\/\/schema.org\",\"@graph\":[{\"@type\":\"WebSite\",\"@id\":\"https:\/\/franciscanos.org.br\/noticias\/#website\",\"url\":\"https:\/\/franciscanos.org.br\/noticias\/\",\"name\":\"Not\u00edcias - Franciscanos\",\"description\":\"Prov\u00edncia Franciscana da Imaculada Concei\u00e7\u00e3o do Brasil - Ordem dos Frades Menores - OFM\",\"potentialAction\":[{\"@type\":\"SearchAction\",\"target\":{\"@type\":\"EntryPoint\",\"urlTemplate\":\"https:\/\/franciscanos.org.br\/noticias\/?s={search_term_string}\"},\"query-input\":\"required name=search_term_string\"}],\"inLanguage\":\"pt-BR\"},{\"@type\":\"ImageObject\",\"inLanguage\":\"pt-BR\",\"@id\":\"https:\/\/franciscanos.org.br\/noticias\/fichas-de-trabalho-para-celebrar-o-centenario-dos-estigmas.html#primaryimage\",\"url\":\"https:\/\/franciscanos.org.br\/noticias\/wp-content\/uploads\/2024\/02\/logo_oitocentos.jpg\",\"contentUrl\":\"https:\/\/franciscanos.org.br\/noticias\/wp-content\/uploads\/2024\/02\/logo_oitocentos.jpg\",\"width\":1280,\"height\":720},{\"@type\":\"WebPage\",\"@id\":\"https:\/\/franciscanos.org.br\/noticias\/fichas-de-trabalho-para-celebrar-o-centenario-dos-estigmas.html#webpage\",\"url\":\"https:\/\/franciscanos.org.br\/noticias\/fichas-de-trabalho-para-celebrar-o-centenario-dos-estigmas.html\",\"name\":\"Fichas de trabalho para celebrar o Centen\u00e1rio dos Estigmas - Not\u00edcias - Franciscanos\",\"isPartOf\":{\"@id\":\"https:\/\/franciscanos.org.br\/noticias\/#website\"},\"primaryImageOfPage\":{\"@id\":\"https:\/\/franciscanos.org.br\/noticias\/fichas-de-trabalho-para-celebrar-o-centenario-dos-estigmas.html#primaryimage\"},\"datePublished\":\"2024-02-09T11:49:02+00:00\",\"dateModified\":\"2024-02-09T14:22:36+00:00\",\"author\":{\"@id\":\"https:\/\/franciscanos.org.br\/noticias\/#\/schema\/person\/b5c8cba458c330ccff548b056e95a5d4\"},\"breadcrumb\":{\"@id\":\"https:\/\/franciscanos.org.br\/noticias\/fichas-de-trabalho-para-celebrar-o-centenario-dos-estigmas.html#breadcrumb\"},\"inLanguage\":\"pt-BR\",\"potentialAction\":[{\"@type\":\"ReadAction\",\"target\":[\"https:\/\/franciscanos.org.br\/noticias\/fichas-de-trabalho-para-celebrar-o-centenario-dos-estigmas.html\"]}]},{\"@type\":\"BreadcrumbList\",\"@id\":\"https:\/\/franciscanos.org.br\/noticias\/fichas-de-trabalho-para-celebrar-o-centenario-dos-estigmas.html#breadcrumb\",\"itemListElement\":[{\"@type\":\"ListItem\",\"position\":1,\"name\":\"Home\",\"item\":\"https:\/\/franciscanos.org.br\/noticias\"},{\"@type\":\"ListItem\",\"position\":2,\"name\":\"Fichas de trabalho para celebrar o Centen\u00e1rio dos Estigmas\"}]},{\"@type\":\"Person\",\"@id\":\"https:\/\/franciscanos.org.br\/noticias\/#\/schema\/person\/b5c8cba458c330ccff548b056e95a5d4\",\"name\":\"moacir\",\"image\":{\"@type\":\"ImageObject\",\"inLanguage\":\"pt-BR\",\"@id\":\"https:\/\/franciscanos.org.br\/noticias\/#\/schema\/person\/image\/\",\"url\":\"https:\/\/secure.gravatar.com\/avatar\/d08aa2ce4c8dd416d4479aa8536fcf64?s=96&d=mm&r=g\",\"contentUrl\":\"https:\/\/secure.gravatar.com\/avatar\/d08aa2ce4c8dd416d4479aa8536fcf64?s=96&d=mm&r=g\",\"caption\":\"moacir\"},\"url\":\"https:\/\/franciscanos.org.br\/noticias\/author\/moacir\"}]}<\/script>\n<!-- \/ Yoast SEO plugin. -->","yoast_head_json":{"title":"Fichas de trabalho para celebrar o Centen\u00e1rio dos Estigmas - Not\u00edcias - Franciscanos","robots":{"index":"index","follow":"follow","max-snippet":"max-snippet:-1","max-image-preview":"max-image-preview:large","max-video-preview":"max-video-preview:-1"},"canonical":"https:\/\/franciscanos.org.br\/noticias\/fichas-de-trabalho-para-celebrar-o-centenario-dos-estigmas.html","og_locale":"pt_BR","og_type":"article","og_title":"Fichas de trabalho para celebrar o Centen\u00e1rio dos Estigmas - Not\u00edcias - Franciscanos","og_description":"Ordem dos Frades Menores","og_url":"https:\/\/franciscanos.org.br\/noticias\/fichas-de-trabalho-para-celebrar-o-centenario-dos-estigmas.html","og_site_name":"Not\u00edcias - Franciscanos","article_published_time":"2024-02-09T11:49:02+00:00","article_modified_time":"2024-02-09T14:22:36+00:00","og_image":[{"width":1280,"height":720,"url":"https:\/\/franciscanos.org.br\/noticias\/wp-content\/uploads\/2024\/02\/logo_oitocentos.jpg","type":"image\/jpeg"}],"author":"moacir","twitter_card":"summary_large_image","twitter_misc":{"Escrito por":"moacir","Est. tempo de leitura":"1 minuto"},"schema":{"@context":"https:\/\/schema.org","@graph":[{"@type":"WebSite","@id":"https:\/\/franciscanos.org.br\/noticias\/#website","url":"https:\/\/franciscanos.org.br\/noticias\/","name":"Not\u00edcias - Franciscanos","description":"Prov\u00edncia Franciscana da Imaculada Concei\u00e7\u00e3o do Brasil - Ordem dos Frades Menores - OFM","potentialAction":[{"@type":"SearchAction","target":{"@type":"EntryPoint","urlTemplate":"https:\/\/franciscanos.org.br\/noticias\/?s={search_term_string}"},"query-input":"required name=search_term_string"}],"inLanguage":"pt-BR"},{"@type":"ImageObject","inLanguage":"pt-BR","@id":"https:\/\/franciscanos.org.br\/noticias\/fichas-de-trabalho-para-celebrar-o-centenario-dos-estigmas.html#primaryimage","url":"https:\/\/franciscanos.org.br\/noticias\/wp-content\/uploads\/2024\/02\/logo_oitocentos.jpg","contentUrl":"https:\/\/franciscanos.org.br\/noticias\/wp-content\/uploads\/2024\/02\/logo_oitocentos.jpg","width":1280,"height":720},{"@type":"WebPage","@id":"https:\/\/franciscanos.org.br\/noticias\/fichas-de-trabalho-para-celebrar-o-centenario-dos-estigmas.html#webpage","url":"https:\/\/franciscanos.org.br\/noticias\/fichas-de-trabalho-para-celebrar-o-centenario-dos-estigmas.html","name":"Fichas de trabalho para celebrar o Centen\u00e1rio dos Estigmas - Not\u00edcias - Franciscanos","isPartOf":{"@id":"https:\/\/franciscanos.org.br\/noticias\/#website"},"primaryImageOfPage":{"@id":"https:\/\/franciscanos.org.br\/noticias\/fichas-de-trabalho-para-celebrar-o-centenario-dos-estigmas.html#primaryimage"},"datePublished":"2024-02-09T11:49:02+00:00","dateModified":"2024-02-09T14:22:36+00:00","author":{"@id":"https:\/\/franciscanos.org.br\/noticias\/#\/schema\/person\/b5c8cba458c330ccff548b056e95a5d4"},"breadcrumb":{"@id":"https:\/\/franciscanos.org.br\/noticias\/fichas-de-trabalho-para-celebrar-o-centenario-dos-estigmas.html#breadcrumb"},"inLanguage":"pt-BR","potentialAction":[{"@type":"ReadAction","target":["https:\/\/franciscanos.org.br\/noticias\/fichas-de-trabalho-para-celebrar-o-centenario-dos-estigmas.html"]}]},{"@type":"BreadcrumbList","@id":"https:\/\/franciscanos.org.br\/noticias\/fichas-de-trabalho-para-celebrar-o-centenario-dos-estigmas.html#breadcrumb","itemListElement":[{"@type":"ListItem","position":1,"name":"Home","item":"https:\/\/franciscanos.org.br\/noticias"},{"@type":"ListItem","position":2,"name":"Fichas de trabalho para celebrar o Centen\u00e1rio dos Estigmas"}]},{"@type":"Person","@id":"https:\/\/franciscanos.org.br\/noticias\/#\/schema\/person\/b5c8cba458c330ccff548b056e95a5d4","name":"moacir","image":{"@type":"ImageObject","inLanguage":"pt-BR","@id":"https:\/\/franciscanos.org.br\/noticias\/#\/schema\/person\/image\/","url":"https:\/\/secure.gravatar.com\/avatar\/d08aa2ce4c8dd416d4479aa8536fcf64?s=96&d=mm&r=g","contentUrl":"https:\/\/secure.gravatar.com\/avatar\/d08aa2ce4c8dd416d4479aa8536fcf64?s=96&d=mm&r=g","caption":"moacir"},"url":"https:\/\/franciscanos.org.br\/noticias\/author\/moacir"}]}},"_links":{"self":[{"href":"https:\/\/franciscanos.org.br\/noticias\/wp-json\/wp\/v2\/posts\/246397"}],"collection":[{"href":"https:\/\/franciscanos.org.br\/noticias\/wp-json\/wp\/v2\/posts"}],"about":[{"href":"https:\/\/franciscanos.org.br\/noticias\/wp-json\/wp\/v2\/types\/post"}],"author":[{"embeddable":true,"href":"https:\/\/franciscanos.org.br\/noticias\/wp-json\/wp\/v2\/users\/3"}],"replies":[{"embeddable":true,"href":"https:\/\/franciscanos.org.br\/noticias\/wp-json\/wp\/v2\/comments?post=246397"}],"version-history":[{"count":5,"href":"https:\/\/franciscanos.org.br\/noticias\/wp-json\/wp\/v2\/posts\/246397\/revisions"}],"predecessor-version":[{"id":246402,"href":"https:\/\/franciscanos.org.br\/noticias\/wp-json\/wp\/v2\/posts\/246397\/revisions\/246402"}],"wp:featuredmedia":[{"embeddable":true,"href":"https:\/\/franciscanos.org.br\/noticias\/wp-json\/wp\/v2\/media\/246399"}],"wp:attachment":[{"href":"https:\/\/franciscanos.org.br\/noticias\/wp-json\/wp\/v2\/media?parent=246397"}],"wp:term":[{"taxonomy":"category","embeddable":true,"href":"https:\/\/franciscanos.org.br\/noticias\/wp-json\/wp\/v2\/categories?post=246397"},{"taxonomy":"post_tag","embeddable":true,"href":"https:\/\/franciscanos.org.br\/noticias\/wp-json\/wp\/v2\/tags?post=246397"}],"curies":[{"name":"wp","href":"https:\/\/api.w.org\/{rel}","templated":true}]}}