{"id":246362,"date":"2024-02-06T09:32:38","date_gmt":"2024-02-06T12:32:38","guid":{"rendered":"https:\/\/franciscanos.org.br\/noticias\/?p=246362"},"modified":"2024-02-06T09:33:32","modified_gmt":"2024-02-06T12:33:32","slug":"usf-realiza-abertura-da-semana-de-planejamento-pedagogico-e-formacao-com-o-tema-educacao-para-a-paz","status":"publish","type":"post","link":"https:\/\/franciscanos.org.br\/noticias\/usf-realiza-abertura-da-semana-de-planejamento-pedagogico-e-formacao-com-o-tema-educacao-para-a-paz.html","title":{"rendered":"USF realiza abertura da Semana de Planejamento Pedag\u00f3gico e Forma\u00e7\u00e3o com o tema Educa\u00e7\u00e3o para a Paz"},"content":{"rendered":"<p><img loading=\"lazy\" class=\"alignnone size-full wp-image-246363\" src=\"https:\/\/franciscanos.org.br\/noticias\/wp-content\/uploads\/2024\/02\/usf_01.jpg\" alt=\"\" width=\"1280\" height=\"720\" srcset=\"https:\/\/franciscanos.org.br\/noticias\/wp-content\/uploads\/2024\/02\/usf_01.jpg 1280w, https:\/\/franciscanos.org.br\/noticias\/wp-content\/uploads\/2024\/02\/usf_01-450x253.jpg 450w, https:\/\/franciscanos.org.br\/noticias\/wp-content\/uploads\/2024\/02\/usf_01-1024x576.jpg 1024w, https:\/\/franciscanos.org.br\/noticias\/wp-content\/uploads\/2024\/02\/usf_01-768x432.jpg 768w, https:\/\/franciscanos.org.br\/noticias\/wp-content\/uploads\/2024\/02\/usf_01-150x84.jpg 150w\" sizes=\"(max-width: 1280px) 100vw, 1280px\" \/><\/p>\n<p>A Universidade S\u00e3o Francisco (USF) promoveu nesta segunda-feira, dia 5 de fevereiro, a abertura oficial da Semana de Planejamento Pedag\u00f3gico e Forma\u00e7\u00e3o, com o tema \u201cEduca\u00e7\u00e3o para a Paz: Transforma\u00e7\u00e3o e Inova\u00e7\u00e3o no Ensino Superior\u201d.<\/p>\n<p>O evento foi realizado no Sal\u00e3o Nobre do C\u00e2mpus Bragan\u00e7a Paulista, com transmiss\u00e3o para os outros c\u00e2mpus da USF e contou com a presen\u00e7a do reitor, Frei Gilberto Gon\u00e7alves Garcia, do Vice-reitor e Presidente da Mantenedora, Frei Thiago Alexandre Hayakawa, do Diretor-Vice-presidente, Frei Vitorio Mazzuco Filho, do Diretor Administrativo, Frei Alvaci Mendes da Luz, do Pr\u00f3-Reitor de Ensino, Pesquisa e Extens\u00e3o, professor Dilnei Lorenzi e do Pr\u00f3-Reitor de Administra\u00e7\u00e3o e Planejamento, professor Adriel de Moura Cabral, al\u00e9m dos diretores de C\u00e2mpus, docentes e colaboradores.<\/p>\n<p>Durante a abertura, o reitor desejou bom retorno a todos os participantes e agradeceu a colabora\u00e7\u00e3o de todos. \u201cQue este ano seja t\u00e3o bom como o ano que passou. Quero cumprimentar todos os docentes que tem apoiado essa institui\u00e7\u00e3o. Aqueles e aquelas que s\u00e3o de fato respons\u00e1veis pela pol\u00edtica da institui\u00e7\u00e3o e o contato com os nossos alunos, a nossa miss\u00e3o aqui na Universidade S\u00e3o Francisco\u201d, ressaltou.<\/p>\n<p><img loading=\"lazy\" class=\"alignnone size-full wp-image-246365\" src=\"https:\/\/franciscanos.org.br\/noticias\/wp-content\/uploads\/2024\/02\/usf_04.jpg\" alt=\"\" width=\"1280\" height=\"617\" srcset=\"https:\/\/franciscanos.org.br\/noticias\/wp-content\/uploads\/2024\/02\/usf_04.jpg 1280w, https:\/\/franciscanos.org.br\/noticias\/wp-content\/uploads\/2024\/02\/usf_04-450x217.jpg 450w, https:\/\/franciscanos.org.br\/noticias\/wp-content\/uploads\/2024\/02\/usf_04-1024x494.jpg 1024w, https:\/\/franciscanos.org.br\/noticias\/wp-content\/uploads\/2024\/02\/usf_04-768x370.jpg 768w, https:\/\/franciscanos.org.br\/noticias\/wp-content\/uploads\/2024\/02\/usf_04-150x72.jpg 150w\" sizes=\"(max-width: 1280px) 100vw, 1280px\" \/><\/p>\n<p>A palestra de abertura foi ministrada pelo Vig\u00e1rio Provincial da Prov\u00edncia Franciscana da Imaculada Concei\u00e7\u00e3o do Brasil, Frei Gustavo Wayand Medella, que abordou a educa\u00e7\u00e3o para a paz, no contexto da educa\u00e7\u00e3o franciscana. \u201cEducar para Paz no ensino superior implica, portanto, transmitir a consci\u00eancia de que toda \u00e1rea do saber, profiss\u00e3o, carreira e qualifica\u00e7\u00e3o podem ser abra\u00e7adas a partir da \u00f3tica fecunda e realizadora do servi\u00e7o. As Diretrizes Gerais para a Educa\u00e7\u00e3o Franciscana, no Documento &#8216;Ide Ensinai\u201d, de 2009, da Ordem dos Frades Menores, vem recordar que \u2018A pessoa se revela n\u00e3o como um ser solit\u00e1rio, autossuficiente nem absoluto, mas como um centro ou um n\u00facleo de rela\u00e7\u00f5es com o mundo, os seres humanos, o Transcendente e consigo mesmo. Estas rela\u00e7\u00f5es se interagem e se integram na promo\u00e7\u00e3o do crescimento do ser humano. [&#8230;] Francisco de Assis, a partir desta perspectiva, \u00e9 um modelo de integra\u00e7\u00e3o consigo mesmo e com os outros. De fato, a forte experi\u00eancia de Deus como Pai e Sumo Bem o levou a uma atitude de agradecimento e de louvor ao Criador por suas maravilhas e o fez irm\u00e3o de todos os homens e de todas as criaturas\u2019.Para uma cifra significativa de pessoas, a vida familiar e social n\u00e3o passa de comodismos lament\u00e1veis, de experi\u00eancias sofr\u00edveis, de rela\u00e7\u00f5es t\u00f3xicas alimentadas por car\u00eancias e inseguran\u00e7as. A miss\u00e3o de educar para a Paz denota um conjunto de escolhas, principalmente em favor dos que vivem nas periferias, das pessoas menos assistidas, dos sem teto, dos famintos e dos abandonados\u201d, destacou Frei Gustavo.<\/p>\n<p><img loading=\"lazy\" class=\"alignnone size-full wp-image-246364\" src=\"https:\/\/franciscanos.org.br\/noticias\/wp-content\/uploads\/2024\/02\/usf_03.jpg\" alt=\"\" width=\"1280\" height=\"528\" srcset=\"https:\/\/franciscanos.org.br\/noticias\/wp-content\/uploads\/2024\/02\/usf_03.jpg 1280w, https:\/\/franciscanos.org.br\/noticias\/wp-content\/uploads\/2024\/02\/usf_03-450x186.jpg 450w, https:\/\/franciscanos.org.br\/noticias\/wp-content\/uploads\/2024\/02\/usf_03-1024x422.jpg 1024w, https:\/\/franciscanos.org.br\/noticias\/wp-content\/uploads\/2024\/02\/usf_03-768x317.jpg 768w, https:\/\/franciscanos.org.br\/noticias\/wp-content\/uploads\/2024\/02\/usf_03-150x62.jpg 150w\" sizes=\"(max-width: 1280px) 100vw, 1280px\" \/><\/p>\n<p>Na sequ\u00eancia, o Pr\u00f3-Reitor de Ensino, Pesquisa e Extens\u00e3o, professor Dilnei Lorenzi apresentou novidades aos docentes, como a nova configura\u00e7\u00e3o das matrizes curriculares e o novo C@mpus Digital, diante do cen\u00e1rio das novas tecnologias. \u201cVamos ter um novo ambiente virtual de aprendizagem. Demos o nome de C@mpus Digital. A ideia que a Universidade tem apenas cinco c\u00e2mpus, mas temos um sexto c\u00e2mpus, que \u00e9 um grande ponto de encontro da diversidade, dos modelos de ensino, em que toda a comunidade pode se encontrar\u201d, explicou ao p\u00fablico.<\/p>\n<p>O Pr\u00f3-Reitor de Administra\u00e7\u00e3o e Planejamento destacou os desafios do ensino superior e tamb\u00e9m a inaugura\u00e7\u00e3o do C\u00e2mpus Sagrado, que ocorre em mar\u00e7o no bairro Nova Campinas. \u201cQue possamos iniciar um novo ciclo, com bastante energia, com dinamismo com inova\u00e7\u00e3o. \u00c9 um desafio gostoso aprender coisas novas e a institui\u00e7\u00e3o sempre passa por desafios, mas temos obtidos bons n\u00fameros, temos mantido nosso planejamento e conseguimos com investimentos a abertura de novos polos e a inaugura\u00e7\u00e3o em mar\u00e7o de um novo c\u00e2mpus em Campinas\u201d, detalhou pr\u00f3-reitor.<\/p>\n<p><img loading=\"lazy\" class=\"alignnone size-full wp-image-246366\" src=\"https:\/\/franciscanos.org.br\/noticias\/wp-content\/uploads\/2024\/02\/usf_02.jpg\" alt=\"\" width=\"1280\" height=\"720\" srcset=\"https:\/\/franciscanos.org.br\/noticias\/wp-content\/uploads\/2024\/02\/usf_02.jpg 1280w, https:\/\/franciscanos.org.br\/noticias\/wp-content\/uploads\/2024\/02\/usf_02-450x253.jpg 450w, https:\/\/franciscanos.org.br\/noticias\/wp-content\/uploads\/2024\/02\/usf_02-1024x576.jpg 1024w, https:\/\/franciscanos.org.br\/noticias\/wp-content\/uploads\/2024\/02\/usf_02-768x432.jpg 768w, https:\/\/franciscanos.org.br\/noticias\/wp-content\/uploads\/2024\/02\/usf_02-150x84.jpg 150w\" sizes=\"(max-width: 1280px) 100vw, 1280px\" \/><\/p>\n<p>O encerramento foi realizado pelo presidente da Mantenedora e vice-reitor, Frei Thiago, que abordou o cen\u00e1rio de transforma\u00e7\u00e3o da educa\u00e7\u00e3o superior e apresentou as atividades de acolhida aos calouros, que come\u00e7am no pr\u00f3ximo dia 15 de fevereiro. \u201cA marca dos nossos egressos \u00e9 o humanismo. Todos falam a partir do cuidado, da responsabilidade, das rela\u00e7\u00f5es que estabeleceram. H\u00e1 um tempo atr\u00e1s, a gente fazia quest\u00e3o de dizer do compromisso da Institui\u00e7\u00e3o em formar profissionais e esse discurso est\u00e1 sendo substitu\u00eddo em formar sujeitos comprometidos com a sociedade, com o lugar onde convivem. O Frei Gustavo ao abrir mais um ano acad\u00eamico, trazendo a reflex\u00e3o, o desafio, o compromisso da nossa institui\u00e7\u00e3o como entidade franciscana, vem justamente para destacar essa responsabilidade que todos temos\u201d, finalizou Frei Thiago.<\/p>\n<p>Ao longo desta semana ser\u00e3o realizadas oficinas e palestras aos docentes e colaboradores da USF.<\/p>\n<hr \/>\n<p><em>Ana Paula Moreira de Souza<\/em><\/p>\n","protected":false},"excerpt":{"rendered":"<p>Universidade S\u00e3o Francisco<\/p>\n","protected":false},"author":3,"featured_media":246363,"comment_status":"open","ping_status":"open","sticky":false,"template":"","format":"standard","meta":[],"categories":[1],"tags":[354],"acf":[],"yoast_head":"<!-- This site is optimized with the Yoast SEO plugin v19.2 - https:\/\/yoast.com\/wordpress\/plugins\/seo\/ -->\n<title>USF realiza abertura da Semana de Planejamento Pedag\u00f3gico e Forma\u00e7\u00e3o com o tema Educa\u00e7\u00e3o para a Paz - Not\u00edcias - Franciscanos<\/title>\n<meta name=\"robots\" content=\"index, follow, max-snippet:-1, max-image-preview:large, max-video-preview:-1\" \/>\n<link rel=\"canonical\" href=\"https:\/\/franciscanos.org.br\/noticias\/usf-realiza-abertura-da-semana-de-planejamento-pedagogico-e-formacao-com-o-tema-educacao-para-a-paz.html\" \/>\n<meta property=\"og:locale\" content=\"pt_BR\" \/>\n<meta property=\"og:type\" content=\"article\" \/>\n<meta property=\"og:title\" content=\"USF realiza abertura da Semana de Planejamento Pedag\u00f3gico e Forma\u00e7\u00e3o com o tema Educa\u00e7\u00e3o para a Paz - Not\u00edcias - Franciscanos\" \/>\n<meta property=\"og:description\" content=\"Universidade S\u00e3o Francisco\" \/>\n<meta property=\"og:url\" content=\"https:\/\/franciscanos.org.br\/noticias\/usf-realiza-abertura-da-semana-de-planejamento-pedagogico-e-formacao-com-o-tema-educacao-para-a-paz.html\" \/>\n<meta property=\"og:site_name\" content=\"Not\u00edcias - Franciscanos\" \/>\n<meta property=\"article:published_time\" content=\"2024-02-06T12:32:38+00:00\" \/>\n<meta property=\"article:modified_time\" content=\"2024-02-06T12:33:32+00:00\" \/>\n<meta property=\"og:image\" content=\"https:\/\/franciscanos.org.br\/noticias\/wp-content\/uploads\/2024\/02\/usf_01.jpg\" \/>\n\t<meta property=\"og:image:width\" content=\"1280\" \/>\n\t<meta property=\"og:image:height\" content=\"720\" \/>\n\t<meta property=\"og:image:type\" content=\"image\/jpeg\" \/>\n<meta name=\"author\" content=\"moacir\" \/>\n<meta name=\"twitter:card\" content=\"summary_large_image\" \/>\n<meta name=\"twitter:label1\" content=\"Escrito por\" \/>\n\t<meta name=\"twitter:data1\" content=\"moacir\" \/>\n\t<meta name=\"twitter:label2\" content=\"Est. tempo de leitura\" \/>\n\t<meta name=\"twitter:data2\" content=\"4 minutos\" \/>\n<script type=\"application\/ld+json\" class=\"yoast-schema-graph\">{\"@context\":\"https:\/\/schema.org\",\"@graph\":[{\"@type\":\"WebSite\",\"@id\":\"https:\/\/franciscanos.org.br\/noticias\/#website\",\"url\":\"https:\/\/franciscanos.org.br\/noticias\/\",\"name\":\"Not\u00edcias - Franciscanos\",\"description\":\"Prov\u00edncia Franciscana da Imaculada Concei\u00e7\u00e3o do Brasil - Ordem dos Frades Menores - OFM\",\"potentialAction\":[{\"@type\":\"SearchAction\",\"target\":{\"@type\":\"EntryPoint\",\"urlTemplate\":\"https:\/\/franciscanos.org.br\/noticias\/?s={search_term_string}\"},\"query-input\":\"required name=search_term_string\"}],\"inLanguage\":\"pt-BR\"},{\"@type\":\"ImageObject\",\"inLanguage\":\"pt-BR\",\"@id\":\"https:\/\/franciscanos.org.br\/noticias\/usf-realiza-abertura-da-semana-de-planejamento-pedagogico-e-formacao-com-o-tema-educacao-para-a-paz.html#primaryimage\",\"url\":\"https:\/\/franciscanos.org.br\/noticias\/wp-content\/uploads\/2024\/02\/usf_01.jpg\",\"contentUrl\":\"https:\/\/franciscanos.org.br\/noticias\/wp-content\/uploads\/2024\/02\/usf_01.jpg\",\"width\":1280,\"height\":720},{\"@type\":\"WebPage\",\"@id\":\"https:\/\/franciscanos.org.br\/noticias\/usf-realiza-abertura-da-semana-de-planejamento-pedagogico-e-formacao-com-o-tema-educacao-para-a-paz.html#webpage\",\"url\":\"https:\/\/franciscanos.org.br\/noticias\/usf-realiza-abertura-da-semana-de-planejamento-pedagogico-e-formacao-com-o-tema-educacao-para-a-paz.html\",\"name\":\"USF realiza abertura da Semana de Planejamento Pedag\u00f3gico e Forma\u00e7\u00e3o com o tema Educa\u00e7\u00e3o para a Paz - Not\u00edcias - Franciscanos\",\"isPartOf\":{\"@id\":\"https:\/\/franciscanos.org.br\/noticias\/#website\"},\"primaryImageOfPage\":{\"@id\":\"https:\/\/franciscanos.org.br\/noticias\/usf-realiza-abertura-da-semana-de-planejamento-pedagogico-e-formacao-com-o-tema-educacao-para-a-paz.html#primaryimage\"},\"datePublished\":\"2024-02-06T12:32:38+00:00\",\"dateModified\":\"2024-02-06T12:33:32+00:00\",\"author\":{\"@id\":\"https:\/\/franciscanos.org.br\/noticias\/#\/schema\/person\/b5c8cba458c330ccff548b056e95a5d4\"},\"breadcrumb\":{\"@id\":\"https:\/\/franciscanos.org.br\/noticias\/usf-realiza-abertura-da-semana-de-planejamento-pedagogico-e-formacao-com-o-tema-educacao-para-a-paz.html#breadcrumb\"},\"inLanguage\":\"pt-BR\",\"potentialAction\":[{\"@type\":\"ReadAction\",\"target\":[\"https:\/\/franciscanos.org.br\/noticias\/usf-realiza-abertura-da-semana-de-planejamento-pedagogico-e-formacao-com-o-tema-educacao-para-a-paz.html\"]}]},{\"@type\":\"BreadcrumbList\",\"@id\":\"https:\/\/franciscanos.org.br\/noticias\/usf-realiza-abertura-da-semana-de-planejamento-pedagogico-e-formacao-com-o-tema-educacao-para-a-paz.html#breadcrumb\",\"itemListElement\":[{\"@type\":\"ListItem\",\"position\":1,\"name\":\"Home\",\"item\":\"https:\/\/franciscanos.org.br\/noticias\"},{\"@type\":\"ListItem\",\"position\":2,\"name\":\"USF realiza abertura da Semana de Planejamento Pedag\u00f3gico e Forma\u00e7\u00e3o com o tema Educa\u00e7\u00e3o para a Paz\"}]},{\"@type\":\"Person\",\"@id\":\"https:\/\/franciscanos.org.br\/noticias\/#\/schema\/person\/b5c8cba458c330ccff548b056e95a5d4\",\"name\":\"moacir\",\"image\":{\"@type\":\"ImageObject\",\"inLanguage\":\"pt-BR\",\"@id\":\"https:\/\/franciscanos.org.br\/noticias\/#\/schema\/person\/image\/\",\"url\":\"https:\/\/secure.gravatar.com\/avatar\/d08aa2ce4c8dd416d4479aa8536fcf64?s=96&d=mm&r=g\",\"contentUrl\":\"https:\/\/secure.gravatar.com\/avatar\/d08aa2ce4c8dd416d4479aa8536fcf64?s=96&d=mm&r=g\",\"caption\":\"moacir\"},\"url\":\"https:\/\/franciscanos.org.br\/noticias\/author\/moacir\"}]}<\/script>\n<!-- \/ Yoast SEO plugin. -->","yoast_head_json":{"title":"USF realiza abertura da Semana de Planejamento Pedag\u00f3gico e Forma\u00e7\u00e3o com o tema Educa\u00e7\u00e3o para a Paz - Not\u00edcias - Franciscanos","robots":{"index":"index","follow":"follow","max-snippet":"max-snippet:-1","max-image-preview":"max-image-preview:large","max-video-preview":"max-video-preview:-1"},"canonical":"https:\/\/franciscanos.org.br\/noticias\/usf-realiza-abertura-da-semana-de-planejamento-pedagogico-e-formacao-com-o-tema-educacao-para-a-paz.html","og_locale":"pt_BR","og_type":"article","og_title":"USF realiza abertura da Semana de Planejamento Pedag\u00f3gico e Forma\u00e7\u00e3o com o tema Educa\u00e7\u00e3o para a Paz - Not\u00edcias - Franciscanos","og_description":"Universidade S\u00e3o Francisco","og_url":"https:\/\/franciscanos.org.br\/noticias\/usf-realiza-abertura-da-semana-de-planejamento-pedagogico-e-formacao-com-o-tema-educacao-para-a-paz.html","og_site_name":"Not\u00edcias - Franciscanos","article_published_time":"2024-02-06T12:32:38+00:00","article_modified_time":"2024-02-06T12:33:32+00:00","og_image":[{"width":1280,"height":720,"url":"https:\/\/franciscanos.org.br\/noticias\/wp-content\/uploads\/2024\/02\/usf_01.jpg","type":"image\/jpeg"}],"author":"moacir","twitter_card":"summary_large_image","twitter_misc":{"Escrito por":"moacir","Est. tempo de leitura":"4 minutos"},"schema":{"@context":"https:\/\/schema.org","@graph":[{"@type":"WebSite","@id":"https:\/\/franciscanos.org.br\/noticias\/#website","url":"https:\/\/franciscanos.org.br\/noticias\/","name":"Not\u00edcias - Franciscanos","description":"Prov\u00edncia Franciscana da Imaculada Concei\u00e7\u00e3o do Brasil - Ordem dos Frades Menores - OFM","potentialAction":[{"@type":"SearchAction","target":{"@type":"EntryPoint","urlTemplate":"https:\/\/franciscanos.org.br\/noticias\/?s={search_term_string}"},"query-input":"required name=search_term_string"}],"inLanguage":"pt-BR"},{"@type":"ImageObject","inLanguage":"pt-BR","@id":"https:\/\/franciscanos.org.br\/noticias\/usf-realiza-abertura-da-semana-de-planejamento-pedagogico-e-formacao-com-o-tema-educacao-para-a-paz.html#primaryimage","url":"https:\/\/franciscanos.org.br\/noticias\/wp-content\/uploads\/2024\/02\/usf_01.jpg","contentUrl":"https:\/\/franciscanos.org.br\/noticias\/wp-content\/uploads\/2024\/02\/usf_01.jpg","width":1280,"height":720},{"@type":"WebPage","@id":"https:\/\/franciscanos.org.br\/noticias\/usf-realiza-abertura-da-semana-de-planejamento-pedagogico-e-formacao-com-o-tema-educacao-para-a-paz.html#webpage","url":"https:\/\/franciscanos.org.br\/noticias\/usf-realiza-abertura-da-semana-de-planejamento-pedagogico-e-formacao-com-o-tema-educacao-para-a-paz.html","name":"USF realiza abertura da Semana de Planejamento Pedag\u00f3gico e Forma\u00e7\u00e3o com o tema Educa\u00e7\u00e3o para a Paz - Not\u00edcias - Franciscanos","isPartOf":{"@id":"https:\/\/franciscanos.org.br\/noticias\/#website"},"primaryImageOfPage":{"@id":"https:\/\/franciscanos.org.br\/noticias\/usf-realiza-abertura-da-semana-de-planejamento-pedagogico-e-formacao-com-o-tema-educacao-para-a-paz.html#primaryimage"},"datePublished":"2024-02-06T12:32:38+00:00","dateModified":"2024-02-06T12:33:32+00:00","author":{"@id":"https:\/\/franciscanos.org.br\/noticias\/#\/schema\/person\/b5c8cba458c330ccff548b056e95a5d4"},"breadcrumb":{"@id":"https:\/\/franciscanos.org.br\/noticias\/usf-realiza-abertura-da-semana-de-planejamento-pedagogico-e-formacao-com-o-tema-educacao-para-a-paz.html#breadcrumb"},"inLanguage":"pt-BR","potentialAction":[{"@type":"ReadAction","target":["https:\/\/franciscanos.org.br\/noticias\/usf-realiza-abertura-da-semana-de-planejamento-pedagogico-e-formacao-com-o-tema-educacao-para-a-paz.html"]}]},{"@type":"BreadcrumbList","@id":"https:\/\/franciscanos.org.br\/noticias\/usf-realiza-abertura-da-semana-de-planejamento-pedagogico-e-formacao-com-o-tema-educacao-para-a-paz.html#breadcrumb","itemListElement":[{"@type":"ListItem","position":1,"name":"Home","item":"https:\/\/franciscanos.org.br\/noticias"},{"@type":"ListItem","position":2,"name":"USF realiza abertura da Semana de Planejamento Pedag\u00f3gico e Forma\u00e7\u00e3o com o tema Educa\u00e7\u00e3o para a Paz"}]},{"@type":"Person","@id":"https:\/\/franciscanos.org.br\/noticias\/#\/schema\/person\/b5c8cba458c330ccff548b056e95a5d4","name":"moacir","image":{"@type":"ImageObject","inLanguage":"pt-BR","@id":"https:\/\/franciscanos.org.br\/noticias\/#\/schema\/person\/image\/","url":"https:\/\/secure.gravatar.com\/avatar\/d08aa2ce4c8dd416d4479aa8536fcf64?s=96&d=mm&r=g","contentUrl":"https:\/\/secure.gravatar.com\/avatar\/d08aa2ce4c8dd416d4479aa8536fcf64?s=96&d=mm&r=g","caption":"moacir"},"url":"https:\/\/franciscanos.org.br\/noticias\/author\/moacir"}]}},"_links":{"self":[{"href":"https:\/\/franciscanos.org.br\/noticias\/wp-json\/wp\/v2\/posts\/246362"}],"collection":[{"href":"https:\/\/franciscanos.org.br\/noticias\/wp-json\/wp\/v2\/posts"}],"about":[{"href":"https:\/\/franciscanos.org.br\/noticias\/wp-json\/wp\/v2\/types\/post"}],"author":[{"embeddable":true,"href":"https:\/\/franciscanos.org.br\/noticias\/wp-json\/wp\/v2\/users\/3"}],"replies":[{"embeddable":true,"href":"https:\/\/franciscanos.org.br\/noticias\/wp-json\/wp\/v2\/comments?post=246362"}],"version-history":[{"count":3,"href":"https:\/\/franciscanos.org.br\/noticias\/wp-json\/wp\/v2\/posts\/246362\/revisions"}],"predecessor-version":[{"id":246369,"href":"https:\/\/franciscanos.org.br\/noticias\/wp-json\/wp\/v2\/posts\/246362\/revisions\/246369"}],"wp:featuredmedia":[{"embeddable":true,"href":"https:\/\/franciscanos.org.br\/noticias\/wp-json\/wp\/v2\/media\/246363"}],"wp:attachment":[{"href":"https:\/\/franciscanos.org.br\/noticias\/wp-json\/wp\/v2\/media?parent=246362"}],"wp:term":[{"taxonomy":"category","embeddable":true,"href":"https:\/\/franciscanos.org.br\/noticias\/wp-json\/wp\/v2\/categories?post=246362"},{"taxonomy":"post_tag","embeddable":true,"href":"https:\/\/franciscanos.org.br\/noticias\/wp-json\/wp\/v2\/tags?post=246362"}],"curies":[{"name":"wp","href":"https:\/\/api.w.org\/{rel}","templated":true}]}}