{"id":246333,"date":"2024-02-02T09:27:12","date_gmt":"2024-02-02T12:27:12","guid":{"rendered":"https:\/\/franciscanos.org.br\/noticias\/?p=246333"},"modified":"2024-02-02T09:27:12","modified_gmt":"2024-02-02T12:27:12","slug":"em-nome-de-jesus-entre-os-lancamentos-da-editora-vozes","status":"publish","type":"post","link":"https:\/\/franciscanos.org.br\/noticias\/em-nome-de-jesus-entre-os-lancamentos-da-editora-vozes.html","title":{"rendered":"&#8220;Em nome de Jesus&#8221;, entre os lan\u00e7amentos da Editora Vozes"},"content":{"rendered":"<p><img loading=\"lazy\" class=\"alignnone size-full wp-image-246335\" src=\"https:\/\/franciscanos.org.br\/noticias\/wp-content\/uploads\/2024\/02\/Vozes-1280-02022024.jpg\" alt=\"\" width=\"1280\" height=\"720\" srcset=\"https:\/\/franciscanos.org.br\/noticias\/wp-content\/uploads\/2024\/02\/Vozes-1280-02022024.jpg 1280w, https:\/\/franciscanos.org.br\/noticias\/wp-content\/uploads\/2024\/02\/Vozes-1280-02022024-450x253.jpg 450w, https:\/\/franciscanos.org.br\/noticias\/wp-content\/uploads\/2024\/02\/Vozes-1280-02022024-1024x576.jpg 1024w, https:\/\/franciscanos.org.br\/noticias\/wp-content\/uploads\/2024\/02\/Vozes-1280-02022024-768x432.jpg 768w, https:\/\/franciscanos.org.br\/noticias\/wp-content\/uploads\/2024\/02\/Vozes-1280-02022024-150x84.jpg 150w\" sizes=\"(max-width: 1280px) 100vw, 1280px\" \/><\/p>\n<h3><strong>Em nome de Jesus<\/strong><\/h3>\n<p><strong>Reflex\u00f5es sobre lideran\u00e7a crist\u00e3<\/strong><\/p>\n<p>Ao nos conduzir por estas p\u00e1ginas, Henri Nouwen revela sua pr\u00f3pria vulnerabilidade, ecoando os sentimentos compartilhados por muitos de n\u00f3s quando confrontados com as manifesta\u00e7\u00f5es do futuro.<\/p>\n<p>Ele nos convida a uma pausa introspectiva, \u00e0 explora\u00e7\u00e3o de nossos reinos internos de consci\u00eancia. As perguntas que ele formula se tornam chaves que desbloqueiam nosso entendimento sobre lideran\u00e7a. Quais decis\u00f5es temos tomado? Como essas escolhas refletem nossa vis\u00e3o para o futuro? Essa autoindaga\u00e7\u00e3o nos desafia a reconhecer o trabalho divino em nossa vida e a nos alinhar com seu prop\u00f3sito.<\/p>\n<p>A lideran\u00e7a crist\u00e3 vai al\u00e9m de estruturas tradicionais, planilhas e agendas; \u00e9 uma jornada interna que exige confian\u00e7a e entrega. Diante do desconhecido, somos incentivados a confiar que Deus nos orienta, moldando-nos para um prop\u00f3sito grandioso que ultrapassa a nossa imagina\u00e7\u00e3o.<\/p>\n<hr \/>\n<h3><strong>Por que sempre eu?<\/strong><\/h3>\n<p>Ao conversarem com muitas pessoas e compartilharem suas experi\u00eancias em cursos, Hsin-Ju Wu e Anselm Gr\u00fcn identificaram padr\u00f5es perturbadores que obscurecem rela\u00e7\u00f5es em diversos contextos: rela\u00e7\u00f5es pessoais, familiares, amizades, trabalho e comunidades eclesi\u00e1sticas. Muitas vezes, esses padr\u00f5es passam despercebidos, causando rupturas e feridas dolorosas.<\/p>\n<p>A abordagem dos autores difere das solu\u00e7\u00f5es convencionais. N\u00e3o bastam boas inten\u00e7\u00f5es ou ora\u00e7\u00f5es para desmantelar esses padr\u00f5es. A psicoterapia oferece uma via, mas as teorias complexas nem sempre s\u00e3o eficazes. Por isso, neste livro, eles articulam de forma simples e acess\u00edvel essa vis\u00e3o, baseada em conhecimentos psicol\u00f3gicos e enraizada na tradi\u00e7\u00e3o crist\u00e3.<\/p>\n<p>Wu e Gr\u00fcn analisam seis padr\u00f5es que perturbam os relacionamentos, convidando \u00e0 autorreflex\u00e3o. N\u00e3o se trata de acusar o pr\u00f3ximo, mas de compreender os mecanismos presentes em n\u00f3s e nos outros para melhorar as rela\u00e7\u00f5es e curar as feridas.<\/p>\n<hr \/>\n<h3><strong>A civiliza\u00e7\u00e3o feudal<\/strong><\/h3>\n<p><strong>Do ano mil \u00e0 coloniza\u00e7\u00e3o da Am\u00e9rica<\/strong><\/p>\n<p>Uma fascinante jornada atrav\u00e9s dos s\u00e9culos e continentes explorando a evolu\u00e7\u00e3o da sociedade feudal e seu impacto duradouro no mundo. Este livro oferece uma vis\u00e3o abrangente da era medieval, desde as estruturas de poder e rela\u00e7\u00f5es sociais at\u00e9 as transforma\u00e7\u00f5es econ\u00f4micas e culturais que moldaram a Europa e al\u00e9m. Uma leitura essencial para todos os interessados em compreender as bases da civiliza\u00e7\u00e3o ocidental e o contexto hist\u00f3rico que preparou o terreno para a coloniza\u00e7\u00e3o da Am\u00e9rica.<\/p>\n<p>A obra oferece uma an\u00e1lise meticulosa do mundo feudal e seu impacto transformador na hist\u00f3ria global. O autor, com uma narrativa rica em detalhes, revela as complexidades da sociedade feudal, suas estruturas de poder, cren\u00e7as culturais e mudan\u00e7as econ\u00f4micas. Uma vis\u00e3o panor\u00e2mica do passado, que nos permite compreender as origens e as consequ\u00eancias da civiliza\u00e7\u00e3o ocidental. Uma obra para todos aqueles que desejam explorar os fundamentos da nossa sociedade contempor\u00e2nea.<\/p>\n<hr \/>\n<h3><strong>A representa\u00e7\u00e3o do eu na vida cotidiana<\/strong><\/h3>\n<p>Elogiada pela imprensa especializada dos Estados Unidos como uma das contribui\u00e7\u00f5es mais impactantes \u00e0 psicologia social desta era, esta obra representa uma an\u00e1lise profunda do autoconhecimento humano. Ela explora o comportamento humano em seu contexto social e como n\u00f3s nos apresentamos aos outros.<\/p>\n<p>O autor utiliza a met\u00e1fora da performance teatral como estrutura central de sua exposi\u00e7\u00e3o: em qualquer situa\u00e7\u00e3o social, cada indiv\u00edduo age como um ator perante seus pares, esfor\u00e7ando-se para influenciar e controlar as impress\u00f5es que os outros formam de si, aplicando t\u00e9cnicas espec\u00edficas para sustentar sua atua\u00e7\u00e3o, assim como um ator encena um personagem diante da plateia.<\/p>\n<p>No entanto, \u00e9 importante ressaltar que as teorias e conclus\u00f5es apresentadas n\u00e3o s\u00e3o simples generaliza\u00e7\u00f5es ou dedu\u00e7\u00f5es baseadas em um esquema predefinido. Erving Goffman conduziu extensas observa\u00e7\u00f5es, pesquisas e estudos em diversas regi\u00f5es e comunidades, aprofundando-se no comportamento humano.<\/p>\n<hr \/>\n<h3><strong>O corpo<\/strong><\/h3>\n<p><strong>Uma introdu\u00e7\u00e3o hist\u00f3rica, social e cultural<\/strong><\/p>\n<p>O corpo humano \u00e9 pensado convencionalmente como uma entidade biol\u00f3gica, com sua longevidade, morbidez, tamanho e at\u00e9 mesmo apar\u00eancia determinados por fatores gen\u00e9ticos imunes \u00e0 influ\u00eancia da sociedade ou cultura. Desde meados da d\u00e9cada de 1980, no entanto, tem havido uma crescente conscientiza\u00e7\u00e3o de como nossos corpos e nossa percep\u00e7\u00e3o deles s\u00e3o influenciados pelos contextos hist\u00f3ricos, sociais, e culturais nos quais os humanos vivem.<\/p>\n<p>Baseando-se em estudos de sexo e g\u00eanero, educa\u00e7\u00e3o, governan\u00e7a, economia e religi\u00e3o, Chris Shilling demonstra como nosso ser f\u00edsico nos permite afetar o mundo material e virtual ao nosso redor, mas tamb\u00e9m permite que os governos moldem e dirijam nossos pensamentos e a\u00e7\u00f5es. Revelando como as rela\u00e7\u00f5es sociais, imagens culturais e avan\u00e7os tecnol\u00f3gicos e m\u00e9dicos moldam nossas percep\u00e7\u00f5es e consci\u00eancia, ele exp\u00f5e as limita\u00e7\u00f5es das tradi\u00e7\u00f5es ocidentais tradicionais de pensamento que elevam a mente sobre o corpo como aquilo que nos define como humanos. Lidando com quest\u00f5es que v\u00e3o desde a cirurgia cosm\u00e9tica e de transplante, o desempenho de identidades de g\u00eanero, a mercantiliza\u00e7\u00e3o de corpos e partes do corpo e as consequ\u00eancias violentas de concep\u00e7\u00f5es conflitantes do corpo como sagrado, Shilling fornece um relato convincente de por que quest\u00f5es corporais apresentam sociedades contempor\u00e2neas com uma s\u00e9rie de desafios urgentes e incontorn\u00e1veis.<\/p>\n<hr \/>\n<h3><strong>O ser humano como animal<\/strong><\/h3>\n<p><strong>Por que ainda n\u00e3o nos encaixamos na natureza<\/strong><\/p>\n<p>O fil\u00f3sofo alem\u00e3o Markus Gabriel explora a rela\u00e7\u00e3o complexa entre o homem e o mundo natural, questionando a cren\u00e7a comum de que somos apenas animais moldados pela natureza.<\/p>\n<p>O autor apresenta uma perspectiva que desafia as ideias preconcebidas sobre nossa exist\u00eancia. Ele desvenda as ra\u00edzes de nossa singularidade, tra\u00e7ando uma fina linha entre o ser humano e outras criaturas.<\/p>\n<p>De forma impressionante, ele combina as \u00faltimas descobertas cient\u00edficas com a filosofia contempor\u00e2nea. Ele exige o reconhecimento da alteridade radical da natureza e dos animais.<\/p>\n<p>Devemos combater essa alteridade com uma \u00e9tica da ignor\u00e2ncia. Com base nas quest\u00f5es: O que \u00e9 um animal? E o que \u00e9 a vida?, ele nos leva ainda mais \u00e0 pergunta de todas as perguntas: Qual \u00e9 o sentido da vida? O ser humano como animal desafia a vis\u00e3o que temos de n\u00f3s mesmos e oferece uma compreens\u00e3o profunda da identidade humana e sua rela\u00e7\u00e3o com o mundo que nos cerca.<\/p>\n<hr \/>\n<p style=\"padding-left: 40px;\">Todos esses produtos podem ser adquiridos pelos sites<br \/>\n<a href=\"http:\/\/www.livrariavozes.com.br\/\">www.livrariavozes.com.br<\/a><br \/>\n<a href=\"http:\/\/vozes.com.br\/\">http:\/\/vozes.com.br<\/a><\/p>\n<p style=\"padding-left: 40px;\">E-mail:\u00a0<a href=\"mailto:contato@vozes.com.br\">contato@vozes.com.br<\/a><br \/>\nTel. 11 3101 8451<br \/>\n<em><strong>Editora Vozes<\/strong><\/em><\/p>\n<p>&nbsp;<\/p>\n","protected":false},"excerpt":{"rendered":"<p>Editora Vozes<\/p>\n","protected":false},"author":7,"featured_media":246334,"comment_status":"open","ping_status":"open","sticky":false,"template":"","format":"standard","meta":[],"categories":[1],"tags":[238],"acf":[],"yoast_head":"<!-- This site is optimized with the Yoast SEO plugin v19.2 - https:\/\/yoast.com\/wordpress\/plugins\/seo\/ -->\n<title>&quot;Em nome de Jesus&quot;, entre os lan\u00e7amentos da Editora Vozes - Not\u00edcias - Franciscanos<\/title>\n<meta name=\"robots\" content=\"index, follow, max-snippet:-1, max-image-preview:large, max-video-preview:-1\" \/>\n<link rel=\"canonical\" href=\"https:\/\/franciscanos.org.br\/noticias\/em-nome-de-jesus-entre-os-lancamentos-da-editora-vozes.html\" \/>\n<meta property=\"og:locale\" content=\"pt_BR\" \/>\n<meta property=\"og:type\" content=\"article\" \/>\n<meta property=\"og:title\" content=\"&quot;Em nome de Jesus&quot;, entre os lan\u00e7amentos da Editora Vozes - Not\u00edcias - Franciscanos\" \/>\n<meta property=\"og:description\" content=\"Editora Vozes\" \/>\n<meta property=\"og:url\" content=\"https:\/\/franciscanos.org.br\/noticias\/em-nome-de-jesus-entre-os-lancamentos-da-editora-vozes.html\" \/>\n<meta property=\"og:site_name\" content=\"Not\u00edcias - Franciscanos\" \/>\n<meta property=\"article:published_time\" content=\"2024-02-02T12:27:12+00:00\" \/>\n<meta property=\"og:image\" content=\"https:\/\/franciscanos.org.br\/noticias\/wp-content\/uploads\/2024\/02\/Vozes-800-02022024.jpg\" \/>\n\t<meta property=\"og:image:width\" content=\"800\" \/>\n\t<meta property=\"og:image:height\" content=\"550\" \/>\n\t<meta property=\"og:image:type\" content=\"image\/jpeg\" \/>\n<meta name=\"author\" content=\"jovenal\" \/>\n<meta name=\"twitter:card\" content=\"summary_large_image\" \/>\n<meta name=\"twitter:label1\" content=\"Escrito por\" \/>\n\t<meta name=\"twitter:data1\" content=\"jovenal\" \/>\n\t<meta name=\"twitter:label2\" content=\"Est. tempo de leitura\" \/>\n\t<meta name=\"twitter:data2\" content=\"6 minutos\" \/>\n<script type=\"application\/ld+json\" class=\"yoast-schema-graph\">{\"@context\":\"https:\/\/schema.org\",\"@graph\":[{\"@type\":\"WebSite\",\"@id\":\"https:\/\/franciscanos.org.br\/noticias\/#website\",\"url\":\"https:\/\/franciscanos.org.br\/noticias\/\",\"name\":\"Not\u00edcias - Franciscanos\",\"description\":\"Prov\u00edncia Franciscana da Imaculada Concei\u00e7\u00e3o do Brasil - Ordem dos Frades Menores - OFM\",\"potentialAction\":[{\"@type\":\"SearchAction\",\"target\":{\"@type\":\"EntryPoint\",\"urlTemplate\":\"https:\/\/franciscanos.org.br\/noticias\/?s={search_term_string}\"},\"query-input\":\"required name=search_term_string\"}],\"inLanguage\":\"pt-BR\"},{\"@type\":\"ImageObject\",\"inLanguage\":\"pt-BR\",\"@id\":\"https:\/\/franciscanos.org.br\/noticias\/em-nome-de-jesus-entre-os-lancamentos-da-editora-vozes.html#primaryimage\",\"url\":\"https:\/\/franciscanos.org.br\/noticias\/wp-content\/uploads\/2024\/02\/Vozes-800-02022024.jpg\",\"contentUrl\":\"https:\/\/franciscanos.org.br\/noticias\/wp-content\/uploads\/2024\/02\/Vozes-800-02022024.jpg\",\"width\":800,\"height\":550},{\"@type\":\"WebPage\",\"@id\":\"https:\/\/franciscanos.org.br\/noticias\/em-nome-de-jesus-entre-os-lancamentos-da-editora-vozes.html#webpage\",\"url\":\"https:\/\/franciscanos.org.br\/noticias\/em-nome-de-jesus-entre-os-lancamentos-da-editora-vozes.html\",\"name\":\"\\\"Em nome de Jesus\\\", entre os lan\u00e7amentos da Editora Vozes - Not\u00edcias - Franciscanos\",\"isPartOf\":{\"@id\":\"https:\/\/franciscanos.org.br\/noticias\/#website\"},\"primaryImageOfPage\":{\"@id\":\"https:\/\/franciscanos.org.br\/noticias\/em-nome-de-jesus-entre-os-lancamentos-da-editora-vozes.html#primaryimage\"},\"datePublished\":\"2024-02-02T12:27:12+00:00\",\"dateModified\":\"2024-02-02T12:27:12+00:00\",\"author\":{\"@id\":\"https:\/\/franciscanos.org.br\/noticias\/#\/schema\/person\/c3a26b08313dd1772495ce300ab257cc\"},\"breadcrumb\":{\"@id\":\"https:\/\/franciscanos.org.br\/noticias\/em-nome-de-jesus-entre-os-lancamentos-da-editora-vozes.html#breadcrumb\"},\"inLanguage\":\"pt-BR\",\"potentialAction\":[{\"@type\":\"ReadAction\",\"target\":[\"https:\/\/franciscanos.org.br\/noticias\/em-nome-de-jesus-entre-os-lancamentos-da-editora-vozes.html\"]}]},{\"@type\":\"BreadcrumbList\",\"@id\":\"https:\/\/franciscanos.org.br\/noticias\/em-nome-de-jesus-entre-os-lancamentos-da-editora-vozes.html#breadcrumb\",\"itemListElement\":[{\"@type\":\"ListItem\",\"position\":1,\"name\":\"Home\",\"item\":\"https:\/\/franciscanos.org.br\/noticias\"},{\"@type\":\"ListItem\",\"position\":2,\"name\":\"&#8220;Em nome de Jesus&#8221;, entre os lan\u00e7amentos da Editora Vozes\"}]},{\"@type\":\"Person\",\"@id\":\"https:\/\/franciscanos.org.br\/noticias\/#\/schema\/person\/c3a26b08313dd1772495ce300ab257cc\",\"name\":\"jovenal\",\"image\":{\"@type\":\"ImageObject\",\"inLanguage\":\"pt-BR\",\"@id\":\"https:\/\/franciscanos.org.br\/noticias\/#\/schema\/person\/image\/\",\"url\":\"https:\/\/secure.gravatar.com\/avatar\/e94509f531086e2eaf97e72f29ea00f9?s=96&d=mm&r=g\",\"contentUrl\":\"https:\/\/secure.gravatar.com\/avatar\/e94509f531086e2eaf97e72f29ea00f9?s=96&d=mm&r=g\",\"caption\":\"jovenal\"},\"url\":\"https:\/\/franciscanos.org.br\/noticias\/author\/jovenal\"}]}<\/script>\n<!-- \/ Yoast SEO plugin. -->","yoast_head_json":{"title":"\"Em nome de Jesus\", entre os lan\u00e7amentos da Editora Vozes - Not\u00edcias - Franciscanos","robots":{"index":"index","follow":"follow","max-snippet":"max-snippet:-1","max-image-preview":"max-image-preview:large","max-video-preview":"max-video-preview:-1"},"canonical":"https:\/\/franciscanos.org.br\/noticias\/em-nome-de-jesus-entre-os-lancamentos-da-editora-vozes.html","og_locale":"pt_BR","og_type":"article","og_title":"\"Em nome de Jesus\", entre os lan\u00e7amentos da Editora Vozes - Not\u00edcias - Franciscanos","og_description":"Editora Vozes","og_url":"https:\/\/franciscanos.org.br\/noticias\/em-nome-de-jesus-entre-os-lancamentos-da-editora-vozes.html","og_site_name":"Not\u00edcias - Franciscanos","article_published_time":"2024-02-02T12:27:12+00:00","og_image":[{"width":800,"height":550,"url":"https:\/\/franciscanos.org.br\/noticias\/wp-content\/uploads\/2024\/02\/Vozes-800-02022024.jpg","type":"image\/jpeg"}],"author":"jovenal","twitter_card":"summary_large_image","twitter_misc":{"Escrito por":"jovenal","Est. tempo de leitura":"6 minutos"},"schema":{"@context":"https:\/\/schema.org","@graph":[{"@type":"WebSite","@id":"https:\/\/franciscanos.org.br\/noticias\/#website","url":"https:\/\/franciscanos.org.br\/noticias\/","name":"Not\u00edcias - Franciscanos","description":"Prov\u00edncia Franciscana da Imaculada Concei\u00e7\u00e3o do Brasil - Ordem dos Frades Menores - OFM","potentialAction":[{"@type":"SearchAction","target":{"@type":"EntryPoint","urlTemplate":"https:\/\/franciscanos.org.br\/noticias\/?s={search_term_string}"},"query-input":"required name=search_term_string"}],"inLanguage":"pt-BR"},{"@type":"ImageObject","inLanguage":"pt-BR","@id":"https:\/\/franciscanos.org.br\/noticias\/em-nome-de-jesus-entre-os-lancamentos-da-editora-vozes.html#primaryimage","url":"https:\/\/franciscanos.org.br\/noticias\/wp-content\/uploads\/2024\/02\/Vozes-800-02022024.jpg","contentUrl":"https:\/\/franciscanos.org.br\/noticias\/wp-content\/uploads\/2024\/02\/Vozes-800-02022024.jpg","width":800,"height":550},{"@type":"WebPage","@id":"https:\/\/franciscanos.org.br\/noticias\/em-nome-de-jesus-entre-os-lancamentos-da-editora-vozes.html#webpage","url":"https:\/\/franciscanos.org.br\/noticias\/em-nome-de-jesus-entre-os-lancamentos-da-editora-vozes.html","name":"\"Em nome de Jesus\", entre os lan\u00e7amentos da Editora Vozes - Not\u00edcias - Franciscanos","isPartOf":{"@id":"https:\/\/franciscanos.org.br\/noticias\/#website"},"primaryImageOfPage":{"@id":"https:\/\/franciscanos.org.br\/noticias\/em-nome-de-jesus-entre-os-lancamentos-da-editora-vozes.html#primaryimage"},"datePublished":"2024-02-02T12:27:12+00:00","dateModified":"2024-02-02T12:27:12+00:00","author":{"@id":"https:\/\/franciscanos.org.br\/noticias\/#\/schema\/person\/c3a26b08313dd1772495ce300ab257cc"},"breadcrumb":{"@id":"https:\/\/franciscanos.org.br\/noticias\/em-nome-de-jesus-entre-os-lancamentos-da-editora-vozes.html#breadcrumb"},"inLanguage":"pt-BR","potentialAction":[{"@type":"ReadAction","target":["https:\/\/franciscanos.org.br\/noticias\/em-nome-de-jesus-entre-os-lancamentos-da-editora-vozes.html"]}]},{"@type":"BreadcrumbList","@id":"https:\/\/franciscanos.org.br\/noticias\/em-nome-de-jesus-entre-os-lancamentos-da-editora-vozes.html#breadcrumb","itemListElement":[{"@type":"ListItem","position":1,"name":"Home","item":"https:\/\/franciscanos.org.br\/noticias"},{"@type":"ListItem","position":2,"name":"&#8220;Em nome de Jesus&#8221;, entre os lan\u00e7amentos da Editora Vozes"}]},{"@type":"Person","@id":"https:\/\/franciscanos.org.br\/noticias\/#\/schema\/person\/c3a26b08313dd1772495ce300ab257cc","name":"jovenal","image":{"@type":"ImageObject","inLanguage":"pt-BR","@id":"https:\/\/franciscanos.org.br\/noticias\/#\/schema\/person\/image\/","url":"https:\/\/secure.gravatar.com\/avatar\/e94509f531086e2eaf97e72f29ea00f9?s=96&d=mm&r=g","contentUrl":"https:\/\/secure.gravatar.com\/avatar\/e94509f531086e2eaf97e72f29ea00f9?s=96&d=mm&r=g","caption":"jovenal"},"url":"https:\/\/franciscanos.org.br\/noticias\/author\/jovenal"}]}},"_links":{"self":[{"href":"https:\/\/franciscanos.org.br\/noticias\/wp-json\/wp\/v2\/posts\/246333"}],"collection":[{"href":"https:\/\/franciscanos.org.br\/noticias\/wp-json\/wp\/v2\/posts"}],"about":[{"href":"https:\/\/franciscanos.org.br\/noticias\/wp-json\/wp\/v2\/types\/post"}],"author":[{"embeddable":true,"href":"https:\/\/franciscanos.org.br\/noticias\/wp-json\/wp\/v2\/users\/7"}],"replies":[{"embeddable":true,"href":"https:\/\/franciscanos.org.br\/noticias\/wp-json\/wp\/v2\/comments?post=246333"}],"version-history":[{"count":4,"href":"https:\/\/franciscanos.org.br\/noticias\/wp-json\/wp\/v2\/posts\/246333\/revisions"}],"predecessor-version":[{"id":246339,"href":"https:\/\/franciscanos.org.br\/noticias\/wp-json\/wp\/v2\/posts\/246333\/revisions\/246339"}],"wp:featuredmedia":[{"embeddable":true,"href":"https:\/\/franciscanos.org.br\/noticias\/wp-json\/wp\/v2\/media\/246334"}],"wp:attachment":[{"href":"https:\/\/franciscanos.org.br\/noticias\/wp-json\/wp\/v2\/media?parent=246333"}],"wp:term":[{"taxonomy":"category","embeddable":true,"href":"https:\/\/franciscanos.org.br\/noticias\/wp-json\/wp\/v2\/categories?post=246333"},{"taxonomy":"post_tag","embeddable":true,"href":"https:\/\/franciscanos.org.br\/noticias\/wp-json\/wp\/v2\/tags?post=246333"}],"curies":[{"name":"wp","href":"https:\/\/api.w.org\/{rel}","templated":true}]}}