{"id":246317,"date":"2024-02-01T10:25:51","date_gmt":"2024-02-01T13:25:51","guid":{"rendered":"https:\/\/franciscanos.org.br\/noticias\/?p=246317"},"modified":"2024-02-01T10:35:57","modified_gmt":"2024-02-01T13:35:57","slug":"franciscanos-passam-a-dar-assistencia-do-mosteiro-da-luz-neste-dia-2","status":"publish","type":"post","link":"https:\/\/franciscanos.org.br\/noticias\/franciscanos-passam-a-dar-assistencia-do-mosteiro-da-luz-neste-dia-2.html","title":{"rendered":"Franciscanos passam a dar assist\u00eancia ao Mosteiro da Luz neste dia 2"},"content":{"rendered":"<p><img loading=\"lazy\" class=\"alignnone size-full wp-image-246318\" src=\"https:\/\/franciscanos.org.br\/noticias\/wp-content\/uploads\/2024\/02\/mosteiro_0102.jpg\" alt=\"\" width=\"1280\" height=\"720\" srcset=\"https:\/\/franciscanos.org.br\/noticias\/wp-content\/uploads\/2024\/02\/mosteiro_0102.jpg 1280w, https:\/\/franciscanos.org.br\/noticias\/wp-content\/uploads\/2024\/02\/mosteiro_0102-450x253.jpg 450w, https:\/\/franciscanos.org.br\/noticias\/wp-content\/uploads\/2024\/02\/mosteiro_0102-1024x576.jpg 1024w, https:\/\/franciscanos.org.br\/noticias\/wp-content\/uploads\/2024\/02\/mosteiro_0102-768x432.jpg 768w, https:\/\/franciscanos.org.br\/noticias\/wp-content\/uploads\/2024\/02\/mosteiro_0102-150x84.jpg 150w\" sizes=\"(max-width: 1280px) 100vw, 1280px\" \/><\/p>\n<p><strong>S\u00e3o Paulo (SP)<\/strong> &#8211; A Prov\u00edncia Franciscana da Imaculada Concei\u00e7\u00e3o do Brasil passa a dar assist\u00eancia, a partir deste dia 2 de fevereiro, Festa da Apresenta\u00e7\u00e3o do Senhor, ao Mosteiro da Luz, constru\u00eddo por Frei Galv\u00e3o como resid\u00eancia das Irm\u00e3s Concepcionistas e onde se encontra hoje\u00a0 o t\u00famulo com os restos mortais do primeiro santo brasileiro, que \u00e9 frade desta Prov\u00edncia.<\/p>\n<p>Esse momento hist\u00f3rico acontecer\u00e1 no Mosteiro durante a Celebra\u00e7\u00e3o Eucar\u00edstica, \u00e0s 9 horas, tendo presente Dom Rog\u00e9rio Augusto das Neves, Vig\u00e1rio Episcopal para a Regi\u00e3o S\u00e9; e representando a Prov\u00ednciia da Imaculada, os Definidores Provinciais, Frei Fid\u00eancio Vanboemmel e Frei Jo\u00e3o Francisco da Silva, e o capel\u00e3o nomeado para este trabalho de assist\u00eancia, Frei Est\u00eav\u00e3o Ottenbreit.<\/p>\n<h3><strong><a href=\"https:\/\/franciscanos.org.br\/noticias\/fraternidades-de-sao-paulo-assumem-a-capelania-do-mosteiro-da-luz-sob-a-coordenacao-de-frei-estevao.html#gsc.tab=0\">VEJA A ENTREVISTA COM FREI EST\u00caV\u00c3O<\/a><\/strong><\/h3>\n<p>Frei Est\u00eav\u00e3o, segundo o Conselho de Evangeliza\u00e7\u00e3o da Prov\u00edncia, vai coordenar uma equipe de frades respons\u00e1veis por implementar e animar esta presen\u00e7a. A miss\u00e3o evangelizadora, a partir do Mosteiro da Luz, tamb\u00e9m deve, no esp\u00edrito de Sinodalidade, ser articulada na composi\u00e7\u00e3o de um grupo de trabalho composto pelos frades destacados para esta miss\u00e3o, representantes da Prov\u00edncia, das Irm\u00e3s Concepcionistas, os volunt\u00e1rios e lideran\u00e7as leigas que atuam junto ao Mosteiro e da Arquidiocese de S\u00e3o Paulo, tendo em vista que o Arcebispo \u00e9 o Ordin\u00e1rio Local.<\/p>\n<p>&#8220;Mais do que a simples nomea\u00e7\u00e3o de um capel\u00e3o que cumpra as exig\u00eancias can\u00f4nicas e sacramentais, o trabalho proposto \u00e9 o da constru\u00e7\u00e3o de um projeto fraterno para o atendimento e a presen\u00e7a no Mosteiro da Luz, pensando de forma ampla e propositiva&#8221;, explica Frei Gustavo, que \u00e9 secret\u00e1rio de Evangeliza\u00e7\u00e3o da Prov\u00edncia.<\/p>\n<p>Segundo Frei Gustavo, al\u00e9m de levar adiante a rotina de celebra\u00e7\u00f5es e do atendimento de peregrinos, incrementando-a no que for poss\u00edvel, outra tarefa importante ser\u00e1 a de propor e construir um programa formativo com as Irm\u00e3s, tendo em vista que, segundo relato delas pr\u00f3prias, faz-se necess\u00e1rio refor\u00e7ar esta dimens\u00e3o na caminhada do Mosteiro.<\/p>\n<p>Frei Gustavo lembra que o Centro da megal\u00f3pole paulistana sintetiza diversas potencialidades e desafios do mundo atual, e a presen\u00e7a franciscana neste ambiente n\u00e3o pode estar dissociada de uma preocupa\u00e7\u00e3o, que se torna a\u00e7\u00e3o, diante dos apelos e dramas vividos especialmente pelos pobres e pequenos.&#8221; A proposta de uma nova consci\u00eancia e da ado\u00e7\u00e3o de um estilo de vida mais compat\u00edvel com o cuidado com a Casa Comum faz parte do modo franciscano de an\u00fancio do Evangelho&#8221;, observa.<\/p>\n<p><strong>250 ANOS DA COMUNIDADE DO RECOLHIMENTO DA LUZ<\/strong><\/p>\n<p>Em 1774, o governador de S\u00e3o Paulo, Morgado de Mateus, cedeu a Ir. Maria Helena di Esp\u00edrito Santo uma antiga ermida dedicada a Nossa Senhora da Luz, que havia dando restaurar, localizada no &#8220;campo de Guar\u00e9&#8221; (hoje, bairro da Luz). Ele conseguiu tamb\u00e9m que a C\u00e2mara de S\u00e3o Paulo fizesse uma doa\u00e7\u00e3o legal e p\u00fablica de um grande terreno em torno da igrejinha da Luz. O C\u00f5nego Ant\u00f4nio de Toledo Lara, que na \u00e9poca era o administrador episcopal, deu autoriza\u00e7\u00e3o para que Ir. Helena se transferisse para o local. No dia 2 de fevereiro de 1774, dia de Nossa Senhora da Luz, Madre Helena e sua sobrinha, Ir. Ana da Concei\u00e7\u00e3o, recolheram-se junto \u00e0 ermida da Luz.\u00a0 Seis meses depois, j\u00e1 eram nove as &#8220;recolhidas&#8221; naquele local.<\/p>\n<p>Quando Ir. Helena, apoiada por Frei Galv\u00e3o, iniciou seu projeto de fundar um novo recolhimento, seu plano era seguir a Regra de Santa Tereza, Mas como a cidade j\u00e1 tinha um Recolhimento Carmelita, o bispo Dom Manuel da Ressurrei\u00e7\u00e3o, que tamb\u00e9m era franciscano, prop\u00f4s \u00e0 Ir. Helena que seguisse a espiritualidade das Irm\u00e3s Concepcionistas, Ordem fundada em Toledo, na Espanha, em 1484, por Santa Beatriz da Silva e Menezes, com o objetivo de honrar a Concei\u00e7\u00e3o Imaculada de Maria.<\/p>\n<p>No dia 8 de setembro de 1774, festa da Natividade de Maria, nascia oficialmente a nova comunidade, dia em que Ir. Helena e suas primeiras companheiras vestiram o h\u00e1bito azul das Concepcionistas.<\/p>\n<hr style=\"padding-left: 40px;\" \/>\n<p style=\"padding-left: 40px;\"><strong>Mosteiro da Luz \u2013 SP<\/strong><\/p>\n<p style=\"padding-left: 40px;\"><strong>Endere\u00e7o: Av. Tiradentes, 676 \u2013 Luz \u2013 S\u00e3o Paulo \u2013 SP CEP.: 01102-000<\/strong><\/p>\n<p style=\"padding-left: 40px;\"><strong>Tel.: (11) 3311-8745 \/ E-mail: atendimento@mosteirodaluz.org.br<\/strong><\/p>\n<hr \/>\n<p><em>Moacir Beggo<\/em><\/p>\n","protected":false},"excerpt":{"rendered":"<p>Mosteiro da Luz<\/p>\n","protected":false},"author":3,"featured_media":246318,"comment_status":"open","ping_status":"open","sticky":false,"template":"","format":"standard","meta":[],"categories":[1],"tags":[313],"acf":[],"yoast_head":"<!-- This site is optimized with the Yoast SEO plugin v19.2 - https:\/\/yoast.com\/wordpress\/plugins\/seo\/ -->\n<title>Franciscanos passam a dar assist\u00eancia ao Mosteiro da Luz neste dia 2 - Not\u00edcias - Franciscanos<\/title>\n<meta name=\"robots\" content=\"index, follow, max-snippet:-1, max-image-preview:large, max-video-preview:-1\" \/>\n<link rel=\"canonical\" href=\"https:\/\/franciscanos.org.br\/noticias\/franciscanos-passam-a-dar-assistencia-do-mosteiro-da-luz-neste-dia-2.html\" \/>\n<meta property=\"og:locale\" content=\"pt_BR\" \/>\n<meta property=\"og:type\" content=\"article\" \/>\n<meta property=\"og:title\" content=\"Franciscanos passam a dar assist\u00eancia ao Mosteiro da Luz neste dia 2 - Not\u00edcias - Franciscanos\" \/>\n<meta property=\"og:description\" content=\"Mosteiro da Luz\" \/>\n<meta property=\"og:url\" content=\"https:\/\/franciscanos.org.br\/noticias\/franciscanos-passam-a-dar-assistencia-do-mosteiro-da-luz-neste-dia-2.html\" \/>\n<meta property=\"og:site_name\" content=\"Not\u00edcias - Franciscanos\" \/>\n<meta property=\"article:published_time\" content=\"2024-02-01T13:25:51+00:00\" \/>\n<meta property=\"article:modified_time\" content=\"2024-02-01T13:35:57+00:00\" \/>\n<meta property=\"og:image\" content=\"https:\/\/franciscanos.org.br\/noticias\/wp-content\/uploads\/2024\/02\/mosteiro_0102.jpg\" \/>\n\t<meta property=\"og:image:width\" content=\"1280\" \/>\n\t<meta property=\"og:image:height\" content=\"720\" \/>\n\t<meta property=\"og:image:type\" content=\"image\/jpeg\" \/>\n<meta name=\"author\" content=\"moacir\" \/>\n<meta name=\"twitter:card\" content=\"summary_large_image\" \/>\n<meta name=\"twitter:label1\" content=\"Escrito por\" \/>\n\t<meta name=\"twitter:data1\" content=\"moacir\" \/>\n\t<meta name=\"twitter:label2\" content=\"Est. tempo de leitura\" \/>\n\t<meta name=\"twitter:data2\" content=\"4 minutos\" \/>\n<script type=\"application\/ld+json\" class=\"yoast-schema-graph\">{\"@context\":\"https:\/\/schema.org\",\"@graph\":[{\"@type\":\"WebSite\",\"@id\":\"https:\/\/franciscanos.org.br\/noticias\/#website\",\"url\":\"https:\/\/franciscanos.org.br\/noticias\/\",\"name\":\"Not\u00edcias - Franciscanos\",\"description\":\"Prov\u00edncia Franciscana da Imaculada Concei\u00e7\u00e3o do Brasil - Ordem dos Frades Menores - OFM\",\"potentialAction\":[{\"@type\":\"SearchAction\",\"target\":{\"@type\":\"EntryPoint\",\"urlTemplate\":\"https:\/\/franciscanos.org.br\/noticias\/?s={search_term_string}\"},\"query-input\":\"required name=search_term_string\"}],\"inLanguage\":\"pt-BR\"},{\"@type\":\"ImageObject\",\"inLanguage\":\"pt-BR\",\"@id\":\"https:\/\/franciscanos.org.br\/noticias\/franciscanos-passam-a-dar-assistencia-do-mosteiro-da-luz-neste-dia-2.html#primaryimage\",\"url\":\"https:\/\/franciscanos.org.br\/noticias\/wp-content\/uploads\/2024\/02\/mosteiro_0102.jpg\",\"contentUrl\":\"https:\/\/franciscanos.org.br\/noticias\/wp-content\/uploads\/2024\/02\/mosteiro_0102.jpg\",\"width\":1280,\"height\":720},{\"@type\":\"WebPage\",\"@id\":\"https:\/\/franciscanos.org.br\/noticias\/franciscanos-passam-a-dar-assistencia-do-mosteiro-da-luz-neste-dia-2.html#webpage\",\"url\":\"https:\/\/franciscanos.org.br\/noticias\/franciscanos-passam-a-dar-assistencia-do-mosteiro-da-luz-neste-dia-2.html\",\"name\":\"Franciscanos passam a dar assist\u00eancia ao Mosteiro da Luz neste dia 2 - Not\u00edcias - Franciscanos\",\"isPartOf\":{\"@id\":\"https:\/\/franciscanos.org.br\/noticias\/#website\"},\"primaryImageOfPage\":{\"@id\":\"https:\/\/franciscanos.org.br\/noticias\/franciscanos-passam-a-dar-assistencia-do-mosteiro-da-luz-neste-dia-2.html#primaryimage\"},\"datePublished\":\"2024-02-01T13:25:51+00:00\",\"dateModified\":\"2024-02-01T13:35:57+00:00\",\"author\":{\"@id\":\"https:\/\/franciscanos.org.br\/noticias\/#\/schema\/person\/b5c8cba458c330ccff548b056e95a5d4\"},\"breadcrumb\":{\"@id\":\"https:\/\/franciscanos.org.br\/noticias\/franciscanos-passam-a-dar-assistencia-do-mosteiro-da-luz-neste-dia-2.html#breadcrumb\"},\"inLanguage\":\"pt-BR\",\"potentialAction\":[{\"@type\":\"ReadAction\",\"target\":[\"https:\/\/franciscanos.org.br\/noticias\/franciscanos-passam-a-dar-assistencia-do-mosteiro-da-luz-neste-dia-2.html\"]}]},{\"@type\":\"BreadcrumbList\",\"@id\":\"https:\/\/franciscanos.org.br\/noticias\/franciscanos-passam-a-dar-assistencia-do-mosteiro-da-luz-neste-dia-2.html#breadcrumb\",\"itemListElement\":[{\"@type\":\"ListItem\",\"position\":1,\"name\":\"Home\",\"item\":\"https:\/\/franciscanos.org.br\/noticias\"},{\"@type\":\"ListItem\",\"position\":2,\"name\":\"Franciscanos passam a dar assist\u00eancia ao Mosteiro da Luz neste dia 2\"}]},{\"@type\":\"Person\",\"@id\":\"https:\/\/franciscanos.org.br\/noticias\/#\/schema\/person\/b5c8cba458c330ccff548b056e95a5d4\",\"name\":\"moacir\",\"image\":{\"@type\":\"ImageObject\",\"inLanguage\":\"pt-BR\",\"@id\":\"https:\/\/franciscanos.org.br\/noticias\/#\/schema\/person\/image\/\",\"url\":\"https:\/\/secure.gravatar.com\/avatar\/d08aa2ce4c8dd416d4479aa8536fcf64?s=96&d=mm&r=g\",\"contentUrl\":\"https:\/\/secure.gravatar.com\/avatar\/d08aa2ce4c8dd416d4479aa8536fcf64?s=96&d=mm&r=g\",\"caption\":\"moacir\"},\"url\":\"https:\/\/franciscanos.org.br\/noticias\/author\/moacir\"}]}<\/script>\n<!-- \/ Yoast SEO plugin. -->","yoast_head_json":{"title":"Franciscanos passam a dar assist\u00eancia ao Mosteiro da Luz neste dia 2 - Not\u00edcias - Franciscanos","robots":{"index":"index","follow":"follow","max-snippet":"max-snippet:-1","max-image-preview":"max-image-preview:large","max-video-preview":"max-video-preview:-1"},"canonical":"https:\/\/franciscanos.org.br\/noticias\/franciscanos-passam-a-dar-assistencia-do-mosteiro-da-luz-neste-dia-2.html","og_locale":"pt_BR","og_type":"article","og_title":"Franciscanos passam a dar assist\u00eancia ao Mosteiro da Luz neste dia 2 - Not\u00edcias - Franciscanos","og_description":"Mosteiro da Luz","og_url":"https:\/\/franciscanos.org.br\/noticias\/franciscanos-passam-a-dar-assistencia-do-mosteiro-da-luz-neste-dia-2.html","og_site_name":"Not\u00edcias - Franciscanos","article_published_time":"2024-02-01T13:25:51+00:00","article_modified_time":"2024-02-01T13:35:57+00:00","og_image":[{"width":1280,"height":720,"url":"https:\/\/franciscanos.org.br\/noticias\/wp-content\/uploads\/2024\/02\/mosteiro_0102.jpg","type":"image\/jpeg"}],"author":"moacir","twitter_card":"summary_large_image","twitter_misc":{"Escrito por":"moacir","Est. tempo de leitura":"4 minutos"},"schema":{"@context":"https:\/\/schema.org","@graph":[{"@type":"WebSite","@id":"https:\/\/franciscanos.org.br\/noticias\/#website","url":"https:\/\/franciscanos.org.br\/noticias\/","name":"Not\u00edcias - Franciscanos","description":"Prov\u00edncia Franciscana da Imaculada Concei\u00e7\u00e3o do Brasil - Ordem dos Frades Menores - OFM","potentialAction":[{"@type":"SearchAction","target":{"@type":"EntryPoint","urlTemplate":"https:\/\/franciscanos.org.br\/noticias\/?s={search_term_string}"},"query-input":"required name=search_term_string"}],"inLanguage":"pt-BR"},{"@type":"ImageObject","inLanguage":"pt-BR","@id":"https:\/\/franciscanos.org.br\/noticias\/franciscanos-passam-a-dar-assistencia-do-mosteiro-da-luz-neste-dia-2.html#primaryimage","url":"https:\/\/franciscanos.org.br\/noticias\/wp-content\/uploads\/2024\/02\/mosteiro_0102.jpg","contentUrl":"https:\/\/franciscanos.org.br\/noticias\/wp-content\/uploads\/2024\/02\/mosteiro_0102.jpg","width":1280,"height":720},{"@type":"WebPage","@id":"https:\/\/franciscanos.org.br\/noticias\/franciscanos-passam-a-dar-assistencia-do-mosteiro-da-luz-neste-dia-2.html#webpage","url":"https:\/\/franciscanos.org.br\/noticias\/franciscanos-passam-a-dar-assistencia-do-mosteiro-da-luz-neste-dia-2.html","name":"Franciscanos passam a dar assist\u00eancia ao Mosteiro da Luz neste dia 2 - Not\u00edcias - Franciscanos","isPartOf":{"@id":"https:\/\/franciscanos.org.br\/noticias\/#website"},"primaryImageOfPage":{"@id":"https:\/\/franciscanos.org.br\/noticias\/franciscanos-passam-a-dar-assistencia-do-mosteiro-da-luz-neste-dia-2.html#primaryimage"},"datePublished":"2024-02-01T13:25:51+00:00","dateModified":"2024-02-01T13:35:57+00:00","author":{"@id":"https:\/\/franciscanos.org.br\/noticias\/#\/schema\/person\/b5c8cba458c330ccff548b056e95a5d4"},"breadcrumb":{"@id":"https:\/\/franciscanos.org.br\/noticias\/franciscanos-passam-a-dar-assistencia-do-mosteiro-da-luz-neste-dia-2.html#breadcrumb"},"inLanguage":"pt-BR","potentialAction":[{"@type":"ReadAction","target":["https:\/\/franciscanos.org.br\/noticias\/franciscanos-passam-a-dar-assistencia-do-mosteiro-da-luz-neste-dia-2.html"]}]},{"@type":"BreadcrumbList","@id":"https:\/\/franciscanos.org.br\/noticias\/franciscanos-passam-a-dar-assistencia-do-mosteiro-da-luz-neste-dia-2.html#breadcrumb","itemListElement":[{"@type":"ListItem","position":1,"name":"Home","item":"https:\/\/franciscanos.org.br\/noticias"},{"@type":"ListItem","position":2,"name":"Franciscanos passam a dar assist\u00eancia ao Mosteiro da Luz neste dia 2"}]},{"@type":"Person","@id":"https:\/\/franciscanos.org.br\/noticias\/#\/schema\/person\/b5c8cba458c330ccff548b056e95a5d4","name":"moacir","image":{"@type":"ImageObject","inLanguage":"pt-BR","@id":"https:\/\/franciscanos.org.br\/noticias\/#\/schema\/person\/image\/","url":"https:\/\/secure.gravatar.com\/avatar\/d08aa2ce4c8dd416d4479aa8536fcf64?s=96&d=mm&r=g","contentUrl":"https:\/\/secure.gravatar.com\/avatar\/d08aa2ce4c8dd416d4479aa8536fcf64?s=96&d=mm&r=g","caption":"moacir"},"url":"https:\/\/franciscanos.org.br\/noticias\/author\/moacir"}]}},"_links":{"self":[{"href":"https:\/\/franciscanos.org.br\/noticias\/wp-json\/wp\/v2\/posts\/246317"}],"collection":[{"href":"https:\/\/franciscanos.org.br\/noticias\/wp-json\/wp\/v2\/posts"}],"about":[{"href":"https:\/\/franciscanos.org.br\/noticias\/wp-json\/wp\/v2\/types\/post"}],"author":[{"embeddable":true,"href":"https:\/\/franciscanos.org.br\/noticias\/wp-json\/wp\/v2\/users\/3"}],"replies":[{"embeddable":true,"href":"https:\/\/franciscanos.org.br\/noticias\/wp-json\/wp\/v2\/comments?post=246317"}],"version-history":[{"count":7,"href":"https:\/\/franciscanos.org.br\/noticias\/wp-json\/wp\/v2\/posts\/246317\/revisions"}],"predecessor-version":[{"id":246325,"href":"https:\/\/franciscanos.org.br\/noticias\/wp-json\/wp\/v2\/posts\/246317\/revisions\/246325"}],"wp:featuredmedia":[{"embeddable":true,"href":"https:\/\/franciscanos.org.br\/noticias\/wp-json\/wp\/v2\/media\/246318"}],"wp:attachment":[{"href":"https:\/\/franciscanos.org.br\/noticias\/wp-json\/wp\/v2\/media?parent=246317"}],"wp:term":[{"taxonomy":"category","embeddable":true,"href":"https:\/\/franciscanos.org.br\/noticias\/wp-json\/wp\/v2\/categories?post=246317"},{"taxonomy":"post_tag","embeddable":true,"href":"https:\/\/franciscanos.org.br\/noticias\/wp-json\/wp\/v2\/tags?post=246317"}],"curies":[{"name":"wp","href":"https:\/\/api.w.org\/{rel}","templated":true}]}}