{"id":246299,"date":"2024-01-31T08:57:43","date_gmt":"2024-01-31T11:57:43","guid":{"rendered":"https:\/\/franciscanos.org.br\/noticias\/?p=246299"},"modified":"2024-01-31T08:58:05","modified_gmt":"2024-01-31T11:58:05","slug":"papa-rezar-pelos-doentes-terminais-e-suas-familias","status":"publish","type":"post","link":"https:\/\/franciscanos.org.br\/noticias\/papa-rezar-pelos-doentes-terminais-e-suas-familias.html","title":{"rendered":"Papa: rezar pelos doentes terminais e suas fam\u00edlias"},"content":{"rendered":"<div id=\"attachment_246300\" style=\"width: 1290px\" class=\"wp-caption alignnone\"><img aria-describedby=\"caption-attachment-246300\" loading=\"lazy\" class=\"wp-image-246300 size-full\" src=\"https:\/\/franciscanos.org.br\/noticias\/wp-content\/uploads\/2024\/01\/video_papa_02.jpg\" alt=\"\" width=\"1280\" height=\"720\" srcset=\"https:\/\/franciscanos.org.br\/noticias\/wp-content\/uploads\/2024\/01\/video_papa_02.jpg 1280w, https:\/\/franciscanos.org.br\/noticias\/wp-content\/uploads\/2024\/01\/video_papa_02-450x253.jpg 450w, https:\/\/franciscanos.org.br\/noticias\/wp-content\/uploads\/2024\/01\/video_papa_02-1024x576.jpg 1024w, https:\/\/franciscanos.org.br\/noticias\/wp-content\/uploads\/2024\/01\/video_papa_02-768x432.jpg 768w, https:\/\/franciscanos.org.br\/noticias\/wp-content\/uploads\/2024\/01\/video_papa_02-150x84.jpg 150w\" sizes=\"(max-width: 1280px) 100vw, 1280px\" \/><p id=\"caption-attachment-246300\" class=\"wp-caption-text\"><em>Imagem: captura de tela do V\u00eddeo da Rede Mundial de Ora\u00e7\u00e3o do Papa <\/em><\/p><\/div>\n<p>O Papa Francisco convida a rezar pelos doentes terminais e seus familiares na inten\u00e7\u00e3o de ora\u00e7\u00e3o para o m\u00eas de fevereiro, divulgada nesta ter\u00e7a-feira (30\/01).<\/p>\n<p>O Santo Padre compartilha sua inten\u00e7\u00e3o de ora\u00e7\u00e3o neste m\u00eas em que a Igreja celebra o Dia Mundial do Enfermo, convocado desde 1992 por S\u00e3o Jo\u00e3o Paulo II, no dia 11 de fevereiro, mem\u00f3ria lit\u00fargica de Nossa Senhora de Lourdes.<\/p>\n<p>Francisco lembra que &#8220;h\u00e1 duas palavras que, quando alguns falam de doen\u00e7as terminais, as confundem: incur\u00e1vel e in-cuid\u00e1vel. E n\u00e3o s\u00e3o a mesma coisa&#8221;. &#8220;S\u00e3o Jo\u00e3o Paulo II dizia que &#8216;curar se \u00e9 poss\u00edvel, cuidar sempre&#8217;, diz ainda o Papa.<\/p>\n<p>A mensagem de v\u00eddeo de fevereiro, mostra um casal, sentando na areia que contempla o mar. Uma menina que abra\u00e7a o seu av\u00f4 no leito do hospital. Um homem que est\u00e1 junto ao leito de seu pai, com uma B\u00edblia no colo e um Ros\u00e1rio nas m\u00e3os. Uma enfermeira que leva ao jardim um paciente que j\u00e1 n\u00e3o pode caminhar. Um m\u00e9dico que explica a uma fam\u00edlia o dif\u00edcil caminho que v\u00e3o ter que percorrer com seu parente a partir de agora.<\/p>\n<p><iframe loading=\"lazy\" title=\"YouTube video player\" src=\"https:\/\/www.youtube.com\/embed\/KvBbhYq_N_Y?si=Ns4X42VyXZNkAQSi\" width=\"100%\" height=\"500\" frameborder=\"0\" allowfullscreen=\"allowfullscreen\"><span data-mce-type=\"bookmark\" style=\"display: inline-block; width: 0px; overflow: hidden; line-height: 0;\" class=\"mce_SELRES_start\">\ufeff<\/span><\/iframe><\/p>\n<p><strong>Cuidar sempre<\/strong><br \/>\nConforme as olhamos, as imagens do v\u00eddeo do Papa de fevereiro nos falam de uma s\u00e9rie de fracassos ou \u00eaxitos: fracassos, se o \u00fanico resultado aceit\u00e1vel \u00e9 a cura; \u00eaxitos, se o objetivo \u00e9 o cuidado.<\/p>\n<p>Mesmo quando existam muito poucas possibilidades de cura, todos os enfermos t\u00eam direito ao acompanhamento m\u00e9dico, ao acompanhamento psicol\u00f3gico, ao acompanhamento espiritual, ao acompanhamento humano.<\/p>\n<p>O Papa acrescenta: Nem sempre se alcan\u00e7a a cura. Por\u00e9m sempre podemos cuidar do doente, acariciar o enfermo.<\/p>\n<p><strong>Olhar o doente com amor<\/strong><br \/>\nEm nossa cultura do descarte n\u00e3o h\u00e1 lugar para os doentes terminais. E n\u00e3o \u00e9 por acaso que, nas \u00faltimas d\u00e9cadas, a tenta\u00e7\u00e3o da eutan\u00e1sia tenha ganhado terreno em muitos pa\u00edses. Contrariamente a isso, o Papa Francisco nos convida a olhar o doente com amor &#8211; a compreender, por exemplo, que o contato f\u00edsico pode ajudar muito, inclusive a quem j\u00e1 n\u00e3o \u00e9 capaz de falar e parece j\u00e1 n\u00e3o reconhecer seus pr\u00f3prios familiares &#8211; e a acompanh\u00e1-lo do melhor modo poss\u00edvel, durante todo o tempo que necessite.<\/p>\n<p>E \u00e9 aqui onde entram os cuidados paliativos, que garantem ao paciente n\u00e3o somente a aten\u00e7\u00e3o m\u00e9dica, mas tamb\u00e9m um acompanhamento humano e pr\u00f3ximo.<\/p>\n<p><strong>N\u00e3o deixar as fam\u00edlias sozinhas<\/strong><br \/>\nAo falar sobre o papel das fam\u00edlias, o Papa lembra que elas \u201cn\u00e3o podem ficar sozinhas nesses momentos dif\u00edceis\u201d, pois \u201cseu papel \u00e9 decisivo e devem ter os meios adequados para desempenhar o apoio f\u00edsico, o apoio espiritual, o apoio social\u201d.<\/p>\n<p>Rezemos para que os doentes terminais e suas fam\u00edlias recebam sempre os cuidados e o acompanhamento necess\u00e1rios, tanto do ponto de vista m\u00e9dico quanto humano.<\/p>\n<hr \/>\n<p><em>Fonte: Vatican News<\/em><\/p>\n","protected":false},"excerpt":{"rendered":"<p>V\u00eddeo do Papa<\/p>\n","protected":false},"author":3,"featured_media":246300,"comment_status":"open","ping_status":"open","sticky":false,"template":"","format":"standard","meta":[],"categories":[1428],"tags":[542],"acf":[],"yoast_head":"<!-- This site is optimized with the Yoast SEO plugin v19.2 - https:\/\/yoast.com\/wordpress\/plugins\/seo\/ -->\n<title>Papa: rezar pelos doentes terminais e suas fam\u00edlias - Not\u00edcias - Franciscanos<\/title>\n<meta name=\"robots\" content=\"index, follow, max-snippet:-1, max-image-preview:large, max-video-preview:-1\" \/>\n<link rel=\"canonical\" href=\"https:\/\/franciscanos.org.br\/noticias\/papa-rezar-pelos-doentes-terminais-e-suas-familias.html\" \/>\n<meta property=\"og:locale\" content=\"pt_BR\" \/>\n<meta property=\"og:type\" content=\"article\" \/>\n<meta property=\"og:title\" content=\"Papa: rezar pelos doentes terminais e suas fam\u00edlias - Not\u00edcias - Franciscanos\" \/>\n<meta property=\"og:description\" content=\"V\u00eddeo do Papa\" \/>\n<meta property=\"og:url\" content=\"https:\/\/franciscanos.org.br\/noticias\/papa-rezar-pelos-doentes-terminais-e-suas-familias.html\" \/>\n<meta property=\"og:site_name\" content=\"Not\u00edcias - Franciscanos\" \/>\n<meta property=\"article:published_time\" content=\"2024-01-31T11:57:43+00:00\" \/>\n<meta property=\"article:modified_time\" content=\"2024-01-31T11:58:05+00:00\" \/>\n<meta property=\"og:image\" content=\"https:\/\/franciscanos.org.br\/noticias\/wp-content\/uploads\/2024\/01\/video_papa_02.jpg\" \/>\n\t<meta property=\"og:image:width\" content=\"1280\" \/>\n\t<meta property=\"og:image:height\" content=\"720\" \/>\n\t<meta property=\"og:image:type\" content=\"image\/jpeg\" \/>\n<meta name=\"author\" content=\"moacir\" \/>\n<meta name=\"twitter:card\" content=\"summary_large_image\" \/>\n<meta name=\"twitter:label1\" content=\"Escrito por\" \/>\n\t<meta name=\"twitter:data1\" content=\"moacir\" \/>\n\t<meta name=\"twitter:label2\" content=\"Est. tempo de leitura\" \/>\n\t<meta name=\"twitter:data2\" content=\"3 minutos\" \/>\n<script type=\"application\/ld+json\" class=\"yoast-schema-graph\">{\"@context\":\"https:\/\/schema.org\",\"@graph\":[{\"@type\":\"WebSite\",\"@id\":\"https:\/\/franciscanos.org.br\/noticias\/#website\",\"url\":\"https:\/\/franciscanos.org.br\/noticias\/\",\"name\":\"Not\u00edcias - Franciscanos\",\"description\":\"Prov\u00edncia Franciscana da Imaculada Concei\u00e7\u00e3o do Brasil - Ordem dos Frades Menores - OFM\",\"potentialAction\":[{\"@type\":\"SearchAction\",\"target\":{\"@type\":\"EntryPoint\",\"urlTemplate\":\"https:\/\/franciscanos.org.br\/noticias\/?s={search_term_string}\"},\"query-input\":\"required name=search_term_string\"}],\"inLanguage\":\"pt-BR\"},{\"@type\":\"ImageObject\",\"inLanguage\":\"pt-BR\",\"@id\":\"https:\/\/franciscanos.org.br\/noticias\/papa-rezar-pelos-doentes-terminais-e-suas-familias.html#primaryimage\",\"url\":\"https:\/\/franciscanos.org.br\/noticias\/wp-content\/uploads\/2024\/01\/video_papa_02.jpg\",\"contentUrl\":\"https:\/\/franciscanos.org.br\/noticias\/wp-content\/uploads\/2024\/01\/video_papa_02.jpg\",\"width\":1280,\"height\":720},{\"@type\":\"WebPage\",\"@id\":\"https:\/\/franciscanos.org.br\/noticias\/papa-rezar-pelos-doentes-terminais-e-suas-familias.html#webpage\",\"url\":\"https:\/\/franciscanos.org.br\/noticias\/papa-rezar-pelos-doentes-terminais-e-suas-familias.html\",\"name\":\"Papa: rezar pelos doentes terminais e suas fam\u00edlias - Not\u00edcias - Franciscanos\",\"isPartOf\":{\"@id\":\"https:\/\/franciscanos.org.br\/noticias\/#website\"},\"primaryImageOfPage\":{\"@id\":\"https:\/\/franciscanos.org.br\/noticias\/papa-rezar-pelos-doentes-terminais-e-suas-familias.html#primaryimage\"},\"datePublished\":\"2024-01-31T11:57:43+00:00\",\"dateModified\":\"2024-01-31T11:58:05+00:00\",\"author\":{\"@id\":\"https:\/\/franciscanos.org.br\/noticias\/#\/schema\/person\/b5c8cba458c330ccff548b056e95a5d4\"},\"breadcrumb\":{\"@id\":\"https:\/\/franciscanos.org.br\/noticias\/papa-rezar-pelos-doentes-terminais-e-suas-familias.html#breadcrumb\"},\"inLanguage\":\"pt-BR\",\"potentialAction\":[{\"@type\":\"ReadAction\",\"target\":[\"https:\/\/franciscanos.org.br\/noticias\/papa-rezar-pelos-doentes-terminais-e-suas-familias.html\"]}]},{\"@type\":\"BreadcrumbList\",\"@id\":\"https:\/\/franciscanos.org.br\/noticias\/papa-rezar-pelos-doentes-terminais-e-suas-familias.html#breadcrumb\",\"itemListElement\":[{\"@type\":\"ListItem\",\"position\":1,\"name\":\"Home\",\"item\":\"https:\/\/franciscanos.org.br\/noticias\"},{\"@type\":\"ListItem\",\"position\":2,\"name\":\"Papa: rezar pelos doentes terminais e suas fam\u00edlias\"}]},{\"@type\":\"Person\",\"@id\":\"https:\/\/franciscanos.org.br\/noticias\/#\/schema\/person\/b5c8cba458c330ccff548b056e95a5d4\",\"name\":\"moacir\",\"image\":{\"@type\":\"ImageObject\",\"inLanguage\":\"pt-BR\",\"@id\":\"https:\/\/franciscanos.org.br\/noticias\/#\/schema\/person\/image\/\",\"url\":\"https:\/\/secure.gravatar.com\/avatar\/d08aa2ce4c8dd416d4479aa8536fcf64?s=96&d=mm&r=g\",\"contentUrl\":\"https:\/\/secure.gravatar.com\/avatar\/d08aa2ce4c8dd416d4479aa8536fcf64?s=96&d=mm&r=g\",\"caption\":\"moacir\"},\"url\":\"https:\/\/franciscanos.org.br\/noticias\/author\/moacir\"}]}<\/script>\n<!-- \/ Yoast SEO plugin. -->","yoast_head_json":{"title":"Papa: rezar pelos doentes terminais e suas fam\u00edlias - Not\u00edcias - Franciscanos","robots":{"index":"index","follow":"follow","max-snippet":"max-snippet:-1","max-image-preview":"max-image-preview:large","max-video-preview":"max-video-preview:-1"},"canonical":"https:\/\/franciscanos.org.br\/noticias\/papa-rezar-pelos-doentes-terminais-e-suas-familias.html","og_locale":"pt_BR","og_type":"article","og_title":"Papa: rezar pelos doentes terminais e suas fam\u00edlias - Not\u00edcias - Franciscanos","og_description":"V\u00eddeo do Papa","og_url":"https:\/\/franciscanos.org.br\/noticias\/papa-rezar-pelos-doentes-terminais-e-suas-familias.html","og_site_name":"Not\u00edcias - Franciscanos","article_published_time":"2024-01-31T11:57:43+00:00","article_modified_time":"2024-01-31T11:58:05+00:00","og_image":[{"width":1280,"height":720,"url":"https:\/\/franciscanos.org.br\/noticias\/wp-content\/uploads\/2024\/01\/video_papa_02.jpg","type":"image\/jpeg"}],"author":"moacir","twitter_card":"summary_large_image","twitter_misc":{"Escrito por":"moacir","Est. tempo de leitura":"3 minutos"},"schema":{"@context":"https:\/\/schema.org","@graph":[{"@type":"WebSite","@id":"https:\/\/franciscanos.org.br\/noticias\/#website","url":"https:\/\/franciscanos.org.br\/noticias\/","name":"Not\u00edcias - Franciscanos","description":"Prov\u00edncia Franciscana da Imaculada Concei\u00e7\u00e3o do Brasil - Ordem dos Frades Menores - OFM","potentialAction":[{"@type":"SearchAction","target":{"@type":"EntryPoint","urlTemplate":"https:\/\/franciscanos.org.br\/noticias\/?s={search_term_string}"},"query-input":"required name=search_term_string"}],"inLanguage":"pt-BR"},{"@type":"ImageObject","inLanguage":"pt-BR","@id":"https:\/\/franciscanos.org.br\/noticias\/papa-rezar-pelos-doentes-terminais-e-suas-familias.html#primaryimage","url":"https:\/\/franciscanos.org.br\/noticias\/wp-content\/uploads\/2024\/01\/video_papa_02.jpg","contentUrl":"https:\/\/franciscanos.org.br\/noticias\/wp-content\/uploads\/2024\/01\/video_papa_02.jpg","width":1280,"height":720},{"@type":"WebPage","@id":"https:\/\/franciscanos.org.br\/noticias\/papa-rezar-pelos-doentes-terminais-e-suas-familias.html#webpage","url":"https:\/\/franciscanos.org.br\/noticias\/papa-rezar-pelos-doentes-terminais-e-suas-familias.html","name":"Papa: rezar pelos doentes terminais e suas fam\u00edlias - Not\u00edcias - Franciscanos","isPartOf":{"@id":"https:\/\/franciscanos.org.br\/noticias\/#website"},"primaryImageOfPage":{"@id":"https:\/\/franciscanos.org.br\/noticias\/papa-rezar-pelos-doentes-terminais-e-suas-familias.html#primaryimage"},"datePublished":"2024-01-31T11:57:43+00:00","dateModified":"2024-01-31T11:58:05+00:00","author":{"@id":"https:\/\/franciscanos.org.br\/noticias\/#\/schema\/person\/b5c8cba458c330ccff548b056e95a5d4"},"breadcrumb":{"@id":"https:\/\/franciscanos.org.br\/noticias\/papa-rezar-pelos-doentes-terminais-e-suas-familias.html#breadcrumb"},"inLanguage":"pt-BR","potentialAction":[{"@type":"ReadAction","target":["https:\/\/franciscanos.org.br\/noticias\/papa-rezar-pelos-doentes-terminais-e-suas-familias.html"]}]},{"@type":"BreadcrumbList","@id":"https:\/\/franciscanos.org.br\/noticias\/papa-rezar-pelos-doentes-terminais-e-suas-familias.html#breadcrumb","itemListElement":[{"@type":"ListItem","position":1,"name":"Home","item":"https:\/\/franciscanos.org.br\/noticias"},{"@type":"ListItem","position":2,"name":"Papa: rezar pelos doentes terminais e suas fam\u00edlias"}]},{"@type":"Person","@id":"https:\/\/franciscanos.org.br\/noticias\/#\/schema\/person\/b5c8cba458c330ccff548b056e95a5d4","name":"moacir","image":{"@type":"ImageObject","inLanguage":"pt-BR","@id":"https:\/\/franciscanos.org.br\/noticias\/#\/schema\/person\/image\/","url":"https:\/\/secure.gravatar.com\/avatar\/d08aa2ce4c8dd416d4479aa8536fcf64?s=96&d=mm&r=g","contentUrl":"https:\/\/secure.gravatar.com\/avatar\/d08aa2ce4c8dd416d4479aa8536fcf64?s=96&d=mm&r=g","caption":"moacir"},"url":"https:\/\/franciscanos.org.br\/noticias\/author\/moacir"}]}},"_links":{"self":[{"href":"https:\/\/franciscanos.org.br\/noticias\/wp-json\/wp\/v2\/posts\/246299"}],"collection":[{"href":"https:\/\/franciscanos.org.br\/noticias\/wp-json\/wp\/v2\/posts"}],"about":[{"href":"https:\/\/franciscanos.org.br\/noticias\/wp-json\/wp\/v2\/types\/post"}],"author":[{"embeddable":true,"href":"https:\/\/franciscanos.org.br\/noticias\/wp-json\/wp\/v2\/users\/3"}],"replies":[{"embeddable":true,"href":"https:\/\/franciscanos.org.br\/noticias\/wp-json\/wp\/v2\/comments?post=246299"}],"version-history":[{"count":1,"href":"https:\/\/franciscanos.org.br\/noticias\/wp-json\/wp\/v2\/posts\/246299\/revisions"}],"predecessor-version":[{"id":246301,"href":"https:\/\/franciscanos.org.br\/noticias\/wp-json\/wp\/v2\/posts\/246299\/revisions\/246301"}],"wp:featuredmedia":[{"embeddable":true,"href":"https:\/\/franciscanos.org.br\/noticias\/wp-json\/wp\/v2\/media\/246300"}],"wp:attachment":[{"href":"https:\/\/franciscanos.org.br\/noticias\/wp-json\/wp\/v2\/media?parent=246299"}],"wp:term":[{"taxonomy":"category","embeddable":true,"href":"https:\/\/franciscanos.org.br\/noticias\/wp-json\/wp\/v2\/categories?post=246299"},{"taxonomy":"post_tag","embeddable":true,"href":"https:\/\/franciscanos.org.br\/noticias\/wp-json\/wp\/v2\/tags?post=246299"}],"curies":[{"name":"wp","href":"https:\/\/api.w.org\/{rel}","templated":true}]}}