{"id":246294,"date":"2024-01-31T08:05:02","date_gmt":"2024-01-31T11:05:02","guid":{"rendered":"https:\/\/franciscanos.org.br\/noticias\/?p=246294"},"modified":"2024-01-31T08:05:02","modified_gmt":"2024-01-31T11:05:02","slug":"encontro-do-ministro-geral-e-do-seu-definitorio-com-a-conferencia-africana","status":"publish","type":"post","link":"https:\/\/franciscanos.org.br\/noticias\/encontro-do-ministro-geral-e-do-seu-definitorio-com-a-conferencia-africana.html","title":{"rendered":"Encontro do Ministro Geral e do seu Definit\u00f3rio com a Confer\u00eancia Africana"},"content":{"rendered":"<p><img loading=\"lazy\" class=\"alignnone size-full wp-image-246295\" src=\"https:\/\/franciscanos.org.br\/noticias\/wp-content\/uploads\/2024\/01\/ordem_01.jpg\" alt=\"\" width=\"1280\" height=\"720\" srcset=\"https:\/\/franciscanos.org.br\/noticias\/wp-content\/uploads\/2024\/01\/ordem_01.jpg 1280w, https:\/\/franciscanos.org.br\/noticias\/wp-content\/uploads\/2024\/01\/ordem_01-450x253.jpg 450w, https:\/\/franciscanos.org.br\/noticias\/wp-content\/uploads\/2024\/01\/ordem_01-1024x576.jpg 1024w, https:\/\/franciscanos.org.br\/noticias\/wp-content\/uploads\/2024\/01\/ordem_01-768x432.jpg 768w, https:\/\/franciscanos.org.br\/noticias\/wp-content\/uploads\/2024\/01\/ordem_01-150x84.jpg 150w\" sizes=\"(max-width: 1280px) 100vw, 1280px\" \/><\/p>\n<p>De 23 a 29 de janeiro de 2024, o Ministro Geral e seu Definit\u00f3rio se reuniram em Nair\u00f3bi (Qu\u00eania) com os Ministros Provinciais, Cust\u00f3dios e Presidentes das Entidades da Confer\u00eancia Africana, na Prov\u00edncia de S\u00e3o Francisco na \u00c1frica, Madagascar e Maur\u00edcio .<\/p>\n<p>Durante o primeiro dia e depois das palavras de boas-vindas de Frei Fredrick Odhiambo, Ministro Provincial da Prov\u00edncia de S\u00e3o Francisco, Frei Virgile Agbessi, Presidente da Confer\u00eancia \u2013 que n\u00e3o estava fisicamente presente devido aos procedimentos de imigra\u00e7\u00e3o, mas conectado on-line \u2013 durante seu relat\u00f3rio, explicou a situa\u00e7\u00e3o atual da Confer\u00eancia: os n\u00fameros est\u00e3o aumentando, n\u00e3o obstante, enfatizou o desafio colocado pela forma\u00e7\u00e3o dos candidatos e dos seus formadores. Mencionou tamb\u00e9m a boa coopera\u00e7\u00e3o entre entidades do continente, convidando-as a refletir sobre a nova presen\u00e7a na Nig\u00e9ria.<\/p>\n<p>Durante a tarde, Frei Massimo Fusarelli, Ministro geral, tamb\u00e9m destacou a import\u00e2ncia da forma\u00e7\u00e3o, tanto inicial como permanente, e da elei\u00e7\u00e3o dos formadores, para que possam acompanhar da melhor maneira poss\u00edvel os jovens irm\u00e3os. O Ministro reiterou a necessidade de investir na forma\u00e7\u00e3o dos Guardi\u00e3es e na incultura\u00e7\u00e3o do Evangelho e do carisma franciscano.<\/p>\n<p><img loading=\"lazy\" class=\"alignnone size-full wp-image-246296\" src=\"https:\/\/franciscanos.org.br\/noticias\/wp-content\/uploads\/2024\/01\/ordem_02.jpg\" alt=\"\" width=\"1280\" height=\"720\" srcset=\"https:\/\/franciscanos.org.br\/noticias\/wp-content\/uploads\/2024\/01\/ordem_02.jpg 1280w, https:\/\/franciscanos.org.br\/noticias\/wp-content\/uploads\/2024\/01\/ordem_02-450x253.jpg 450w, https:\/\/franciscanos.org.br\/noticias\/wp-content\/uploads\/2024\/01\/ordem_02-1024x576.jpg 1024w, https:\/\/franciscanos.org.br\/noticias\/wp-content\/uploads\/2024\/01\/ordem_02-768x432.jpg 768w, https:\/\/franciscanos.org.br\/noticias\/wp-content\/uploads\/2024\/01\/ordem_02-150x84.jpg 150w\" sizes=\"(max-width: 1280px) 100vw, 1280px\" \/><\/p>\n<p>Em rela\u00e7\u00e3o \u00e0s situa\u00e7\u00f5es de guerra, instabilidade constante e explora\u00e7\u00e3o dos recursos naturais do continente pelas multinacionais com a cumplicidade de muitos governos africanos, convidou e incentivou os irm\u00e3os a trabalharem pela justi\u00e7a, pela conviv\u00eancia fraterna entre os povos e pela defesa da natureza. Finalmente, Frei Massimo convidou as Entidades a uma maior colabora\u00e7\u00e3o entre si, desafiando-as a abrir uma nova presen\u00e7a na Nig\u00e9ria. Seguiu-se um debate e depois a celebra\u00e7\u00e3o da Sagrada Eucaristia presidida pelo Frei Siphelele Gwanisheni (Vice-Presidente da Confer\u00eancia).<\/p>\n<p>Nos dias seguintes v\u00e1rios oradores se alternaram. Frei Marcel Tshikez, Secret\u00e1rio para Miss\u00f5es e Evangeliza\u00e7\u00e3o da Confer\u00eancia, fez uma apresenta\u00e7\u00e3o on-line sobre as alegrias, desafios e esperan\u00e7as das entidades africanas.<\/p>\n<p>Entre as alegrias est\u00e1, sem d\u00favida, a colabora\u00e7\u00e3o entre as diferentes Entidades, tamb\u00e9m em forma de miss\u00f5es: h\u00e1 cada vez mais consci\u00eancia entre os irm\u00e3os do continente de que devem ser mission\u00e1rios em pa\u00edses africanos que n\u00e3o sejam os seus, como muitos j\u00e1 o s\u00e3o. .<\/p>\n<p>Quanto aos desafios, Frei Marcel destacou o desafio da incultura\u00e7\u00e3o, da comunica\u00e7\u00e3o (muito pobre entre as Entidades), da ecologia, da voca\u00e7\u00e3o dos irm\u00e3os leigos, do di\u00e1logo inter-religioso e ecum\u00eanico, da necessidade de ter acordos bem definidos com as dioceses.<\/p>\n<p><img loading=\"lazy\" class=\"alignnone size-full wp-image-246297\" src=\"https:\/\/franciscanos.org.br\/noticias\/wp-content\/uploads\/2024\/01\/ordem_03.jpg\" alt=\"\" width=\"1280\" height=\"720\" srcset=\"https:\/\/franciscanos.org.br\/noticias\/wp-content\/uploads\/2024\/01\/ordem_03.jpg 1280w, https:\/\/franciscanos.org.br\/noticias\/wp-content\/uploads\/2024\/01\/ordem_03-450x253.jpg 450w, https:\/\/franciscanos.org.br\/noticias\/wp-content\/uploads\/2024\/01\/ordem_03-1024x576.jpg 1024w, https:\/\/franciscanos.org.br\/noticias\/wp-content\/uploads\/2024\/01\/ordem_03-768x432.jpg 768w, https:\/\/franciscanos.org.br\/noticias\/wp-content\/uploads\/2024\/01\/ordem_03-150x84.jpg 150w\" sizes=\"(max-width: 1280px) 100vw, 1280px\" \/><\/p>\n<p>Referindo-se \u00e0s esperan\u00e7as, Frei Marcel falou sobre a import\u00e2ncia de abrir uma Fraternidade na Nig\u00e9ria e abra\u00e7ar o caminho de Novas Formas de Evangeliza\u00e7\u00e3o, tendo em conta o contexto africano.<\/p>\n<p>Frei Victor Lu\u00eds Quematcha, Definidor Geral da Confer\u00eancia, analisou a quest\u00e3o da reestrutura\u00e7\u00e3o, ou seja, da cria\u00e7\u00e3o de duas novas Confer\u00eancias ou de duas subconfer\u00eancias lingu\u00edsticas (angl\u00f3fona e franc\u00f3fona).<\/p>\n<p>Frei Lage Afonso, Cust\u00f3dio de Mo\u00e7ambique e Secret\u00e1rio da Confer\u00eancia, abordou o tema da Forma\u00e7\u00e3o Inicial: a colabora\u00e7\u00e3o entre Entidades \u00e9 uma experi\u00eancia que precisa ser mantida e desenvolvida, mas \u00e9 reconhecida a necessidade de professores e formadores qualificados para acompanhar aos frades jovens. Tamb\u00e9m s\u00e3o necess\u00e1rias novas infraestruturas para poder receber irm\u00e3os em forma\u00e7\u00e3o e, como a Confer\u00eancia, reconhece as suas pr\u00f3prias limita\u00e7\u00f5es em termos de pessoal docente, a presen\u00e7a de mission\u00e1rios de outras realidades \u00e9 uma b\u00ean\u00e7\u00e3o cada vez mais indispens\u00e1vel.<\/p>\n<p>Domingo, dia 28, o Ministro geral e o Definidor para a \u00c1frica encontraram-se com os estudantes de Teologia da Prov\u00edncia. Os 20 irm\u00e3os agradeceram de cora\u00e7\u00e3o o apoio fraterno do Ministro Geral e de todos os benfeitores da Ordem.<\/p>\n<p>Frei Victor explicou a ideia da Confer\u00eancia Africana de Forma\u00e7\u00e3o, que consiste em enviar estudantes de diversas Entidades da \u00c1frica para os tr\u00eas diferentes centros de estudo do continente (Lusaka no Zimb\u00e1bue, Kolwezi na Rep\u00fablica Democr\u00e1tica do Congo, Centro Mission\u00e1rio Cat\u00f3lico Instituto de Abidjan, na Costa do Marfim), para promover a forma\u00e7\u00e3o internacional e mission\u00e1ria.<\/p>\n<p>Ap\u00f3s a apresenta\u00e7\u00e3o feita por Frei Antonio Iacona, Secret\u00e1rio Geral, sobre a utiliza\u00e7\u00e3o do banco de dados da Ordem, o encontro foi conclu\u00eddo com uma revis\u00e3o dos temas abordados nestes dias de interc\u00e2mbio, reflex\u00e3o, ora\u00e7\u00e3o e fraternidade.<\/p>\n<hr \/>\n<p><em>Fonte: www.ofm.org<\/em><\/p>\n<p>&nbsp;<\/p>\n","protected":false},"excerpt":{"rendered":"<p>Confer\u00eancia Africana da Ordem dos Frades Menores<\/p>\n","protected":false},"author":3,"featured_media":246295,"comment_status":"open","ping_status":"open","sticky":false,"template":"","format":"standard","meta":[],"categories":[1],"tags":[2167],"acf":[],"yoast_head":"<!-- This site is optimized with the Yoast SEO plugin v19.2 - https:\/\/yoast.com\/wordpress\/plugins\/seo\/ -->\n<title>Encontro do Ministro Geral e do seu Definit\u00f3rio com a Confer\u00eancia Africana - Not\u00edcias - Franciscanos<\/title>\n<meta name=\"robots\" content=\"index, follow, max-snippet:-1, max-image-preview:large, max-video-preview:-1\" \/>\n<link rel=\"canonical\" href=\"https:\/\/franciscanos.org.br\/noticias\/encontro-do-ministro-geral-e-do-seu-definitorio-com-a-conferencia-africana.html\" \/>\n<meta property=\"og:locale\" content=\"pt_BR\" \/>\n<meta property=\"og:type\" content=\"article\" \/>\n<meta property=\"og:title\" content=\"Encontro do Ministro Geral e do seu Definit\u00f3rio com a Confer\u00eancia Africana - Not\u00edcias - Franciscanos\" \/>\n<meta property=\"og:description\" content=\"Confer\u00eancia Africana da Ordem dos Frades Menores\" \/>\n<meta property=\"og:url\" content=\"https:\/\/franciscanos.org.br\/noticias\/encontro-do-ministro-geral-e-do-seu-definitorio-com-a-conferencia-africana.html\" \/>\n<meta property=\"og:site_name\" content=\"Not\u00edcias - Franciscanos\" \/>\n<meta property=\"article:published_time\" content=\"2024-01-31T11:05:02+00:00\" \/>\n<meta property=\"og:image\" content=\"https:\/\/franciscanos.org.br\/noticias\/wp-content\/uploads\/2024\/01\/ordem_01.jpg\" \/>\n\t<meta property=\"og:image:width\" content=\"1280\" \/>\n\t<meta property=\"og:image:height\" content=\"720\" \/>\n\t<meta property=\"og:image:type\" content=\"image\/jpeg\" \/>\n<meta name=\"author\" content=\"moacir\" \/>\n<meta name=\"twitter:card\" content=\"summary_large_image\" \/>\n<meta name=\"twitter:label1\" content=\"Escrito por\" \/>\n\t<meta name=\"twitter:data1\" content=\"moacir\" \/>\n\t<meta name=\"twitter:label2\" content=\"Est. tempo de leitura\" \/>\n\t<meta name=\"twitter:data2\" content=\"4 minutos\" \/>\n<script type=\"application\/ld+json\" class=\"yoast-schema-graph\">{\"@context\":\"https:\/\/schema.org\",\"@graph\":[{\"@type\":\"WebSite\",\"@id\":\"https:\/\/franciscanos.org.br\/noticias\/#website\",\"url\":\"https:\/\/franciscanos.org.br\/noticias\/\",\"name\":\"Not\u00edcias - Franciscanos\",\"description\":\"Prov\u00edncia Franciscana da Imaculada Concei\u00e7\u00e3o do Brasil - Ordem dos Frades Menores - OFM\",\"potentialAction\":[{\"@type\":\"SearchAction\",\"target\":{\"@type\":\"EntryPoint\",\"urlTemplate\":\"https:\/\/franciscanos.org.br\/noticias\/?s={search_term_string}\"},\"query-input\":\"required name=search_term_string\"}],\"inLanguage\":\"pt-BR\"},{\"@type\":\"ImageObject\",\"inLanguage\":\"pt-BR\",\"@id\":\"https:\/\/franciscanos.org.br\/noticias\/encontro-do-ministro-geral-e-do-seu-definitorio-com-a-conferencia-africana.html#primaryimage\",\"url\":\"https:\/\/franciscanos.org.br\/noticias\/wp-content\/uploads\/2024\/01\/ordem_01.jpg\",\"contentUrl\":\"https:\/\/franciscanos.org.br\/noticias\/wp-content\/uploads\/2024\/01\/ordem_01.jpg\",\"width\":1280,\"height\":720},{\"@type\":\"WebPage\",\"@id\":\"https:\/\/franciscanos.org.br\/noticias\/encontro-do-ministro-geral-e-do-seu-definitorio-com-a-conferencia-africana.html#webpage\",\"url\":\"https:\/\/franciscanos.org.br\/noticias\/encontro-do-ministro-geral-e-do-seu-definitorio-com-a-conferencia-africana.html\",\"name\":\"Encontro do Ministro Geral e do seu Definit\u00f3rio com a Confer\u00eancia Africana - Not\u00edcias - Franciscanos\",\"isPartOf\":{\"@id\":\"https:\/\/franciscanos.org.br\/noticias\/#website\"},\"primaryImageOfPage\":{\"@id\":\"https:\/\/franciscanos.org.br\/noticias\/encontro-do-ministro-geral-e-do-seu-definitorio-com-a-conferencia-africana.html#primaryimage\"},\"datePublished\":\"2024-01-31T11:05:02+00:00\",\"dateModified\":\"2024-01-31T11:05:02+00:00\",\"author\":{\"@id\":\"https:\/\/franciscanos.org.br\/noticias\/#\/schema\/person\/b5c8cba458c330ccff548b056e95a5d4\"},\"breadcrumb\":{\"@id\":\"https:\/\/franciscanos.org.br\/noticias\/encontro-do-ministro-geral-e-do-seu-definitorio-com-a-conferencia-africana.html#breadcrumb\"},\"inLanguage\":\"pt-BR\",\"potentialAction\":[{\"@type\":\"ReadAction\",\"target\":[\"https:\/\/franciscanos.org.br\/noticias\/encontro-do-ministro-geral-e-do-seu-definitorio-com-a-conferencia-africana.html\"]}]},{\"@type\":\"BreadcrumbList\",\"@id\":\"https:\/\/franciscanos.org.br\/noticias\/encontro-do-ministro-geral-e-do-seu-definitorio-com-a-conferencia-africana.html#breadcrumb\",\"itemListElement\":[{\"@type\":\"ListItem\",\"position\":1,\"name\":\"Home\",\"item\":\"https:\/\/franciscanos.org.br\/noticias\"},{\"@type\":\"ListItem\",\"position\":2,\"name\":\"Encontro do Ministro Geral e do seu Definit\u00f3rio com a Confer\u00eancia Africana\"}]},{\"@type\":\"Person\",\"@id\":\"https:\/\/franciscanos.org.br\/noticias\/#\/schema\/person\/b5c8cba458c330ccff548b056e95a5d4\",\"name\":\"moacir\",\"image\":{\"@type\":\"ImageObject\",\"inLanguage\":\"pt-BR\",\"@id\":\"https:\/\/franciscanos.org.br\/noticias\/#\/schema\/person\/image\/\",\"url\":\"https:\/\/secure.gravatar.com\/avatar\/d08aa2ce4c8dd416d4479aa8536fcf64?s=96&d=mm&r=g\",\"contentUrl\":\"https:\/\/secure.gravatar.com\/avatar\/d08aa2ce4c8dd416d4479aa8536fcf64?s=96&d=mm&r=g\",\"caption\":\"moacir\"},\"url\":\"https:\/\/franciscanos.org.br\/noticias\/author\/moacir\"}]}<\/script>\n<!-- \/ Yoast SEO plugin. -->","yoast_head_json":{"title":"Encontro do Ministro Geral e do seu Definit\u00f3rio com a Confer\u00eancia Africana - Not\u00edcias - Franciscanos","robots":{"index":"index","follow":"follow","max-snippet":"max-snippet:-1","max-image-preview":"max-image-preview:large","max-video-preview":"max-video-preview:-1"},"canonical":"https:\/\/franciscanos.org.br\/noticias\/encontro-do-ministro-geral-e-do-seu-definitorio-com-a-conferencia-africana.html","og_locale":"pt_BR","og_type":"article","og_title":"Encontro do Ministro Geral e do seu Definit\u00f3rio com a Confer\u00eancia Africana - Not\u00edcias - Franciscanos","og_description":"Confer\u00eancia Africana da Ordem dos Frades Menores","og_url":"https:\/\/franciscanos.org.br\/noticias\/encontro-do-ministro-geral-e-do-seu-definitorio-com-a-conferencia-africana.html","og_site_name":"Not\u00edcias - Franciscanos","article_published_time":"2024-01-31T11:05:02+00:00","og_image":[{"width":1280,"height":720,"url":"https:\/\/franciscanos.org.br\/noticias\/wp-content\/uploads\/2024\/01\/ordem_01.jpg","type":"image\/jpeg"}],"author":"moacir","twitter_card":"summary_large_image","twitter_misc":{"Escrito por":"moacir","Est. tempo de leitura":"4 minutos"},"schema":{"@context":"https:\/\/schema.org","@graph":[{"@type":"WebSite","@id":"https:\/\/franciscanos.org.br\/noticias\/#website","url":"https:\/\/franciscanos.org.br\/noticias\/","name":"Not\u00edcias - Franciscanos","description":"Prov\u00edncia Franciscana da Imaculada Concei\u00e7\u00e3o do Brasil - Ordem dos Frades Menores - OFM","potentialAction":[{"@type":"SearchAction","target":{"@type":"EntryPoint","urlTemplate":"https:\/\/franciscanos.org.br\/noticias\/?s={search_term_string}"},"query-input":"required name=search_term_string"}],"inLanguage":"pt-BR"},{"@type":"ImageObject","inLanguage":"pt-BR","@id":"https:\/\/franciscanos.org.br\/noticias\/encontro-do-ministro-geral-e-do-seu-definitorio-com-a-conferencia-africana.html#primaryimage","url":"https:\/\/franciscanos.org.br\/noticias\/wp-content\/uploads\/2024\/01\/ordem_01.jpg","contentUrl":"https:\/\/franciscanos.org.br\/noticias\/wp-content\/uploads\/2024\/01\/ordem_01.jpg","width":1280,"height":720},{"@type":"WebPage","@id":"https:\/\/franciscanos.org.br\/noticias\/encontro-do-ministro-geral-e-do-seu-definitorio-com-a-conferencia-africana.html#webpage","url":"https:\/\/franciscanos.org.br\/noticias\/encontro-do-ministro-geral-e-do-seu-definitorio-com-a-conferencia-africana.html","name":"Encontro do Ministro Geral e do seu Definit\u00f3rio com a Confer\u00eancia Africana - Not\u00edcias - Franciscanos","isPartOf":{"@id":"https:\/\/franciscanos.org.br\/noticias\/#website"},"primaryImageOfPage":{"@id":"https:\/\/franciscanos.org.br\/noticias\/encontro-do-ministro-geral-e-do-seu-definitorio-com-a-conferencia-africana.html#primaryimage"},"datePublished":"2024-01-31T11:05:02+00:00","dateModified":"2024-01-31T11:05:02+00:00","author":{"@id":"https:\/\/franciscanos.org.br\/noticias\/#\/schema\/person\/b5c8cba458c330ccff548b056e95a5d4"},"breadcrumb":{"@id":"https:\/\/franciscanos.org.br\/noticias\/encontro-do-ministro-geral-e-do-seu-definitorio-com-a-conferencia-africana.html#breadcrumb"},"inLanguage":"pt-BR","potentialAction":[{"@type":"ReadAction","target":["https:\/\/franciscanos.org.br\/noticias\/encontro-do-ministro-geral-e-do-seu-definitorio-com-a-conferencia-africana.html"]}]},{"@type":"BreadcrumbList","@id":"https:\/\/franciscanos.org.br\/noticias\/encontro-do-ministro-geral-e-do-seu-definitorio-com-a-conferencia-africana.html#breadcrumb","itemListElement":[{"@type":"ListItem","position":1,"name":"Home","item":"https:\/\/franciscanos.org.br\/noticias"},{"@type":"ListItem","position":2,"name":"Encontro do Ministro Geral e do seu Definit\u00f3rio com a Confer\u00eancia Africana"}]},{"@type":"Person","@id":"https:\/\/franciscanos.org.br\/noticias\/#\/schema\/person\/b5c8cba458c330ccff548b056e95a5d4","name":"moacir","image":{"@type":"ImageObject","inLanguage":"pt-BR","@id":"https:\/\/franciscanos.org.br\/noticias\/#\/schema\/person\/image\/","url":"https:\/\/secure.gravatar.com\/avatar\/d08aa2ce4c8dd416d4479aa8536fcf64?s=96&d=mm&r=g","contentUrl":"https:\/\/secure.gravatar.com\/avatar\/d08aa2ce4c8dd416d4479aa8536fcf64?s=96&d=mm&r=g","caption":"moacir"},"url":"https:\/\/franciscanos.org.br\/noticias\/author\/moacir"}]}},"_links":{"self":[{"href":"https:\/\/franciscanos.org.br\/noticias\/wp-json\/wp\/v2\/posts\/246294"}],"collection":[{"href":"https:\/\/franciscanos.org.br\/noticias\/wp-json\/wp\/v2\/posts"}],"about":[{"href":"https:\/\/franciscanos.org.br\/noticias\/wp-json\/wp\/v2\/types\/post"}],"author":[{"embeddable":true,"href":"https:\/\/franciscanos.org.br\/noticias\/wp-json\/wp\/v2\/users\/3"}],"replies":[{"embeddable":true,"href":"https:\/\/franciscanos.org.br\/noticias\/wp-json\/wp\/v2\/comments?post=246294"}],"version-history":[{"count":1,"href":"https:\/\/franciscanos.org.br\/noticias\/wp-json\/wp\/v2\/posts\/246294\/revisions"}],"predecessor-version":[{"id":246298,"href":"https:\/\/franciscanos.org.br\/noticias\/wp-json\/wp\/v2\/posts\/246294\/revisions\/246298"}],"wp:featuredmedia":[{"embeddable":true,"href":"https:\/\/franciscanos.org.br\/noticias\/wp-json\/wp\/v2\/media\/246295"}],"wp:attachment":[{"href":"https:\/\/franciscanos.org.br\/noticias\/wp-json\/wp\/v2\/media?parent=246294"}],"wp:term":[{"taxonomy":"category","embeddable":true,"href":"https:\/\/franciscanos.org.br\/noticias\/wp-json\/wp\/v2\/categories?post=246294"},{"taxonomy":"post_tag","embeddable":true,"href":"https:\/\/franciscanos.org.br\/noticias\/wp-json\/wp\/v2\/tags?post=246294"}],"curies":[{"name":"wp","href":"https:\/\/api.w.org\/{rel}","templated":true}]}}