{"id":246248,"date":"2024-01-29T13:11:42","date_gmt":"2024-01-29T16:11:42","guid":{"rendered":"https:\/\/franciscanos.org.br\/noticias\/?p=246248"},"modified":"2025-03-10T15:58:41","modified_gmt":"2025-03-10T18:58:41","slug":"celebracoes-emocionantes-marcam-o-encerramento-da-8a-missao-franciscana-da-juventude-em-pato-branco","status":"publish","type":"post","link":"https:\/\/franciscanos.org.br\/noticias\/celebracoes-emocionantes-marcam-o-encerramento-da-8a-missao-franciscana-da-juventude-em-pato-branco.html","title":{"rendered":"8\u00aa Miss\u00f5es Franciscanas da Juventude: Emo\u00e7\u00e3o marca encerramento"},"content":{"rendered":"<p><img loading=\"lazy\" class=\"alignnone wp-image-246249 size-full\" src=\"https:\/\/franciscanos.org.br\/noticias\/wp-content\/uploads\/2024\/01\/4o-dia-MFJ-16-scaled.jpg\" alt=\"\" width=\"1920\" height=\"1280\" srcset=\"https:\/\/franciscanos.org.br\/noticias\/wp-content\/uploads\/2024\/01\/4o-dia-MFJ-16-scaled.jpg 1620w, https:\/\/franciscanos.org.br\/noticias\/wp-content\/uploads\/2024\/01\/4o-dia-MFJ-16-450x300.jpg 450w, https:\/\/franciscanos.org.br\/noticias\/wp-content\/uploads\/2024\/01\/4o-dia-MFJ-16-1024x683.jpg 1024w, https:\/\/franciscanos.org.br\/noticias\/wp-content\/uploads\/2024\/01\/4o-dia-MFJ-16-768x512.jpg 768w, https:\/\/franciscanos.org.br\/noticias\/wp-content\/uploads\/2024\/01\/4o-dia-MFJ-16-1536x1024.jpg 1536w, https:\/\/franciscanos.org.br\/noticias\/wp-content\/uploads\/2024\/01\/4o-dia-MFJ-16-2048x1365.jpg 2048w, https:\/\/franciscanos.org.br\/noticias\/wp-content\/uploads\/2024\/01\/4o-dia-MFJ-16-150x100.jpg 150w\" sizes=\"(max-width: 1920px) 100vw, 1920px\" \/><\/p>\n<p><span style=\"font-weight: 400;\"><strong>Pato Branco (PR)<\/strong> &#8211; Uma celebra\u00e7\u00e3o hist\u00f3rica, repleta de momentos de espiritualidade, cultura e partilha, marcou o encerramento da 8\u00aa edi\u00e7\u00e3o das Miss\u00f5es Franciscanas da Juventude (MFJ) em Pato Branco (PR), no\u00a0 domingo, 28 de janeiro. A energia vibrante que preencheu os dias anteriores culminou com uma caminhada no percurso do Centro de Forma\u00e7\u00e3o at\u00e9 a Igreja Matriz de S\u00e3o Pedro, no centro da cidade.<\/span><\/p>\n<p><span style=\"font-weight: 400;\">A caminhada representa a express\u00e3o f\u00edsica da jornada espiritual que os jovens vivenciaram ao longo da Miss\u00e3o Franciscana. Ao final do percurso, todos participaram da Missa presidida por Frei Augusto Luiz Gabriel, que refor\u00e7ou os valores franciscanos de humildade, compaix\u00e3o e servi\u00e7o ao pr\u00f3ximo.<\/span><\/p>\n<p><img loading=\"lazy\" class=\"alignright wp-image-246253 size-medium\" src=\"https:\/\/franciscanos.org.br\/noticias\/wp-content\/uploads\/2024\/01\/4o-dia-MFJ-01-450x300.jpg\" alt=\"\" width=\"450\" height=\"300\" srcset=\"https:\/\/franciscanos.org.br\/noticias\/wp-content\/uploads\/2024\/01\/4o-dia-MFJ-01-450x300.jpg 450w, https:\/\/franciscanos.org.br\/noticias\/wp-content\/uploads\/2024\/01\/4o-dia-MFJ-01-1024x683.jpg 1024w, https:\/\/franciscanos.org.br\/noticias\/wp-content\/uploads\/2024\/01\/4o-dia-MFJ-01-768x512.jpg 768w, https:\/\/franciscanos.org.br\/noticias\/wp-content\/uploads\/2024\/01\/4o-dia-MFJ-01-1536x1024.jpg 1536w, https:\/\/franciscanos.org.br\/noticias\/wp-content\/uploads\/2024\/01\/4o-dia-MFJ-01-2048x1365.jpg 2048w, https:\/\/franciscanos.org.br\/noticias\/wp-content\/uploads\/2024\/01\/4o-dia-MFJ-01-150x100.jpg 150w, https:\/\/franciscanos.org.br\/noticias\/wp-content\/uploads\/2024\/01\/4o-dia-MFJ-01-scaled.jpg 1620w\" sizes=\"(max-width: 450px) 100vw, 450px\" \/><\/p>\n<p><span style=\"font-weight: 400;\">Em sua homilia, Frei Augusto refletiu sobre os objetivos da Miss\u00e3o: \u201cPrecisamos falar, refletir e insistir com voc\u00eas jovens, os verdadeiros portadores de esperan\u00e7a, de Paz e de Bem! Por isso, onde quer que haja desespero, que voc\u00eas possam ser os primeiros a levar esperan\u00e7a. Aquela esperan\u00e7a que acolhe, que congrega, que \u00e9 compreensiva. Aquela esperan\u00e7a verdadeira que converte os cora\u00e7\u00f5es, que faz com que repensemos nossas atitudes, nossos valores. O tema dessa oitava MFJ \u00e9 &#8216;Sa\u00fade Mental e Integral&#8217; e ele tem tudo a ver com a necessidade de esperan\u00e7ar, de animar, de estimular. E aqui, fa\u00e7o mem\u00f3ria da reflex\u00e3o de nosso bispo, Dom Edgar, que nos ensinou que o primeiro conte\u00fado de um bom mission\u00e1rio \u00e9 o an\u00fancio da Paz e, de um bom franciscano, do Bem. Assim temos a Paz e o Bem!\u201d.<\/span><\/p>\n<p><img loading=\"lazy\" class=\"size-medium wp-image-246256 alignleft\" src=\"https:\/\/franciscanos.org.br\/noticias\/wp-content\/uploads\/2024\/01\/4o-dia-MFJ-08-450x300.jpg\" alt=\"\" width=\"450\" height=\"300\" srcset=\"https:\/\/franciscanos.org.br\/noticias\/wp-content\/uploads\/2024\/01\/4o-dia-MFJ-08-450x300.jpg 450w, https:\/\/franciscanos.org.br\/noticias\/wp-content\/uploads\/2024\/01\/4o-dia-MFJ-08-1024x683.jpg 1024w, https:\/\/franciscanos.org.br\/noticias\/wp-content\/uploads\/2024\/01\/4o-dia-MFJ-08-768x512.jpg 768w, https:\/\/franciscanos.org.br\/noticias\/wp-content\/uploads\/2024\/01\/4o-dia-MFJ-08-1536x1024.jpg 1536w, https:\/\/franciscanos.org.br\/noticias\/wp-content\/uploads\/2024\/01\/4o-dia-MFJ-08-2048x1365.jpg 2048w, https:\/\/franciscanos.org.br\/noticias\/wp-content\/uploads\/2024\/01\/4o-dia-MFJ-08-150x100.jpg 150w, https:\/\/franciscanos.org.br\/noticias\/wp-content\/uploads\/2024\/01\/4o-dia-MFJ-08-scaled.jpg 1620w\" sizes=\"(max-width: 450px) 100vw, 450px\" \/><\/p>\n<p><span style=\"font-weight: 400;\">Durante a Celebra\u00e7\u00e3o Eucar\u00edstica, o Vig\u00e1rio Provincial Frei Gustavo Medella leu a mensagem enviada por Frei Paulo Roberto Pereira, Ministro Provincial, que n\u00e3o participou do evento porque estava em viagem para Angola, na \u00c1frica, onde a Prov\u00edncia tamb\u00e9m est\u00e1 presente. \u201cTenho certeza de que os dias vividos a\u00ed em Pato Branco est\u00e3o deixando marcas permanentes no cora\u00e7\u00e3o de voc\u00eas. Os momentos de prece, forma\u00e7\u00e3o, di\u00e1logo, as brincadeiras, a acolhida nas comunidades, a disposi\u00e7\u00e3o em ir ao encontro do outro, os apertos e dificuldades, enfim, cada experi\u00eancia que o Senhor proporcionou com certeza faz com que voc\u00eas se despe\u00e7am da Pato Branco pessoas melhores do que quando chegaram. Tudo pela gra\u00e7a e generosidade de Deus\u2019, enfatizou Frei Paulo.<\/span><\/p>\n<p><span style=\"font-weight: 400;\">O percurso de volta ao Centro de Forma\u00e7\u00e3o, novamente por meio de uma caminhada, foi repleto de reflex\u00f5es e agradecimentos pelos momentos compartilhados. Ao final, os jovens assistiram a uma apresenta\u00e7\u00e3o cultural de dan\u00e7a t\u00edpica do Rio Grande do Sul, enriquecendo ainda mais a diversidade cultural da MFJ.<\/span><\/p>\n<p><span style=\"font-weight: 400;\">Um dos momentos mais marcantes do encerramento foram os testemunhos emocionados dos jovens participantes. Compartilhando suas experi\u00eancias, desafios superados e as li\u00e7\u00f5es aprendidas durante os dias de miss\u00e3o, esses testemunhos trouxeram \u00e0 tona a profundidade do impacto da MFJ nas comunidades atendidas e, tamb\u00e9m, na vida transformada dos pr\u00f3prios jovens mission\u00e1rios. <\/span><span style=\"font-weight: 400;\">Mariana Bertoldi, 17 anos, da cidade Xaxim, em Santa Catarina, foi uma das jovens que deu o seu testemunho, afirmando que ficou sabendo da MFJ pelo r\u00e1dio e que sentiu um chamado para participar. Mariana participou das miss\u00f5es no bairro de S\u00e3o Jos\u00e9 Oper\u00e1rio e enfatizou que l\u00e1 ela concretizou o prop\u00f3sito de levar esperan\u00e7a. Por\u00e9m, al\u00e9m de levar esperan\u00e7a, a jovem confirmou que teve a sua esperan\u00e7a renovada. \u201cAntes de levar a esperan\u00e7a para os outros n\u00f3s temos que estar com o sentimento de esperan\u00e7a vivo dentro de n\u00f3s\u201d<\/span><span style=\"font-weight: 400;\">, salientou a mission\u00e1ria.<\/span><\/p>\n<p><span style=\"font-weight: 400;\">Murilo de Lima, de 17 anos, da cidade de Guaratinguet\u00e1, interior de S\u00e3o Paulo, disse que essa foi a primeira Miss\u00e3o que ele participou e que foi um desafio bem grande em diversos aspectos. \u201cEu me coloquei fora da minha zona de conforto para conhecer outras realidades e \u00e9 muito gratificante poder estar junto com essas comunidades\u201d, disse o jovem mission\u00e1rio.<\/span><\/p>\n<p><img loading=\"lazy\" class=\"size-medium wp-image-246255 alignright\" src=\"https:\/\/franciscanos.org.br\/noticias\/wp-content\/uploads\/2024\/01\/4o-dia-MFJ-09-450x300.jpg\" alt=\"\" width=\"450\" height=\"300\" srcset=\"https:\/\/franciscanos.org.br\/noticias\/wp-content\/uploads\/2024\/01\/4o-dia-MFJ-09-450x300.jpg 450w, https:\/\/franciscanos.org.br\/noticias\/wp-content\/uploads\/2024\/01\/4o-dia-MFJ-09-1024x683.jpg 1024w, https:\/\/franciscanos.org.br\/noticias\/wp-content\/uploads\/2024\/01\/4o-dia-MFJ-09-768x512.jpg 768w, https:\/\/franciscanos.org.br\/noticias\/wp-content\/uploads\/2024\/01\/4o-dia-MFJ-09-1536x1024.jpg 1536w, https:\/\/franciscanos.org.br\/noticias\/wp-content\/uploads\/2024\/01\/4o-dia-MFJ-09-2048x1365.jpg 2048w, https:\/\/franciscanos.org.br\/noticias\/wp-content\/uploads\/2024\/01\/4o-dia-MFJ-09-150x100.jpg 150w, https:\/\/franciscanos.org.br\/noticias\/wp-content\/uploads\/2024\/01\/4o-dia-MFJ-09-scaled.jpg 1620w\" sizes=\"(max-width: 450px) 100vw, 450px\" \/><\/p>\n<p><span style=\"font-weight: 400;\">Murilo ainda ressaltou que um dos momentos mais marcantes foi quando ele visitou uma fam\u00edlia da qual um ente querido havia falecido recentemente: \u201cNa comunidade S\u00e3o Roque, n\u00f3s visitamos uma resid\u00eancia em que um dos irm\u00e3os havia falecido e eu fui escolhido para fazer a reflex\u00e3o do evangelho. Durante a minha reflex\u00e3o a dona da casa me abra\u00e7ou e disse que Deus me tirou de S\u00e3o Paulo para levar pra ela as palavras de esperan\u00e7a que ela precisava. Isso mudou a minha vida para sempre\u201d. O jovem ainda afirma que, voltando para Guaratinguet\u00e1, sua vontade \u00e9 dar prosseguimento a todas as experi\u00eancias que ele vivenciou durante a MFJ, possibilitando que ele possa levar para outras pessoas palavras de paz e esperan\u00e7a.<\/span><\/p>\n<p><span style=\"font-weight: 400;\">Na avalia\u00e7\u00e3o do Frei Gustavo Medella, <\/span><span style=\"font-weight: 400;\">\u00a0a MFJ foi excelente e cumpriu os objetivos propostos. \u201cA gente pode perceber que os jovens que aqui vieram manifestavam um esfor\u00e7o de aproveitar ao m\u00e1ximo cada um dos momentos de celebra\u00e7\u00e3o e atividades. Isso construiu um grupo coeso e muito focado que convergia no objetivo de participar de uma iniciativa mission\u00e1ria. Ent\u00e3o, fez muito bem para os jovens que participaram, fez muito bem para a par\u00f3quia de Pato Branco e fez muito bem para as comunidades, fam\u00edlias e entidades assistenciais que foram visitadas por esses jovens. Todo mundo sai ganhando das Miss\u00f5es Franciscanas da Juventude em Pato Branco\u201d, disse o Vig\u00e1rio Provincial.<\/span><\/p>\n<p><img loading=\"lazy\" class=\"size-medium wp-image-246262 alignleft\" src=\"https:\/\/franciscanos.org.br\/noticias\/wp-content\/uploads\/2024\/01\/4o-dia-MFJ-07-450x300.jpg\" alt=\"\" width=\"450\" height=\"300\" srcset=\"https:\/\/franciscanos.org.br\/noticias\/wp-content\/uploads\/2024\/01\/4o-dia-MFJ-07-450x300.jpg 450w, https:\/\/franciscanos.org.br\/noticias\/wp-content\/uploads\/2024\/01\/4o-dia-MFJ-07-1024x683.jpg 1024w, https:\/\/franciscanos.org.br\/noticias\/wp-content\/uploads\/2024\/01\/4o-dia-MFJ-07-768x512.jpg 768w, https:\/\/franciscanos.org.br\/noticias\/wp-content\/uploads\/2024\/01\/4o-dia-MFJ-07-1536x1024.jpg 1536w, https:\/\/franciscanos.org.br\/noticias\/wp-content\/uploads\/2024\/01\/4o-dia-MFJ-07-2048x1365.jpg 2048w, https:\/\/franciscanos.org.br\/noticias\/wp-content\/uploads\/2024\/01\/4o-dia-MFJ-07-150x100.jpg 150w, https:\/\/franciscanos.org.br\/noticias\/wp-content\/uploads\/2024\/01\/4o-dia-MFJ-07-scaled.jpg 1620w\" sizes=\"(max-width: 450px) 100vw, 450px\" \/><\/p>\n<p><span style=\"font-weight: 400;\">Frei Medella ainda ressaltou que a Miss\u00e3o n\u00e3o acabou no encerramento, mas que agora esses jovens v\u00e3o levar toda essa experi\u00eancia para as comunidades de onde vieram: \u201cAqui eles viveram esse tempo forte e a semente foi plantada. Agora, esses ramos come\u00e7am a brotar e os galhos a crescer at\u00e9 a produ\u00e7\u00e3o de frutos. Ent\u00e3o, muito do que vivenciaram aqui vai ser processado e v\u00e3o se dar conta mais adiante. Creio que toda essa experi\u00eancia vai fazer diferen\u00e7a nas comunidades de f\u00e9 que eles participam e no seio da pr\u00f3pria fam\u00edlia, onde ele pode se perceber como um agente promotor da paz e da esperan\u00e7a\u201d.<\/span><\/p>\n<p><span style=\"font-weight: 400;\">Assim, a oitava edi\u00e7\u00e3o das Miss\u00f5es Franciscanas da Juventude em Pato Branco deixaram marcas profundas nas comunidades atendidas e plantou sementes de transforma\u00e7\u00e3o nos cora\u00e7\u00f5es dos jovens envolvidos. A jornada foi encerrada com a certeza de que o esp\u00edrito franciscano continuar\u00e1 a iluminar caminhos, inspirando a\u00e7\u00f5es de amor, compaix\u00e3o e servi\u00e7o em todo lugar que esses jovens passarem.<\/span><\/p>\n<hr \/>\n<p><em>Jo\u00e3o V\u00edtor Rodrigues<\/em><\/p>\n<p>&nbsp;<\/p>\n<p><iframe loading=\"lazy\" title=\"YouTube video player\" src=\"https:\/\/www.youtube.com\/embed\/YTG7bT4m2BE?si=gnSHmfqjyhP1d_4h\" width=\"560\" height=\"315\" frameborder=\"0\" allowfullscreen=\"allowfullscreen\"><\/iframe><\/p>\n","protected":false},"excerpt":{"rendered":"<p>MFJ<\/p>\n","protected":false},"author":10,"featured_media":246249,"comment_status":"open","ping_status":"open","sticky":false,"template":"","format":"standard","meta":[],"categories":[1],"tags":[1206,2056],"acf":[],"yoast_head":"<!-- This site is optimized with the Yoast SEO plugin v19.2 - https:\/\/yoast.com\/wordpress\/plugins\/seo\/ -->\n<title>8\u00aa Miss\u00f5es Franciscanas da Juventude: Emo\u00e7\u00e3o marca encerramento - Not\u00edcias - Franciscanos<\/title>\n<meta name=\"robots\" content=\"index, follow, max-snippet:-1, max-image-preview:large, max-video-preview:-1\" \/>\n<link rel=\"canonical\" href=\"https:\/\/franciscanos.org.br\/noticias\/celebracoes-emocionantes-marcam-o-encerramento-da-8a-missao-franciscana-da-juventude-em-pato-branco.html\" \/>\n<meta property=\"og:locale\" content=\"pt_BR\" \/>\n<meta property=\"og:type\" content=\"article\" \/>\n<meta property=\"og:title\" content=\"8\u00aa Miss\u00f5es Franciscanas da Juventude: Emo\u00e7\u00e3o marca encerramento - Not\u00edcias - Franciscanos\" \/>\n<meta property=\"og:description\" content=\"MFJ\" \/>\n<meta property=\"og:url\" content=\"https:\/\/franciscanos.org.br\/noticias\/celebracoes-emocionantes-marcam-o-encerramento-da-8a-missao-franciscana-da-juventude-em-pato-branco.html\" \/>\n<meta property=\"og:site_name\" content=\"Not\u00edcias - Franciscanos\" \/>\n<meta property=\"article:published_time\" content=\"2024-01-29T16:11:42+00:00\" \/>\n<meta property=\"article:modified_time\" content=\"2025-03-10T18:58:41+00:00\" \/>\n<meta property=\"og:image\" content=\"https:\/\/franciscanos.org.br\/noticias\/wp-content\/uploads\/2024\/01\/4o-dia-MFJ-16-scaled.jpg\" \/>\n\t<meta property=\"og:image:width\" content=\"1620\" \/>\n\t<meta property=\"og:image:height\" content=\"1080\" \/>\n\t<meta property=\"og:image:type\" content=\"image\/jpeg\" \/>\n<meta name=\"author\" content=\"Jo\u00e3o Vitor\" \/>\n<meta name=\"twitter:card\" content=\"summary_large_image\" \/>\n<meta name=\"twitter:label1\" content=\"Escrito por\" \/>\n\t<meta name=\"twitter:data1\" content=\"Jo\u00e3o Vitor\" \/>\n\t<meta name=\"twitter:label2\" content=\"Est. tempo de leitura\" \/>\n\t<meta name=\"twitter:data2\" content=\"6 minutos\" \/>\n<script type=\"application\/ld+json\" class=\"yoast-schema-graph\">{\"@context\":\"https:\/\/schema.org\",\"@graph\":[{\"@type\":\"WebSite\",\"@id\":\"https:\/\/franciscanos.org.br\/noticias\/#website\",\"url\":\"https:\/\/franciscanos.org.br\/noticias\/\",\"name\":\"Not\u00edcias - Franciscanos\",\"description\":\"Prov\u00edncia Franciscana da Imaculada Concei\u00e7\u00e3o do Brasil - Ordem dos Frades Menores - OFM\",\"potentialAction\":[{\"@type\":\"SearchAction\",\"target\":{\"@type\":\"EntryPoint\",\"urlTemplate\":\"https:\/\/franciscanos.org.br\/noticias\/?s={search_term_string}\"},\"query-input\":\"required name=search_term_string\"}],\"inLanguage\":\"pt-BR\"},{\"@type\":\"ImageObject\",\"inLanguage\":\"pt-BR\",\"@id\":\"https:\/\/franciscanos.org.br\/noticias\/celebracoes-emocionantes-marcam-o-encerramento-da-8a-missao-franciscana-da-juventude-em-pato-branco.html#primaryimage\",\"url\":\"https:\/\/franciscanos.org.br\/noticias\/wp-content\/uploads\/2024\/01\/4o-dia-MFJ-16-scaled.jpg\",\"contentUrl\":\"https:\/\/franciscanos.org.br\/noticias\/wp-content\/uploads\/2024\/01\/4o-dia-MFJ-16-scaled.jpg\",\"width\":1620,\"height\":1080},{\"@type\":\"WebPage\",\"@id\":\"https:\/\/franciscanos.org.br\/noticias\/celebracoes-emocionantes-marcam-o-encerramento-da-8a-missao-franciscana-da-juventude-em-pato-branco.html#webpage\",\"url\":\"https:\/\/franciscanos.org.br\/noticias\/celebracoes-emocionantes-marcam-o-encerramento-da-8a-missao-franciscana-da-juventude-em-pato-branco.html\",\"name\":\"8\u00aa Miss\u00f5es Franciscanas da Juventude: Emo\u00e7\u00e3o marca encerramento - Not\u00edcias - Franciscanos\",\"isPartOf\":{\"@id\":\"https:\/\/franciscanos.org.br\/noticias\/#website\"},\"primaryImageOfPage\":{\"@id\":\"https:\/\/franciscanos.org.br\/noticias\/celebracoes-emocionantes-marcam-o-encerramento-da-8a-missao-franciscana-da-juventude-em-pato-branco.html#primaryimage\"},\"datePublished\":\"2024-01-29T16:11:42+00:00\",\"dateModified\":\"2025-03-10T18:58:41+00:00\",\"author\":{\"@id\":\"https:\/\/franciscanos.org.br\/noticias\/#\/schema\/person\/8c11f06a466b856a11dd48d20600055f\"},\"breadcrumb\":{\"@id\":\"https:\/\/franciscanos.org.br\/noticias\/celebracoes-emocionantes-marcam-o-encerramento-da-8a-missao-franciscana-da-juventude-em-pato-branco.html#breadcrumb\"},\"inLanguage\":\"pt-BR\",\"potentialAction\":[{\"@type\":\"ReadAction\",\"target\":[\"https:\/\/franciscanos.org.br\/noticias\/celebracoes-emocionantes-marcam-o-encerramento-da-8a-missao-franciscana-da-juventude-em-pato-branco.html\"]}]},{\"@type\":\"BreadcrumbList\",\"@id\":\"https:\/\/franciscanos.org.br\/noticias\/celebracoes-emocionantes-marcam-o-encerramento-da-8a-missao-franciscana-da-juventude-em-pato-branco.html#breadcrumb\",\"itemListElement\":[{\"@type\":\"ListItem\",\"position\":1,\"name\":\"Home\",\"item\":\"https:\/\/franciscanos.org.br\/noticias\"},{\"@type\":\"ListItem\",\"position\":2,\"name\":\"8\u00aa Miss\u00f5es Franciscanas da Juventude: Emo\u00e7\u00e3o marca encerramento\"}]},{\"@type\":\"Person\",\"@id\":\"https:\/\/franciscanos.org.br\/noticias\/#\/schema\/person\/8c11f06a466b856a11dd48d20600055f\",\"name\":\"Jo\u00e3o Vitor\",\"image\":{\"@type\":\"ImageObject\",\"inLanguage\":\"pt-BR\",\"@id\":\"https:\/\/franciscanos.org.br\/noticias\/#\/schema\/person\/image\/\",\"url\":\"https:\/\/secure.gravatar.com\/avatar\/10ba5c9713e0c323617b4309a19e3a46?s=96&d=mm&r=g\",\"contentUrl\":\"https:\/\/secure.gravatar.com\/avatar\/10ba5c9713e0c323617b4309a19e3a46?s=96&d=mm&r=g\",\"caption\":\"Jo\u00e3o Vitor\"},\"url\":\"https:\/\/franciscanos.org.br\/noticias\/author\/joaovitor\"}]}<\/script>\n<!-- \/ Yoast SEO plugin. -->","yoast_head_json":{"title":"8\u00aa Miss\u00f5es Franciscanas da Juventude: Emo\u00e7\u00e3o marca encerramento - Not\u00edcias - Franciscanos","robots":{"index":"index","follow":"follow","max-snippet":"max-snippet:-1","max-image-preview":"max-image-preview:large","max-video-preview":"max-video-preview:-1"},"canonical":"https:\/\/franciscanos.org.br\/noticias\/celebracoes-emocionantes-marcam-o-encerramento-da-8a-missao-franciscana-da-juventude-em-pato-branco.html","og_locale":"pt_BR","og_type":"article","og_title":"8\u00aa Miss\u00f5es Franciscanas da Juventude: Emo\u00e7\u00e3o marca encerramento - Not\u00edcias - Franciscanos","og_description":"MFJ","og_url":"https:\/\/franciscanos.org.br\/noticias\/celebracoes-emocionantes-marcam-o-encerramento-da-8a-missao-franciscana-da-juventude-em-pato-branco.html","og_site_name":"Not\u00edcias - Franciscanos","article_published_time":"2024-01-29T16:11:42+00:00","article_modified_time":"2025-03-10T18:58:41+00:00","og_image":[{"width":1620,"height":1080,"url":"https:\/\/franciscanos.org.br\/noticias\/wp-content\/uploads\/2024\/01\/4o-dia-MFJ-16-scaled.jpg","type":"image\/jpeg"}],"author":"Jo\u00e3o Vitor","twitter_card":"summary_large_image","twitter_misc":{"Escrito por":"Jo\u00e3o Vitor","Est. tempo de leitura":"6 minutos"},"schema":{"@context":"https:\/\/schema.org","@graph":[{"@type":"WebSite","@id":"https:\/\/franciscanos.org.br\/noticias\/#website","url":"https:\/\/franciscanos.org.br\/noticias\/","name":"Not\u00edcias - Franciscanos","description":"Prov\u00edncia Franciscana da Imaculada Concei\u00e7\u00e3o do Brasil - Ordem dos Frades Menores - OFM","potentialAction":[{"@type":"SearchAction","target":{"@type":"EntryPoint","urlTemplate":"https:\/\/franciscanos.org.br\/noticias\/?s={search_term_string}"},"query-input":"required name=search_term_string"}],"inLanguage":"pt-BR"},{"@type":"ImageObject","inLanguage":"pt-BR","@id":"https:\/\/franciscanos.org.br\/noticias\/celebracoes-emocionantes-marcam-o-encerramento-da-8a-missao-franciscana-da-juventude-em-pato-branco.html#primaryimage","url":"https:\/\/franciscanos.org.br\/noticias\/wp-content\/uploads\/2024\/01\/4o-dia-MFJ-16-scaled.jpg","contentUrl":"https:\/\/franciscanos.org.br\/noticias\/wp-content\/uploads\/2024\/01\/4o-dia-MFJ-16-scaled.jpg","width":1620,"height":1080},{"@type":"WebPage","@id":"https:\/\/franciscanos.org.br\/noticias\/celebracoes-emocionantes-marcam-o-encerramento-da-8a-missao-franciscana-da-juventude-em-pato-branco.html#webpage","url":"https:\/\/franciscanos.org.br\/noticias\/celebracoes-emocionantes-marcam-o-encerramento-da-8a-missao-franciscana-da-juventude-em-pato-branco.html","name":"8\u00aa Miss\u00f5es Franciscanas da Juventude: Emo\u00e7\u00e3o marca encerramento - Not\u00edcias - Franciscanos","isPartOf":{"@id":"https:\/\/franciscanos.org.br\/noticias\/#website"},"primaryImageOfPage":{"@id":"https:\/\/franciscanos.org.br\/noticias\/celebracoes-emocionantes-marcam-o-encerramento-da-8a-missao-franciscana-da-juventude-em-pato-branco.html#primaryimage"},"datePublished":"2024-01-29T16:11:42+00:00","dateModified":"2025-03-10T18:58:41+00:00","author":{"@id":"https:\/\/franciscanos.org.br\/noticias\/#\/schema\/person\/8c11f06a466b856a11dd48d20600055f"},"breadcrumb":{"@id":"https:\/\/franciscanos.org.br\/noticias\/celebracoes-emocionantes-marcam-o-encerramento-da-8a-missao-franciscana-da-juventude-em-pato-branco.html#breadcrumb"},"inLanguage":"pt-BR","potentialAction":[{"@type":"ReadAction","target":["https:\/\/franciscanos.org.br\/noticias\/celebracoes-emocionantes-marcam-o-encerramento-da-8a-missao-franciscana-da-juventude-em-pato-branco.html"]}]},{"@type":"BreadcrumbList","@id":"https:\/\/franciscanos.org.br\/noticias\/celebracoes-emocionantes-marcam-o-encerramento-da-8a-missao-franciscana-da-juventude-em-pato-branco.html#breadcrumb","itemListElement":[{"@type":"ListItem","position":1,"name":"Home","item":"https:\/\/franciscanos.org.br\/noticias"},{"@type":"ListItem","position":2,"name":"8\u00aa Miss\u00f5es Franciscanas da Juventude: Emo\u00e7\u00e3o marca encerramento"}]},{"@type":"Person","@id":"https:\/\/franciscanos.org.br\/noticias\/#\/schema\/person\/8c11f06a466b856a11dd48d20600055f","name":"Jo\u00e3o Vitor","image":{"@type":"ImageObject","inLanguage":"pt-BR","@id":"https:\/\/franciscanos.org.br\/noticias\/#\/schema\/person\/image\/","url":"https:\/\/secure.gravatar.com\/avatar\/10ba5c9713e0c323617b4309a19e3a46?s=96&d=mm&r=g","contentUrl":"https:\/\/secure.gravatar.com\/avatar\/10ba5c9713e0c323617b4309a19e3a46?s=96&d=mm&r=g","caption":"Jo\u00e3o Vitor"},"url":"https:\/\/franciscanos.org.br\/noticias\/author\/joaovitor"}]}},"_links":{"self":[{"href":"https:\/\/franciscanos.org.br\/noticias\/wp-json\/wp\/v2\/posts\/246248"}],"collection":[{"href":"https:\/\/franciscanos.org.br\/noticias\/wp-json\/wp\/v2\/posts"}],"about":[{"href":"https:\/\/franciscanos.org.br\/noticias\/wp-json\/wp\/v2\/types\/post"}],"author":[{"embeddable":true,"href":"https:\/\/franciscanos.org.br\/noticias\/wp-json\/wp\/v2\/users\/10"}],"replies":[{"embeddable":true,"href":"https:\/\/franciscanos.org.br\/noticias\/wp-json\/wp\/v2\/comments?post=246248"}],"version-history":[{"count":7,"href":"https:\/\/franciscanos.org.br\/noticias\/wp-json\/wp\/v2\/posts\/246248\/revisions"}],"predecessor-version":[{"id":246303,"href":"https:\/\/franciscanos.org.br\/noticias\/wp-json\/wp\/v2\/posts\/246248\/revisions\/246303"}],"wp:featuredmedia":[{"embeddable":true,"href":"https:\/\/franciscanos.org.br\/noticias\/wp-json\/wp\/v2\/media\/246249"}],"wp:attachment":[{"href":"https:\/\/franciscanos.org.br\/noticias\/wp-json\/wp\/v2\/media?parent=246248"}],"wp:term":[{"taxonomy":"category","embeddable":true,"href":"https:\/\/franciscanos.org.br\/noticias\/wp-json\/wp\/v2\/categories?post=246248"},{"taxonomy":"post_tag","embeddable":true,"href":"https:\/\/franciscanos.org.br\/noticias\/wp-json\/wp\/v2\/tags?post=246248"}],"curies":[{"name":"wp","href":"https:\/\/api.w.org\/{rel}","templated":true}]}}