{"id":246243,"date":"2024-01-29T10:32:13","date_gmt":"2024-01-29T13:32:13","guid":{"rendered":"https:\/\/franciscanos.org.br\/noticias\/?p=246243"},"modified":"2024-01-29T10:32:48","modified_gmt":"2024-01-29T13:32:48","slug":"guerra-na-terra-santa-o-papa-sem-os-dois-estados-a-verdadeira-paz-permanece-distante","status":"publish","type":"post","link":"https:\/\/franciscanos.org.br\/noticias\/guerra-na-terra-santa-o-papa-sem-os-dois-estados-a-verdadeira-paz-permanece-distante.html","title":{"rendered":"Guerra na Terra Santa, o Papa: sem os dois Estados, a verdadeira paz permanece distante"},"content":{"rendered":"<div id=\"attachment_246244\" style=\"width: 1210px\" class=\"wp-caption alignnone\"><img aria-describedby=\"caption-attachment-246244\" loading=\"lazy\" class=\"wp-image-246244 size-full\" src=\"https:\/\/franciscanos.org.br\/noticias\/wp-content\/uploads\/2024\/01\/entrevista_29.jpeg\" alt=\"\" width=\"1200\" height=\"675\" srcset=\"https:\/\/franciscanos.org.br\/noticias\/wp-content\/uploads\/2024\/01\/entrevista_29.jpeg 1200w, https:\/\/franciscanos.org.br\/noticias\/wp-content\/uploads\/2024\/01\/entrevista_29-450x253.jpeg 450w, https:\/\/franciscanos.org.br\/noticias\/wp-content\/uploads\/2024\/01\/entrevista_29-1024x576.jpeg 1024w, https:\/\/franciscanos.org.br\/noticias\/wp-content\/uploads\/2024\/01\/entrevista_29-768x432.jpeg 768w, https:\/\/franciscanos.org.br\/noticias\/wp-content\/uploads\/2024\/01\/entrevista_29-150x84.jpeg 150w\" sizes=\"(max-width: 1200px) 100vw, 1200px\" \/><p id=\"caption-attachment-246244\" class=\"wp-caption-text\"><em>Imagem: Vatican Media<\/em><\/p><\/div>\n<p>&#8220;Havia o acordo de Oslo, muito claro, com a solu\u00e7\u00e3o de dois Estados. Enquanto esse acordo n\u00e3o for aplicado, a verdadeira paz permanece distante.&#8221; Esta \u00e9 a considera\u00e7\u00e3o sobre o que est\u00e1 acontecendo na Terra Santa, depois dos ataques do Hamas e da guerra que destr\u00f3i as cidades da Faixa de Gaza, que o Papa Francisco confia a Domenico Agasso, vaticanista do jornal La Stampa, na entrevista hoje nas bancas. Francisco, falando dos numerosos conflitos em curso, convida a rezar pela paz, indica o di\u00e1logo como \u00fanico caminho e pede para \u201cparar imediatamente as bombas e os m\u00edsseis, p\u00f4r fim \u00e0s atitudes hostis. Em todos os lugares\u201d, um \u201ccessar-fogo global\u201d porque \u201cestamos \u00e0 beira do abismo\u201d.<\/p>\n<p><strong>Esperan\u00e7as para a Terra Santa e a Ucr\u00e2nia<\/strong><br \/>\nO Papa explica a sua contrariedade em definir uma guerra como \u201cjusta\u201d, preferindo dizer que \u00e9 leg\u00edtimo defender-se, mas evitando \u201cjustificar as guerras, que s\u00e3o sempre erradas\u201d. Afirma temer uma escalada militar mas que cultiva alguma esperan\u00e7a &#8220;porque est\u00e3o sendo realizadas reuni\u00f5es reservadas para tentar chegar a um acordo. Uma tr\u00e9gua j\u00e1 seria um bom resultado.&#8221; Francisco define o cardeal Pizzaballa como \u201cuma figura crucial\u201d, que \u201cse movimenta bem\u201d e procura fazer uma media\u00e7\u00e3o, recorda de diariamente fazer uma videochamada para a par\u00f3quia de Gaza e afirma tamb\u00e9m que \u201ca liberta\u00e7\u00e3o dos ref\u00e9ns israelenses\u201d \u00e9 uma prioridade. No que diz respeito \u00e0 Ucr\u00e2nia, na entrevista o Sucessor de Pedro recorda a miss\u00e3o ao cardeal Zuppi: &#8220;A Santa S\u00e9 est\u00e1 tentando mediar a troca de prisioneiros e o retorno dos civis ucranianos. Em particular, estamos trabalhando com a Sra. Maria Lvova-Belova, a comiss\u00e1ria russa para os direitos da inf\u00e2ncia, para o repatriamento de crian\u00e7as ucranianas levadas \u00e0 for\u00e7a para a R\u00fassia. Alguma j\u00e1 voltou para sua fam\u00edlia&#8221;.<\/p>\n<p><strong>Fiducia supplicans deseja incluir<\/strong><br \/>\nNa entrevista, Francisco recorda que &#8220;Cristo chama todos para dentro&#8221; e referindo-se \u00e0 declara\u00e7\u00e3o que permite b\u00ean\u00e7\u00e3os para casais irregulares e do mesmo sexo, explica: &#8220;O Evangelho \u00e9 para santificar a todos. Claro, desde que exista boa vontade. E \u00e9 necess\u00e1rio dar instru\u00e7\u00f5es precisas sobre a vida crist\u00e3 (sublinho que n\u00e3o se aben\u00e7oa a uni\u00e3o, mas as pessoas). Mas pecadores somos todos: por que ent\u00e3o fazer uma lista de pecadores que podem entrar na Igreja e uma lista de pecadores que n\u00e3o podem estar na Igreja? Este n\u00e3o \u00e9 o Evangelho.&#8221;<\/p>\n<p>No que diz respeito \u00e0s cr\u00edticas ao documento, o Papa observa que &#8221; aqueles que protestam veementemente pertencem a pequenos grupos ideol\u00f3gicos&#8221;, enquanto define o dos africanos como &#8220;um caso \u00e0 parte&#8221;, dado que &#8220;para eles, a homossexualidade \u00e9 algo &#8216;ruim&#8217; do ponto de vista cultural, n\u00e3o a toleram&#8221;. Mas no geral, &#8220;confio que gradualmente todos se tranquilizem em rela\u00e7\u00e3o ao esp\u00edrito da declara\u00e7\u00e3o&#8221; que &#8220;visa incluir, n\u00e3o dividir. Convida a acolher e depois confiar as pessoas e confiar-nos a Deus\u201d. Francisco admite que \u00e0s vezes se sente sozinho, \u201cmas de qualquer forma sigo em frente, dia ap\u00f3s dia\u201d e diz n\u00e3o temer cismas: \u201cNa Igreja sempre houve pequenos grupos que manifestavam reflex\u00f5es de nuances cism\u00e1ticas&#8230; devemos deix\u00e1-los fazer e passar&#8230; e olhe em frente&#8221;.<\/p>\n<p><strong>Intelig\u00eancia artificial, oportunidades e perigos<\/strong><br \/>\nO Papa aborda ent\u00e3o o tema de sua recente mensagem para o Dia Mundial das Comunica\u00e7\u00f5es Sociais, dedicado \u00e0 intelig\u00eancia artificial, que ele define como &#8220;um belo passo \u00e0 frente que pode resolver muitos problemas, mas que potencialmente, se administrado sem \u00e9tica, tamb\u00e9m pode provocar muitos danos ao homem&#8221;. O objetivo \u00e9 que ela &#8220;esteja sempre em harmonia com a dignidade da pessoa&#8221;, caso contr\u00e1rio &#8220;ser\u00e1 um suic\u00eddio&#8221;.<\/p>\n<p><strong>Pr\u00f3ximas viagens<\/strong><br \/>\nFrancisco diz que se sente bem, apesar de algumas dores, e n\u00e3o est\u00e1 pensando neste momento em renunciar. Ele recorda as pr\u00f3ximas viagens \u00e0 B\u00e9lgica, Timor Leste, Papua Nova Guin\u00e9 e Indon\u00e9sia em agosto. Define \u201centre par\u00eanteses\u201d a hip\u00f3tese de uma viagem \u00e0 Argentina, dizendo que n\u00e3o se sentiu ofendido com as palavras de Milei durante a campanha eleitoral e confirma que se encontrar\u00e1 com o novo presidente nos pr\u00f3ximos dias, logo ap\u00f3s a canoniza\u00e7\u00e3o da santa argentina &#8220;Mama Antula&#8221;, prevista para 11 de fevereiro. Pronto para dialogar com ele.<\/p>\n<p><strong>A Igreja que vir\u00e1 e o Conclave de 11 anos atr\u00e1s<\/strong><br \/>\nDepois de recordar o Dia Mundial das Crian\u00e7as, que &#8220;elas s\u00e3o mestras de vida&#8221; e devem ser escutadas, o Papa reitera seu sonho de uma &#8220;Igreja em sa\u00edda&#8221; e lembra o que aconteceu depois de suas palavras durante as congrega\u00e7\u00f5es gerais que precederam o Conclave de 2013: &#8220;depois de meu discurso houve aplausos, in\u00e9ditos em tal contexto. Mas eu absolutamente n\u00e3o havia intu\u00eddo o que muitos me revelariam mais tarde: aquele discurso foi minha &#8216;condena\u00e7\u00e3o&#8217; (sorri, nda). Quando eu estava saindo da &#8220;Sala do S\u00ednodo&#8221;, um cardeal que falava ingl\u00eas me viu e exclamou: &#8220;Muito bom o que voc\u00ea disse! Belo. Belo. Precisamos de um Papa como o senhor!&#8221; Mas eu n\u00e3o havia percebido a campanha que estava se formando para me eleger. At\u00e9 o almo\u00e7o de 13 de mar\u00e7o, aqui na Casa Santa Marta, poucas horas antes da vota\u00e7\u00e3o decisiva. Enquanto com\u00edamos, fizeram-me duas ou tr\u00eas perguntas &#8220;suspeitas&#8221;&#8230; Ent\u00e3o, na minha cabe\u00e7a, comecei a dizer a mim mesmo: &#8220;Algo estranho est\u00e1 acontecendo aqui&#8230;&#8221;. Mas ainda consegui tirar uma soneca. E quando me elegeram, tive uma surpreendente sensa\u00e7\u00e3o de paz dentro de mim&#8221;. Enfim, Francisco confidenciou \u00e0 \u201cLa Stampa\u201d que se sente como &#8220;um p\u00e1roco. De uma par\u00f3quia muito grande, planet\u00e1ria, \u00e9 claro, mas gosto de manter o esp\u00edrito de um p\u00e1roco. E estar entre as pessoas. Onde eu sempre encontro Deus&#8221;.<\/p>\n<hr \/>\n<p><em>Fonte: Vatican News<\/em><\/p>\n","protected":false},"excerpt":{"rendered":"<p>Entrevista<\/p>\n","protected":false},"author":3,"featured_media":246244,"comment_status":"open","ping_status":"open","sticky":false,"template":"","format":"standard","meta":[],"categories":[1428],"tags":[55],"acf":[],"yoast_head":"<!-- This site is optimized with the Yoast SEO plugin v19.2 - https:\/\/yoast.com\/wordpress\/plugins\/seo\/ -->\n<title>Guerra na Terra Santa, o Papa: sem os dois Estados, a verdadeira paz permanece distante - Not\u00edcias - Franciscanos<\/title>\n<meta name=\"robots\" content=\"index, follow, max-snippet:-1, max-image-preview:large, max-video-preview:-1\" \/>\n<link rel=\"canonical\" href=\"https:\/\/franciscanos.org.br\/noticias\/guerra-na-terra-santa-o-papa-sem-os-dois-estados-a-verdadeira-paz-permanece-distante.html\" \/>\n<meta property=\"og:locale\" content=\"pt_BR\" \/>\n<meta property=\"og:type\" content=\"article\" \/>\n<meta property=\"og:title\" content=\"Guerra na Terra Santa, o Papa: sem os dois Estados, a verdadeira paz permanece distante - Not\u00edcias - Franciscanos\" \/>\n<meta property=\"og:description\" content=\"Entrevista\" \/>\n<meta property=\"og:url\" content=\"https:\/\/franciscanos.org.br\/noticias\/guerra-na-terra-santa-o-papa-sem-os-dois-estados-a-verdadeira-paz-permanece-distante.html\" \/>\n<meta property=\"og:site_name\" content=\"Not\u00edcias - Franciscanos\" \/>\n<meta property=\"article:published_time\" content=\"2024-01-29T13:32:13+00:00\" \/>\n<meta property=\"article:modified_time\" content=\"2024-01-29T13:32:48+00:00\" \/>\n<meta property=\"og:image\" content=\"https:\/\/franciscanos.org.br\/noticias\/wp-content\/uploads\/2024\/01\/entrevista_29.jpeg\" \/>\n\t<meta property=\"og:image:width\" content=\"1200\" \/>\n\t<meta property=\"og:image:height\" content=\"675\" \/>\n\t<meta property=\"og:image:type\" content=\"image\/jpeg\" \/>\n<meta name=\"author\" content=\"moacir\" \/>\n<meta name=\"twitter:card\" content=\"summary_large_image\" \/>\n<meta name=\"twitter:label1\" content=\"Escrito por\" \/>\n\t<meta name=\"twitter:data1\" content=\"moacir\" \/>\n\t<meta name=\"twitter:label2\" content=\"Est. tempo de leitura\" \/>\n\t<meta name=\"twitter:data2\" content=\"5 minutos\" \/>\n<script type=\"application\/ld+json\" class=\"yoast-schema-graph\">{\"@context\":\"https:\/\/schema.org\",\"@graph\":[{\"@type\":\"WebSite\",\"@id\":\"https:\/\/franciscanos.org.br\/noticias\/#website\",\"url\":\"https:\/\/franciscanos.org.br\/noticias\/\",\"name\":\"Not\u00edcias - Franciscanos\",\"description\":\"Prov\u00edncia Franciscana da Imaculada Concei\u00e7\u00e3o do Brasil - Ordem dos Frades Menores - OFM\",\"potentialAction\":[{\"@type\":\"SearchAction\",\"target\":{\"@type\":\"EntryPoint\",\"urlTemplate\":\"https:\/\/franciscanos.org.br\/noticias\/?s={search_term_string}\"},\"query-input\":\"required name=search_term_string\"}],\"inLanguage\":\"pt-BR\"},{\"@type\":\"ImageObject\",\"inLanguage\":\"pt-BR\",\"@id\":\"https:\/\/franciscanos.org.br\/noticias\/guerra-na-terra-santa-o-papa-sem-os-dois-estados-a-verdadeira-paz-permanece-distante.html#primaryimage\",\"url\":\"https:\/\/franciscanos.org.br\/noticias\/wp-content\/uploads\/2024\/01\/entrevista_29.jpeg\",\"contentUrl\":\"https:\/\/franciscanos.org.br\/noticias\/wp-content\/uploads\/2024\/01\/entrevista_29.jpeg\",\"width\":1200,\"height\":675},{\"@type\":\"WebPage\",\"@id\":\"https:\/\/franciscanos.org.br\/noticias\/guerra-na-terra-santa-o-papa-sem-os-dois-estados-a-verdadeira-paz-permanece-distante.html#webpage\",\"url\":\"https:\/\/franciscanos.org.br\/noticias\/guerra-na-terra-santa-o-papa-sem-os-dois-estados-a-verdadeira-paz-permanece-distante.html\",\"name\":\"Guerra na Terra Santa, o Papa: sem os dois Estados, a verdadeira paz permanece distante - Not\u00edcias - Franciscanos\",\"isPartOf\":{\"@id\":\"https:\/\/franciscanos.org.br\/noticias\/#website\"},\"primaryImageOfPage\":{\"@id\":\"https:\/\/franciscanos.org.br\/noticias\/guerra-na-terra-santa-o-papa-sem-os-dois-estados-a-verdadeira-paz-permanece-distante.html#primaryimage\"},\"datePublished\":\"2024-01-29T13:32:13+00:00\",\"dateModified\":\"2024-01-29T13:32:48+00:00\",\"author\":{\"@id\":\"https:\/\/franciscanos.org.br\/noticias\/#\/schema\/person\/b5c8cba458c330ccff548b056e95a5d4\"},\"breadcrumb\":{\"@id\":\"https:\/\/franciscanos.org.br\/noticias\/guerra-na-terra-santa-o-papa-sem-os-dois-estados-a-verdadeira-paz-permanece-distante.html#breadcrumb\"},\"inLanguage\":\"pt-BR\",\"potentialAction\":[{\"@type\":\"ReadAction\",\"target\":[\"https:\/\/franciscanos.org.br\/noticias\/guerra-na-terra-santa-o-papa-sem-os-dois-estados-a-verdadeira-paz-permanece-distante.html\"]}]},{\"@type\":\"BreadcrumbList\",\"@id\":\"https:\/\/franciscanos.org.br\/noticias\/guerra-na-terra-santa-o-papa-sem-os-dois-estados-a-verdadeira-paz-permanece-distante.html#breadcrumb\",\"itemListElement\":[{\"@type\":\"ListItem\",\"position\":1,\"name\":\"Home\",\"item\":\"https:\/\/franciscanos.org.br\/noticias\"},{\"@type\":\"ListItem\",\"position\":2,\"name\":\"Guerra na Terra Santa, o Papa: sem os dois Estados, a verdadeira paz permanece distante\"}]},{\"@type\":\"Person\",\"@id\":\"https:\/\/franciscanos.org.br\/noticias\/#\/schema\/person\/b5c8cba458c330ccff548b056e95a5d4\",\"name\":\"moacir\",\"image\":{\"@type\":\"ImageObject\",\"inLanguage\":\"pt-BR\",\"@id\":\"https:\/\/franciscanos.org.br\/noticias\/#\/schema\/person\/image\/\",\"url\":\"https:\/\/secure.gravatar.com\/avatar\/d08aa2ce4c8dd416d4479aa8536fcf64?s=96&d=mm&r=g\",\"contentUrl\":\"https:\/\/secure.gravatar.com\/avatar\/d08aa2ce4c8dd416d4479aa8536fcf64?s=96&d=mm&r=g\",\"caption\":\"moacir\"},\"url\":\"https:\/\/franciscanos.org.br\/noticias\/author\/moacir\"}]}<\/script>\n<!-- \/ Yoast SEO plugin. -->","yoast_head_json":{"title":"Guerra na Terra Santa, o Papa: sem os dois Estados, a verdadeira paz permanece distante - Not\u00edcias - Franciscanos","robots":{"index":"index","follow":"follow","max-snippet":"max-snippet:-1","max-image-preview":"max-image-preview:large","max-video-preview":"max-video-preview:-1"},"canonical":"https:\/\/franciscanos.org.br\/noticias\/guerra-na-terra-santa-o-papa-sem-os-dois-estados-a-verdadeira-paz-permanece-distante.html","og_locale":"pt_BR","og_type":"article","og_title":"Guerra na Terra Santa, o Papa: sem os dois Estados, a verdadeira paz permanece distante - Not\u00edcias - Franciscanos","og_description":"Entrevista","og_url":"https:\/\/franciscanos.org.br\/noticias\/guerra-na-terra-santa-o-papa-sem-os-dois-estados-a-verdadeira-paz-permanece-distante.html","og_site_name":"Not\u00edcias - Franciscanos","article_published_time":"2024-01-29T13:32:13+00:00","article_modified_time":"2024-01-29T13:32:48+00:00","og_image":[{"width":1200,"height":675,"url":"https:\/\/franciscanos.org.br\/noticias\/wp-content\/uploads\/2024\/01\/entrevista_29.jpeg","type":"image\/jpeg"}],"author":"moacir","twitter_card":"summary_large_image","twitter_misc":{"Escrito por":"moacir","Est. tempo de leitura":"5 minutos"},"schema":{"@context":"https:\/\/schema.org","@graph":[{"@type":"WebSite","@id":"https:\/\/franciscanos.org.br\/noticias\/#website","url":"https:\/\/franciscanos.org.br\/noticias\/","name":"Not\u00edcias - Franciscanos","description":"Prov\u00edncia Franciscana da Imaculada Concei\u00e7\u00e3o do Brasil - Ordem dos Frades Menores - OFM","potentialAction":[{"@type":"SearchAction","target":{"@type":"EntryPoint","urlTemplate":"https:\/\/franciscanos.org.br\/noticias\/?s={search_term_string}"},"query-input":"required name=search_term_string"}],"inLanguage":"pt-BR"},{"@type":"ImageObject","inLanguage":"pt-BR","@id":"https:\/\/franciscanos.org.br\/noticias\/guerra-na-terra-santa-o-papa-sem-os-dois-estados-a-verdadeira-paz-permanece-distante.html#primaryimage","url":"https:\/\/franciscanos.org.br\/noticias\/wp-content\/uploads\/2024\/01\/entrevista_29.jpeg","contentUrl":"https:\/\/franciscanos.org.br\/noticias\/wp-content\/uploads\/2024\/01\/entrevista_29.jpeg","width":1200,"height":675},{"@type":"WebPage","@id":"https:\/\/franciscanos.org.br\/noticias\/guerra-na-terra-santa-o-papa-sem-os-dois-estados-a-verdadeira-paz-permanece-distante.html#webpage","url":"https:\/\/franciscanos.org.br\/noticias\/guerra-na-terra-santa-o-papa-sem-os-dois-estados-a-verdadeira-paz-permanece-distante.html","name":"Guerra na Terra Santa, o Papa: sem os dois Estados, a verdadeira paz permanece distante - Not\u00edcias - Franciscanos","isPartOf":{"@id":"https:\/\/franciscanos.org.br\/noticias\/#website"},"primaryImageOfPage":{"@id":"https:\/\/franciscanos.org.br\/noticias\/guerra-na-terra-santa-o-papa-sem-os-dois-estados-a-verdadeira-paz-permanece-distante.html#primaryimage"},"datePublished":"2024-01-29T13:32:13+00:00","dateModified":"2024-01-29T13:32:48+00:00","author":{"@id":"https:\/\/franciscanos.org.br\/noticias\/#\/schema\/person\/b5c8cba458c330ccff548b056e95a5d4"},"breadcrumb":{"@id":"https:\/\/franciscanos.org.br\/noticias\/guerra-na-terra-santa-o-papa-sem-os-dois-estados-a-verdadeira-paz-permanece-distante.html#breadcrumb"},"inLanguage":"pt-BR","potentialAction":[{"@type":"ReadAction","target":["https:\/\/franciscanos.org.br\/noticias\/guerra-na-terra-santa-o-papa-sem-os-dois-estados-a-verdadeira-paz-permanece-distante.html"]}]},{"@type":"BreadcrumbList","@id":"https:\/\/franciscanos.org.br\/noticias\/guerra-na-terra-santa-o-papa-sem-os-dois-estados-a-verdadeira-paz-permanece-distante.html#breadcrumb","itemListElement":[{"@type":"ListItem","position":1,"name":"Home","item":"https:\/\/franciscanos.org.br\/noticias"},{"@type":"ListItem","position":2,"name":"Guerra na Terra Santa, o Papa: sem os dois Estados, a verdadeira paz permanece distante"}]},{"@type":"Person","@id":"https:\/\/franciscanos.org.br\/noticias\/#\/schema\/person\/b5c8cba458c330ccff548b056e95a5d4","name":"moacir","image":{"@type":"ImageObject","inLanguage":"pt-BR","@id":"https:\/\/franciscanos.org.br\/noticias\/#\/schema\/person\/image\/","url":"https:\/\/secure.gravatar.com\/avatar\/d08aa2ce4c8dd416d4479aa8536fcf64?s=96&d=mm&r=g","contentUrl":"https:\/\/secure.gravatar.com\/avatar\/d08aa2ce4c8dd416d4479aa8536fcf64?s=96&d=mm&r=g","caption":"moacir"},"url":"https:\/\/franciscanos.org.br\/noticias\/author\/moacir"}]}},"_links":{"self":[{"href":"https:\/\/franciscanos.org.br\/noticias\/wp-json\/wp\/v2\/posts\/246243"}],"collection":[{"href":"https:\/\/franciscanos.org.br\/noticias\/wp-json\/wp\/v2\/posts"}],"about":[{"href":"https:\/\/franciscanos.org.br\/noticias\/wp-json\/wp\/v2\/types\/post"}],"author":[{"embeddable":true,"href":"https:\/\/franciscanos.org.br\/noticias\/wp-json\/wp\/v2\/users\/3"}],"replies":[{"embeddable":true,"href":"https:\/\/franciscanos.org.br\/noticias\/wp-json\/wp\/v2\/comments?post=246243"}],"version-history":[{"count":2,"href":"https:\/\/franciscanos.org.br\/noticias\/wp-json\/wp\/v2\/posts\/246243\/revisions"}],"predecessor-version":[{"id":246246,"href":"https:\/\/franciscanos.org.br\/noticias\/wp-json\/wp\/v2\/posts\/246243\/revisions\/246246"}],"wp:featuredmedia":[{"embeddable":true,"href":"https:\/\/franciscanos.org.br\/noticias\/wp-json\/wp\/v2\/media\/246244"}],"wp:attachment":[{"href":"https:\/\/franciscanos.org.br\/noticias\/wp-json\/wp\/v2\/media?parent=246243"}],"wp:term":[{"taxonomy":"category","embeddable":true,"href":"https:\/\/franciscanos.org.br\/noticias\/wp-json\/wp\/v2\/categories?post=246243"},{"taxonomy":"post_tag","embeddable":true,"href":"https:\/\/franciscanos.org.br\/noticias\/wp-json\/wp\/v2\/tags?post=246243"}],"curies":[{"name":"wp","href":"https:\/\/api.w.org\/{rel}","templated":true}]}}