{"id":246230,"date":"2024-01-29T10:00:46","date_gmt":"2024-01-29T13:00:46","guid":{"rendered":"https:\/\/franciscanos.org.br\/noticias\/?p=246230"},"modified":"2025-03-10T15:58:12","modified_gmt":"2025-03-10T18:58:12","slug":"missao-de-angola-em-festa-pelos-novos-frades-professos-solenes","status":"publish","type":"post","link":"https:\/\/franciscanos.org.br\/noticias\/missao-de-angola-em-festa-pelos-novos-frades-professos-solenes.html","title":{"rendered":"Miss\u00e3o de Angola em festa pelos novos frades professos solenes"},"content":{"rendered":"<p><img loading=\"lazy\" class=\"alignnone size-full wp-image-246247\" src=\"https:\/\/franciscanos.org.br\/noticias\/wp-content\/uploads\/2024\/01\/solene_09.jpg\" alt=\"\" width=\"1280\" height=\"720\" srcset=\"https:\/\/franciscanos.org.br\/noticias\/wp-content\/uploads\/2024\/01\/solene_09.jpg 1280w, https:\/\/franciscanos.org.br\/noticias\/wp-content\/uploads\/2024\/01\/solene_09-450x253.jpg 450w, https:\/\/franciscanos.org.br\/noticias\/wp-content\/uploads\/2024\/01\/solene_09-1024x576.jpg 1024w, https:\/\/franciscanos.org.br\/noticias\/wp-content\/uploads\/2024\/01\/solene_09-768x432.jpg 768w, https:\/\/franciscanos.org.br\/noticias\/wp-content\/uploads\/2024\/01\/solene_09-150x84.jpg 150w\" sizes=\"(max-width: 1280px) 100vw, 1280px\" \/><\/p>\n<p>Malange, em Angola, amanheceu em clima de festa! Ap\u00f3s muita prepara\u00e7\u00e3o, chegou o dia de oito jovens frades celebrarem sua Profiss\u00e3o Solene na Ordem dos Frades Menores, fazendo sua promessa de vida religiosa franciscana que se estende por toda sua vida. A celebra\u00e7\u00e3o ocorreu na Par\u00f3quia Santos M\u00e1rtires de Uganda, \u00e0s 9h, presidida pelo Ministro provincial, Frei Paulo Roberto Pereira.<\/p>\n<p>Os oito frades professandos pertencem \u00e0 Funda\u00e7\u00e3o Franciscana Imaculada M\u00e3e de Deus de Angola (FIMDA), que faz parte a Prov\u00edncia Franciscana da Imaculada Concei\u00e7\u00e3o do Brasil. S\u00e3o eles: Frei David Vicente da Concei\u00e7\u00e3o Gaeita, Frei Elias Hebo Lu\u00eds, Frei Fernando Jos\u00e9 Dange, Frei Herculano Jos\u00e9 Nu\u00f1gulo, Frei In\u00e1cio Filipe Puto, Frei Jer\u00f3nimo Cheia M\u00e1rio, Frei Val\u00f3dia Jo\u00e3o Manuel Baptista e Frei Ven\u00e2ncio Canombelo Candundo. Com eles, somam-se 27 frades solenemente professos nascidos em Angola, um n\u00famero que confirma o crescimento e enraizamento da Ordem Franciscana em terras angolanas.<\/p>\n\n\t\t<style type=\"text\/css\">\n\t\t\t#gallery-1 {\n\t\t\t\tmargin: auto;\n\t\t\t}\n\t\t\t#gallery-1 .gallery-item {\n\t\t\t\tfloat: left;\n\t\t\t\tmargin-top: 10px;\n\t\t\t\ttext-align: center;\n\t\t\t\twidth: 33%;\n\t\t\t}\n\t\t\t#gallery-1 img {\n\t\t\t\tborder: 2px solid #cfcfcf;\n\t\t\t}\n\t\t\t#gallery-1 .gallery-caption {\n\t\t\t\tmargin-left: 0;\n\t\t\t}\n\t\t\t\/* see gallery_shortcode() in wp-includes\/media.php *\/\n\t\t<\/style>\n\t\t<div id='gallery-1' class='gallery galleryid-246230 gallery-columns-3 gallery-size-thumbnail'><dl class='gallery-item'>\n\t\t\t<dt class='gallery-icon landscape'>\n\t\t\t\t<a href='https:\/\/franciscanos.org.br\/noticias\/wp-content\/uploads\/2024\/01\/solene_08.jpg'><img width=\"300\" height=\"300\" src=\"https:\/\/franciscanos.org.br\/noticias\/wp-content\/uploads\/2024\/01\/solene_08-300x300.jpg\" class=\"attachment-thumbnail size-thumbnail\" alt=\"\" loading=\"lazy\" srcset=\"https:\/\/franciscanos.org.br\/noticias\/wp-content\/uploads\/2024\/01\/solene_08-300x300.jpg 300w, https:\/\/franciscanos.org.br\/noticias\/wp-content\/uploads\/2024\/01\/solene_08-100x100.jpg 100w\" sizes=\"(max-width: 300px) 100vw, 300px\" \/><\/a>\n\t\t\t<\/dt><\/dl><dl class='gallery-item'>\n\t\t\t<dt class='gallery-icon landscape'>\n\t\t\t\t<a href='https:\/\/franciscanos.org.br\/noticias\/wp-content\/uploads\/2024\/01\/solene_14.jpg'><img width=\"300\" height=\"300\" src=\"https:\/\/franciscanos.org.br\/noticias\/wp-content\/uploads\/2024\/01\/solene_14-300x300.jpg\" class=\"attachment-thumbnail size-thumbnail\" alt=\"\" loading=\"lazy\" srcset=\"https:\/\/franciscanos.org.br\/noticias\/wp-content\/uploads\/2024\/01\/solene_14-300x300.jpg 300w, https:\/\/franciscanos.org.br\/noticias\/wp-content\/uploads\/2024\/01\/solene_14-100x100.jpg 100w\" sizes=\"(max-width: 300px) 100vw, 300px\" \/><\/a>\n\t\t\t<\/dt><\/dl><dl class='gallery-item'>\n\t\t\t<dt class='gallery-icon landscape'>\n\t\t\t\t<a href='https:\/\/franciscanos.org.br\/noticias\/wp-content\/uploads\/2024\/01\/solene_01.jpg'><img width=\"300\" height=\"300\" src=\"https:\/\/franciscanos.org.br\/noticias\/wp-content\/uploads\/2024\/01\/solene_01-300x300.jpg\" class=\"attachment-thumbnail size-thumbnail\" alt=\"\" loading=\"lazy\" srcset=\"https:\/\/franciscanos.org.br\/noticias\/wp-content\/uploads\/2024\/01\/solene_01-300x300.jpg 300w, https:\/\/franciscanos.org.br\/noticias\/wp-content\/uploads\/2024\/01\/solene_01-100x100.jpg 100w\" sizes=\"(max-width: 300px) 100vw, 300px\" \/><\/a>\n\t\t\t<\/dt><\/dl><br style=\"clear: both\" \/>\n\t\t<\/div>\n\n<p><em>(toque nas imagens para ampli\u00e1-las<\/em><\/p>\n<p>O Semin\u00e1rio Monte Alverne, em Malange, foi a principal refer\u00eancia para aqueles que vinham de outras partes de Angola, frades, religiosas, familiares e amigos, para participar da celebra\u00e7\u00e3o. No s\u00e1bado, dia 27, o Semin\u00e1rio j\u00e1 hospedava mais de uma centena de pessoas, desdobrando-se na acolhida. No jantar deste dia, os oito frades professandos manifestaram seu pedido \u00e0 Fraternidade para serem acolhidos permanentemente na Ordem atrav\u00e9s da Profiss\u00e3o Solene.<\/p>\n<p>Trata-se de um rito simples, mas fortemente simb\u00f3lico. Como um frade, ao fazer sua profiss\u00e3o, ele entra para a grande fraternidade de sua Prov\u00edncia e se torna um irm\u00e3o para toda a Ordem, o pedido feito \u00e0 Fraternidade onde ele far\u00e1 a celebra\u00e7\u00e3o, ouvido e acolhido pelo guardi\u00e3o \u2013 aquele que \u00e9 respons\u00e1vel pela anima\u00e7\u00e3o da vida de uma fraternidade \u2013, \u00e9 a representa\u00e7\u00e3o concreta daquilo que ser\u00e1 celebrado. Em Malange, Frei Canga Manuel Mazoa, guardi\u00e3o da Fraternidade do Semin\u00e1rio Monte Alverne, juntamente com Frei M\u00e1rio Sampaio Pelu, Frei Ermelindo Francisco Bambi e Frei Gilberto da Silva, representando as demais Fraternidades onde os professandos est\u00e3o vivendo atualmente, acolheu a manifesta\u00e7\u00e3o do pedido, expressando a alegria de receber novos irm\u00e3os na mesma voca\u00e7\u00e3o que um dia, S\u00e3o Francisco de Assis recebeu por inspira\u00e7\u00e3o. Disse, ainda, que a ades\u00e3o de oito novos jovens a este modelo de vida \u00e9 comprova\u00e7\u00e3o da validade deste carisma em terras angolanas.<\/p>\n<p><img loading=\"lazy\" class=\"alignnone size-full wp-image-246254\" src=\"https:\/\/franciscanos.org.br\/noticias\/wp-content\/uploads\/2024\/01\/solene_06.jpg\" alt=\"\" width=\"1152\" height=\"768\" srcset=\"https:\/\/franciscanos.org.br\/noticias\/wp-content\/uploads\/2024\/01\/solene_06.jpg 1152w, https:\/\/franciscanos.org.br\/noticias\/wp-content\/uploads\/2024\/01\/solene_06-450x300.jpg 450w, https:\/\/franciscanos.org.br\/noticias\/wp-content\/uploads\/2024\/01\/solene_06-1024x683.jpg 1024w, https:\/\/franciscanos.org.br\/noticias\/wp-content\/uploads\/2024\/01\/solene_06-768x512.jpg 768w, https:\/\/franciscanos.org.br\/noticias\/wp-content\/uploads\/2024\/01\/solene_06-150x100.jpg 150w\" sizes=\"(max-width: 1152px) 100vw, 1152px\" \/><\/p>\n<p><img loading=\"lazy\" class=\"alignnone size-full wp-image-246233\" src=\"https:\/\/franciscanos.org.br\/noticias\/wp-content\/uploads\/2024\/01\/professos_06.jpg\" alt=\"\" width=\"1280\" height=\"577\" srcset=\"https:\/\/franciscanos.org.br\/noticias\/wp-content\/uploads\/2024\/01\/professos_06.jpg 1280w, https:\/\/franciscanos.org.br\/noticias\/wp-content\/uploads\/2024\/01\/professos_06-450x203.jpg 450w, https:\/\/franciscanos.org.br\/noticias\/wp-content\/uploads\/2024\/01\/professos_06-1024x462.jpg 1024w, https:\/\/franciscanos.org.br\/noticias\/wp-content\/uploads\/2024\/01\/professos_06-768x346.jpg 768w, https:\/\/franciscanos.org.br\/noticias\/wp-content\/uploads\/2024\/01\/professos_06-150x68.jpg 150w\" sizes=\"(max-width: 1280px) 100vw, 1280px\" \/><\/p>\n<p>No dia seguinte, a nova Igreja Santos M\u00e1rtires de Uganda se mostrou pequena para acolher todos aqueles que vieram para celebrar. Centenas de fi\u00e9is acorreram para participar deste momento importante na vida dos jovens frades professandos, assim como frades de todas as Fraternidades de Angola e alguns do Brasil, somando mais de 50 irm\u00e3os presentes.<\/p>\n<p>Vale explicitar uma caracter\u00edstica das celebra\u00e7\u00f5es eucar\u00edsticas em terras angolanas que pode parecer incompreens\u00edvel \u00e0 experi\u00eancia de um fiel no Brasil. A celebra\u00e7\u00e3o como um todo se estendeu por quatro horas e meia! Tempo que, para quem participava da celebra\u00e7\u00e3o, passava numa flu\u00eancia impressionante. O coral, formado por vocacionados e adolescentes da Par\u00f3quia contagiavam a assembleia com seus cantos ao ritmo de instrumentos de percuss\u00e3o e teclado, em l\u00edngua portuguesa e outras da cultura nacional. Frei Jo\u00e3o Alberto Bunga foi o comentarista da celebra\u00e7\u00e3o, mas tamb\u00e9m marcava os momentos pr\u00f3prios do rito com explica\u00e7\u00f5es ao povo e ou motivando a assembleia \u00e0 participa\u00e7\u00e3o atrav\u00e9s de efusivas palmas.<\/p>\n<p>Os frades professandos entraram na igreja, acompanhados por seus familiares, em alegre prociss\u00e3o no in\u00edcio da Liturgia da Palavra. Frei Jo\u00e3o Bunga aproveitava o momento para apresentar \u00e0 assembleia um breve hist\u00f3rico vocacional de cada um at\u00e9 aquele dia.<\/p>\n\n\t\t<style type=\"text\/css\">\n\t\t\t#gallery-2 {\n\t\t\t\tmargin: auto;\n\t\t\t}\n\t\t\t#gallery-2 .gallery-item {\n\t\t\t\tfloat: left;\n\t\t\t\tmargin-top: 10px;\n\t\t\t\ttext-align: center;\n\t\t\t\twidth: 20%;\n\t\t\t}\n\t\t\t#gallery-2 img {\n\t\t\t\tborder: 2px solid #cfcfcf;\n\t\t\t}\n\t\t\t#gallery-2 .gallery-caption {\n\t\t\t\tmargin-left: 0;\n\t\t\t}\n\t\t\t\/* see gallery_shortcode() in wp-includes\/media.php *\/\n\t\t<\/style>\n\t\t<div id='gallery-2' class='gallery galleryid-246230 gallery-columns-5 gallery-size-thumbnail'><dl class='gallery-item'>\n\t\t\t<dt class='gallery-icon landscape'>\n\t\t\t\t<a href='https:\/\/franciscanos.org.br\/noticias\/wp-content\/uploads\/2024\/01\/profesos_03-1.jpg'><img width=\"300\" height=\"300\" src=\"https:\/\/franciscanos.org.br\/noticias\/wp-content\/uploads\/2024\/01\/profesos_03-1-300x300.jpg\" class=\"attachment-thumbnail size-thumbnail\" alt=\"\" loading=\"lazy\" srcset=\"https:\/\/franciscanos.org.br\/noticias\/wp-content\/uploads\/2024\/01\/profesos_03-1-300x300.jpg 300w, https:\/\/franciscanos.org.br\/noticias\/wp-content\/uploads\/2024\/01\/profesos_03-1-100x100.jpg 100w\" sizes=\"(max-width: 300px) 100vw, 300px\" \/><\/a>\n\t\t\t<\/dt><\/dl><dl class='gallery-item'>\n\t\t\t<dt class='gallery-icon landscape'>\n\t\t\t\t<a href='https:\/\/franciscanos.org.br\/noticias\/wp-content\/uploads\/2024\/01\/professos_09-1.jpg'><img width=\"300\" height=\"300\" src=\"https:\/\/franciscanos.org.br\/noticias\/wp-content\/uploads\/2024\/01\/professos_09-1-300x300.jpg\" class=\"attachment-thumbnail size-thumbnail\" alt=\"\" loading=\"lazy\" srcset=\"https:\/\/franciscanos.org.br\/noticias\/wp-content\/uploads\/2024\/01\/professos_09-1-300x300.jpg 300w, https:\/\/franciscanos.org.br\/noticias\/wp-content\/uploads\/2024\/01\/professos_09-1-100x100.jpg 100w\" sizes=\"(max-width: 300px) 100vw, 300px\" \/><\/a>\n\t\t\t<\/dt><\/dl><dl class='gallery-item'>\n\t\t\t<dt class='gallery-icon landscape'>\n\t\t\t\t<a href='https:\/\/franciscanos.org.br\/noticias\/wp-content\/uploads\/2024\/01\/solene_03.jpg'><img width=\"300\" height=\"300\" src=\"https:\/\/franciscanos.org.br\/noticias\/wp-content\/uploads\/2024\/01\/solene_03-300x300.jpg\" class=\"attachment-thumbnail size-thumbnail\" alt=\"\" loading=\"lazy\" srcset=\"https:\/\/franciscanos.org.br\/noticias\/wp-content\/uploads\/2024\/01\/solene_03-300x300.jpg 300w, https:\/\/franciscanos.org.br\/noticias\/wp-content\/uploads\/2024\/01\/solene_03-100x100.jpg 100w\" sizes=\"(max-width: 300px) 100vw, 300px\" \/><\/a>\n\t\t\t<\/dt><\/dl><dl class='gallery-item'>\n\t\t\t<dt class='gallery-icon landscape'>\n\t\t\t\t<a href='https:\/\/franciscanos.org.br\/noticias\/wp-content\/uploads\/2024\/01\/solene_05.jpg'><img width=\"300\" height=\"300\" src=\"https:\/\/franciscanos.org.br\/noticias\/wp-content\/uploads\/2024\/01\/solene_05-300x300.jpg\" class=\"attachment-thumbnail size-thumbnail\" alt=\"\" loading=\"lazy\" srcset=\"https:\/\/franciscanos.org.br\/noticias\/wp-content\/uploads\/2024\/01\/solene_05-300x300.jpg 300w, https:\/\/franciscanos.org.br\/noticias\/wp-content\/uploads\/2024\/01\/solene_05-100x100.jpg 100w\" sizes=\"(max-width: 300px) 100vw, 300px\" \/><\/a>\n\t\t\t<\/dt><\/dl><dl class='gallery-item'>\n\t\t\t<dt class='gallery-icon landscape'>\n\t\t\t\t<a href='https:\/\/franciscanos.org.br\/noticias\/wp-content\/uploads\/2024\/01\/solene_07.jpg'><img width=\"300\" height=\"300\" src=\"https:\/\/franciscanos.org.br\/noticias\/wp-content\/uploads\/2024\/01\/solene_07-300x300.jpg\" class=\"attachment-thumbnail size-thumbnail\" alt=\"\" loading=\"lazy\" srcset=\"https:\/\/franciscanos.org.br\/noticias\/wp-content\/uploads\/2024\/01\/solene_07-300x300.jpg 300w, https:\/\/franciscanos.org.br\/noticias\/wp-content\/uploads\/2024\/01\/solene_07-100x100.jpg 100w\" sizes=\"(max-width: 300px) 100vw, 300px\" \/><\/a>\n\t\t\t<\/dt><\/dl><br style=\"clear: both\" \/>\n\t\t<\/div>\n\n<p><em>(toque nas imagens para ampli\u00e1-las)<\/em><\/p>\n<p>Em sua homilia, Frei Paulo exortou aos frades professandos \u00e0 fidelidade \u00e0 voca\u00e7\u00e3o que eles abra\u00e7avam, agora de modo permanente e por toda a vida. Pontuou que a vida franciscana \u00e9 sustentada por dois \u201cpulm\u00f5es\u201d que a enchem de vida: a fraternidade e a minoridade.<\/p>\n<p>O Ministro iniciou sua homilia rememorando a hist\u00f3ria da presen\u00e7a franciscana em terras angolanas. Fez men\u00e7\u00e3o aos Frades Capuchinhos ainda no tempo colonial e da chegada das Irm\u00e3s Clarissas em 1982, na cidade de Malange. Segundo as pr\u00f3prias irm\u00e3s, uma das exig\u00eancias para que elas viessem para Angola era de que tamb\u00e9m houvessem frades franciscanos que pudessem lhes oferecer assist\u00eancia espiritual e, juntos, pudessem formar uma presen\u00e7a mais completa do carisma. O pedido das irm\u00e3s seria atendido apenas em 1990, quando tr\u00eas frades viriam do Brasil para fixar presen\u00e7a na cidade. A partir dali, outras 4 cidades receberam a presen\u00e7a dos frades onde viram o carisma encontrar espa\u00e7o no cora\u00e7\u00e3o do povo e de jovens que iriam aderir \u00e0 mesma vida e voca\u00e7\u00e3o.<\/p>\n<p>Segundo Frei Paulo, \u00e9 importante lembrar os in\u00edcios, simbolizados pela Sagrada Escritura como o barro e a terra da Cria\u00e7\u00e3o. Ali j\u00e1 se encontra e a partir dali tudo vem a ser e crescer. Para o carisma franciscano, a fonte de tudo o que se \u00e9 e vem se tornar \u00e9 o desejo do Esp\u00edrito do Senhor e de seu santo modo de operar. Isso \u00e9 verdadeiro para n\u00f3s, mas tamb\u00e9m \u00e9 verdade para todo ser criado pelas m\u00e3os do \u00fanico Deus. Assim ocorre com todas as pessoas, com cada elemento da Cria\u00e7\u00e3o, inclusive as Quedas de Kalandula e as Pedras Negras de Pungo Andongo \u2013 dois pontos tur\u00edsticos de Angola \u2013, que enchem seus pulm\u00f5es do h\u00e1lito de Deus, passando a viver e entoar seu louvor de exist\u00eancia por toda a Cria\u00e7\u00e3o.<\/p>\n<p><img loading=\"lazy\" class=\"alignnone size-full wp-image-246270\" src=\"https:\/\/franciscanos.org.br\/noticias\/wp-content\/uploads\/2024\/01\/solene_15.jpg\" alt=\"\" width=\"1280\" height=\"701\" srcset=\"https:\/\/franciscanos.org.br\/noticias\/wp-content\/uploads\/2024\/01\/solene_15.jpg 1280w, https:\/\/franciscanos.org.br\/noticias\/wp-content\/uploads\/2024\/01\/solene_15-450x246.jpg 450w, https:\/\/franciscanos.org.br\/noticias\/wp-content\/uploads\/2024\/01\/solene_15-1024x561.jpg 1024w, https:\/\/franciscanos.org.br\/noticias\/wp-content\/uploads\/2024\/01\/solene_15-768x421.jpg 768w, https:\/\/franciscanos.org.br\/noticias\/wp-content\/uploads\/2024\/01\/solene_15-150x82.jpg 150w\" sizes=\"(max-width: 1280px) 100vw, 1280px\" \/><\/p>\n\n\t\t<style type=\"text\/css\">\n\t\t\t#gallery-3 {\n\t\t\t\tmargin: auto;\n\t\t\t}\n\t\t\t#gallery-3 .gallery-item {\n\t\t\t\tfloat: left;\n\t\t\t\tmargin-top: 10px;\n\t\t\t\ttext-align: center;\n\t\t\t\twidth: 20%;\n\t\t\t}\n\t\t\t#gallery-3 img {\n\t\t\t\tborder: 2px solid #cfcfcf;\n\t\t\t}\n\t\t\t#gallery-3 .gallery-caption {\n\t\t\t\tmargin-left: 0;\n\t\t\t}\n\t\t\t\/* see gallery_shortcode() in wp-includes\/media.php *\/\n\t\t<\/style>\n\t\t<div id='gallery-3' class='gallery galleryid-246230 gallery-columns-5 gallery-size-thumbnail'><dl class='gallery-item'>\n\t\t\t<dt class='gallery-icon landscape'>\n\t\t\t\t<a href='https:\/\/franciscanos.org.br\/noticias\/wp-content\/uploads\/2024\/01\/solene_02.jpg'><img width=\"300\" height=\"300\" src=\"https:\/\/franciscanos.org.br\/noticias\/wp-content\/uploads\/2024\/01\/solene_02-300x300.jpg\" class=\"attachment-thumbnail size-thumbnail\" alt=\"\" loading=\"lazy\" srcset=\"https:\/\/franciscanos.org.br\/noticias\/wp-content\/uploads\/2024\/01\/solene_02-300x300.jpg 300w, https:\/\/franciscanos.org.br\/noticias\/wp-content\/uploads\/2024\/01\/solene_02-100x100.jpg 100w\" sizes=\"(max-width: 300px) 100vw, 300px\" \/><\/a>\n\t\t\t<\/dt><\/dl><dl class='gallery-item'>\n\t\t\t<dt class='gallery-icon landscape'>\n\t\t\t\t<a href='https:\/\/franciscanos.org.br\/noticias\/wp-content\/uploads\/2024\/01\/solene_10.jpg'><img width=\"300\" height=\"300\" src=\"https:\/\/franciscanos.org.br\/noticias\/wp-content\/uploads\/2024\/01\/solene_10-300x300.jpg\" class=\"attachment-thumbnail size-thumbnail\" alt=\"\" loading=\"lazy\" srcset=\"https:\/\/franciscanos.org.br\/noticias\/wp-content\/uploads\/2024\/01\/solene_10-300x300.jpg 300w, https:\/\/franciscanos.org.br\/noticias\/wp-content\/uploads\/2024\/01\/solene_10-100x100.jpg 100w\" sizes=\"(max-width: 300px) 100vw, 300px\" \/><\/a>\n\t\t\t<\/dt><\/dl><dl class='gallery-item'>\n\t\t\t<dt class='gallery-icon landscape'>\n\t\t\t\t<a href='https:\/\/franciscanos.org.br\/noticias\/wp-content\/uploads\/2024\/01\/solene_11.jpg'><img width=\"300\" height=\"300\" src=\"https:\/\/franciscanos.org.br\/noticias\/wp-content\/uploads\/2024\/01\/solene_11-300x300.jpg\" class=\"attachment-thumbnail size-thumbnail\" alt=\"\" loading=\"lazy\" srcset=\"https:\/\/franciscanos.org.br\/noticias\/wp-content\/uploads\/2024\/01\/solene_11-300x300.jpg 300w, https:\/\/franciscanos.org.br\/noticias\/wp-content\/uploads\/2024\/01\/solene_11-100x100.jpg 100w\" sizes=\"(max-width: 300px) 100vw, 300px\" \/><\/a>\n\t\t\t<\/dt><\/dl><dl class='gallery-item'>\n\t\t\t<dt class='gallery-icon landscape'>\n\t\t\t\t<a href='https:\/\/franciscanos.org.br\/noticias\/wp-content\/uploads\/2024\/01\/solene_12.jpg'><img width=\"300\" height=\"300\" src=\"https:\/\/franciscanos.org.br\/noticias\/wp-content\/uploads\/2024\/01\/solene_12-300x300.jpg\" class=\"attachment-thumbnail size-thumbnail\" alt=\"\" loading=\"lazy\" srcset=\"https:\/\/franciscanos.org.br\/noticias\/wp-content\/uploads\/2024\/01\/solene_12-300x300.jpg 300w, https:\/\/franciscanos.org.br\/noticias\/wp-content\/uploads\/2024\/01\/solene_12-100x100.jpg 100w\" sizes=\"(max-width: 300px) 100vw, 300px\" \/><\/a>\n\t\t\t<\/dt><\/dl><dl class='gallery-item'>\n\t\t\t<dt class='gallery-icon landscape'>\n\t\t\t\t<a href='https:\/\/franciscanos.org.br\/noticias\/wp-content\/uploads\/2024\/01\/solene_13.jpg'><img width=\"300\" height=\"300\" src=\"https:\/\/franciscanos.org.br\/noticias\/wp-content\/uploads\/2024\/01\/solene_13-300x300.jpg\" class=\"attachment-thumbnail size-thumbnail\" alt=\"\" loading=\"lazy\" srcset=\"https:\/\/franciscanos.org.br\/noticias\/wp-content\/uploads\/2024\/01\/solene_13-300x300.jpg 300w, https:\/\/franciscanos.org.br\/noticias\/wp-content\/uploads\/2024\/01\/solene_13-100x100.jpg 100w\" sizes=\"(max-width: 300px) 100vw, 300px\" \/><\/a>\n\t\t\t<\/dt><\/dl><br style=\"clear: both\" \/>\n\t\t<\/div>\n\n<p><em>(toque nas imagens para ampli\u00e1-las)<\/em><\/p>\n<p>O Ministro voltou-se, ent\u00e3o, para os \u201cpulm\u00f5es\u201d da vida franciscana, iniciando pela fraternidade. Pela fraternidade reconhecemos que os outros s\u00e3o parte de minha fam\u00edlia. N\u00e3o uma fam\u00edlia restrita \u00e0 consanguinidade, mas uma fam\u00edlia moldada pela gra\u00e7a. Uma fam\u00edlia formada assim v\u00ea que seus v\u00ednculos s\u00e3o muito mais fortes que o sangue, visto que o sentido de cuidado e respeito um pelo outro prov\u00e9m n\u00e3o somente da outra pessoa, mas da pr\u00f3pria op\u00e7\u00e3o de f\u00e9 que os une. E estes v\u00ednculos s\u00e3o estendidos a toda humana criatura, pois sabemo-nos irm\u00e3os em humanidade apesar de nossas diferen\u00e7as, pois estas ser\u00e3o sempre menores que nossa identidade fraternal por sermos filhos do mesmo Pai. Entender e assumir esta compreens\u00e3o leva o frade menor \u00e0 integra\u00e7\u00e3o com tudo o que vive e existe na Cria\u00e7\u00e3o, sabendo-se parte de um todo, habitando a mesma Casa Comum.<\/p>\n<p>O Ministro seguiu, voltando-se para o \u201cpulm\u00e3o\u201d da minoridade, provocando os irm\u00e3os a n\u00e3o se esquecerem desta caracter\u00edstica que d\u00e1 o tom de nossa vida fraterna e atua\u00e7\u00e3o evangelizadora. A minoridade conduz o frade \u00e0 acolhida da natureza de sua miss\u00e3o: ser servidor de todos, inclusive os menores de cada tempo. Para Frei Paulo, estes menores n\u00e3o s\u00e3o uma figura gen\u00e9rica, ideal, mas possuem nome e hist\u00f3ria e podem ser encontrados e conhecidos se assim desejarmos. Este passo compromete o frade menor pois permite que o outro, seu irm\u00e3o, seja compreendido em sua necessidade e, por empatia, sua dor seja experimentada. Entretanto, este compromisso tamb\u00e9m \u00e9 libertador na medida em que percebemos que n\u00e3o estamos sozinhos em nossa pr\u00f3pria dor e luta e que, por natureza, todos somos dependentes uns dos outros e podemos nos fazer comunh\u00e3o e entreajuda, servi\u00e7o e doa\u00e7\u00e3o uns aos outros.<\/p>\n<p>Ap\u00f3s a homilia, o rito da profiss\u00e3o teve in\u00edcio. Os frades professandos apresentaram sua inten\u00e7\u00e3o e foram interrogados pelos Ministro provincial quanto ao seu querer, inquirindo-os quanto aos elementos da vida religiosa franciscana com os quais eles diziam querer se comprometer em fidelidade. Para todas as perguntas, os frades afirmavam desejar viver a vida franciscana tal como ela lhes fora apresentada.<\/p>\n<p><img loading=\"lazy\" class=\"alignnone size-full wp-image-246235\" src=\"https:\/\/franciscanos.org.br\/noticias\/wp-content\/uploads\/2024\/01\/professos_03.jpg\" alt=\"\" width=\"1280\" height=\"828\" srcset=\"https:\/\/franciscanos.org.br\/noticias\/wp-content\/uploads\/2024\/01\/professos_03.jpg 1280w, https:\/\/franciscanos.org.br\/noticias\/wp-content\/uploads\/2024\/01\/professos_03-450x291.jpg 450w, https:\/\/franciscanos.org.br\/noticias\/wp-content\/uploads\/2024\/01\/professos_03-1024x662.jpg 1024w, https:\/\/franciscanos.org.br\/noticias\/wp-content\/uploads\/2024\/01\/professos_03-768x497.jpg 768w, https:\/\/franciscanos.org.br\/noticias\/wp-content\/uploads\/2024\/01\/professos_03-150x97.jpg 150w\" sizes=\"(max-width: 1280px) 100vw, 1280px\" \/><\/p>\n<p>Na sequ\u00eancia, os frades se prostraram diante do altar enquanto toda a assembleia reunida entoava a Ladainha de Todos os Santos, invocando a intercess\u00e3o da Igreja Triunfante sobre a vida e miss\u00e3o que eles consagravam a Deus, conclu\u00edda pela prece do Ministro provincial.<\/p>\n<p>Por fim, o momento central da celebra\u00e7\u00e3o: os frades professandos, um a um, ajoelharam-se diante do Ministro provincial e professaram em alta voz, para que todos pudessem testemunhar, os votos sagrados e a profiss\u00e3o de vida na Ordem dos Frades Menores. Eles o fizeram a partir da f\u00f3rmula oficial de profiss\u00e3o, escrita de pr\u00f3prio punho e assinada por eles. Ap\u00f3s cada profiss\u00e3o, o Ministro abra\u00e7ava o irm\u00e3o neoprofesso.<\/p>\n<p>Na continuidade do rito, eles receberam a Regra de Vida dos Frades Menores que professaram, com tudo aquilo que prometeram observar pelo resto de suas vidas enriquecendo a Igreja atrav\u00e9s de sua consagra\u00e7\u00e3o e a cada um dos irm\u00e3os e irm\u00e3s que dela fazem parte. Tamb\u00e9m receberam uma vela, s\u00edmbolo da vida religiosa e que entregaram aos seus familiares como dom e gratid\u00e3o por terem sido o ber\u00e7o fecundo de suas vidas que agora consagravam a Deus.<\/p>\n<p><img loading=\"lazy\" class=\"alignnone size-full wp-image-246237\" src=\"https:\/\/franciscanos.org.br\/noticias\/wp-content\/uploads\/2024\/01\/professos_08.jpg\" alt=\"\" width=\"1280\" height=\"609\" srcset=\"https:\/\/franciscanos.org.br\/noticias\/wp-content\/uploads\/2024\/01\/professos_08.jpg 1280w, https:\/\/franciscanos.org.br\/noticias\/wp-content\/uploads\/2024\/01\/professos_08-450x214.jpg 450w, https:\/\/franciscanos.org.br\/noticias\/wp-content\/uploads\/2024\/01\/professos_08-1024x487.jpg 1024w, https:\/\/franciscanos.org.br\/noticias\/wp-content\/uploads\/2024\/01\/professos_08-768x365.jpg 768w, https:\/\/franciscanos.org.br\/noticias\/wp-content\/uploads\/2024\/01\/professos_08-150x71.jpg 150w\" sizes=\"(max-width: 1280px) 100vw, 1280px\" \/><\/p>\n<p>Concluindo o rito da profiss\u00e3o, o Ministro provincial, seguido por todos os demais frades, abra\u00e7aram os neoprofessos sob a alegres cantos da assembleia, manifestando a alegria de terem novos irm\u00e3os com quem compartilhar a vida e a miss\u00e3o.<\/p>\n<p>Foi um dia de verdadeira festa e alegria. A multid\u00e3o que somou seu cora\u00e7\u00e3o e alma \u00e0 grande inten\u00e7\u00e3o da celebra\u00e7\u00e3o foi convidada \u00e0 partilha do bolo e da <em>kissangua<\/em> \u2013 suco de milho t\u00edpico de Angola. As cantorias e cumprimentos tomaram todo o ambiente numa festa que se estenderia para al\u00e9m da liturgia.<\/p>\n<p><img loading=\"lazy\" class=\"alignnone size-full wp-image-246234\" src=\"https:\/\/franciscanos.org.br\/noticias\/wp-content\/uploads\/2024\/01\/professos_04.jpg\" alt=\"\" width=\"1280\" height=\"720\" srcset=\"https:\/\/franciscanos.org.br\/noticias\/wp-content\/uploads\/2024\/01\/professos_04.jpg 1280w, https:\/\/franciscanos.org.br\/noticias\/wp-content\/uploads\/2024\/01\/professos_04-450x253.jpg 450w, https:\/\/franciscanos.org.br\/noticias\/wp-content\/uploads\/2024\/01\/professos_04-1024x576.jpg 1024w, https:\/\/franciscanos.org.br\/noticias\/wp-content\/uploads\/2024\/01\/professos_04-768x432.jpg 768w, https:\/\/franciscanos.org.br\/noticias\/wp-content\/uploads\/2024\/01\/professos_04-150x84.jpg 150w\" sizes=\"(max-width: 1280px) 100vw, 1280px\" \/><\/p>\n<p><img loading=\"lazy\" class=\"alignnone size-full wp-image-246238\" src=\"https:\/\/franciscanos.org.br\/noticias\/wp-content\/uploads\/2024\/01\/professos_05.jpg\" alt=\"\" width=\"1280\" height=\"720\" srcset=\"https:\/\/franciscanos.org.br\/noticias\/wp-content\/uploads\/2024\/01\/professos_05.jpg 1280w, https:\/\/franciscanos.org.br\/noticias\/wp-content\/uploads\/2024\/01\/professos_05-450x253.jpg 450w, https:\/\/franciscanos.org.br\/noticias\/wp-content\/uploads\/2024\/01\/professos_05-1024x576.jpg 1024w, https:\/\/franciscanos.org.br\/noticias\/wp-content\/uploads\/2024\/01\/professos_05-768x432.jpg 768w, https:\/\/franciscanos.org.br\/noticias\/wp-content\/uploads\/2024\/01\/professos_05-150x84.jpg 150w\" sizes=\"(max-width: 1280px) 100vw, 1280px\" \/><\/p>\n<hr \/>\n<p>&nbsp;<\/p>\n<p><em>Frei Rodrigo da Silva Santos, Secret\u00e1rio provincial<\/em><\/p>\n","protected":false},"excerpt":{"rendered":"<p>Funda\u00e7\u00e3o Imaculada M\u00e3e de Deus de Angola<\/p>\n","protected":false},"author":3,"featured_media":246247,"comment_status":"open","ping_status":"open","sticky":false,"template":"","format":"standard","meta":[],"categories":[1],"tags":[1313,2056],"acf":[],"yoast_head":"<!-- This site is optimized with the Yoast SEO plugin v19.2 - https:\/\/yoast.com\/wordpress\/plugins\/seo\/ -->\n<title>Miss\u00e3o de Angola em festa pelos novos frades professos solenes - Not\u00edcias - Franciscanos<\/title>\n<meta name=\"robots\" content=\"index, follow, max-snippet:-1, max-image-preview:large, max-video-preview:-1\" \/>\n<link rel=\"canonical\" href=\"https:\/\/franciscanos.org.br\/noticias\/missao-de-angola-em-festa-pelos-novos-frades-professos-solenes.html\" \/>\n<meta property=\"og:locale\" content=\"pt_BR\" \/>\n<meta property=\"og:type\" content=\"article\" \/>\n<meta property=\"og:title\" content=\"Miss\u00e3o de Angola em festa pelos novos frades professos solenes - Not\u00edcias - Franciscanos\" \/>\n<meta property=\"og:description\" content=\"Funda\u00e7\u00e3o Imaculada M\u00e3e de Deus de Angola\" \/>\n<meta property=\"og:url\" content=\"https:\/\/franciscanos.org.br\/noticias\/missao-de-angola-em-festa-pelos-novos-frades-professos-solenes.html\" \/>\n<meta property=\"og:site_name\" content=\"Not\u00edcias - Franciscanos\" \/>\n<meta property=\"article:published_time\" content=\"2024-01-29T13:00:46+00:00\" \/>\n<meta property=\"article:modified_time\" content=\"2025-03-10T18:58:12+00:00\" \/>\n<meta property=\"og:image\" content=\"https:\/\/franciscanos.org.br\/noticias\/wp-content\/uploads\/2024\/01\/solene_09.jpg\" \/>\n\t<meta property=\"og:image:width\" content=\"1280\" \/>\n\t<meta property=\"og:image:height\" content=\"720\" \/>\n\t<meta property=\"og:image:type\" content=\"image\/jpeg\" \/>\n<meta name=\"author\" content=\"moacir\" \/>\n<meta name=\"twitter:card\" content=\"summary_large_image\" \/>\n<meta name=\"twitter:label1\" content=\"Escrito por\" \/>\n\t<meta name=\"twitter:data1\" content=\"moacir\" \/>\n\t<meta name=\"twitter:label2\" content=\"Est. tempo de leitura\" \/>\n\t<meta name=\"twitter:data2\" content=\"8 minutos\" \/>\n<script type=\"application\/ld+json\" class=\"yoast-schema-graph\">{\"@context\":\"https:\/\/schema.org\",\"@graph\":[{\"@type\":\"WebSite\",\"@id\":\"https:\/\/franciscanos.org.br\/noticias\/#website\",\"url\":\"https:\/\/franciscanos.org.br\/noticias\/\",\"name\":\"Not\u00edcias - Franciscanos\",\"description\":\"Prov\u00edncia Franciscana da Imaculada Concei\u00e7\u00e3o do Brasil - Ordem dos Frades Menores - OFM\",\"potentialAction\":[{\"@type\":\"SearchAction\",\"target\":{\"@type\":\"EntryPoint\",\"urlTemplate\":\"https:\/\/franciscanos.org.br\/noticias\/?s={search_term_string}\"},\"query-input\":\"required name=search_term_string\"}],\"inLanguage\":\"pt-BR\"},{\"@type\":\"ImageObject\",\"inLanguage\":\"pt-BR\",\"@id\":\"https:\/\/franciscanos.org.br\/noticias\/missao-de-angola-em-festa-pelos-novos-frades-professos-solenes.html#primaryimage\",\"url\":\"https:\/\/franciscanos.org.br\/noticias\/wp-content\/uploads\/2024\/01\/solene_09.jpg\",\"contentUrl\":\"https:\/\/franciscanos.org.br\/noticias\/wp-content\/uploads\/2024\/01\/solene_09.jpg\",\"width\":1280,\"height\":720},{\"@type\":\"WebPage\",\"@id\":\"https:\/\/franciscanos.org.br\/noticias\/missao-de-angola-em-festa-pelos-novos-frades-professos-solenes.html#webpage\",\"url\":\"https:\/\/franciscanos.org.br\/noticias\/missao-de-angola-em-festa-pelos-novos-frades-professos-solenes.html\",\"name\":\"Miss\u00e3o de Angola em festa pelos novos frades professos solenes - Not\u00edcias - Franciscanos\",\"isPartOf\":{\"@id\":\"https:\/\/franciscanos.org.br\/noticias\/#website\"},\"primaryImageOfPage\":{\"@id\":\"https:\/\/franciscanos.org.br\/noticias\/missao-de-angola-em-festa-pelos-novos-frades-professos-solenes.html#primaryimage\"},\"datePublished\":\"2024-01-29T13:00:46+00:00\",\"dateModified\":\"2025-03-10T18:58:12+00:00\",\"author\":{\"@id\":\"https:\/\/franciscanos.org.br\/noticias\/#\/schema\/person\/b5c8cba458c330ccff548b056e95a5d4\"},\"breadcrumb\":{\"@id\":\"https:\/\/franciscanos.org.br\/noticias\/missao-de-angola-em-festa-pelos-novos-frades-professos-solenes.html#breadcrumb\"},\"inLanguage\":\"pt-BR\",\"potentialAction\":[{\"@type\":\"ReadAction\",\"target\":[\"https:\/\/franciscanos.org.br\/noticias\/missao-de-angola-em-festa-pelos-novos-frades-professos-solenes.html\"]}]},{\"@type\":\"BreadcrumbList\",\"@id\":\"https:\/\/franciscanos.org.br\/noticias\/missao-de-angola-em-festa-pelos-novos-frades-professos-solenes.html#breadcrumb\",\"itemListElement\":[{\"@type\":\"ListItem\",\"position\":1,\"name\":\"Home\",\"item\":\"https:\/\/franciscanos.org.br\/noticias\"},{\"@type\":\"ListItem\",\"position\":2,\"name\":\"Miss\u00e3o de Angola em festa pelos novos frades professos solenes\"}]},{\"@type\":\"Person\",\"@id\":\"https:\/\/franciscanos.org.br\/noticias\/#\/schema\/person\/b5c8cba458c330ccff548b056e95a5d4\",\"name\":\"moacir\",\"image\":{\"@type\":\"ImageObject\",\"inLanguage\":\"pt-BR\",\"@id\":\"https:\/\/franciscanos.org.br\/noticias\/#\/schema\/person\/image\/\",\"url\":\"https:\/\/secure.gravatar.com\/avatar\/d08aa2ce4c8dd416d4479aa8536fcf64?s=96&d=mm&r=g\",\"contentUrl\":\"https:\/\/secure.gravatar.com\/avatar\/d08aa2ce4c8dd416d4479aa8536fcf64?s=96&d=mm&r=g\",\"caption\":\"moacir\"},\"url\":\"https:\/\/franciscanos.org.br\/noticias\/author\/moacir\"}]}<\/script>\n<!-- \/ Yoast SEO plugin. -->","yoast_head_json":{"title":"Miss\u00e3o de Angola em festa pelos novos frades professos solenes - Not\u00edcias - Franciscanos","robots":{"index":"index","follow":"follow","max-snippet":"max-snippet:-1","max-image-preview":"max-image-preview:large","max-video-preview":"max-video-preview:-1"},"canonical":"https:\/\/franciscanos.org.br\/noticias\/missao-de-angola-em-festa-pelos-novos-frades-professos-solenes.html","og_locale":"pt_BR","og_type":"article","og_title":"Miss\u00e3o de Angola em festa pelos novos frades professos solenes - Not\u00edcias - Franciscanos","og_description":"Funda\u00e7\u00e3o Imaculada M\u00e3e de Deus de Angola","og_url":"https:\/\/franciscanos.org.br\/noticias\/missao-de-angola-em-festa-pelos-novos-frades-professos-solenes.html","og_site_name":"Not\u00edcias - Franciscanos","article_published_time":"2024-01-29T13:00:46+00:00","article_modified_time":"2025-03-10T18:58:12+00:00","og_image":[{"width":1280,"height":720,"url":"https:\/\/franciscanos.org.br\/noticias\/wp-content\/uploads\/2024\/01\/solene_09.jpg","type":"image\/jpeg"}],"author":"moacir","twitter_card":"summary_large_image","twitter_misc":{"Escrito por":"moacir","Est. tempo de leitura":"8 minutos"},"schema":{"@context":"https:\/\/schema.org","@graph":[{"@type":"WebSite","@id":"https:\/\/franciscanos.org.br\/noticias\/#website","url":"https:\/\/franciscanos.org.br\/noticias\/","name":"Not\u00edcias - Franciscanos","description":"Prov\u00edncia Franciscana da Imaculada Concei\u00e7\u00e3o do Brasil - Ordem dos Frades Menores - OFM","potentialAction":[{"@type":"SearchAction","target":{"@type":"EntryPoint","urlTemplate":"https:\/\/franciscanos.org.br\/noticias\/?s={search_term_string}"},"query-input":"required name=search_term_string"}],"inLanguage":"pt-BR"},{"@type":"ImageObject","inLanguage":"pt-BR","@id":"https:\/\/franciscanos.org.br\/noticias\/missao-de-angola-em-festa-pelos-novos-frades-professos-solenes.html#primaryimage","url":"https:\/\/franciscanos.org.br\/noticias\/wp-content\/uploads\/2024\/01\/solene_09.jpg","contentUrl":"https:\/\/franciscanos.org.br\/noticias\/wp-content\/uploads\/2024\/01\/solene_09.jpg","width":1280,"height":720},{"@type":"WebPage","@id":"https:\/\/franciscanos.org.br\/noticias\/missao-de-angola-em-festa-pelos-novos-frades-professos-solenes.html#webpage","url":"https:\/\/franciscanos.org.br\/noticias\/missao-de-angola-em-festa-pelos-novos-frades-professos-solenes.html","name":"Miss\u00e3o de Angola em festa pelos novos frades professos solenes - Not\u00edcias - Franciscanos","isPartOf":{"@id":"https:\/\/franciscanos.org.br\/noticias\/#website"},"primaryImageOfPage":{"@id":"https:\/\/franciscanos.org.br\/noticias\/missao-de-angola-em-festa-pelos-novos-frades-professos-solenes.html#primaryimage"},"datePublished":"2024-01-29T13:00:46+00:00","dateModified":"2025-03-10T18:58:12+00:00","author":{"@id":"https:\/\/franciscanos.org.br\/noticias\/#\/schema\/person\/b5c8cba458c330ccff548b056e95a5d4"},"breadcrumb":{"@id":"https:\/\/franciscanos.org.br\/noticias\/missao-de-angola-em-festa-pelos-novos-frades-professos-solenes.html#breadcrumb"},"inLanguage":"pt-BR","potentialAction":[{"@type":"ReadAction","target":["https:\/\/franciscanos.org.br\/noticias\/missao-de-angola-em-festa-pelos-novos-frades-professos-solenes.html"]}]},{"@type":"BreadcrumbList","@id":"https:\/\/franciscanos.org.br\/noticias\/missao-de-angola-em-festa-pelos-novos-frades-professos-solenes.html#breadcrumb","itemListElement":[{"@type":"ListItem","position":1,"name":"Home","item":"https:\/\/franciscanos.org.br\/noticias"},{"@type":"ListItem","position":2,"name":"Miss\u00e3o de Angola em festa pelos novos frades professos solenes"}]},{"@type":"Person","@id":"https:\/\/franciscanos.org.br\/noticias\/#\/schema\/person\/b5c8cba458c330ccff548b056e95a5d4","name":"moacir","image":{"@type":"ImageObject","inLanguage":"pt-BR","@id":"https:\/\/franciscanos.org.br\/noticias\/#\/schema\/person\/image\/","url":"https:\/\/secure.gravatar.com\/avatar\/d08aa2ce4c8dd416d4479aa8536fcf64?s=96&d=mm&r=g","contentUrl":"https:\/\/secure.gravatar.com\/avatar\/d08aa2ce4c8dd416d4479aa8536fcf64?s=96&d=mm&r=g","caption":"moacir"},"url":"https:\/\/franciscanos.org.br\/noticias\/author\/moacir"}]}},"_links":{"self":[{"href":"https:\/\/franciscanos.org.br\/noticias\/wp-json\/wp\/v2\/posts\/246230"}],"collection":[{"href":"https:\/\/franciscanos.org.br\/noticias\/wp-json\/wp\/v2\/posts"}],"about":[{"href":"https:\/\/franciscanos.org.br\/noticias\/wp-json\/wp\/v2\/types\/post"}],"author":[{"embeddable":true,"href":"https:\/\/franciscanos.org.br\/noticias\/wp-json\/wp\/v2\/users\/3"}],"replies":[{"embeddable":true,"href":"https:\/\/franciscanos.org.br\/noticias\/wp-json\/wp\/v2\/comments?post=246230"}],"version-history":[{"count":5,"href":"https:\/\/franciscanos.org.br\/noticias\/wp-json\/wp\/v2\/posts\/246230\/revisions"}],"predecessor-version":[{"id":246272,"href":"https:\/\/franciscanos.org.br\/noticias\/wp-json\/wp\/v2\/posts\/246230\/revisions\/246272"}],"wp:featuredmedia":[{"embeddable":true,"href":"https:\/\/franciscanos.org.br\/noticias\/wp-json\/wp\/v2\/media\/246247"}],"wp:attachment":[{"href":"https:\/\/franciscanos.org.br\/noticias\/wp-json\/wp\/v2\/media?parent=246230"}],"wp:term":[{"taxonomy":"category","embeddable":true,"href":"https:\/\/franciscanos.org.br\/noticias\/wp-json\/wp\/v2\/categories?post=246230"},{"taxonomy":"post_tag","embeddable":true,"href":"https:\/\/franciscanos.org.br\/noticias\/wp-json\/wp\/v2\/tags?post=246230"}],"curies":[{"name":"wp","href":"https:\/\/api.w.org\/{rel}","templated":true}]}}