{"id":246226,"date":"2024-01-29T09:42:26","date_gmt":"2024-01-29T12:42:26","guid":{"rendered":"https:\/\/franciscanos.org.br\/noticias\/?p=246226"},"modified":"2024-01-29T09:42:26","modified_gmt":"2024-01-29T12:42:26","slug":"ponto-de-vista-do-ministro-geral-a-quais-caracteristicas-do-carisma-devemos-nos-abrir-hoje","status":"publish","type":"post","link":"https:\/\/franciscanos.org.br\/noticias\/ponto-de-vista-do-ministro-geral-a-quais-caracteristicas-do-carisma-devemos-nos-abrir-hoje.html","title":{"rendered":"&#8220;Ponto de vista&#8221; do Ministro Geral: a quais caracter\u00edsticas do carisma devemos nos abrir hoje?"},"content":{"rendered":"<p><img loading=\"lazy\" class=\"alignnone size-full wp-image-246227\" src=\"https:\/\/franciscanos.org.br\/noticias\/wp-content\/uploads\/2024\/01\/geral_29.jpg\" alt=\"\" width=\"1280\" height=\"628\" srcset=\"https:\/\/franciscanos.org.br\/noticias\/wp-content\/uploads\/2024\/01\/geral_29.jpg 1280w, https:\/\/franciscanos.org.br\/noticias\/wp-content\/uploads\/2024\/01\/geral_29-450x221.jpg 450w, https:\/\/franciscanos.org.br\/noticias\/wp-content\/uploads\/2024\/01\/geral_29-1024x502.jpg 1024w, https:\/\/franciscanos.org.br\/noticias\/wp-content\/uploads\/2024\/01\/geral_29-768x377.jpg 768w, https:\/\/franciscanos.org.br\/noticias\/wp-content\/uploads\/2024\/01\/geral_29-150x74.jpg 150w\" sizes=\"(max-width: 1280px) 100vw, 1280px\" \/><\/p>\n<p><strong>Acompanhe a reflex\u00e3o do Ministro Geral, Frei Massimo Fusarelli, na \u00a0coluna &#8220;Ponto de vista&#8221; para o m\u00eas de janeiro:<\/strong><\/p>\n<p>Hoje estamos cada vez mais conscientes da <strong>pluralidade de culturas<\/strong>, mesmo na Fraternidade internacional da Ordem, rica em cores, l\u00ednguas, sensibilidades e vis\u00f5es muito diversas. Como viver esta diversidade que, numa sociedade que alguns definiram como \u201carquip\u00e9lago\u201d, corre o risco de transformar o Pentecostes numa nova Babel?<\/p>\n<p>Parece-me que somos chamados a aprender sempre de novo a viver esta multiformidade n\u00e3o como uma amea\u00e7a, mas como uma oportunidade, que tamb\u00e9m nos ajuda a ouvir para onde o Esp\u00edrito nos leva. Desta forma fazemos com que o carisma que nos foi confiado d\u00ea origem a perspectivas in\u00e9ditas, novas oportunidades e abra novos caminhos para este mundo.<\/p>\n<p>A nossa tarefa, de fato, n\u00e3o \u00e9 repetir as f\u00f3rmulas que forjamos no Mediterr\u00e2neo e na Europa, tanto na Igreja como na nossa Fam\u00edlia Franciscana, mas ouvir a forma como cada cultura nos permite afirmar o n\u00facleo da da f\u00e9 crist\u00e3 e do modo de vida dos irm\u00e3os e menores, contemplativos em miss\u00e3o entre os pobres.<\/p>\n<p>Isto \u00e9 Pentecostes, que implica o reconhecimento m\u00fatuo de todos. N\u00e3o \u00e9 um dado adquirido entre n\u00f3s. Jo\u00e3o XXIII sonhou isto com o Vaticano II, e a sinodalidade hoje faz parte deste movimento.<\/p>\n<p>Estamos caminhando em n\u00edvel de Entidade da Ordem para os <strong>Cap\u00edtulos das Esteiras nas diversas Prov\u00edncias e Cust\u00f3dias,<\/strong> que convergir\u00e3o no internacional de 1\u00ba a 8 de junho de 2025 em Santa Maria dos Anjos. Nestes encontros queremos ouvir as nossas vozes e, em conjunto, as dos leigos, religiosos e religiosas, provenientes de muitas l\u00ednguas e culturas do mundo, para reiterar hoje o nosso carisma.<\/p>\n<p style=\"padding-left: 40px;\">Estamos trabalhando em diferentes n\u00edveis em tr\u00eas pontos:<\/p>\n<p style=\"padding-left: 40px;\">Renovando a nossa vis\u00e3o: a quais caracter\u00edsticas do carisma devemos nos abrir hoje?<br \/>\nCaminhar segundo um estilo: qual estilo prof\u00e9tico de fraternidade em minoridade?<br \/>\nAbra\u00e7ando o futuro: testemunho-miss\u00e3o: a quem e como servimos?<br \/>\nAcolhamos este apelo, para n\u00e3o nos contentarmos com a repeti\u00e7\u00e3o de f\u00f3rmulas, acreditando que o carisma de Francisco, Clara e Isabel est\u00e1 vivo e pode ser expresso nas muitas l\u00ednguas e culturas do nosso mundo, para mostrar a n\u00f3s e a todos hoje o beleza e novidade do Evangelho de Jesus.<\/p>\n<hr \/>\n<p><em>Fonte: www.ofm.org<\/em><\/p>\n","protected":false},"excerpt":{"rendered":"<p>Ordem dos Frades Menores<\/p>\n","protected":false},"author":3,"featured_media":246228,"comment_status":"open","ping_status":"open","sticky":false,"template":"","format":"standard","meta":[],"categories":[1],"tags":[184],"acf":[],"yoast_head":"<!-- This site is optimized with the Yoast SEO plugin v19.2 - https:\/\/yoast.com\/wordpress\/plugins\/seo\/ -->\n<title>&quot;Ponto de vista&quot; do Ministro Geral: a quais caracter\u00edsticas do carisma devemos nos abrir hoje? - Not\u00edcias - Franciscanos<\/title>\n<meta name=\"robots\" content=\"index, follow, max-snippet:-1, max-image-preview:large, max-video-preview:-1\" \/>\n<link rel=\"canonical\" href=\"https:\/\/franciscanos.org.br\/noticias\/ponto-de-vista-do-ministro-geral-a-quais-caracteristicas-do-carisma-devemos-nos-abrir-hoje.html\" \/>\n<meta property=\"og:locale\" content=\"pt_BR\" \/>\n<meta property=\"og:type\" content=\"article\" \/>\n<meta property=\"og:title\" content=\"&quot;Ponto de vista&quot; do Ministro Geral: a quais caracter\u00edsticas do carisma devemos nos abrir hoje? - Not\u00edcias - Franciscanos\" \/>\n<meta property=\"og:description\" content=\"Ordem dos Frades Menores\" \/>\n<meta property=\"og:url\" content=\"https:\/\/franciscanos.org.br\/noticias\/ponto-de-vista-do-ministro-geral-a-quais-caracteristicas-do-carisma-devemos-nos-abrir-hoje.html\" \/>\n<meta property=\"og:site_name\" content=\"Not\u00edcias - Franciscanos\" \/>\n<meta property=\"article:published_time\" content=\"2024-01-29T12:42:26+00:00\" \/>\n<meta property=\"og:image\" content=\"https:\/\/franciscanos.org.br\/noticias\/wp-content\/uploads\/2024\/01\/geral_29d.jpg\" \/>\n\t<meta property=\"og:image:width\" content=\"800\" \/>\n\t<meta property=\"og:image:height\" content=\"500\" \/>\n\t<meta property=\"og:image:type\" content=\"image\/jpeg\" \/>\n<meta name=\"author\" content=\"moacir\" \/>\n<meta name=\"twitter:card\" content=\"summary_large_image\" \/>\n<meta name=\"twitter:label1\" content=\"Escrito por\" \/>\n\t<meta name=\"twitter:data1\" content=\"moacir\" \/>\n\t<meta name=\"twitter:label2\" content=\"Est. tempo de leitura\" \/>\n\t<meta name=\"twitter:data2\" content=\"2 minutos\" \/>\n<script type=\"application\/ld+json\" class=\"yoast-schema-graph\">{\"@context\":\"https:\/\/schema.org\",\"@graph\":[{\"@type\":\"WebSite\",\"@id\":\"https:\/\/franciscanos.org.br\/noticias\/#website\",\"url\":\"https:\/\/franciscanos.org.br\/noticias\/\",\"name\":\"Not\u00edcias - Franciscanos\",\"description\":\"Prov\u00edncia Franciscana da Imaculada Concei\u00e7\u00e3o do Brasil - Ordem dos Frades Menores - OFM\",\"potentialAction\":[{\"@type\":\"SearchAction\",\"target\":{\"@type\":\"EntryPoint\",\"urlTemplate\":\"https:\/\/franciscanos.org.br\/noticias\/?s={search_term_string}\"},\"query-input\":\"required name=search_term_string\"}],\"inLanguage\":\"pt-BR\"},{\"@type\":\"ImageObject\",\"inLanguage\":\"pt-BR\",\"@id\":\"https:\/\/franciscanos.org.br\/noticias\/ponto-de-vista-do-ministro-geral-a-quais-caracteristicas-do-carisma-devemos-nos-abrir-hoje.html#primaryimage\",\"url\":\"https:\/\/franciscanos.org.br\/noticias\/wp-content\/uploads\/2024\/01\/geral_29d.jpg\",\"contentUrl\":\"https:\/\/franciscanos.org.br\/noticias\/wp-content\/uploads\/2024\/01\/geral_29d.jpg\",\"width\":800,\"height\":500},{\"@type\":\"WebPage\",\"@id\":\"https:\/\/franciscanos.org.br\/noticias\/ponto-de-vista-do-ministro-geral-a-quais-caracteristicas-do-carisma-devemos-nos-abrir-hoje.html#webpage\",\"url\":\"https:\/\/franciscanos.org.br\/noticias\/ponto-de-vista-do-ministro-geral-a-quais-caracteristicas-do-carisma-devemos-nos-abrir-hoje.html\",\"name\":\"\\\"Ponto de vista\\\" do Ministro Geral: a quais caracter\u00edsticas do carisma devemos nos abrir hoje? - Not\u00edcias - Franciscanos\",\"isPartOf\":{\"@id\":\"https:\/\/franciscanos.org.br\/noticias\/#website\"},\"primaryImageOfPage\":{\"@id\":\"https:\/\/franciscanos.org.br\/noticias\/ponto-de-vista-do-ministro-geral-a-quais-caracteristicas-do-carisma-devemos-nos-abrir-hoje.html#primaryimage\"},\"datePublished\":\"2024-01-29T12:42:26+00:00\",\"dateModified\":\"2024-01-29T12:42:26+00:00\",\"author\":{\"@id\":\"https:\/\/franciscanos.org.br\/noticias\/#\/schema\/person\/b5c8cba458c330ccff548b056e95a5d4\"},\"breadcrumb\":{\"@id\":\"https:\/\/franciscanos.org.br\/noticias\/ponto-de-vista-do-ministro-geral-a-quais-caracteristicas-do-carisma-devemos-nos-abrir-hoje.html#breadcrumb\"},\"inLanguage\":\"pt-BR\",\"potentialAction\":[{\"@type\":\"ReadAction\",\"target\":[\"https:\/\/franciscanos.org.br\/noticias\/ponto-de-vista-do-ministro-geral-a-quais-caracteristicas-do-carisma-devemos-nos-abrir-hoje.html\"]}]},{\"@type\":\"BreadcrumbList\",\"@id\":\"https:\/\/franciscanos.org.br\/noticias\/ponto-de-vista-do-ministro-geral-a-quais-caracteristicas-do-carisma-devemos-nos-abrir-hoje.html#breadcrumb\",\"itemListElement\":[{\"@type\":\"ListItem\",\"position\":1,\"name\":\"Home\",\"item\":\"https:\/\/franciscanos.org.br\/noticias\"},{\"@type\":\"ListItem\",\"position\":2,\"name\":\"&#8220;Ponto de vista&#8221; do Ministro Geral: a quais caracter\u00edsticas do carisma devemos nos abrir hoje?\"}]},{\"@type\":\"Person\",\"@id\":\"https:\/\/franciscanos.org.br\/noticias\/#\/schema\/person\/b5c8cba458c330ccff548b056e95a5d4\",\"name\":\"moacir\",\"image\":{\"@type\":\"ImageObject\",\"inLanguage\":\"pt-BR\",\"@id\":\"https:\/\/franciscanos.org.br\/noticias\/#\/schema\/person\/image\/\",\"url\":\"https:\/\/secure.gravatar.com\/avatar\/d08aa2ce4c8dd416d4479aa8536fcf64?s=96&d=mm&r=g\",\"contentUrl\":\"https:\/\/secure.gravatar.com\/avatar\/d08aa2ce4c8dd416d4479aa8536fcf64?s=96&d=mm&r=g\",\"caption\":\"moacir\"},\"url\":\"https:\/\/franciscanos.org.br\/noticias\/author\/moacir\"}]}<\/script>\n<!-- \/ Yoast SEO plugin. -->","yoast_head_json":{"title":"\"Ponto de vista\" do Ministro Geral: a quais caracter\u00edsticas do carisma devemos nos abrir hoje? - Not\u00edcias - Franciscanos","robots":{"index":"index","follow":"follow","max-snippet":"max-snippet:-1","max-image-preview":"max-image-preview:large","max-video-preview":"max-video-preview:-1"},"canonical":"https:\/\/franciscanos.org.br\/noticias\/ponto-de-vista-do-ministro-geral-a-quais-caracteristicas-do-carisma-devemos-nos-abrir-hoje.html","og_locale":"pt_BR","og_type":"article","og_title":"\"Ponto de vista\" do Ministro Geral: a quais caracter\u00edsticas do carisma devemos nos abrir hoje? - Not\u00edcias - Franciscanos","og_description":"Ordem dos Frades Menores","og_url":"https:\/\/franciscanos.org.br\/noticias\/ponto-de-vista-do-ministro-geral-a-quais-caracteristicas-do-carisma-devemos-nos-abrir-hoje.html","og_site_name":"Not\u00edcias - Franciscanos","article_published_time":"2024-01-29T12:42:26+00:00","og_image":[{"width":800,"height":500,"url":"https:\/\/franciscanos.org.br\/noticias\/wp-content\/uploads\/2024\/01\/geral_29d.jpg","type":"image\/jpeg"}],"author":"moacir","twitter_card":"summary_large_image","twitter_misc":{"Escrito por":"moacir","Est. tempo de leitura":"2 minutos"},"schema":{"@context":"https:\/\/schema.org","@graph":[{"@type":"WebSite","@id":"https:\/\/franciscanos.org.br\/noticias\/#website","url":"https:\/\/franciscanos.org.br\/noticias\/","name":"Not\u00edcias - Franciscanos","description":"Prov\u00edncia Franciscana da Imaculada Concei\u00e7\u00e3o do Brasil - Ordem dos Frades Menores - OFM","potentialAction":[{"@type":"SearchAction","target":{"@type":"EntryPoint","urlTemplate":"https:\/\/franciscanos.org.br\/noticias\/?s={search_term_string}"},"query-input":"required name=search_term_string"}],"inLanguage":"pt-BR"},{"@type":"ImageObject","inLanguage":"pt-BR","@id":"https:\/\/franciscanos.org.br\/noticias\/ponto-de-vista-do-ministro-geral-a-quais-caracteristicas-do-carisma-devemos-nos-abrir-hoje.html#primaryimage","url":"https:\/\/franciscanos.org.br\/noticias\/wp-content\/uploads\/2024\/01\/geral_29d.jpg","contentUrl":"https:\/\/franciscanos.org.br\/noticias\/wp-content\/uploads\/2024\/01\/geral_29d.jpg","width":800,"height":500},{"@type":"WebPage","@id":"https:\/\/franciscanos.org.br\/noticias\/ponto-de-vista-do-ministro-geral-a-quais-caracteristicas-do-carisma-devemos-nos-abrir-hoje.html#webpage","url":"https:\/\/franciscanos.org.br\/noticias\/ponto-de-vista-do-ministro-geral-a-quais-caracteristicas-do-carisma-devemos-nos-abrir-hoje.html","name":"\"Ponto de vista\" do Ministro Geral: a quais caracter\u00edsticas do carisma devemos nos abrir hoje? - Not\u00edcias - Franciscanos","isPartOf":{"@id":"https:\/\/franciscanos.org.br\/noticias\/#website"},"primaryImageOfPage":{"@id":"https:\/\/franciscanos.org.br\/noticias\/ponto-de-vista-do-ministro-geral-a-quais-caracteristicas-do-carisma-devemos-nos-abrir-hoje.html#primaryimage"},"datePublished":"2024-01-29T12:42:26+00:00","dateModified":"2024-01-29T12:42:26+00:00","author":{"@id":"https:\/\/franciscanos.org.br\/noticias\/#\/schema\/person\/b5c8cba458c330ccff548b056e95a5d4"},"breadcrumb":{"@id":"https:\/\/franciscanos.org.br\/noticias\/ponto-de-vista-do-ministro-geral-a-quais-caracteristicas-do-carisma-devemos-nos-abrir-hoje.html#breadcrumb"},"inLanguage":"pt-BR","potentialAction":[{"@type":"ReadAction","target":["https:\/\/franciscanos.org.br\/noticias\/ponto-de-vista-do-ministro-geral-a-quais-caracteristicas-do-carisma-devemos-nos-abrir-hoje.html"]}]},{"@type":"BreadcrumbList","@id":"https:\/\/franciscanos.org.br\/noticias\/ponto-de-vista-do-ministro-geral-a-quais-caracteristicas-do-carisma-devemos-nos-abrir-hoje.html#breadcrumb","itemListElement":[{"@type":"ListItem","position":1,"name":"Home","item":"https:\/\/franciscanos.org.br\/noticias"},{"@type":"ListItem","position":2,"name":"&#8220;Ponto de vista&#8221; do Ministro Geral: a quais caracter\u00edsticas do carisma devemos nos abrir hoje?"}]},{"@type":"Person","@id":"https:\/\/franciscanos.org.br\/noticias\/#\/schema\/person\/b5c8cba458c330ccff548b056e95a5d4","name":"moacir","image":{"@type":"ImageObject","inLanguage":"pt-BR","@id":"https:\/\/franciscanos.org.br\/noticias\/#\/schema\/person\/image\/","url":"https:\/\/secure.gravatar.com\/avatar\/d08aa2ce4c8dd416d4479aa8536fcf64?s=96&d=mm&r=g","contentUrl":"https:\/\/secure.gravatar.com\/avatar\/d08aa2ce4c8dd416d4479aa8536fcf64?s=96&d=mm&r=g","caption":"moacir"},"url":"https:\/\/franciscanos.org.br\/noticias\/author\/moacir"}]}},"_links":{"self":[{"href":"https:\/\/franciscanos.org.br\/noticias\/wp-json\/wp\/v2\/posts\/246226"}],"collection":[{"href":"https:\/\/franciscanos.org.br\/noticias\/wp-json\/wp\/v2\/posts"}],"about":[{"href":"https:\/\/franciscanos.org.br\/noticias\/wp-json\/wp\/v2\/types\/post"}],"author":[{"embeddable":true,"href":"https:\/\/franciscanos.org.br\/noticias\/wp-json\/wp\/v2\/users\/3"}],"replies":[{"embeddable":true,"href":"https:\/\/franciscanos.org.br\/noticias\/wp-json\/wp\/v2\/comments?post=246226"}],"version-history":[{"count":1,"href":"https:\/\/franciscanos.org.br\/noticias\/wp-json\/wp\/v2\/posts\/246226\/revisions"}],"predecessor-version":[{"id":246229,"href":"https:\/\/franciscanos.org.br\/noticias\/wp-json\/wp\/v2\/posts\/246226\/revisions\/246229"}],"wp:featuredmedia":[{"embeddable":true,"href":"https:\/\/franciscanos.org.br\/noticias\/wp-json\/wp\/v2\/media\/246228"}],"wp:attachment":[{"href":"https:\/\/franciscanos.org.br\/noticias\/wp-json\/wp\/v2\/media?parent=246226"}],"wp:term":[{"taxonomy":"category","embeddable":true,"href":"https:\/\/franciscanos.org.br\/noticias\/wp-json\/wp\/v2\/categories?post=246226"},{"taxonomy":"post_tag","embeddable":true,"href":"https:\/\/franciscanos.org.br\/noticias\/wp-json\/wp\/v2\/tags?post=246226"}],"curies":[{"name":"wp","href":"https:\/\/api.w.org\/{rel}","templated":true}]}}