{"id":246221,"date":"2024-01-28T07:23:29","date_gmt":"2024-01-28T10:23:29","guid":{"rendered":"https:\/\/franciscanos.org.br\/noticias\/?p=246221"},"modified":"2024-01-28T07:23:29","modified_gmt":"2024-01-28T10:23:29","slug":"em-pato-branco-jovens-vivenciam-o-carisma-franciscano","status":"publish","type":"post","link":"https:\/\/franciscanos.org.br\/noticias\/em-pato-branco-jovens-vivenciam-o-carisma-franciscano.html","title":{"rendered":"Em Pato Branco, jovens vivenciam o carisma franciscano"},"content":{"rendered":"<p><img loading=\"lazy\" class=\"alignnone wp-image-246222 size-full\" src=\"https:\/\/franciscanos.org.br\/noticias\/wp-content\/uploads\/2024\/01\/3o-dia-MFJ-V3-1-scaled.jpg\" alt=\"\" width=\"1620\" height=\"1080\" srcset=\"https:\/\/franciscanos.org.br\/noticias\/wp-content\/uploads\/2024\/01\/3o-dia-MFJ-V3-1-scaled.jpg 1620w, https:\/\/franciscanos.org.br\/noticias\/wp-content\/uploads\/2024\/01\/3o-dia-MFJ-V3-1-450x300.jpg 450w, https:\/\/franciscanos.org.br\/noticias\/wp-content\/uploads\/2024\/01\/3o-dia-MFJ-V3-1-1024x683.jpg 1024w, https:\/\/franciscanos.org.br\/noticias\/wp-content\/uploads\/2024\/01\/3o-dia-MFJ-V3-1-768x512.jpg 768w, https:\/\/franciscanos.org.br\/noticias\/wp-content\/uploads\/2024\/01\/3o-dia-MFJ-V3-1-1536x1024.jpg 1536w, https:\/\/franciscanos.org.br\/noticias\/wp-content\/uploads\/2024\/01\/3o-dia-MFJ-V3-1-2048x1365.jpg 2048w, https:\/\/franciscanos.org.br\/noticias\/wp-content\/uploads\/2024\/01\/3o-dia-MFJ-V3-1-150x100.jpg 150w\" sizes=\"(max-width: 1620px) 100vw, 1620px\" \/><\/p>\n<p>&nbsp;<\/p>\n<p><span style=\"font-weight: 400;\">Neste s\u00e1bado (27), o terceiro dia da 8\u00aa Miss\u00e3o Franciscana da Juventude (MFJ), realizada em Pato Branco,\u00a0 foi repleto de momentos de partilha, doa\u00e7\u00e3o e caridade.\u00a0 Das 8h \u00e0s 18h, os mais de 200 jovens,\u00a0 acolhidos nas casas das fam\u00edlias do munic\u00edpio, dividiram-se em grupos que percorreram diferentes regi\u00f5es da cidade que estavam prontos para receb\u00ea-los.<\/span><\/p>\n<p><span style=\"font-weight: 400;\">Guiados pelo carisma franciscano e inspirados pelos ensinamentos de S\u00e3o Francisco de Assis, os mission\u00e1rios desenvolveram diferentes atividades destinadas a espalhar mensagens de amor, esperan\u00e7a e solidariedade.<\/span><\/p>\n<p><span style=\"font-weight: 400;\">Os jovens cumpriram diferentes miss\u00f5es. Alguns dedicaram-se \u00e0 distribui\u00e7\u00e3o de cestas b\u00e1sicas para fam\u00edlias carentes. O gesto concreto demonstra o compromisso em atender n\u00e3o apenas as necessidades espirituais, mas tamb\u00e9m as materiais daqueles que mais precisam.<\/span><\/p>\n<p><span style=\"font-weight: 400;\">Outros grupos percorreram as ruas das comunidades, aben\u00e7oando resid\u00eancias e acolhendo os doentes com boas conversas. Essa abordagem refletiu a ess\u00eancia da miss\u00e3o franciscana, centrada na compaix\u00e3o e no cuidado pelos mais vulner\u00e1veis.\u00a0\u00a0<\/span><\/p>\n<p><img loading=\"lazy\" class=\"size-medium wp-image-246224 alignright\" src=\"https:\/\/franciscanos.org.br\/noticias\/wp-content\/uploads\/2024\/01\/IMG_6527-450x300.jpg\" alt=\"\" width=\"450\" height=\"300\" srcset=\"https:\/\/franciscanos.org.br\/noticias\/wp-content\/uploads\/2024\/01\/IMG_6527-450x300.jpg 450w, https:\/\/franciscanos.org.br\/noticias\/wp-content\/uploads\/2024\/01\/IMG_6527-1024x683.jpg 1024w, https:\/\/franciscanos.org.br\/noticias\/wp-content\/uploads\/2024\/01\/IMG_6527-768x512.jpg 768w, https:\/\/franciscanos.org.br\/noticias\/wp-content\/uploads\/2024\/01\/IMG_6527-1536x1024.jpg 1536w, https:\/\/franciscanos.org.br\/noticias\/wp-content\/uploads\/2024\/01\/IMG_6527-2048x1365.jpg 2048w, https:\/\/franciscanos.org.br\/noticias\/wp-content\/uploads\/2024\/01\/IMG_6527-150x100.jpg 150w, https:\/\/franciscanos.org.br\/noticias\/wp-content\/uploads\/2024\/01\/IMG_6527-scaled.jpg 1620w\" sizes=\"(max-width: 450px) 100vw, 450px\" \/><\/p>\n<p><span style=\"font-weight: 400;\">Outro momento especial foi a visita \u00e0 casa de repouso S\u00e3o Francisco, onde os jovens dan\u00e7aram com os idosos e celebraram as belezas da vida.<\/span><\/p>\n<p><span style=\"font-weight: 400;\">As fam\u00edlias que receberam os jovens vinham se preparando para isso h\u00e1 algumas semanas. Elenice, que \u00e9 membro do conselho da igreja na comunidade de Santa Isabel, abriu a sua casa para uma dupla de jovens e ela relatou que a experi\u00eancia foi transformadora e que em poucos minutos aqueles mission\u00e1rios j\u00e1 n\u00e3o eram mais desconhecidos. \u201c No momento em que enxergamos aquelas carinhas com a esperan\u00e7a de um mundo melhor contagiou a gente. Parecia que eu ja conhecia aqueles jovens, pois nos partilhamos os mesmos princ\u00edpios, como querer bem o pr\u00f3ximo e querer divulgar o evangelho, ent\u00e3o n\u00e3o foi dif\u00edcil, em quest\u00e3o de 5 minutos n\u00f3s j\u00e1 \u00e9ramos como uma fam\u00edlia\u201d. Contou a conselheira.<\/span><\/p>\n<p><span style=\"font-weight: 400;\">Na Casa de Recupera\u00e7\u00e3o S.O.S Vida, os jovens viveram momentos de escuta, apoio e encorajamento daqueles que buscam superar desafios pessoais. A presen\u00e7a dos mission\u00e1rios trouxe\u00a0 consolo e esperan\u00e7a para aqueles que est\u00e3o em busca de uma nova chance na vida.<\/span><\/p>\n<p><img loading=\"lazy\" class=\"size-medium wp-image-246223 alignleft\" src=\"https:\/\/franciscanos.org.br\/noticias\/wp-content\/uploads\/2024\/01\/3o-dia-MFJ-V3-4-450x300.jpg\" alt=\"\" width=\"450\" height=\"300\" srcset=\"https:\/\/franciscanos.org.br\/noticias\/wp-content\/uploads\/2024\/01\/3o-dia-MFJ-V3-4-450x300.jpg 450w, https:\/\/franciscanos.org.br\/noticias\/wp-content\/uploads\/2024\/01\/3o-dia-MFJ-V3-4-1024x683.jpg 1024w, https:\/\/franciscanos.org.br\/noticias\/wp-content\/uploads\/2024\/01\/3o-dia-MFJ-V3-4-768x512.jpg 768w, https:\/\/franciscanos.org.br\/noticias\/wp-content\/uploads\/2024\/01\/3o-dia-MFJ-V3-4-1536x1024.jpg 1536w, https:\/\/franciscanos.org.br\/noticias\/wp-content\/uploads\/2024\/01\/3o-dia-MFJ-V3-4-2048x1365.jpg 2048w, https:\/\/franciscanos.org.br\/noticias\/wp-content\/uploads\/2024\/01\/3o-dia-MFJ-V3-4-150x100.jpg 150w, https:\/\/franciscanos.org.br\/noticias\/wp-content\/uploads\/2024\/01\/3o-dia-MFJ-V3-4-scaled.jpg 1620w\" sizes=\"(max-width: 450px) 100vw, 450px\" \/><\/p>\n<p><span style=\"font-weight: 400;\">J\u00e1 na Associa\u00e7\u00e3o de Prote\u00e7\u00e3o e Assist\u00eancia aos Condenados (APAC) de Pato Branco, os\u00a0 jovens mergulharam numa realidade que , para muitos, \u00e9 estranha \u00e0 realidade\u00a0 de suas vidas. Mas, onde h\u00e1 desespero, tamb\u00e9m \u00e9\u00a0 poss\u00edvel levar esperan\u00e7a. Foi isso que os visitantes fizeram quando conversaram com os recuperandos e levaram al\u00edvio para as vidas que ali esperam por aten\u00e7\u00e3o.\u00a0 Essa experi\u00eancia destaca o compromisso franciscano com a justi\u00e7a restaurativa e a compaix\u00e3o para com aqueles que, muitas vezes, s\u00e3o marginalizados pela sociedade.<\/span><\/p>\n<p><span style=\"font-weight: 400;\">Uma das propostas da MFJ \u00e9 promover a transforma\u00e7\u00e3o dos jovens participantes, dando a eles a oportunidade de viver experi\u00eancias caracter\u00edsticas do carisma franciscano.\u00a0 Conhecer diferentes realidades e vivenciar situa\u00e7\u00f5es que favorecem a solidariedade e o amor ao pr\u00f3ximo. Este tamb\u00e9m \u00e9 o caminho para um encontro especial com Deus, seguindo os ensinamentos de Jesus Cristo.<\/span><\/p>\n<hr \/>\n<p><em>Jo\u00e3o V\u00edtor Rodrigues<\/em><\/p>\n","protected":false},"excerpt":{"rendered":"<p>&nbsp; Neste s\u00e1bado (27), o terceiro dia da 8\u00aa Miss\u00e3o Franciscana da Juventude (MFJ), realizada em Pato Branco,\u00a0 foi repleto de momentos de partilha, doa\u00e7\u00e3o e caridade.\u00a0 Das 8h \u00e0s 18h, os mais de 200 jovens,\u00a0 acolhidos nas casas das fam\u00edlias do munic\u00edpio, dividiram-se em grupos que percorreram diferentes regi\u00f5es da cidade que estavam prontos [&hellip;]<\/p>\n","protected":false},"author":10,"featured_media":246222,"comment_status":"open","ping_status":"open","sticky":false,"template":"","format":"standard","meta":[],"categories":[1],"tags":[1206],"acf":[],"yoast_head":"<!-- This site is optimized with the Yoast SEO plugin v19.2 - https:\/\/yoast.com\/wordpress\/plugins\/seo\/ -->\n<title>Em Pato Branco, jovens vivenciam o carisma franciscano - Not\u00edcias - Franciscanos<\/title>\n<meta name=\"robots\" content=\"index, follow, max-snippet:-1, max-image-preview:large, max-video-preview:-1\" \/>\n<link rel=\"canonical\" href=\"https:\/\/franciscanos.org.br\/noticias\/em-pato-branco-jovens-vivenciam-o-carisma-franciscano.html\" \/>\n<meta property=\"og:locale\" content=\"pt_BR\" \/>\n<meta property=\"og:type\" content=\"article\" \/>\n<meta property=\"og:title\" content=\"Em Pato Branco, jovens vivenciam o carisma franciscano - Not\u00edcias - Franciscanos\" \/>\n<meta property=\"og:description\" content=\"&nbsp; Neste s\u00e1bado (27), o terceiro dia da 8\u00aa Miss\u00e3o Franciscana da Juventude (MFJ), realizada em Pato Branco,\u00a0 foi repleto de momentos de partilha, doa\u00e7\u00e3o e caridade.\u00a0 Das 8h \u00e0s 18h, os mais de 200 jovens,\u00a0 acolhidos nas casas das fam\u00edlias do munic\u00edpio, dividiram-se em grupos que percorreram diferentes regi\u00f5es da cidade que estavam prontos [&hellip;]\" \/>\n<meta property=\"og:url\" content=\"https:\/\/franciscanos.org.br\/noticias\/em-pato-branco-jovens-vivenciam-o-carisma-franciscano.html\" \/>\n<meta property=\"og:site_name\" content=\"Not\u00edcias - Franciscanos\" \/>\n<meta property=\"article:published_time\" content=\"2024-01-28T10:23:29+00:00\" \/>\n<meta property=\"og:image\" content=\"https:\/\/franciscanos.org.br\/noticias\/wp-content\/uploads\/2024\/01\/3o-dia-MFJ-V3-1-scaled.jpg\" \/>\n\t<meta property=\"og:image:width\" content=\"1620\" \/>\n\t<meta property=\"og:image:height\" content=\"1080\" \/>\n\t<meta property=\"og:image:type\" content=\"image\/jpeg\" \/>\n<meta name=\"author\" content=\"Jo\u00e3o Vitor\" \/>\n<meta name=\"twitter:card\" content=\"summary_large_image\" \/>\n<meta name=\"twitter:label1\" content=\"Escrito por\" \/>\n\t<meta name=\"twitter:data1\" content=\"Jo\u00e3o Vitor\" \/>\n\t<meta name=\"twitter:label2\" content=\"Est. tempo de leitura\" \/>\n\t<meta name=\"twitter:data2\" content=\"4 minutos\" \/>\n<script type=\"application\/ld+json\" class=\"yoast-schema-graph\">{\"@context\":\"https:\/\/schema.org\",\"@graph\":[{\"@type\":\"WebSite\",\"@id\":\"https:\/\/franciscanos.org.br\/noticias\/#website\",\"url\":\"https:\/\/franciscanos.org.br\/noticias\/\",\"name\":\"Not\u00edcias - Franciscanos\",\"description\":\"Prov\u00edncia Franciscana da Imaculada Concei\u00e7\u00e3o do Brasil - Ordem dos Frades Menores - OFM\",\"potentialAction\":[{\"@type\":\"SearchAction\",\"target\":{\"@type\":\"EntryPoint\",\"urlTemplate\":\"https:\/\/franciscanos.org.br\/noticias\/?s={search_term_string}\"},\"query-input\":\"required name=search_term_string\"}],\"inLanguage\":\"pt-BR\"},{\"@type\":\"ImageObject\",\"inLanguage\":\"pt-BR\",\"@id\":\"https:\/\/franciscanos.org.br\/noticias\/em-pato-branco-jovens-vivenciam-o-carisma-franciscano.html#primaryimage\",\"url\":\"https:\/\/franciscanos.org.br\/noticias\/wp-content\/uploads\/2024\/01\/3o-dia-MFJ-V3-1-scaled.jpg\",\"contentUrl\":\"https:\/\/franciscanos.org.br\/noticias\/wp-content\/uploads\/2024\/01\/3o-dia-MFJ-V3-1-scaled.jpg\",\"width\":1620,\"height\":1080},{\"@type\":\"WebPage\",\"@id\":\"https:\/\/franciscanos.org.br\/noticias\/em-pato-branco-jovens-vivenciam-o-carisma-franciscano.html#webpage\",\"url\":\"https:\/\/franciscanos.org.br\/noticias\/em-pato-branco-jovens-vivenciam-o-carisma-franciscano.html\",\"name\":\"Em Pato Branco, jovens vivenciam o carisma franciscano - Not\u00edcias - Franciscanos\",\"isPartOf\":{\"@id\":\"https:\/\/franciscanos.org.br\/noticias\/#website\"},\"primaryImageOfPage\":{\"@id\":\"https:\/\/franciscanos.org.br\/noticias\/em-pato-branco-jovens-vivenciam-o-carisma-franciscano.html#primaryimage\"},\"datePublished\":\"2024-01-28T10:23:29+00:00\",\"dateModified\":\"2024-01-28T10:23:29+00:00\",\"author\":{\"@id\":\"https:\/\/franciscanos.org.br\/noticias\/#\/schema\/person\/8c11f06a466b856a11dd48d20600055f\"},\"breadcrumb\":{\"@id\":\"https:\/\/franciscanos.org.br\/noticias\/em-pato-branco-jovens-vivenciam-o-carisma-franciscano.html#breadcrumb\"},\"inLanguage\":\"pt-BR\",\"potentialAction\":[{\"@type\":\"ReadAction\",\"target\":[\"https:\/\/franciscanos.org.br\/noticias\/em-pato-branco-jovens-vivenciam-o-carisma-franciscano.html\"]}]},{\"@type\":\"BreadcrumbList\",\"@id\":\"https:\/\/franciscanos.org.br\/noticias\/em-pato-branco-jovens-vivenciam-o-carisma-franciscano.html#breadcrumb\",\"itemListElement\":[{\"@type\":\"ListItem\",\"position\":1,\"name\":\"Home\",\"item\":\"https:\/\/franciscanos.org.br\/noticias\"},{\"@type\":\"ListItem\",\"position\":2,\"name\":\"Em Pato Branco, jovens vivenciam o carisma franciscano\"}]},{\"@type\":\"Person\",\"@id\":\"https:\/\/franciscanos.org.br\/noticias\/#\/schema\/person\/8c11f06a466b856a11dd48d20600055f\",\"name\":\"Jo\u00e3o Vitor\",\"image\":{\"@type\":\"ImageObject\",\"inLanguage\":\"pt-BR\",\"@id\":\"https:\/\/franciscanos.org.br\/noticias\/#\/schema\/person\/image\/\",\"url\":\"https:\/\/secure.gravatar.com\/avatar\/10ba5c9713e0c323617b4309a19e3a46?s=96&d=mm&r=g\",\"contentUrl\":\"https:\/\/secure.gravatar.com\/avatar\/10ba5c9713e0c323617b4309a19e3a46?s=96&d=mm&r=g\",\"caption\":\"Jo\u00e3o Vitor\"},\"url\":\"https:\/\/franciscanos.org.br\/noticias\/author\/joaovitor\"}]}<\/script>\n<!-- \/ Yoast SEO plugin. -->","yoast_head_json":{"title":"Em Pato Branco, jovens vivenciam o carisma franciscano - Not\u00edcias - Franciscanos","robots":{"index":"index","follow":"follow","max-snippet":"max-snippet:-1","max-image-preview":"max-image-preview:large","max-video-preview":"max-video-preview:-1"},"canonical":"https:\/\/franciscanos.org.br\/noticias\/em-pato-branco-jovens-vivenciam-o-carisma-franciscano.html","og_locale":"pt_BR","og_type":"article","og_title":"Em Pato Branco, jovens vivenciam o carisma franciscano - Not\u00edcias - Franciscanos","og_description":"&nbsp; Neste s\u00e1bado (27), o terceiro dia da 8\u00aa Miss\u00e3o Franciscana da Juventude (MFJ), realizada em Pato Branco,\u00a0 foi repleto de momentos de partilha, doa\u00e7\u00e3o e caridade.\u00a0 Das 8h \u00e0s 18h, os mais de 200 jovens,\u00a0 acolhidos nas casas das fam\u00edlias do munic\u00edpio, dividiram-se em grupos que percorreram diferentes regi\u00f5es da cidade que estavam prontos [&hellip;]","og_url":"https:\/\/franciscanos.org.br\/noticias\/em-pato-branco-jovens-vivenciam-o-carisma-franciscano.html","og_site_name":"Not\u00edcias - Franciscanos","article_published_time":"2024-01-28T10:23:29+00:00","og_image":[{"width":1620,"height":1080,"url":"https:\/\/franciscanos.org.br\/noticias\/wp-content\/uploads\/2024\/01\/3o-dia-MFJ-V3-1-scaled.jpg","type":"image\/jpeg"}],"author":"Jo\u00e3o Vitor","twitter_card":"summary_large_image","twitter_misc":{"Escrito por":"Jo\u00e3o Vitor","Est. tempo de leitura":"4 minutos"},"schema":{"@context":"https:\/\/schema.org","@graph":[{"@type":"WebSite","@id":"https:\/\/franciscanos.org.br\/noticias\/#website","url":"https:\/\/franciscanos.org.br\/noticias\/","name":"Not\u00edcias - Franciscanos","description":"Prov\u00edncia Franciscana da Imaculada Concei\u00e7\u00e3o do Brasil - Ordem dos Frades Menores - OFM","potentialAction":[{"@type":"SearchAction","target":{"@type":"EntryPoint","urlTemplate":"https:\/\/franciscanos.org.br\/noticias\/?s={search_term_string}"},"query-input":"required name=search_term_string"}],"inLanguage":"pt-BR"},{"@type":"ImageObject","inLanguage":"pt-BR","@id":"https:\/\/franciscanos.org.br\/noticias\/em-pato-branco-jovens-vivenciam-o-carisma-franciscano.html#primaryimage","url":"https:\/\/franciscanos.org.br\/noticias\/wp-content\/uploads\/2024\/01\/3o-dia-MFJ-V3-1-scaled.jpg","contentUrl":"https:\/\/franciscanos.org.br\/noticias\/wp-content\/uploads\/2024\/01\/3o-dia-MFJ-V3-1-scaled.jpg","width":1620,"height":1080},{"@type":"WebPage","@id":"https:\/\/franciscanos.org.br\/noticias\/em-pato-branco-jovens-vivenciam-o-carisma-franciscano.html#webpage","url":"https:\/\/franciscanos.org.br\/noticias\/em-pato-branco-jovens-vivenciam-o-carisma-franciscano.html","name":"Em Pato Branco, jovens vivenciam o carisma franciscano - Not\u00edcias - Franciscanos","isPartOf":{"@id":"https:\/\/franciscanos.org.br\/noticias\/#website"},"primaryImageOfPage":{"@id":"https:\/\/franciscanos.org.br\/noticias\/em-pato-branco-jovens-vivenciam-o-carisma-franciscano.html#primaryimage"},"datePublished":"2024-01-28T10:23:29+00:00","dateModified":"2024-01-28T10:23:29+00:00","author":{"@id":"https:\/\/franciscanos.org.br\/noticias\/#\/schema\/person\/8c11f06a466b856a11dd48d20600055f"},"breadcrumb":{"@id":"https:\/\/franciscanos.org.br\/noticias\/em-pato-branco-jovens-vivenciam-o-carisma-franciscano.html#breadcrumb"},"inLanguage":"pt-BR","potentialAction":[{"@type":"ReadAction","target":["https:\/\/franciscanos.org.br\/noticias\/em-pato-branco-jovens-vivenciam-o-carisma-franciscano.html"]}]},{"@type":"BreadcrumbList","@id":"https:\/\/franciscanos.org.br\/noticias\/em-pato-branco-jovens-vivenciam-o-carisma-franciscano.html#breadcrumb","itemListElement":[{"@type":"ListItem","position":1,"name":"Home","item":"https:\/\/franciscanos.org.br\/noticias"},{"@type":"ListItem","position":2,"name":"Em Pato Branco, jovens vivenciam o carisma franciscano"}]},{"@type":"Person","@id":"https:\/\/franciscanos.org.br\/noticias\/#\/schema\/person\/8c11f06a466b856a11dd48d20600055f","name":"Jo\u00e3o Vitor","image":{"@type":"ImageObject","inLanguage":"pt-BR","@id":"https:\/\/franciscanos.org.br\/noticias\/#\/schema\/person\/image\/","url":"https:\/\/secure.gravatar.com\/avatar\/10ba5c9713e0c323617b4309a19e3a46?s=96&d=mm&r=g","contentUrl":"https:\/\/secure.gravatar.com\/avatar\/10ba5c9713e0c323617b4309a19e3a46?s=96&d=mm&r=g","caption":"Jo\u00e3o Vitor"},"url":"https:\/\/franciscanos.org.br\/noticias\/author\/joaovitor"}]}},"_links":{"self":[{"href":"https:\/\/franciscanos.org.br\/noticias\/wp-json\/wp\/v2\/posts\/246221"}],"collection":[{"href":"https:\/\/franciscanos.org.br\/noticias\/wp-json\/wp\/v2\/posts"}],"about":[{"href":"https:\/\/franciscanos.org.br\/noticias\/wp-json\/wp\/v2\/types\/post"}],"author":[{"embeddable":true,"href":"https:\/\/franciscanos.org.br\/noticias\/wp-json\/wp\/v2\/users\/10"}],"replies":[{"embeddable":true,"href":"https:\/\/franciscanos.org.br\/noticias\/wp-json\/wp\/v2\/comments?post=246221"}],"version-history":[{"count":1,"href":"https:\/\/franciscanos.org.br\/noticias\/wp-json\/wp\/v2\/posts\/246221\/revisions"}],"predecessor-version":[{"id":246225,"href":"https:\/\/franciscanos.org.br\/noticias\/wp-json\/wp\/v2\/posts\/246221\/revisions\/246225"}],"wp:featuredmedia":[{"embeddable":true,"href":"https:\/\/franciscanos.org.br\/noticias\/wp-json\/wp\/v2\/media\/246222"}],"wp:attachment":[{"href":"https:\/\/franciscanos.org.br\/noticias\/wp-json\/wp\/v2\/media?parent=246221"}],"wp:term":[{"taxonomy":"category","embeddable":true,"href":"https:\/\/franciscanos.org.br\/noticias\/wp-json\/wp\/v2\/categories?post=246221"},{"taxonomy":"post_tag","embeddable":true,"href":"https:\/\/franciscanos.org.br\/noticias\/wp-json\/wp\/v2\/tags?post=246221"}],"curies":[{"name":"wp","href":"https:\/\/api.w.org\/{rel}","templated":true}]}}