{"id":246210,"date":"2024-01-27T11:05:19","date_gmt":"2024-01-27T14:05:19","guid":{"rendered":"https:\/\/franciscanos.org.br\/noticias\/?p=246210"},"modified":"2024-01-27T12:15:45","modified_gmt":"2024-01-27T15:15:45","slug":"preparacao-para-a-jornada-de-solidariedade-marca-8a-mfj","status":"publish","type":"post","link":"https:\/\/franciscanos.org.br\/noticias\/preparacao-para-a-jornada-de-solidariedade-marca-8a-mfj.html","title":{"rendered":"Prepara\u00e7\u00e3o para a Jornada de Solidariedade marca  8\u00aa MFJ"},"content":{"rendered":"<div id=\"attachment_246212\" style=\"width: 1930px\" class=\"wp-caption aligncenter\"><img aria-describedby=\"caption-attachment-246212\" loading=\"lazy\" class=\"wp-image-246212 size-full\" src=\"https:\/\/franciscanos.org.br\/noticias\/wp-content\/uploads\/2024\/01\/2o-dia-MFJ-V3-10-scaled.jpg\" alt=\"\" width=\"1920\" height=\"1280\" srcset=\"https:\/\/franciscanos.org.br\/noticias\/wp-content\/uploads\/2024\/01\/2o-dia-MFJ-V3-10-scaled.jpg 1620w, https:\/\/franciscanos.org.br\/noticias\/wp-content\/uploads\/2024\/01\/2o-dia-MFJ-V3-10-450x300.jpg 450w, https:\/\/franciscanos.org.br\/noticias\/wp-content\/uploads\/2024\/01\/2o-dia-MFJ-V3-10-1024x683.jpg 1024w, https:\/\/franciscanos.org.br\/noticias\/wp-content\/uploads\/2024\/01\/2o-dia-MFJ-V3-10-768x512.jpg 768w, https:\/\/franciscanos.org.br\/noticias\/wp-content\/uploads\/2024\/01\/2o-dia-MFJ-V3-10-1536x1024.jpg 1536w, https:\/\/franciscanos.org.br\/noticias\/wp-content\/uploads\/2024\/01\/2o-dia-MFJ-V3-10-2048x1365.jpg 2048w, https:\/\/franciscanos.org.br\/noticias\/wp-content\/uploads\/2024\/01\/2o-dia-MFJ-V3-10-150x100.jpg 150w\" sizes=\"(max-width: 1920px) 100vw, 1920px\" \/><p id=\"caption-attachment-246212\" class=\"wp-caption-text\">Fotos: Jo\u00e3o V\u00edtor Rodrigues<\/p><\/div>\n<p><span style=\"font-weight: 400;\">O carisma franciscano, inspirado na vida e nos ensinamentos de S\u00e3o Francisco de Assis, \u00e9 uma express\u00e3o vibrante e aut\u00eantica do chamado crist\u00e3o \u00e0 humildade, servi\u00e7o e compaix\u00e3o.<\/span><\/p>\n<p><span style=\"font-weight: 400;\">No contexto da 8\u00aa Miss\u00e3o Franciscana da Juventude, em Pato Branco, o carisma franciscano se manifesta atrav\u00e9s do comprometimento dos mais de 200 jovens, em seguir os passos de S\u00e3o Francisco. A miss\u00e3o de evangeliza\u00e7\u00e3o n\u00e3o \u00e9 apenas uma tarefa, mas uma express\u00e3o tang\u00edvel do amor crist\u00e3o em a\u00e7\u00e3o. A prepara\u00e7\u00e3o intensiva para a jornada de solidariedade destaca a import\u00e2ncia de viver o evangelho na pr\u00e1tica, indo al\u00e9m das palavras e abra\u00e7ando o servi\u00e7o humilde.<\/span><\/p>\n<p><img loading=\"lazy\" class=\"size-medium wp-image-246215 alignleft\" src=\"https:\/\/franciscanos.org.br\/noticias\/wp-content\/uploads\/2024\/01\/2o-dia-MFJ-V3-14-450x300.jpg\" alt=\"\" width=\"450\" height=\"300\" srcset=\"https:\/\/franciscanos.org.br\/noticias\/wp-content\/uploads\/2024\/01\/2o-dia-MFJ-V3-14-450x300.jpg 450w, https:\/\/franciscanos.org.br\/noticias\/wp-content\/uploads\/2024\/01\/2o-dia-MFJ-V3-14-1024x683.jpg 1024w, https:\/\/franciscanos.org.br\/noticias\/wp-content\/uploads\/2024\/01\/2o-dia-MFJ-V3-14-768x512.jpg 768w, https:\/\/franciscanos.org.br\/noticias\/wp-content\/uploads\/2024\/01\/2o-dia-MFJ-V3-14-1536x1024.jpg 1536w, https:\/\/franciscanos.org.br\/noticias\/wp-content\/uploads\/2024\/01\/2o-dia-MFJ-V3-14-2048x1365.jpg 2048w, https:\/\/franciscanos.org.br\/noticias\/wp-content\/uploads\/2024\/01\/2o-dia-MFJ-V3-14-150x100.jpg 150w, https:\/\/franciscanos.org.br\/noticias\/wp-content\/uploads\/2024\/01\/2o-dia-MFJ-V3-14-scaled.jpg 1620w\" sizes=\"(max-width: 450px) 100vw, 450px\" \/><\/p>\n<p><span style=\"font-weight: 400;\">A \u00eanfase na Regra N\u00e3o Bulada de S\u00e3o Francisco, onde ele instrui seus seguidores a conviverem espiritualmente, a participarem da vida cotidiana das comunidades e a serem submissos por amor a Deus, destaca a abordagem \u00fanica dos franciscanos na miss\u00e3o. A humildade, a compaix\u00e3o e o compromisso com o servi\u00e7o aos necessitados s\u00e3o os pilares que sustentam a a\u00e7\u00e3o mission\u00e1ria dos jovens franciscanos.<\/span><\/p>\n<p><span style=\"font-weight: 400;\">Nesta sexta-feira (26), sob a inspira\u00e7\u00e3o de S\u00e3o Francisco de Assis e seguindo as palavras de Jesus Cristo, os participantes foram orientados sobre como se portar nas casas das comunidades locais, imbu\u00eddos do prop\u00f3sito de levar paz, cura por meio da escuta e empatia e confraterniza\u00e7\u00e3o antes mesmo de abordar os ensinamentos do evangelho.<\/span><\/p>\n<p>&nbsp;<\/p>\n<p><span style=\"font-weight: 400;\">A programa\u00e7\u00e3o iniciou com instru\u00e7\u00f5es detalhadas sobre a conduta adequada ao visitar as resid\u00eancias dos moradores da cidade paranaense, enfatizando a import\u00e2ncia de seguir os princ\u00edpios franciscanos de humildade e servi\u00e7o. Frei Gustavo Medella, <\/span><span style=\"font-weight: 400;\">Vig\u00e1rio Provincial da Prov\u00edncia Franciscana da Imaculada Concei\u00e7\u00e3o<\/span><span style=\"font-weight: 400;\">, compartilhou pensamentos valiosos sobre a abordagem que os jovens deveriam adotar durante as visitas, destacando a centralidade do amor ao pr\u00f3ximo e da compaix\u00e3o.<\/span><\/p>\n<p><img loading=\"lazy\" class=\"size-medium wp-image-246216 alignright\" src=\"https:\/\/franciscanos.org.br\/noticias\/wp-content\/uploads\/2024\/01\/2o-dia-MFJ-V3-08-450x300.jpg\" alt=\"\" width=\"450\" height=\"300\" srcset=\"https:\/\/franciscanos.org.br\/noticias\/wp-content\/uploads\/2024\/01\/2o-dia-MFJ-V3-08-450x300.jpg 450w, https:\/\/franciscanos.org.br\/noticias\/wp-content\/uploads\/2024\/01\/2o-dia-MFJ-V3-08-1024x683.jpg 1024w, https:\/\/franciscanos.org.br\/noticias\/wp-content\/uploads\/2024\/01\/2o-dia-MFJ-V3-08-768x512.jpg 768w, https:\/\/franciscanos.org.br\/noticias\/wp-content\/uploads\/2024\/01\/2o-dia-MFJ-V3-08-1536x1024.jpg 1536w, https:\/\/franciscanos.org.br\/noticias\/wp-content\/uploads\/2024\/01\/2o-dia-MFJ-V3-08-2048x1365.jpg 2048w, https:\/\/franciscanos.org.br\/noticias\/wp-content\/uploads\/2024\/01\/2o-dia-MFJ-V3-08-150x100.jpg 150w, https:\/\/franciscanos.org.br\/noticias\/wp-content\/uploads\/2024\/01\/2o-dia-MFJ-V3-08-scaled.jpg 1620w\" sizes=\"(max-width: 450px) 100vw, 450px\" \/><\/p>\n<p><span style=\"font-weight: 400;\">Frei Gustavo diz que na Regra N\u00e3o Bulada, S\u00e3o Francisco de Assis mostra a seus irm\u00e3os o modo de sair em Miss\u00e3o. \u201cEle escreveu que os frades, onde quer que estivessem, procurassem conviver espiritualmente, estar junto das pessoas e participar da vida e do cotidiano daqueles para onde foram enviados. N\u00e3o briguem e nem discutam, mas sejam submissos a toda criatura humana, por amor a Deus. Submeter n\u00e3o quer dizer ser fraco ou n\u00e3o saber o que quer. Submeter \u00e9 se antecipar para servir e assim mostrar proximidade&#8221;, destacou Frei Gustavo, ressaltando a import\u00e2ncia de seguir o exemplo de Jesus Cristo ao buscar a cura dos enfermos e compartilhar refei\u00e7\u00f5es como s\u00edmbolo de uni\u00e3o e partilha.<\/span><\/p>\n<p><span style=\"font-weight: 400;\">Em paralelo \u00e0s instru\u00e7\u00f5es, os jovens dedicaram parte do segundo dia de atividades \u00e0 confec\u00e7\u00e3o de cart\u00f5es de agradecimento. Eles\u00a0 ser\u00e3o entregues \u00e0s fam\u00edlias que, generosamente, acolheram os volunt\u00e1rios durante a noite de sexta para s\u00e1bado, expressando gratid\u00e3o e fortalecendo os la\u00e7os com as comunidades locais.<\/span><\/p>\n<p><span style=\"font-weight: 400;\">\u00a0<\/span><\/p>\n<p><b>Missa de envio \u00e0s miss\u00f5es<\/b><\/p>\n<p><span style=\"font-weight: 400;\">O \u00e1pice do dia de atividades\u00a0 ocorreu durante a celebra\u00e7\u00e3o da missa de envio, que contou com a presen\u00e7a do Bispo de Palmas e Francisco Beltr\u00e3o, Dom Edgar Xavier Ertl.\u00a0 Ele conduziu a cerim\u00f4nia com palavras inspiradoras, incentivando os jovens a serem agentes de transforma\u00e7\u00e3o e mensageiros da f\u00e9, por meio de suas a\u00e7\u00f5es benevolentes.<\/span><\/p>\n<p><img loading=\"lazy\" class=\"alignleft wp-image-246213 size-medium\" src=\"https:\/\/franciscanos.org.br\/noticias\/wp-content\/uploads\/2024\/01\/2o-dia-MFJ-V3-11-450x300.jpg\" alt=\"\" width=\"450\" height=\"300\" srcset=\"https:\/\/franciscanos.org.br\/noticias\/wp-content\/uploads\/2024\/01\/2o-dia-MFJ-V3-11-450x300.jpg 450w, https:\/\/franciscanos.org.br\/noticias\/wp-content\/uploads\/2024\/01\/2o-dia-MFJ-V3-11-1024x683.jpg 1024w, https:\/\/franciscanos.org.br\/noticias\/wp-content\/uploads\/2024\/01\/2o-dia-MFJ-V3-11-768x512.jpg 768w, https:\/\/franciscanos.org.br\/noticias\/wp-content\/uploads\/2024\/01\/2o-dia-MFJ-V3-11-1536x1024.jpg 1536w, https:\/\/franciscanos.org.br\/noticias\/wp-content\/uploads\/2024\/01\/2o-dia-MFJ-V3-11-2048x1365.jpg 2048w, https:\/\/franciscanos.org.br\/noticias\/wp-content\/uploads\/2024\/01\/2o-dia-MFJ-V3-11-150x100.jpg 150w, https:\/\/franciscanos.org.br\/noticias\/wp-content\/uploads\/2024\/01\/2o-dia-MFJ-V3-11-scaled.jpg 1620w\" sizes=\"(max-width: 450px) 100vw, 450px\" \/><\/p>\n<p><span style=\"font-weight: 400;\">Em sua homilia, Dom Edgar ressaltou os ensinamentos de Cristo que, em sua caminhada , levou a paz, o amor e a compreens\u00e3o, antes de anunciar o Evangelho: &#8220;Hoje, voc\u00eas s\u00e3o os verdadeiros disc\u00edpulos de Cristo, seguindo seus passos ao levar a mensagem de amor e esperan\u00e7a a estas comunidades. Que a miss\u00e3o de voc\u00eas seja iluminada pelo esp\u00edrito franciscano, guiando-os no caminho da caridade e da compaix\u00e3o\u201d destacou.<\/span><\/p>\n<p><span style=\"font-weight: 400;\">Frei Gustavo Medella, complementou afirmando: &#8220;Cada passo que voc\u00eas derem neste s\u00e1bado (27), deve ser guiado pela humildade e pela entrega ao servi\u00e7o. Que a luz de S\u00e3o Francisco os ilumine, e que suas a\u00e7\u00f5es inspirem a mudan\u00e7a e o amor por onde passarem.&#8221;<\/span><\/p>\n<p><span style=\"font-weight: 400;\">Com os cora\u00e7\u00f5es cheios de prop\u00f3sito e a mente focada na miss\u00e3o que se aproximava, os jovens encerraram o segundo dia da MFJ com uma profunda sensa\u00e7\u00e3o de responsabilidade e comprometimento com o servi\u00e7o ao pr\u00f3ximo.\u00a0 Este s\u00e1bado\u00a0 promete ser uma jornada inesquec\u00edvel de partilha, compaix\u00e3o e solidariedade.<\/span><\/p>\n<p><span style=\"font-weight: 400;\">Neste contexto, a jornada de evangeliza\u00e7\u00e3o n\u00e3o \u00e9 apenas um ato de caridade, mas uma express\u00e3o concreta do carisma franciscano que busca irradiar a luz de S\u00e3o Francisco e inspirar a mudan\u00e7a e o amor por onde quer que os jovens passem. A profundidade do comprometimento e a responsabilidade assumida pelos participantes, prometem fazer deste s\u00e1bado uma jornada inesquec\u00edvel de partilha, compaix\u00e3o e solidariedade, refor\u00e7ando assim a relev\u00e2ncia cont\u00ednua das miss\u00f5es de evangeliza\u00e7\u00e3o no esp\u00edrito franciscano.<\/span><\/p>\n<p><iframe loading=\"lazy\" title=\"YouTube video player\" src=\"https:\/\/www.youtube.com\/embed\/by9ZZWYz_Rs?si=0ugEGu-niOlX3OW1\" width=\"100%\" height=\"500\" frameborder=\"0\" allowfullscreen=\"allowfullscreen\"><span data-mce-type=\"bookmark\" style=\"display: inline-block; width: 0px; overflow: hidden; line-height: 0;\" class=\"mce_SELRES_start\">\ufeff<\/span><\/iframe><\/p>\n<hr \/>\n<p><em>Jo\u00e3o V\u00edtor Rodrigues<\/em><\/p>\n","protected":false},"excerpt":{"rendered":"<p>Prepara\u00e7\u00e3o para a Jornada de Solidariedade marca  8\u00aa MFJ<\/p>\n","protected":false},"author":10,"featured_media":246211,"comment_status":"open","ping_status":"open","sticky":false,"template":"","format":"standard","meta":[],"categories":[1],"tags":[1206],"acf":[],"yoast_head":"<!-- This site is optimized with the Yoast SEO plugin v19.2 - https:\/\/yoast.com\/wordpress\/plugins\/seo\/ -->\n<title>Prepara\u00e7\u00e3o para a Jornada de Solidariedade marca 8\u00aa MFJ - Not\u00edcias - Franciscanos<\/title>\n<meta name=\"robots\" content=\"index, follow, max-snippet:-1, max-image-preview:large, max-video-preview:-1\" \/>\n<link rel=\"canonical\" href=\"https:\/\/franciscanos.org.br\/noticias\/preparacao-para-a-jornada-de-solidariedade-marca-8a-mfj.html\" \/>\n<meta property=\"og:locale\" content=\"pt_BR\" \/>\n<meta property=\"og:type\" content=\"article\" \/>\n<meta property=\"og:title\" content=\"Prepara\u00e7\u00e3o para a Jornada de Solidariedade marca 8\u00aa MFJ - Not\u00edcias - Franciscanos\" \/>\n<meta property=\"og:description\" content=\"Prepara\u00e7\u00e3o para a Jornada de Solidariedade marca 8\u00aa MFJ\" \/>\n<meta property=\"og:url\" content=\"https:\/\/franciscanos.org.br\/noticias\/preparacao-para-a-jornada-de-solidariedade-marca-8a-mfj.html\" \/>\n<meta property=\"og:site_name\" content=\"Not\u00edcias - Franciscanos\" \/>\n<meta property=\"article:published_time\" content=\"2024-01-27T14:05:19+00:00\" \/>\n<meta property=\"article:modified_time\" content=\"2024-01-27T15:15:45+00:00\" \/>\n<meta property=\"og:image\" content=\"https:\/\/franciscanos.org.br\/noticias\/wp-content\/uploads\/2024\/01\/2o-dia-MFJ-V3-05-scaled.jpg\" \/>\n\t<meta property=\"og:image:width\" content=\"1620\" \/>\n\t<meta property=\"og:image:height\" content=\"1080\" \/>\n\t<meta property=\"og:image:type\" content=\"image\/jpeg\" \/>\n<meta name=\"author\" content=\"Jo\u00e3o Vitor\" \/>\n<meta name=\"twitter:card\" content=\"summary_large_image\" \/>\n<meta name=\"twitter:label1\" content=\"Escrito por\" \/>\n\t<meta name=\"twitter:data1\" content=\"Jo\u00e3o Vitor\" \/>\n\t<meta name=\"twitter:label2\" content=\"Est. tempo de leitura\" \/>\n\t<meta name=\"twitter:data2\" content=\"4 minutos\" \/>\n<script type=\"application\/ld+json\" class=\"yoast-schema-graph\">{\"@context\":\"https:\/\/schema.org\",\"@graph\":[{\"@type\":\"WebSite\",\"@id\":\"https:\/\/franciscanos.org.br\/noticias\/#website\",\"url\":\"https:\/\/franciscanos.org.br\/noticias\/\",\"name\":\"Not\u00edcias - Franciscanos\",\"description\":\"Prov\u00edncia Franciscana da Imaculada Concei\u00e7\u00e3o do Brasil - Ordem dos Frades Menores - OFM\",\"potentialAction\":[{\"@type\":\"SearchAction\",\"target\":{\"@type\":\"EntryPoint\",\"urlTemplate\":\"https:\/\/franciscanos.org.br\/noticias\/?s={search_term_string}\"},\"query-input\":\"required name=search_term_string\"}],\"inLanguage\":\"pt-BR\"},{\"@type\":\"ImageObject\",\"inLanguage\":\"pt-BR\",\"@id\":\"https:\/\/franciscanos.org.br\/noticias\/preparacao-para-a-jornada-de-solidariedade-marca-8a-mfj.html#primaryimage\",\"url\":\"https:\/\/franciscanos.org.br\/noticias\/wp-content\/uploads\/2024\/01\/2o-dia-MFJ-V3-05-scaled.jpg\",\"contentUrl\":\"https:\/\/franciscanos.org.br\/noticias\/wp-content\/uploads\/2024\/01\/2o-dia-MFJ-V3-05-scaled.jpg\",\"width\":1620,\"height\":1080},{\"@type\":\"WebPage\",\"@id\":\"https:\/\/franciscanos.org.br\/noticias\/preparacao-para-a-jornada-de-solidariedade-marca-8a-mfj.html#webpage\",\"url\":\"https:\/\/franciscanos.org.br\/noticias\/preparacao-para-a-jornada-de-solidariedade-marca-8a-mfj.html\",\"name\":\"Prepara\u00e7\u00e3o para a Jornada de Solidariedade marca 8\u00aa MFJ - Not\u00edcias - Franciscanos\",\"isPartOf\":{\"@id\":\"https:\/\/franciscanos.org.br\/noticias\/#website\"},\"primaryImageOfPage\":{\"@id\":\"https:\/\/franciscanos.org.br\/noticias\/preparacao-para-a-jornada-de-solidariedade-marca-8a-mfj.html#primaryimage\"},\"datePublished\":\"2024-01-27T14:05:19+00:00\",\"dateModified\":\"2024-01-27T15:15:45+00:00\",\"author\":{\"@id\":\"https:\/\/franciscanos.org.br\/noticias\/#\/schema\/person\/8c11f06a466b856a11dd48d20600055f\"},\"breadcrumb\":{\"@id\":\"https:\/\/franciscanos.org.br\/noticias\/preparacao-para-a-jornada-de-solidariedade-marca-8a-mfj.html#breadcrumb\"},\"inLanguage\":\"pt-BR\",\"potentialAction\":[{\"@type\":\"ReadAction\",\"target\":[\"https:\/\/franciscanos.org.br\/noticias\/preparacao-para-a-jornada-de-solidariedade-marca-8a-mfj.html\"]}]},{\"@type\":\"BreadcrumbList\",\"@id\":\"https:\/\/franciscanos.org.br\/noticias\/preparacao-para-a-jornada-de-solidariedade-marca-8a-mfj.html#breadcrumb\",\"itemListElement\":[{\"@type\":\"ListItem\",\"position\":1,\"name\":\"Home\",\"item\":\"https:\/\/franciscanos.org.br\/noticias\"},{\"@type\":\"ListItem\",\"position\":2,\"name\":\"Prepara\u00e7\u00e3o para a Jornada de Solidariedade marca 8\u00aa MFJ\"}]},{\"@type\":\"Person\",\"@id\":\"https:\/\/franciscanos.org.br\/noticias\/#\/schema\/person\/8c11f06a466b856a11dd48d20600055f\",\"name\":\"Jo\u00e3o Vitor\",\"image\":{\"@type\":\"ImageObject\",\"inLanguage\":\"pt-BR\",\"@id\":\"https:\/\/franciscanos.org.br\/noticias\/#\/schema\/person\/image\/\",\"url\":\"https:\/\/secure.gravatar.com\/avatar\/10ba5c9713e0c323617b4309a19e3a46?s=96&d=mm&r=g\",\"contentUrl\":\"https:\/\/secure.gravatar.com\/avatar\/10ba5c9713e0c323617b4309a19e3a46?s=96&d=mm&r=g\",\"caption\":\"Jo\u00e3o Vitor\"},\"url\":\"https:\/\/franciscanos.org.br\/noticias\/author\/joaovitor\"}]}<\/script>\n<!-- \/ Yoast SEO plugin. -->","yoast_head_json":{"title":"Prepara\u00e7\u00e3o para a Jornada de Solidariedade marca 8\u00aa MFJ - Not\u00edcias - Franciscanos","robots":{"index":"index","follow":"follow","max-snippet":"max-snippet:-1","max-image-preview":"max-image-preview:large","max-video-preview":"max-video-preview:-1"},"canonical":"https:\/\/franciscanos.org.br\/noticias\/preparacao-para-a-jornada-de-solidariedade-marca-8a-mfj.html","og_locale":"pt_BR","og_type":"article","og_title":"Prepara\u00e7\u00e3o para a Jornada de Solidariedade marca 8\u00aa MFJ - Not\u00edcias - Franciscanos","og_description":"Prepara\u00e7\u00e3o para a Jornada de Solidariedade marca 8\u00aa MFJ","og_url":"https:\/\/franciscanos.org.br\/noticias\/preparacao-para-a-jornada-de-solidariedade-marca-8a-mfj.html","og_site_name":"Not\u00edcias - Franciscanos","article_published_time":"2024-01-27T14:05:19+00:00","article_modified_time":"2024-01-27T15:15:45+00:00","og_image":[{"width":1620,"height":1080,"url":"https:\/\/franciscanos.org.br\/noticias\/wp-content\/uploads\/2024\/01\/2o-dia-MFJ-V3-05-scaled.jpg","type":"image\/jpeg"}],"author":"Jo\u00e3o Vitor","twitter_card":"summary_large_image","twitter_misc":{"Escrito por":"Jo\u00e3o Vitor","Est. tempo de leitura":"4 minutos"},"schema":{"@context":"https:\/\/schema.org","@graph":[{"@type":"WebSite","@id":"https:\/\/franciscanos.org.br\/noticias\/#website","url":"https:\/\/franciscanos.org.br\/noticias\/","name":"Not\u00edcias - Franciscanos","description":"Prov\u00edncia Franciscana da Imaculada Concei\u00e7\u00e3o do Brasil - Ordem dos Frades Menores - OFM","potentialAction":[{"@type":"SearchAction","target":{"@type":"EntryPoint","urlTemplate":"https:\/\/franciscanos.org.br\/noticias\/?s={search_term_string}"},"query-input":"required name=search_term_string"}],"inLanguage":"pt-BR"},{"@type":"ImageObject","inLanguage":"pt-BR","@id":"https:\/\/franciscanos.org.br\/noticias\/preparacao-para-a-jornada-de-solidariedade-marca-8a-mfj.html#primaryimage","url":"https:\/\/franciscanos.org.br\/noticias\/wp-content\/uploads\/2024\/01\/2o-dia-MFJ-V3-05-scaled.jpg","contentUrl":"https:\/\/franciscanos.org.br\/noticias\/wp-content\/uploads\/2024\/01\/2o-dia-MFJ-V3-05-scaled.jpg","width":1620,"height":1080},{"@type":"WebPage","@id":"https:\/\/franciscanos.org.br\/noticias\/preparacao-para-a-jornada-de-solidariedade-marca-8a-mfj.html#webpage","url":"https:\/\/franciscanos.org.br\/noticias\/preparacao-para-a-jornada-de-solidariedade-marca-8a-mfj.html","name":"Prepara\u00e7\u00e3o para a Jornada de Solidariedade marca 8\u00aa MFJ - Not\u00edcias - Franciscanos","isPartOf":{"@id":"https:\/\/franciscanos.org.br\/noticias\/#website"},"primaryImageOfPage":{"@id":"https:\/\/franciscanos.org.br\/noticias\/preparacao-para-a-jornada-de-solidariedade-marca-8a-mfj.html#primaryimage"},"datePublished":"2024-01-27T14:05:19+00:00","dateModified":"2024-01-27T15:15:45+00:00","author":{"@id":"https:\/\/franciscanos.org.br\/noticias\/#\/schema\/person\/8c11f06a466b856a11dd48d20600055f"},"breadcrumb":{"@id":"https:\/\/franciscanos.org.br\/noticias\/preparacao-para-a-jornada-de-solidariedade-marca-8a-mfj.html#breadcrumb"},"inLanguage":"pt-BR","potentialAction":[{"@type":"ReadAction","target":["https:\/\/franciscanos.org.br\/noticias\/preparacao-para-a-jornada-de-solidariedade-marca-8a-mfj.html"]}]},{"@type":"BreadcrumbList","@id":"https:\/\/franciscanos.org.br\/noticias\/preparacao-para-a-jornada-de-solidariedade-marca-8a-mfj.html#breadcrumb","itemListElement":[{"@type":"ListItem","position":1,"name":"Home","item":"https:\/\/franciscanos.org.br\/noticias"},{"@type":"ListItem","position":2,"name":"Prepara\u00e7\u00e3o para a Jornada de Solidariedade marca 8\u00aa MFJ"}]},{"@type":"Person","@id":"https:\/\/franciscanos.org.br\/noticias\/#\/schema\/person\/8c11f06a466b856a11dd48d20600055f","name":"Jo\u00e3o Vitor","image":{"@type":"ImageObject","inLanguage":"pt-BR","@id":"https:\/\/franciscanos.org.br\/noticias\/#\/schema\/person\/image\/","url":"https:\/\/secure.gravatar.com\/avatar\/10ba5c9713e0c323617b4309a19e3a46?s=96&d=mm&r=g","contentUrl":"https:\/\/secure.gravatar.com\/avatar\/10ba5c9713e0c323617b4309a19e3a46?s=96&d=mm&r=g","caption":"Jo\u00e3o Vitor"},"url":"https:\/\/franciscanos.org.br\/noticias\/author\/joaovitor"}]}},"_links":{"self":[{"href":"https:\/\/franciscanos.org.br\/noticias\/wp-json\/wp\/v2\/posts\/246210"}],"collection":[{"href":"https:\/\/franciscanos.org.br\/noticias\/wp-json\/wp\/v2\/posts"}],"about":[{"href":"https:\/\/franciscanos.org.br\/noticias\/wp-json\/wp\/v2\/types\/post"}],"author":[{"embeddable":true,"href":"https:\/\/franciscanos.org.br\/noticias\/wp-json\/wp\/v2\/users\/10"}],"replies":[{"embeddable":true,"href":"https:\/\/franciscanos.org.br\/noticias\/wp-json\/wp\/v2\/comments?post=246210"}],"version-history":[{"count":4,"href":"https:\/\/franciscanos.org.br\/noticias\/wp-json\/wp\/v2\/posts\/246210\/revisions"}],"predecessor-version":[{"id":246220,"href":"https:\/\/franciscanos.org.br\/noticias\/wp-json\/wp\/v2\/posts\/246210\/revisions\/246220"}],"wp:featuredmedia":[{"embeddable":true,"href":"https:\/\/franciscanos.org.br\/noticias\/wp-json\/wp\/v2\/media\/246211"}],"wp:attachment":[{"href":"https:\/\/franciscanos.org.br\/noticias\/wp-json\/wp\/v2\/media?parent=246210"}],"wp:term":[{"taxonomy":"category","embeddable":true,"href":"https:\/\/franciscanos.org.br\/noticias\/wp-json\/wp\/v2\/categories?post=246210"},{"taxonomy":"post_tag","embeddable":true,"href":"https:\/\/franciscanos.org.br\/noticias\/wp-json\/wp\/v2\/tags?post=246210"}],"curies":[{"name":"wp","href":"https:\/\/api.w.org\/{rel}","templated":true}]}}