{"id":246191,"date":"2024-01-25T23:01:32","date_gmt":"2024-01-26T02:01:32","guid":{"rendered":"https:\/\/franciscanos.org.br\/noticias\/?p=246191"},"modified":"2024-01-26T00:40:45","modified_gmt":"2024-01-26T03:40:45","slug":"inicio-da-8a-missao-franciscana-da-juventude-uma-jornada-de-alegria-reflexao-e-oracao","status":"publish","type":"post","link":"https:\/\/franciscanos.org.br\/noticias\/inicio-da-8a-missao-franciscana-da-juventude-uma-jornada-de-alegria-reflexao-e-oracao.html","title":{"rendered":"In\u00edcio da 8\u00aa Miss\u00e3o Franciscana da Juventude: Uma Jornada de Alegria, Reflex\u00e3o e Ora\u00e7\u00e3o"},"content":{"rendered":"<p><img loading=\"lazy\" class=\"alignnone wp-image-246201 size-full\" src=\"https:\/\/franciscanos.org.br\/noticias\/wp-content\/uploads\/2024\/01\/IMG_6054-scaled.jpg\" alt=\"\" width=\"1620\" height=\"1080\" srcset=\"https:\/\/franciscanos.org.br\/noticias\/wp-content\/uploads\/2024\/01\/IMG_6054-scaled.jpg 1620w, https:\/\/franciscanos.org.br\/noticias\/wp-content\/uploads\/2024\/01\/IMG_6054-450x300.jpg 450w, https:\/\/franciscanos.org.br\/noticias\/wp-content\/uploads\/2024\/01\/IMG_6054-1024x683.jpg 1024w, https:\/\/franciscanos.org.br\/noticias\/wp-content\/uploads\/2024\/01\/IMG_6054-768x512.jpg 768w, https:\/\/franciscanos.org.br\/noticias\/wp-content\/uploads\/2024\/01\/IMG_6054-1536x1024.jpg 1536w, https:\/\/franciscanos.org.br\/noticias\/wp-content\/uploads\/2024\/01\/IMG_6054-2048x1365.jpg 2048w, https:\/\/franciscanos.org.br\/noticias\/wp-content\/uploads\/2024\/01\/IMG_6054-150x100.jpg 150w\" sizes=\"(max-width: 1620px) 100vw, 1620px\" \/><\/p>\n<p><span style=\"font-weight: 400;\"><strong>Pato Branco (PR) &#8211;<\/strong> Logo no in\u00edcio da manh\u00e3 do dia 25 de janeiro, teve in\u00edcio a 8\u00aa Miss\u00e3o Franciscana da Juventude (MFJ) em Pato Branco, Paran\u00e1. Volunt\u00e1rios e Freis se empenharam na prepara\u00e7\u00e3o para receber calorosamente mais de 150 jovens que convergiam para o evento. Frei Gabriel Dellandrea, integrante da organiza\u00e7\u00e3o da Miss\u00e3o, destacou a import\u00e2ncia do acolhimento, ressaltando que &#8220;acolher bem tamb\u00e9m \u00e9 evangelizar&#8221;. Inspirado na m\u00e1xima presente no Santu\u00e1rio Nacional de Nossa Senhora Aparecida, ele enfatizou a import\u00e2ncia de criar um ambiente onde as pessoas se sintam verdadeiramente em casa.<\/span><\/p>\n<p><span style=\"font-weight: 400;\">Frei Gabriel observou que o gesto de acolher teve seu modelo em Cristo, o qual acolheu a todos com suas alegrias e mis\u00e9rias. &#8220;O pr\u00f3prio Cristo foi quem primeiro acolheu, recebendo a todos com suas virtudes e defeitos&#8221;, concluiu o Frei.<\/span><\/p>\n<p><img loading=\"lazy\" class=\"size-medium wp-image-246194 alignleft\" src=\"https:\/\/franciscanos.org.br\/noticias\/wp-content\/uploads\/2024\/01\/1o-dia-MFJ-03-450x300.jpg\" alt=\"\" width=\"450\" height=\"300\" srcset=\"https:\/\/franciscanos.org.br\/noticias\/wp-content\/uploads\/2024\/01\/1o-dia-MFJ-03-450x300.jpg 450w, https:\/\/franciscanos.org.br\/noticias\/wp-content\/uploads\/2024\/01\/1o-dia-MFJ-03-1024x683.jpg 1024w, https:\/\/franciscanos.org.br\/noticias\/wp-content\/uploads\/2024\/01\/1o-dia-MFJ-03-768x512.jpg 768w, https:\/\/franciscanos.org.br\/noticias\/wp-content\/uploads\/2024\/01\/1o-dia-MFJ-03-1536x1024.jpg 1536w, https:\/\/franciscanos.org.br\/noticias\/wp-content\/uploads\/2024\/01\/1o-dia-MFJ-03-2048x1365.jpg 2048w, https:\/\/franciscanos.org.br\/noticias\/wp-content\/uploads\/2024\/01\/1o-dia-MFJ-03-150x100.jpg 150w, https:\/\/franciscanos.org.br\/noticias\/wp-content\/uploads\/2024\/01\/1o-dia-MFJ-03-scaled.jpg 1620w\" sizes=\"(max-width: 450px) 100vw, 450px\" \/><\/p>\n<p><span style=\"font-weight: 400;\">\u00c0 medida que os jovens chegavam, procediam \u00e0s inscri\u00e7\u00f5es e eram encaminhados aos seus respectivos dormit\u00f3rios. Ap\u00f3s o caf\u00e9 da manh\u00e3, todos se dirigiram \u00e0 capela para um momento de ora\u00e7\u00e3o e reflex\u00e3o sobre a miss\u00e3o. A abertura oficial se deu no sal\u00e3o principal, permeada por m\u00fasica e anima\u00e7\u00e3o.<\/span><\/p>\n<p><span style=\"font-weight: 400;\">Ap\u00f3s o almo\u00e7o, a juventude participou de uma forma\u00e7\u00e3o geral com foco no tema central do encontro: sa\u00fade mental e integral. Dhawyane Rodighiero, p\u00f3s-graduanda em psicologia, conduziu a forma\u00e7\u00e3o, abordando a import\u00e2ncia da sa\u00fade mental em todas as fases da vida, especialmente na juventude. &#8220;Enfrentamos um per\u00edodo de intensa compara\u00e7\u00e3o e sobrecarga de informa\u00e7\u00e3o, impactando principalmente os jovens&#8221;, destacou a psic\u00f3loga.<\/span><\/p>\n<p><span style=\"font-weight: 400;\">As oficinas, que exploraram temas como v\u00edcios, enfrentamento de problemas psicol\u00f3gicos e espirituais, perd\u00e3o libertador e o papel da fam\u00edlia na sa\u00fade psicol\u00f3gica e espiritual. Os jovens foram divididos em grupos e cada um desses grupos participou de uma oficina. As oficinas foram ministradas por locais de Pato Branco e regi\u00e3o.<\/span><\/p>\n<p><span style=\"font-weight: 400;\">A noite prosseguiu em um show de talentos, onde os jovens exibiram suas habilidades art\u00edsticas, incluindo apresenta\u00e7\u00f5es musicais em grupo e individuais, declama\u00e7\u00e3o de poemas, entre outras apresenta\u00e7\u00f5es.<\/span><\/p>\n<p><span style=\"font-weight: 400;\">Para finalizar a noite os jovens participaram de um momento de ora\u00e7\u00e3o e reflex\u00e3o, com inspira\u00e7\u00e3o na passagem b\u00edblica de Marta, Maria e L\u00e1zaro e tamb\u00e9m com o cap\u00edtulo das esteiras. O Cap\u00edtulo das Esteiras \u00e9 uma tradi\u00e7\u00e3o muito antiga que remonta aos in\u00edcios da fraternidade franciscana e ao pr\u00f3prio Francisco de Assis. Pela festa de Pentecostes, os frades se dirigiam a Assis; como n\u00e3o havia espa\u00e7o o bastante, dormiam sobre esteiras de palha, da\u00ed o nome.<\/span><\/p>\n<p><img loading=\"lazy\" class=\"alignnone wp-image-246198 size-full\" src=\"https:\/\/franciscanos.org.br\/noticias\/wp-content\/uploads\/2024\/01\/1o-dia-MFJ-V2-3-scaled.jpg\" alt=\"\" width=\"1920\" height=\"1280\" srcset=\"https:\/\/franciscanos.org.br\/noticias\/wp-content\/uploads\/2024\/01\/1o-dia-MFJ-V2-3-scaled.jpg 1620w, https:\/\/franciscanos.org.br\/noticias\/wp-content\/uploads\/2024\/01\/1o-dia-MFJ-V2-3-450x300.jpg 450w, https:\/\/franciscanos.org.br\/noticias\/wp-content\/uploads\/2024\/01\/1o-dia-MFJ-V2-3-1024x683.jpg 1024w, https:\/\/franciscanos.org.br\/noticias\/wp-content\/uploads\/2024\/01\/1o-dia-MFJ-V2-3-768x512.jpg 768w, https:\/\/franciscanos.org.br\/noticias\/wp-content\/uploads\/2024\/01\/1o-dia-MFJ-V2-3-1536x1024.jpg 1536w, https:\/\/franciscanos.org.br\/noticias\/wp-content\/uploads\/2024\/01\/1o-dia-MFJ-V2-3-2048x1365.jpg 2048w, https:\/\/franciscanos.org.br\/noticias\/wp-content\/uploads\/2024\/01\/1o-dia-MFJ-V2-3-150x100.jpg 150w\" sizes=\"(max-width: 1920px) 100vw, 1920px\" \/><\/p>\n<p style=\"text-align: center;\"><strong>VEJA O V\u00cdDEO DO PRIMEIRO DIA<\/strong><\/p>\n<p><iframe loading=\"lazy\" title=\"YouTube video player\" src=\"https:\/\/www.youtube.com\/embed\/KeIw6n8nLIg?si=5Zj32GUfeppmf8gz\" width=\"100%\" height=\"480\" frameborder=\"0\" allowfullscreen=\"allowfullscreen\"><span data-mce-type=\"bookmark\" style=\"display: inline-block; width: 0px; overflow: hidden; line-height: 0;\" class=\"mce_SELRES_start\">\ufeff<\/span><\/iframe><\/p>\n<hr \/>\n<p><em><span style=\"font-weight: 400;\">Jo\u00e3o V\u00edtor Rodrigues<\/span><\/em><\/p>\n","protected":false},"excerpt":{"rendered":"<p>8\u00ba edi\u00e7\u00e3o das Miss\u00f5es Franciscanas da Juventude<\/p>\n","protected":false},"author":10,"featured_media":246201,"comment_status":"open","ping_status":"open","sticky":false,"template":"","format":"standard","meta":[],"categories":[1],"tags":[2093,1206],"acf":[],"yoast_head":"<!-- This site is optimized with the Yoast SEO plugin v19.2 - https:\/\/yoast.com\/wordpress\/plugins\/seo\/ -->\n<title>In\u00edcio da 8\u00aa Miss\u00e3o Franciscana da Juventude: Uma Jornada de Alegria, Reflex\u00e3o e Ora\u00e7\u00e3o - Not\u00edcias - Franciscanos<\/title>\n<meta name=\"description\" content=\"In\u00edcio da 8\u00aa Miss\u00e3o Franciscana da Juventude: Uma Jornada de Alegria, Reflex\u00e3o e Ora\u00e7\u00e3o\" \/>\n<meta name=\"robots\" content=\"index, follow, max-snippet:-1, max-image-preview:large, max-video-preview:-1\" \/>\n<link rel=\"canonical\" href=\"https:\/\/franciscanos.org.br\/noticias\/inicio-da-8a-missao-franciscana-da-juventude-uma-jornada-de-alegria-reflexao-e-oracao.html\" \/>\n<meta property=\"og:locale\" content=\"pt_BR\" \/>\n<meta property=\"og:type\" content=\"article\" \/>\n<meta property=\"og:title\" content=\"In\u00edcio da 8\u00aa Miss\u00e3o Franciscana da Juventude: Uma Jornada de Alegria, Reflex\u00e3o e Ora\u00e7\u00e3o - Not\u00edcias - Franciscanos\" \/>\n<meta property=\"og:description\" content=\"In\u00edcio da 8\u00aa Miss\u00e3o Franciscana da Juventude: Uma Jornada de Alegria, Reflex\u00e3o e Ora\u00e7\u00e3o\" \/>\n<meta property=\"og:url\" content=\"https:\/\/franciscanos.org.br\/noticias\/inicio-da-8a-missao-franciscana-da-juventude-uma-jornada-de-alegria-reflexao-e-oracao.html\" \/>\n<meta property=\"og:site_name\" content=\"Not\u00edcias - Franciscanos\" \/>\n<meta property=\"article:published_time\" content=\"2024-01-26T02:01:32+00:00\" \/>\n<meta property=\"article:modified_time\" content=\"2024-01-26T03:40:45+00:00\" \/>\n<meta property=\"og:image\" content=\"https:\/\/franciscanos.org.br\/noticias\/wp-content\/uploads\/2024\/01\/IMG_6054-scaled.jpg\" \/>\n\t<meta property=\"og:image:width\" content=\"1620\" \/>\n\t<meta property=\"og:image:height\" content=\"1080\" \/>\n\t<meta property=\"og:image:type\" content=\"image\/jpeg\" \/>\n<meta name=\"author\" content=\"Jo\u00e3o Vitor\" \/>\n<meta name=\"twitter:card\" content=\"summary_large_image\" \/>\n<meta name=\"twitter:label1\" content=\"Escrito por\" \/>\n\t<meta name=\"twitter:data1\" content=\"Jo\u00e3o Vitor\" \/>\n\t<meta name=\"twitter:label2\" content=\"Est. tempo de leitura\" \/>\n\t<meta name=\"twitter:data2\" content=\"2 minutos\" \/>\n<script type=\"application\/ld+json\" class=\"yoast-schema-graph\">{\"@context\":\"https:\/\/schema.org\",\"@graph\":[{\"@type\":\"WebSite\",\"@id\":\"https:\/\/franciscanos.org.br\/noticias\/#website\",\"url\":\"https:\/\/franciscanos.org.br\/noticias\/\",\"name\":\"Not\u00edcias - Franciscanos\",\"description\":\"Prov\u00edncia Franciscana da Imaculada Concei\u00e7\u00e3o do Brasil - Ordem dos Frades Menores - OFM\",\"potentialAction\":[{\"@type\":\"SearchAction\",\"target\":{\"@type\":\"EntryPoint\",\"urlTemplate\":\"https:\/\/franciscanos.org.br\/noticias\/?s={search_term_string}\"},\"query-input\":\"required name=search_term_string\"}],\"inLanguage\":\"pt-BR\"},{\"@type\":\"ImageObject\",\"inLanguage\":\"pt-BR\",\"@id\":\"https:\/\/franciscanos.org.br\/noticias\/inicio-da-8a-missao-franciscana-da-juventude-uma-jornada-de-alegria-reflexao-e-oracao.html#primaryimage\",\"url\":\"https:\/\/franciscanos.org.br\/noticias\/wp-content\/uploads\/2024\/01\/IMG_6054-scaled.jpg\",\"contentUrl\":\"https:\/\/franciscanos.org.br\/noticias\/wp-content\/uploads\/2024\/01\/IMG_6054-scaled.jpg\",\"width\":1620,\"height\":1080},{\"@type\":\"WebPage\",\"@id\":\"https:\/\/franciscanos.org.br\/noticias\/inicio-da-8a-missao-franciscana-da-juventude-uma-jornada-de-alegria-reflexao-e-oracao.html#webpage\",\"url\":\"https:\/\/franciscanos.org.br\/noticias\/inicio-da-8a-missao-franciscana-da-juventude-uma-jornada-de-alegria-reflexao-e-oracao.html\",\"name\":\"In\u00edcio da 8\u00aa Miss\u00e3o Franciscana da Juventude: Uma Jornada de Alegria, Reflex\u00e3o e Ora\u00e7\u00e3o - Not\u00edcias - Franciscanos\",\"isPartOf\":{\"@id\":\"https:\/\/franciscanos.org.br\/noticias\/#website\"},\"primaryImageOfPage\":{\"@id\":\"https:\/\/franciscanos.org.br\/noticias\/inicio-da-8a-missao-franciscana-da-juventude-uma-jornada-de-alegria-reflexao-e-oracao.html#primaryimage\"},\"datePublished\":\"2024-01-26T02:01:32+00:00\",\"dateModified\":\"2024-01-26T03:40:45+00:00\",\"author\":{\"@id\":\"https:\/\/franciscanos.org.br\/noticias\/#\/schema\/person\/8c11f06a466b856a11dd48d20600055f\"},\"description\":\"In\u00edcio da 8\u00aa Miss\u00e3o Franciscana da Juventude: Uma Jornada de Alegria, Reflex\u00e3o e Ora\u00e7\u00e3o\",\"breadcrumb\":{\"@id\":\"https:\/\/franciscanos.org.br\/noticias\/inicio-da-8a-missao-franciscana-da-juventude-uma-jornada-de-alegria-reflexao-e-oracao.html#breadcrumb\"},\"inLanguage\":\"pt-BR\",\"potentialAction\":[{\"@type\":\"ReadAction\",\"target\":[\"https:\/\/franciscanos.org.br\/noticias\/inicio-da-8a-missao-franciscana-da-juventude-uma-jornada-de-alegria-reflexao-e-oracao.html\"]}]},{\"@type\":\"BreadcrumbList\",\"@id\":\"https:\/\/franciscanos.org.br\/noticias\/inicio-da-8a-missao-franciscana-da-juventude-uma-jornada-de-alegria-reflexao-e-oracao.html#breadcrumb\",\"itemListElement\":[{\"@type\":\"ListItem\",\"position\":1,\"name\":\"Home\",\"item\":\"https:\/\/franciscanos.org.br\/noticias\"},{\"@type\":\"ListItem\",\"position\":2,\"name\":\"In\u00edcio da 8\u00aa Miss\u00e3o Franciscana da Juventude: Uma Jornada de Alegria, Reflex\u00e3o e Ora\u00e7\u00e3o\"}]},{\"@type\":\"Person\",\"@id\":\"https:\/\/franciscanos.org.br\/noticias\/#\/schema\/person\/8c11f06a466b856a11dd48d20600055f\",\"name\":\"Jo\u00e3o Vitor\",\"image\":{\"@type\":\"ImageObject\",\"inLanguage\":\"pt-BR\",\"@id\":\"https:\/\/franciscanos.org.br\/noticias\/#\/schema\/person\/image\/\",\"url\":\"https:\/\/secure.gravatar.com\/avatar\/10ba5c9713e0c323617b4309a19e3a46?s=96&d=mm&r=g\",\"contentUrl\":\"https:\/\/secure.gravatar.com\/avatar\/10ba5c9713e0c323617b4309a19e3a46?s=96&d=mm&r=g\",\"caption\":\"Jo\u00e3o Vitor\"},\"url\":\"https:\/\/franciscanos.org.br\/noticias\/author\/joaovitor\"}]}<\/script>\n<!-- \/ Yoast SEO plugin. -->","yoast_head_json":{"title":"In\u00edcio da 8\u00aa Miss\u00e3o Franciscana da Juventude: Uma Jornada de Alegria, Reflex\u00e3o e Ora\u00e7\u00e3o - Not\u00edcias - Franciscanos","description":"In\u00edcio da 8\u00aa Miss\u00e3o Franciscana da Juventude: Uma Jornada de Alegria, Reflex\u00e3o e Ora\u00e7\u00e3o","robots":{"index":"index","follow":"follow","max-snippet":"max-snippet:-1","max-image-preview":"max-image-preview:large","max-video-preview":"max-video-preview:-1"},"canonical":"https:\/\/franciscanos.org.br\/noticias\/inicio-da-8a-missao-franciscana-da-juventude-uma-jornada-de-alegria-reflexao-e-oracao.html","og_locale":"pt_BR","og_type":"article","og_title":"In\u00edcio da 8\u00aa Miss\u00e3o Franciscana da Juventude: Uma Jornada de Alegria, Reflex\u00e3o e Ora\u00e7\u00e3o - Not\u00edcias - Franciscanos","og_description":"In\u00edcio da 8\u00aa Miss\u00e3o Franciscana da Juventude: Uma Jornada de Alegria, Reflex\u00e3o e Ora\u00e7\u00e3o","og_url":"https:\/\/franciscanos.org.br\/noticias\/inicio-da-8a-missao-franciscana-da-juventude-uma-jornada-de-alegria-reflexao-e-oracao.html","og_site_name":"Not\u00edcias - Franciscanos","article_published_time":"2024-01-26T02:01:32+00:00","article_modified_time":"2024-01-26T03:40:45+00:00","og_image":[{"width":1620,"height":1080,"url":"https:\/\/franciscanos.org.br\/noticias\/wp-content\/uploads\/2024\/01\/IMG_6054-scaled.jpg","type":"image\/jpeg"}],"author":"Jo\u00e3o Vitor","twitter_card":"summary_large_image","twitter_misc":{"Escrito por":"Jo\u00e3o Vitor","Est. tempo de leitura":"2 minutos"},"schema":{"@context":"https:\/\/schema.org","@graph":[{"@type":"WebSite","@id":"https:\/\/franciscanos.org.br\/noticias\/#website","url":"https:\/\/franciscanos.org.br\/noticias\/","name":"Not\u00edcias - Franciscanos","description":"Prov\u00edncia Franciscana da Imaculada Concei\u00e7\u00e3o do Brasil - Ordem dos Frades Menores - OFM","potentialAction":[{"@type":"SearchAction","target":{"@type":"EntryPoint","urlTemplate":"https:\/\/franciscanos.org.br\/noticias\/?s={search_term_string}"},"query-input":"required name=search_term_string"}],"inLanguage":"pt-BR"},{"@type":"ImageObject","inLanguage":"pt-BR","@id":"https:\/\/franciscanos.org.br\/noticias\/inicio-da-8a-missao-franciscana-da-juventude-uma-jornada-de-alegria-reflexao-e-oracao.html#primaryimage","url":"https:\/\/franciscanos.org.br\/noticias\/wp-content\/uploads\/2024\/01\/IMG_6054-scaled.jpg","contentUrl":"https:\/\/franciscanos.org.br\/noticias\/wp-content\/uploads\/2024\/01\/IMG_6054-scaled.jpg","width":1620,"height":1080},{"@type":"WebPage","@id":"https:\/\/franciscanos.org.br\/noticias\/inicio-da-8a-missao-franciscana-da-juventude-uma-jornada-de-alegria-reflexao-e-oracao.html#webpage","url":"https:\/\/franciscanos.org.br\/noticias\/inicio-da-8a-missao-franciscana-da-juventude-uma-jornada-de-alegria-reflexao-e-oracao.html","name":"In\u00edcio da 8\u00aa Miss\u00e3o Franciscana da Juventude: Uma Jornada de Alegria, Reflex\u00e3o e Ora\u00e7\u00e3o - Not\u00edcias - Franciscanos","isPartOf":{"@id":"https:\/\/franciscanos.org.br\/noticias\/#website"},"primaryImageOfPage":{"@id":"https:\/\/franciscanos.org.br\/noticias\/inicio-da-8a-missao-franciscana-da-juventude-uma-jornada-de-alegria-reflexao-e-oracao.html#primaryimage"},"datePublished":"2024-01-26T02:01:32+00:00","dateModified":"2024-01-26T03:40:45+00:00","author":{"@id":"https:\/\/franciscanos.org.br\/noticias\/#\/schema\/person\/8c11f06a466b856a11dd48d20600055f"},"description":"In\u00edcio da 8\u00aa Miss\u00e3o Franciscana da Juventude: Uma Jornada de Alegria, Reflex\u00e3o e Ora\u00e7\u00e3o","breadcrumb":{"@id":"https:\/\/franciscanos.org.br\/noticias\/inicio-da-8a-missao-franciscana-da-juventude-uma-jornada-de-alegria-reflexao-e-oracao.html#breadcrumb"},"inLanguage":"pt-BR","potentialAction":[{"@type":"ReadAction","target":["https:\/\/franciscanos.org.br\/noticias\/inicio-da-8a-missao-franciscana-da-juventude-uma-jornada-de-alegria-reflexao-e-oracao.html"]}]},{"@type":"BreadcrumbList","@id":"https:\/\/franciscanos.org.br\/noticias\/inicio-da-8a-missao-franciscana-da-juventude-uma-jornada-de-alegria-reflexao-e-oracao.html#breadcrumb","itemListElement":[{"@type":"ListItem","position":1,"name":"Home","item":"https:\/\/franciscanos.org.br\/noticias"},{"@type":"ListItem","position":2,"name":"In\u00edcio da 8\u00aa Miss\u00e3o Franciscana da Juventude: Uma Jornada de Alegria, Reflex\u00e3o e Ora\u00e7\u00e3o"}]},{"@type":"Person","@id":"https:\/\/franciscanos.org.br\/noticias\/#\/schema\/person\/8c11f06a466b856a11dd48d20600055f","name":"Jo\u00e3o Vitor","image":{"@type":"ImageObject","inLanguage":"pt-BR","@id":"https:\/\/franciscanos.org.br\/noticias\/#\/schema\/person\/image\/","url":"https:\/\/secure.gravatar.com\/avatar\/10ba5c9713e0c323617b4309a19e3a46?s=96&d=mm&r=g","contentUrl":"https:\/\/secure.gravatar.com\/avatar\/10ba5c9713e0c323617b4309a19e3a46?s=96&d=mm&r=g","caption":"Jo\u00e3o Vitor"},"url":"https:\/\/franciscanos.org.br\/noticias\/author\/joaovitor"}]}},"_links":{"self":[{"href":"https:\/\/franciscanos.org.br\/noticias\/wp-json\/wp\/v2\/posts\/246191"}],"collection":[{"href":"https:\/\/franciscanos.org.br\/noticias\/wp-json\/wp\/v2\/posts"}],"about":[{"href":"https:\/\/franciscanos.org.br\/noticias\/wp-json\/wp\/v2\/types\/post"}],"author":[{"embeddable":true,"href":"https:\/\/franciscanos.org.br\/noticias\/wp-json\/wp\/v2\/users\/10"}],"replies":[{"embeddable":true,"href":"https:\/\/franciscanos.org.br\/noticias\/wp-json\/wp\/v2\/comments?post=246191"}],"version-history":[{"count":7,"href":"https:\/\/franciscanos.org.br\/noticias\/wp-json\/wp\/v2\/posts\/246191\/revisions"}],"predecessor-version":[{"id":246205,"href":"https:\/\/franciscanos.org.br\/noticias\/wp-json\/wp\/v2\/posts\/246191\/revisions\/246205"}],"wp:featuredmedia":[{"embeddable":true,"href":"https:\/\/franciscanos.org.br\/noticias\/wp-json\/wp\/v2\/media\/246201"}],"wp:attachment":[{"href":"https:\/\/franciscanos.org.br\/noticias\/wp-json\/wp\/v2\/media?parent=246191"}],"wp:term":[{"taxonomy":"category","embeddable":true,"href":"https:\/\/franciscanos.org.br\/noticias\/wp-json\/wp\/v2\/categories?post=246191"},{"taxonomy":"post_tag","embeddable":true,"href":"https:\/\/franciscanos.org.br\/noticias\/wp-json\/wp\/v2\/tags?post=246191"}],"curies":[{"name":"wp","href":"https:\/\/api.w.org\/{rel}","templated":true}]}}