{"id":246182,"date":"2024-01-24T10:56:51","date_gmt":"2024-01-24T13:56:51","guid":{"rendered":"https:\/\/franciscanos.org.br\/noticias\/?p=246182"},"modified":"2025-03-10T15:56:51","modified_gmt":"2025-03-10T18:56:51","slug":"vocacionados-do-ensino-medio-no-tempo-forte-de-convivencia","status":"publish","type":"post","link":"https:\/\/franciscanos.org.br\/noticias\/vocacionados-do-ensino-medio-no-tempo-forte-de-convivencia.html","title":{"rendered":"Vocacionados do Ensino M\u00e9dio no Tempo Forte de Conviv\u00eancia"},"content":{"rendered":"<p><img loading=\"lazy\" class=\"alignnone size-full wp-image-246183\" src=\"https:\/\/franciscanos.org.br\/noticias\/wp-content\/uploads\/2024\/01\/sav_03.jpg\" alt=\"\" width=\"1280\" height=\"720\" srcset=\"https:\/\/franciscanos.org.br\/noticias\/wp-content\/uploads\/2024\/01\/sav_03.jpg 1280w, https:\/\/franciscanos.org.br\/noticias\/wp-content\/uploads\/2024\/01\/sav_03-450x253.jpg 450w, https:\/\/franciscanos.org.br\/noticias\/wp-content\/uploads\/2024\/01\/sav_03-1024x576.jpg 1024w, https:\/\/franciscanos.org.br\/noticias\/wp-content\/uploads\/2024\/01\/sav_03-768x432.jpg 768w, https:\/\/franciscanos.org.br\/noticias\/wp-content\/uploads\/2024\/01\/sav_03-150x84.jpg 150w\" sizes=\"(max-width: 1280px) 100vw, 1280px\" \/><\/p>\n<p><strong>Lages (SC)<\/strong> &#8211; Para muitos, o sentido da vida est\u00e1 apenas em \u201csobreviver\u201d ao mundo onde sonhos n\u00e3o saem do papel, muitos almejam vidas, mas n\u00e3o trilham caminhos para conquist\u00e1-la. O c\u00edrculo de consagra\u00e7\u00e3o social, coloca-nos em caixas, onde sonhos s\u00e3o pr\u00e9-moldados, tais como, a aquisi\u00e7\u00e3o de bens materiais e uma vida \u201cest\u00e1vel\u201d.\u00a0 Para outros, a necessidade de sair e ir at\u00e9 os confins do mundo, para descobrir a si pr\u00f3prio e sua voca\u00e7\u00e3o ecoa como um vaso na m\u00e3o do oleiro.<\/p>\n<p>Inspirados pelo exemplo do Ser\u00e1fico Pai S\u00e3o Francisco de Assis, a Prov\u00edncia franciscana da Imaculada Concei\u00e7\u00e3o do Brasil realizou pela terceira vez, desde que o Ensino M\u00e9dio deixou de ser em forma de internato, o chamado \u201ctempo forte\u201d com os vocacionados mais novos da Prov\u00edncia. Dessa vez participaram Kau\u00ea Cangirana Rozim (Blumenau, SC), Lucas Speran\u00e7a Goschel (Cordilheira Alta, SC), Matheus de Souza Filippi (Rodeio, SC), Felipe Loss (Curitiba, PR) e Jos\u00e9 Ant\u00f4nio Duarte (Conc\u00f3rdia, SC), onde foram acolhidos na fraternidade S\u00e3o Jos\u00e9 do Patroc\u00ednio de Lages e foram acompanhados pelos freis respons\u00e1veis pelo SAV-Provincial, Frei Je\u00e2 Paulo Andrade e Frei Gabriel Dellandrea.<\/p>\n<p><img loading=\"lazy\" class=\"alignnone size-full wp-image-246184\" src=\"https:\/\/franciscanos.org.br\/noticias\/wp-content\/uploads\/2024\/01\/sav_04.jpg\" alt=\"\" width=\"1280\" height=\"810\" srcset=\"https:\/\/franciscanos.org.br\/noticias\/wp-content\/uploads\/2024\/01\/sav_04.jpg 1280w, https:\/\/franciscanos.org.br\/noticias\/wp-content\/uploads\/2024\/01\/sav_04-450x285.jpg 450w, https:\/\/franciscanos.org.br\/noticias\/wp-content\/uploads\/2024\/01\/sav_04-1024x648.jpg 1024w, https:\/\/franciscanos.org.br\/noticias\/wp-content\/uploads\/2024\/01\/sav_04-768x486.jpg 768w, https:\/\/franciscanos.org.br\/noticias\/wp-content\/uploads\/2024\/01\/sav_04-150x95.jpg 150w\" sizes=\"(max-width: 1280px) 100vw, 1280px\" \/><\/p>\n<p>Como oper\u00e1rios que almejam adentrar \u00e0 messe do Senhor, os aspirantes do Ensino M\u00e9dio foram convidados a adentrar em \u00e1guas mais profundas, e vivenciar de maneira intensa o carisma franciscano. No per\u00edodo de 11 a 24 de janeiro, no belo Conventinho de Lages, o grupo engajou-se em diversas atividades, abrangendo desde o labor manual e forma\u00e7\u00e3o intelectual at\u00e9 a participa\u00e7\u00e3o em atividades apost\u00f3licas, servi\u00e7os sociais e momentos recreativos. Esse per\u00edodo foi marcado por reflex\u00e3o profunda, dedica\u00e7\u00e3o ao trabalho e, de maneira crucial, pelo cultivo da fraternidade, elemento fundamental na vida franciscana.<\/p>\n<p>A no\u00e7\u00e3o de fraternidade foi introduzida aos jovens vocacionados em situa\u00e7\u00f5es simples, como durante as refei\u00e7\u00f5es, evoluindo para momentos de forma\u00e7\u00e3o e leitura de textos. Para Francisco de Assis, a fraternidade tem como n\u00facleo o Evangelho e a dedica\u00e7\u00e3o ao seguimento de Cristo. \u00c9 o Evangelho de Cristo que o impulsiona a abra\u00e7ar a viv\u00eancia fraterna, conforme expresso em suas palavras: &#8220;um s\u00f3 \u00e9 o vosso Mestre e todos v\u00f3s sois irm\u00e3os; um s\u00f3 \u00e9 o vosso Pai&#8221; (Mt 23,8-9).<\/p>\n<p><img loading=\"lazy\" class=\"alignnone size-full wp-image-246185\" src=\"https:\/\/franciscanos.org.br\/noticias\/wp-content\/uploads\/2024\/01\/sav_01.jpg\" alt=\"\" width=\"1280\" height=\"720\" srcset=\"https:\/\/franciscanos.org.br\/noticias\/wp-content\/uploads\/2024\/01\/sav_01.jpg 1280w, https:\/\/franciscanos.org.br\/noticias\/wp-content\/uploads\/2024\/01\/sav_01-450x253.jpg 450w, https:\/\/franciscanos.org.br\/noticias\/wp-content\/uploads\/2024\/01\/sav_01-1024x576.jpg 1024w, https:\/\/franciscanos.org.br\/noticias\/wp-content\/uploads\/2024\/01\/sav_01-768x432.jpg 768w, https:\/\/franciscanos.org.br\/noticias\/wp-content\/uploads\/2024\/01\/sav_01-150x84.jpg 150w\" sizes=\"(max-width: 1280px) 100vw, 1280px\" \/><\/p>\n<p>Durante esse tempo de forte de conviv\u00eancia, os jovens tiveram a oportunidade de conhecer em Lages as tr\u00eas Ordens fundadas pelo pobre de Assis: a Ordem dos Frades Menores (OFM), Ordem de Santa Clara (OSC) e a Ordem Franciscana Secular (OFS) onde puderam compreender melhor tr\u00eas formas de vida diferentes, a itiner\u00e2ncia da Primeira Ordem, a clausura da Segunda Ordem e a secularidade da vener\u00e1vel Ordem Terceira.<\/p>\n<p>O aspirante Lucas Goschel descreveu essa experi\u00eancia da seguinte forma: \u201cNessas duas semanas de est\u00e1gio eu e meus colegas tivemos a sorte de ficarmos no Conventinho de Lages, \u00fanica cidade de Santa Catarina que abriga as tr\u00eas Ordens fundadas por S\u00e3o Francisco, muitas ora\u00e7\u00f5es e trabalhos foram executados, mas, claro, sem tirar a divers\u00e3o e o lazer. Tamb\u00e9m tivemos o prazer de conhecer e ver com nossos pr\u00f3prios olhos Frei Ervino que, com 98 anos, ainda exerce seu trabalho celebrando missas; me senti muito acolhido tanto pelos freis da casa como pelo povo de Lages. Me despe\u00e7o, mas, com o anseio e desejo de voltar novamente\u201d.<\/p>\n<p><img loading=\"lazy\" class=\"alignnone size-full wp-image-246186\" src=\"https:\/\/franciscanos.org.br\/noticias\/wp-content\/uploads\/2024\/01\/sav_02.jpg\" alt=\"\" width=\"1280\" height=\"776\" srcset=\"https:\/\/franciscanos.org.br\/noticias\/wp-content\/uploads\/2024\/01\/sav_02.jpg 1280w, https:\/\/franciscanos.org.br\/noticias\/wp-content\/uploads\/2024\/01\/sav_02-450x273.jpg 450w, https:\/\/franciscanos.org.br\/noticias\/wp-content\/uploads\/2024\/01\/sav_02-1024x621.jpg 1024w, https:\/\/franciscanos.org.br\/noticias\/wp-content\/uploads\/2024\/01\/sav_02-768x466.jpg 768w, https:\/\/franciscanos.org.br\/noticias\/wp-content\/uploads\/2024\/01\/sav_02-150x91.jpg 150w\" sizes=\"(max-width: 1280px) 100vw, 1280px\" \/><\/p>\n<p>De igual maneira, o aspirante Kau\u00ea, descreveu: \u201cPoder vivenciar de maneira profunda e fecunda o carisma me impulsionou a, como diz S\u00e3o Pedro, consolidar cada vez mais a minha voca\u00e7\u00e3o, tendo em vista que a experi\u00eancia em Lages me fez compreender que a ess\u00eancia do saber \u00e9 amar o senhor e sua cria\u00e7\u00e3o. Pude confrontar essa experi\u00eancia com meu pr\u00f3prio projeto de vida e consegui discernir com maior clareza o chamado de abra\u00e7ar a minha voca\u00e7\u00e3o e seguir os passos de Francisco de Assis, e dessa forma poder repassar ao povo o amor de Deus que um dia me contagiou. Deixo um cora\u00e7\u00e3o em Lages, com risos e mem\u00f3rias inesquec\u00edveis, com a Fraternidade local e o povo santo de Deus, para criar outro fora de Lages. Jamais esquecerei essa cidade que abra\u00e7ou fervorosamente e a experi\u00eancia que vivi\u201d.<\/p>\n<p>Os dias de conviv\u00eancia se deram pelo trabalho simples de \u00a0limpeza da casa, ajudar nas refei\u00e7\u00f5es e no jardim. O estudo de franciscanismo, orat\u00f3ria, liturgia, ensaio de cantos, o bom uso das redes sociais e o cuidado com a sa\u00fade mental. Houve bastante conviv\u00eancia com os frades e com o povo, o passeio \u00e0 fraternidade de Curitibanos e o conhecimento do trabalho da comunica\u00e7\u00e3o nas r\u00e1dios da Prov\u00edncia. A subida no Cruzeiro, a visita \u00e0s Irm\u00e3s Clarissas e \u00e0 OFS; muita alegria, encontro fraterno e ora\u00e7\u00e3o. Tudo para ajudar no discernimento vocacional.<\/p>\n<p><img loading=\"lazy\" class=\"alignnone size-full wp-image-246187\" src=\"https:\/\/franciscanos.org.br\/noticias\/wp-content\/uploads\/2024\/01\/sav_05.jpg\" alt=\"\" width=\"1280\" height=\"657\" srcset=\"https:\/\/franciscanos.org.br\/noticias\/wp-content\/uploads\/2024\/01\/sav_05.jpg 1280w, https:\/\/franciscanos.org.br\/noticias\/wp-content\/uploads\/2024\/01\/sav_05-450x231.jpg 450w, https:\/\/franciscanos.org.br\/noticias\/wp-content\/uploads\/2024\/01\/sav_05-1024x526.jpg 1024w, https:\/\/franciscanos.org.br\/noticias\/wp-content\/uploads\/2024\/01\/sav_05-768x394.jpg 768w, https:\/\/franciscanos.org.br\/noticias\/wp-content\/uploads\/2024\/01\/sav_05-150x77.jpg 150w\" sizes=\"(max-width: 1280px) 100vw, 1280px\" \/><\/p>\n<p>Enfim, suplicamos ao Senhor da Messe que nos guie, capacitando-nos a ser constantes agentes da paz e cultivadores da humanidade. Que o Senhor continue a despertar novas voca\u00e7\u00f5es para o seguimento de Cristo, que incessantemente nos convida \u00e0 miss\u00e3o! \u201cHoje \u00e9 tempo de miss\u00e3o e \u00e9 tempo de coragem! Coragem para fortalecer os passos vacilantes, para retomar o gosto de nos consumirmos pelo Evangelho, de readquirir confian\u00e7a na for\u00e7a que a miss\u00e3o tem em si\u201d (Papa Francisco\\0.<\/p>\n<hr \/>\n<p><em>Kau\u00ea Cangirana Rozim<\/em><\/p>\n","protected":false},"excerpt":{"rendered":"<p>SAV<\/p>\n","protected":false},"author":3,"featured_media":246183,"comment_status":"open","ping_status":"open","sticky":false,"template":"","format":"standard","meta":[],"categories":[1],"tags":[552,2056],"acf":[],"yoast_head":"<!-- This site is optimized with the Yoast SEO plugin v19.2 - https:\/\/yoast.com\/wordpress\/plugins\/seo\/ -->\n<title>Vocacionados do Ensino M\u00e9dio no Tempo Forte de Conviv\u00eancia - Not\u00edcias - Franciscanos<\/title>\n<meta name=\"robots\" content=\"index, follow, max-snippet:-1, max-image-preview:large, max-video-preview:-1\" \/>\n<link rel=\"canonical\" href=\"https:\/\/franciscanos.org.br\/noticias\/vocacionados-do-ensino-medio-no-tempo-forte-de-convivencia.html\" \/>\n<meta property=\"og:locale\" content=\"pt_BR\" \/>\n<meta property=\"og:type\" content=\"article\" \/>\n<meta property=\"og:title\" content=\"Vocacionados do Ensino M\u00e9dio no Tempo Forte de Conviv\u00eancia - Not\u00edcias - Franciscanos\" \/>\n<meta property=\"og:description\" content=\"SAV\" \/>\n<meta property=\"og:url\" content=\"https:\/\/franciscanos.org.br\/noticias\/vocacionados-do-ensino-medio-no-tempo-forte-de-convivencia.html\" \/>\n<meta property=\"og:site_name\" content=\"Not\u00edcias - Franciscanos\" \/>\n<meta property=\"article:published_time\" content=\"2024-01-24T13:56:51+00:00\" \/>\n<meta property=\"article:modified_time\" content=\"2025-03-10T18:56:51+00:00\" \/>\n<meta property=\"og:image\" content=\"https:\/\/franciscanos.org.br\/noticias\/wp-content\/uploads\/2024\/01\/sav_03.jpg\" \/>\n\t<meta property=\"og:image:width\" content=\"1280\" \/>\n\t<meta property=\"og:image:height\" content=\"720\" \/>\n\t<meta property=\"og:image:type\" content=\"image\/jpeg\" \/>\n<meta name=\"author\" content=\"moacir\" \/>\n<meta name=\"twitter:card\" content=\"summary_large_image\" \/>\n<meta name=\"twitter:label1\" content=\"Escrito por\" \/>\n\t<meta name=\"twitter:data1\" content=\"moacir\" \/>\n\t<meta name=\"twitter:label2\" content=\"Est. tempo de leitura\" \/>\n\t<meta name=\"twitter:data2\" content=\"5 minutos\" \/>\n<script type=\"application\/ld+json\" class=\"yoast-schema-graph\">{\"@context\":\"https:\/\/schema.org\",\"@graph\":[{\"@type\":\"WebSite\",\"@id\":\"https:\/\/franciscanos.org.br\/noticias\/#website\",\"url\":\"https:\/\/franciscanos.org.br\/noticias\/\",\"name\":\"Not\u00edcias - Franciscanos\",\"description\":\"Prov\u00edncia Franciscana da Imaculada Concei\u00e7\u00e3o do Brasil - Ordem dos Frades Menores - OFM\",\"potentialAction\":[{\"@type\":\"SearchAction\",\"target\":{\"@type\":\"EntryPoint\",\"urlTemplate\":\"https:\/\/franciscanos.org.br\/noticias\/?s={search_term_string}\"},\"query-input\":\"required name=search_term_string\"}],\"inLanguage\":\"pt-BR\"},{\"@type\":\"ImageObject\",\"inLanguage\":\"pt-BR\",\"@id\":\"https:\/\/franciscanos.org.br\/noticias\/vocacionados-do-ensino-medio-no-tempo-forte-de-convivencia.html#primaryimage\",\"url\":\"https:\/\/franciscanos.org.br\/noticias\/wp-content\/uploads\/2024\/01\/sav_03.jpg\",\"contentUrl\":\"https:\/\/franciscanos.org.br\/noticias\/wp-content\/uploads\/2024\/01\/sav_03.jpg\",\"width\":1280,\"height\":720},{\"@type\":\"WebPage\",\"@id\":\"https:\/\/franciscanos.org.br\/noticias\/vocacionados-do-ensino-medio-no-tempo-forte-de-convivencia.html#webpage\",\"url\":\"https:\/\/franciscanos.org.br\/noticias\/vocacionados-do-ensino-medio-no-tempo-forte-de-convivencia.html\",\"name\":\"Vocacionados do Ensino M\u00e9dio no Tempo Forte de Conviv\u00eancia - Not\u00edcias - Franciscanos\",\"isPartOf\":{\"@id\":\"https:\/\/franciscanos.org.br\/noticias\/#website\"},\"primaryImageOfPage\":{\"@id\":\"https:\/\/franciscanos.org.br\/noticias\/vocacionados-do-ensino-medio-no-tempo-forte-de-convivencia.html#primaryimage\"},\"datePublished\":\"2024-01-24T13:56:51+00:00\",\"dateModified\":\"2025-03-10T18:56:51+00:00\",\"author\":{\"@id\":\"https:\/\/franciscanos.org.br\/noticias\/#\/schema\/person\/b5c8cba458c330ccff548b056e95a5d4\"},\"breadcrumb\":{\"@id\":\"https:\/\/franciscanos.org.br\/noticias\/vocacionados-do-ensino-medio-no-tempo-forte-de-convivencia.html#breadcrumb\"},\"inLanguage\":\"pt-BR\",\"potentialAction\":[{\"@type\":\"ReadAction\",\"target\":[\"https:\/\/franciscanos.org.br\/noticias\/vocacionados-do-ensino-medio-no-tempo-forte-de-convivencia.html\"]}]},{\"@type\":\"BreadcrumbList\",\"@id\":\"https:\/\/franciscanos.org.br\/noticias\/vocacionados-do-ensino-medio-no-tempo-forte-de-convivencia.html#breadcrumb\",\"itemListElement\":[{\"@type\":\"ListItem\",\"position\":1,\"name\":\"Home\",\"item\":\"https:\/\/franciscanos.org.br\/noticias\"},{\"@type\":\"ListItem\",\"position\":2,\"name\":\"Vocacionados do Ensino M\u00e9dio no Tempo Forte de Conviv\u00eancia\"}]},{\"@type\":\"Person\",\"@id\":\"https:\/\/franciscanos.org.br\/noticias\/#\/schema\/person\/b5c8cba458c330ccff548b056e95a5d4\",\"name\":\"moacir\",\"image\":{\"@type\":\"ImageObject\",\"inLanguage\":\"pt-BR\",\"@id\":\"https:\/\/franciscanos.org.br\/noticias\/#\/schema\/person\/image\/\",\"url\":\"https:\/\/secure.gravatar.com\/avatar\/d08aa2ce4c8dd416d4479aa8536fcf64?s=96&d=mm&r=g\",\"contentUrl\":\"https:\/\/secure.gravatar.com\/avatar\/d08aa2ce4c8dd416d4479aa8536fcf64?s=96&d=mm&r=g\",\"caption\":\"moacir\"},\"url\":\"https:\/\/franciscanos.org.br\/noticias\/author\/moacir\"}]}<\/script>\n<!-- \/ Yoast SEO plugin. -->","yoast_head_json":{"title":"Vocacionados do Ensino M\u00e9dio no Tempo Forte de Conviv\u00eancia - Not\u00edcias - Franciscanos","robots":{"index":"index","follow":"follow","max-snippet":"max-snippet:-1","max-image-preview":"max-image-preview:large","max-video-preview":"max-video-preview:-1"},"canonical":"https:\/\/franciscanos.org.br\/noticias\/vocacionados-do-ensino-medio-no-tempo-forte-de-convivencia.html","og_locale":"pt_BR","og_type":"article","og_title":"Vocacionados do Ensino M\u00e9dio no Tempo Forte de Conviv\u00eancia - Not\u00edcias - Franciscanos","og_description":"SAV","og_url":"https:\/\/franciscanos.org.br\/noticias\/vocacionados-do-ensino-medio-no-tempo-forte-de-convivencia.html","og_site_name":"Not\u00edcias - Franciscanos","article_published_time":"2024-01-24T13:56:51+00:00","article_modified_time":"2025-03-10T18:56:51+00:00","og_image":[{"width":1280,"height":720,"url":"https:\/\/franciscanos.org.br\/noticias\/wp-content\/uploads\/2024\/01\/sav_03.jpg","type":"image\/jpeg"}],"author":"moacir","twitter_card":"summary_large_image","twitter_misc":{"Escrito por":"moacir","Est. tempo de leitura":"5 minutos"},"schema":{"@context":"https:\/\/schema.org","@graph":[{"@type":"WebSite","@id":"https:\/\/franciscanos.org.br\/noticias\/#website","url":"https:\/\/franciscanos.org.br\/noticias\/","name":"Not\u00edcias - Franciscanos","description":"Prov\u00edncia Franciscana da Imaculada Concei\u00e7\u00e3o do Brasil - Ordem dos Frades Menores - OFM","potentialAction":[{"@type":"SearchAction","target":{"@type":"EntryPoint","urlTemplate":"https:\/\/franciscanos.org.br\/noticias\/?s={search_term_string}"},"query-input":"required name=search_term_string"}],"inLanguage":"pt-BR"},{"@type":"ImageObject","inLanguage":"pt-BR","@id":"https:\/\/franciscanos.org.br\/noticias\/vocacionados-do-ensino-medio-no-tempo-forte-de-convivencia.html#primaryimage","url":"https:\/\/franciscanos.org.br\/noticias\/wp-content\/uploads\/2024\/01\/sav_03.jpg","contentUrl":"https:\/\/franciscanos.org.br\/noticias\/wp-content\/uploads\/2024\/01\/sav_03.jpg","width":1280,"height":720},{"@type":"WebPage","@id":"https:\/\/franciscanos.org.br\/noticias\/vocacionados-do-ensino-medio-no-tempo-forte-de-convivencia.html#webpage","url":"https:\/\/franciscanos.org.br\/noticias\/vocacionados-do-ensino-medio-no-tempo-forte-de-convivencia.html","name":"Vocacionados do Ensino M\u00e9dio no Tempo Forte de Conviv\u00eancia - Not\u00edcias - Franciscanos","isPartOf":{"@id":"https:\/\/franciscanos.org.br\/noticias\/#website"},"primaryImageOfPage":{"@id":"https:\/\/franciscanos.org.br\/noticias\/vocacionados-do-ensino-medio-no-tempo-forte-de-convivencia.html#primaryimage"},"datePublished":"2024-01-24T13:56:51+00:00","dateModified":"2025-03-10T18:56:51+00:00","author":{"@id":"https:\/\/franciscanos.org.br\/noticias\/#\/schema\/person\/b5c8cba458c330ccff548b056e95a5d4"},"breadcrumb":{"@id":"https:\/\/franciscanos.org.br\/noticias\/vocacionados-do-ensino-medio-no-tempo-forte-de-convivencia.html#breadcrumb"},"inLanguage":"pt-BR","potentialAction":[{"@type":"ReadAction","target":["https:\/\/franciscanos.org.br\/noticias\/vocacionados-do-ensino-medio-no-tempo-forte-de-convivencia.html"]}]},{"@type":"BreadcrumbList","@id":"https:\/\/franciscanos.org.br\/noticias\/vocacionados-do-ensino-medio-no-tempo-forte-de-convivencia.html#breadcrumb","itemListElement":[{"@type":"ListItem","position":1,"name":"Home","item":"https:\/\/franciscanos.org.br\/noticias"},{"@type":"ListItem","position":2,"name":"Vocacionados do Ensino M\u00e9dio no Tempo Forte de Conviv\u00eancia"}]},{"@type":"Person","@id":"https:\/\/franciscanos.org.br\/noticias\/#\/schema\/person\/b5c8cba458c330ccff548b056e95a5d4","name":"moacir","image":{"@type":"ImageObject","inLanguage":"pt-BR","@id":"https:\/\/franciscanos.org.br\/noticias\/#\/schema\/person\/image\/","url":"https:\/\/secure.gravatar.com\/avatar\/d08aa2ce4c8dd416d4479aa8536fcf64?s=96&d=mm&r=g","contentUrl":"https:\/\/secure.gravatar.com\/avatar\/d08aa2ce4c8dd416d4479aa8536fcf64?s=96&d=mm&r=g","caption":"moacir"},"url":"https:\/\/franciscanos.org.br\/noticias\/author\/moacir"}]}},"_links":{"self":[{"href":"https:\/\/franciscanos.org.br\/noticias\/wp-json\/wp\/v2\/posts\/246182"}],"collection":[{"href":"https:\/\/franciscanos.org.br\/noticias\/wp-json\/wp\/v2\/posts"}],"about":[{"href":"https:\/\/franciscanos.org.br\/noticias\/wp-json\/wp\/v2\/types\/post"}],"author":[{"embeddable":true,"href":"https:\/\/franciscanos.org.br\/noticias\/wp-json\/wp\/v2\/users\/3"}],"replies":[{"embeddable":true,"href":"https:\/\/franciscanos.org.br\/noticias\/wp-json\/wp\/v2\/comments?post=246182"}],"version-history":[{"count":1,"href":"https:\/\/franciscanos.org.br\/noticias\/wp-json\/wp\/v2\/posts\/246182\/revisions"}],"predecessor-version":[{"id":246188,"href":"https:\/\/franciscanos.org.br\/noticias\/wp-json\/wp\/v2\/posts\/246182\/revisions\/246188"}],"wp:featuredmedia":[{"embeddable":true,"href":"https:\/\/franciscanos.org.br\/noticias\/wp-json\/wp\/v2\/media\/246183"}],"wp:attachment":[{"href":"https:\/\/franciscanos.org.br\/noticias\/wp-json\/wp\/v2\/media?parent=246182"}],"wp:term":[{"taxonomy":"category","embeddable":true,"href":"https:\/\/franciscanos.org.br\/noticias\/wp-json\/wp\/v2\/categories?post=246182"},{"taxonomy":"post_tag","embeddable":true,"href":"https:\/\/franciscanos.org.br\/noticias\/wp-json\/wp\/v2\/tags?post=246182"}],"curies":[{"name":"wp","href":"https:\/\/api.w.org\/{rel}","templated":true}]}}