{"id":246178,"date":"2024-01-24T08:53:08","date_gmt":"2024-01-24T11:53:08","guid":{"rendered":"https:\/\/franciscanos.org.br\/noticias\/?p=246178"},"modified":"2024-01-24T08:53:40","modified_gmt":"2024-01-24T11:53:40","slug":"papa-a-avareza-e-uma-doenca-do-coracao-sejamos-generosos","status":"publish","type":"post","link":"https:\/\/franciscanos.org.br\/noticias\/papa-a-avareza-e-uma-doenca-do-coracao-sejamos-generosos.html","title":{"rendered":"Papa: a avareza \u00e9 uma doen\u00e7a do cora\u00e7\u00e3o. Sejamos generosos!"},"content":{"rendered":"<div id=\"attachment_246179\" style=\"width: 1290px\" class=\"wp-caption alignnone\"><img aria-describedby=\"caption-attachment-246179\" loading=\"lazy\" class=\"wp-image-246179 size-full\" src=\"https:\/\/franciscanos.org.br\/noticias\/wp-content\/uploads\/2024\/01\/audiencia_2401_3.jpg\" alt=\"\" width=\"1280\" height=\"720\" srcset=\"https:\/\/franciscanos.org.br\/noticias\/wp-content\/uploads\/2024\/01\/audiencia_2401_3.jpg 1280w, https:\/\/franciscanos.org.br\/noticias\/wp-content\/uploads\/2024\/01\/audiencia_2401_3-450x253.jpg 450w, https:\/\/franciscanos.org.br\/noticias\/wp-content\/uploads\/2024\/01\/audiencia_2401_3-1024x576.jpg 1024w, https:\/\/franciscanos.org.br\/noticias\/wp-content\/uploads\/2024\/01\/audiencia_2401_3-768x432.jpg 768w, https:\/\/franciscanos.org.br\/noticias\/wp-content\/uploads\/2024\/01\/audiencia_2401_3-150x84.jpg 150w\" sizes=\"(max-width: 1280px) 100vw, 1280px\" \/><p id=\"caption-attachment-246179\" class=\"wp-caption-text\"><em><strong>Imagem: Vatican Media<\/strong><\/em><\/p><\/div>\n<p>Ao dar continuidade no ciclo de catequeses sobre os v\u00edcios e as virtudes, o Papa, refletiu, na manh\u00e3 desta quarta-feira (24\/01), sobre a avareza, ou seja, \u201caquela forma de apego ao dinheiro que impede o homem de ser generoso\u201d.<\/p>\n<p>Francisco enfatizou, logo no in\u00edcio da Audi\u00eancia Geral, que este n\u00e3o \u00e9 um pecado que diz respeito apenas \u00e0s pessoas que possuem grandes patrim\u00f4nios, \u201cmas sim um v\u00edcio transversal, que muitas vezes nada tem a ver com o saldo da conta corrente\u201d, e completou:<\/p>\n<p>\u201cA avareza \u00e9 uma doen\u00e7a do cora\u00e7\u00e3o, n\u00e3o da carteira.\u201d<\/p>\n<p><strong>Apego \u00e0s pequenas coisas<\/strong><br \/>\nO Pont\u00edfice ilustrou a sua medita\u00e7\u00e3o com algumas an\u00e1lises que os padres do deserto fizeram sobre este mal: \u201cEles evidenciaram como a avareza poderia tamb\u00e9m se apoderar dos monges que, depois de terem renunciado a enormes heran\u00e7as, na solid\u00e3o da sua cela se apegaram a objetos de pouco valor: n\u00e3o os emprestavam, n\u00e3o os partilhavam, e muito menos estavam dispostos a distribu\u00ed-los, era um apego a pequenas coisas\u201d.<\/p>\n<p>Uma esp\u00e9cie de regress\u00e3o \u00e0 imagem da crian\u00e7a que segura o brinquedo e repete: \u201c\u00c9 meu! \u00c9 meu!\u201d, continuou o Papa, \u201cesse tipo de apego nos tira a liberdade, e a\u00ed reside uma rela\u00e7\u00e3o doentia com a realidade, que pode levar a formas de acumula\u00e7\u00e3o compulsiva ou patol\u00f3gica\u201d.<\/p>\n<p><strong>Refletir sobre a morte, a cura para este v\u00edcio<\/strong><br \/>\n\u201cPara curar esta doen\u00e7a\u201d, recordou o Santo Padre, \u201cos monges propuseram um m\u00e9todo dr\u00e1stico, mas muito eficaz: a medita\u00e7\u00e3o da morte\u201d. Por mais que uma pessoa acumule bens neste mundo, temos absoluta certeza de uma coisa: &#8220;eles n\u00e3o caber\u00e3o no caix\u00e3o, n\u00f3s n\u00e3o poderemos levar os bens conosco&#8221;.<\/p>\n<p>Segundo Francisco, \u00e9 sobre este aspecto que se revela a insensatez desse v\u00edcio: \u201cO v\u00ednculo de posse que constru\u00edmos com as coisas \u00e9 apenas aparente, porque n\u00e3o somos os donos do mundo: esta terra que amamos n\u00e3o \u00e9 na verdade nossa, e nela caminhamos como estrangeiros e peregrinos\u201d.<\/p>\n<p><strong>A riqueza n\u00e3o \u00e9 um pecado, mas uma responsabilidade<\/strong><br \/>\nO Papa ent\u00e3o destacou que estas simples considera\u00e7\u00f5es fazem-nos compreender a loucura da avareza, mas tamb\u00e9m a sua raz\u00e3o mais oculta: \u201c\u00e9 uma tentativa de exorcizar o medo da morte: procura certezas que na realidade desmoronam no momento em que as apreendemos\u201d.<\/p>\n<p>Ao recordar a prega\u00e7\u00e3o de Jesus no Serm\u00e3o da Montanha, quando o Senhor pede para n\u00e3o ajuntarmos tesouros na terra, mas sim tesouros no c\u00e9u, (cf Mt 6,19-20), o Pont\u00edfice ressaltou: \u201cPodemos ser senhores dos bens que possu\u00edmos, mas muitas vezes acontece o contr\u00e1rio: em \u00faltima an\u00e1lise, s\u00e3o eles os nossos donos.\u201d<\/p>\n<p>\u201cAlguns homens ricos j\u00e1 n\u00e3o s\u00e3o livres, j\u00e1 nem t\u00eam tempo para descansar, t\u00eam de olhar por cima dos ombros porque a acumula\u00e7\u00e3o de bens tamb\u00e9m exige os seus cuidados. Sentem-se sempre ansiosos porque um legado se constr\u00f3i com muito suor, mas pode desaparecer num instante. Esquecem-se da prega\u00e7\u00e3o evang\u00e9lica, que n\u00e3o afirma que a riqueza em si \u00e9 um pecado, mas \u00e9 certamente uma responsabilidade\u201d.<br \/>\n\u201cDeus n\u00e3o \u00e9 pobre, \u00e9 o Senhor de tudo\u201d, continuou o Pont\u00edfice, mas, como escreveu S\u00e3o Paulo: \u201cSendo rico, se fez pobre por v\u00f3s, a fim de vos enriquecer por sua pobreza\u201d (2 Cor 8,9), e completou: &#8220;Isto \u00e9 o que o avarento n\u00e3o entende. Podia ter sido uma fonte de b\u00ean\u00e7\u00e3o para muitos, mas em vez disso acabou no beco sem sa\u00edda da infelicidade&#8221;.<\/p>\n<p><strong>Sejamos generosos<\/strong><br \/>\nPor fim, o Papa, evidenciou que um avarento tem uma vida triste, e contou uma hist\u00f3ria: \u201cLembro-me do caso de um senhor que conheci em outra diocese, um homem muito rico, casado, e ele tinha uma m\u00e3e doente. Os irm\u00e3os se revezavam para cuidar da m\u00e3e, e ela costumava tomar um pote iogurte pela manh\u00e3. Aquele senhor lhe dava metade pela manh\u00e3, e para economizar, guardava metade do iogurte para lhe dar \u00e0 tarde. Isso \u00e9 avareza, isso \u00e9 apego \u00e0s posses. Ent\u00e3o, esse senhor morreu, e os coment\u00e1rios das pessoas que foram ao vel\u00f3rio eram: &#8216;Olhem, esse homem n\u00e3o tem nada com ele, deixou tudo para tr\u00e1s&#8217;. E ent\u00e3o, de forma um pouco ir\u00f4nica, diziam: &#8216;N\u00e3o puderam nem fechar o caix\u00e3o porque ele queria levar tudo com ele&#8217;, e isso fazia os outros rirem. Esse \u00e9 um exemplo claro da avareza\u201d.<\/p>\n<p>Francisco, na conclus\u00e3o de sua reflex\u00e3o, exortou os fi\u00e9is: \u201cNo fim da vida teremos que entregar nosso corpo e nossa alma ao Senhor, e teremos que deixar tudo. Sejamos cuidadosos e generosos: generosos com todos e generosos com aqueles que mais precisam de n\u00f3s.\u201d<\/p>\n<hr \/>\n<p><em>Fonte: Vatican News (texto de Thulio Fonseca)<\/em><\/p>\n","protected":false},"excerpt":{"rendered":"<p>Audi\u00eancia Geral<\/p>\n","protected":false},"author":3,"featured_media":246179,"comment_status":"open","ping_status":"open","sticky":false,"template":"","format":"standard","meta":[],"categories":[1428],"tags":[487],"acf":[],"yoast_head":"<!-- This site is optimized with the Yoast SEO plugin v19.2 - https:\/\/yoast.com\/wordpress\/plugins\/seo\/ -->\n<title>Papa: a avareza \u00e9 uma doen\u00e7a do cora\u00e7\u00e3o. Sejamos generosos! - Not\u00edcias - Franciscanos<\/title>\n<meta name=\"robots\" content=\"index, follow, max-snippet:-1, max-image-preview:large, max-video-preview:-1\" \/>\n<link rel=\"canonical\" href=\"https:\/\/franciscanos.org.br\/noticias\/papa-a-avareza-e-uma-doenca-do-coracao-sejamos-generosos.html\" \/>\n<meta property=\"og:locale\" content=\"pt_BR\" \/>\n<meta property=\"og:type\" content=\"article\" \/>\n<meta property=\"og:title\" content=\"Papa: a avareza \u00e9 uma doen\u00e7a do cora\u00e7\u00e3o. Sejamos generosos! - Not\u00edcias - Franciscanos\" \/>\n<meta property=\"og:description\" content=\"Audi\u00eancia Geral\" \/>\n<meta property=\"og:url\" content=\"https:\/\/franciscanos.org.br\/noticias\/papa-a-avareza-e-uma-doenca-do-coracao-sejamos-generosos.html\" \/>\n<meta property=\"og:site_name\" content=\"Not\u00edcias - Franciscanos\" \/>\n<meta property=\"article:published_time\" content=\"2024-01-24T11:53:08+00:00\" \/>\n<meta property=\"article:modified_time\" content=\"2024-01-24T11:53:40+00:00\" \/>\n<meta property=\"og:image\" content=\"https:\/\/franciscanos.org.br\/noticias\/wp-content\/uploads\/2024\/01\/audiencia_2401_3.jpg\" \/>\n\t<meta property=\"og:image:width\" content=\"1280\" \/>\n\t<meta property=\"og:image:height\" content=\"720\" \/>\n\t<meta property=\"og:image:type\" content=\"image\/jpeg\" \/>\n<meta name=\"author\" content=\"moacir\" \/>\n<meta name=\"twitter:card\" content=\"summary_large_image\" \/>\n<meta name=\"twitter:label1\" content=\"Escrito por\" \/>\n\t<meta name=\"twitter:data1\" content=\"moacir\" \/>\n\t<meta name=\"twitter:label2\" content=\"Est. tempo de leitura\" \/>\n\t<meta name=\"twitter:data2\" content=\"4 minutos\" \/>\n<script type=\"application\/ld+json\" class=\"yoast-schema-graph\">{\"@context\":\"https:\/\/schema.org\",\"@graph\":[{\"@type\":\"WebSite\",\"@id\":\"https:\/\/franciscanos.org.br\/noticias\/#website\",\"url\":\"https:\/\/franciscanos.org.br\/noticias\/\",\"name\":\"Not\u00edcias - Franciscanos\",\"description\":\"Prov\u00edncia Franciscana da Imaculada Concei\u00e7\u00e3o do Brasil - Ordem dos Frades Menores - OFM\",\"potentialAction\":[{\"@type\":\"SearchAction\",\"target\":{\"@type\":\"EntryPoint\",\"urlTemplate\":\"https:\/\/franciscanos.org.br\/noticias\/?s={search_term_string}\"},\"query-input\":\"required name=search_term_string\"}],\"inLanguage\":\"pt-BR\"},{\"@type\":\"ImageObject\",\"inLanguage\":\"pt-BR\",\"@id\":\"https:\/\/franciscanos.org.br\/noticias\/papa-a-avareza-e-uma-doenca-do-coracao-sejamos-generosos.html#primaryimage\",\"url\":\"https:\/\/franciscanos.org.br\/noticias\/wp-content\/uploads\/2024\/01\/audiencia_2401_3.jpg\",\"contentUrl\":\"https:\/\/franciscanos.org.br\/noticias\/wp-content\/uploads\/2024\/01\/audiencia_2401_3.jpg\",\"width\":1280,\"height\":720},{\"@type\":\"WebPage\",\"@id\":\"https:\/\/franciscanos.org.br\/noticias\/papa-a-avareza-e-uma-doenca-do-coracao-sejamos-generosos.html#webpage\",\"url\":\"https:\/\/franciscanos.org.br\/noticias\/papa-a-avareza-e-uma-doenca-do-coracao-sejamos-generosos.html\",\"name\":\"Papa: a avareza \u00e9 uma doen\u00e7a do cora\u00e7\u00e3o. Sejamos generosos! - Not\u00edcias - Franciscanos\",\"isPartOf\":{\"@id\":\"https:\/\/franciscanos.org.br\/noticias\/#website\"},\"primaryImageOfPage\":{\"@id\":\"https:\/\/franciscanos.org.br\/noticias\/papa-a-avareza-e-uma-doenca-do-coracao-sejamos-generosos.html#primaryimage\"},\"datePublished\":\"2024-01-24T11:53:08+00:00\",\"dateModified\":\"2024-01-24T11:53:40+00:00\",\"author\":{\"@id\":\"https:\/\/franciscanos.org.br\/noticias\/#\/schema\/person\/b5c8cba458c330ccff548b056e95a5d4\"},\"breadcrumb\":{\"@id\":\"https:\/\/franciscanos.org.br\/noticias\/papa-a-avareza-e-uma-doenca-do-coracao-sejamos-generosos.html#breadcrumb\"},\"inLanguage\":\"pt-BR\",\"potentialAction\":[{\"@type\":\"ReadAction\",\"target\":[\"https:\/\/franciscanos.org.br\/noticias\/papa-a-avareza-e-uma-doenca-do-coracao-sejamos-generosos.html\"]}]},{\"@type\":\"BreadcrumbList\",\"@id\":\"https:\/\/franciscanos.org.br\/noticias\/papa-a-avareza-e-uma-doenca-do-coracao-sejamos-generosos.html#breadcrumb\",\"itemListElement\":[{\"@type\":\"ListItem\",\"position\":1,\"name\":\"Home\",\"item\":\"https:\/\/franciscanos.org.br\/noticias\"},{\"@type\":\"ListItem\",\"position\":2,\"name\":\"Papa: a avareza \u00e9 uma doen\u00e7a do cora\u00e7\u00e3o. Sejamos generosos!\"}]},{\"@type\":\"Person\",\"@id\":\"https:\/\/franciscanos.org.br\/noticias\/#\/schema\/person\/b5c8cba458c330ccff548b056e95a5d4\",\"name\":\"moacir\",\"image\":{\"@type\":\"ImageObject\",\"inLanguage\":\"pt-BR\",\"@id\":\"https:\/\/franciscanos.org.br\/noticias\/#\/schema\/person\/image\/\",\"url\":\"https:\/\/secure.gravatar.com\/avatar\/d08aa2ce4c8dd416d4479aa8536fcf64?s=96&d=mm&r=g\",\"contentUrl\":\"https:\/\/secure.gravatar.com\/avatar\/d08aa2ce4c8dd416d4479aa8536fcf64?s=96&d=mm&r=g\",\"caption\":\"moacir\"},\"url\":\"https:\/\/franciscanos.org.br\/noticias\/author\/moacir\"}]}<\/script>\n<!-- \/ Yoast SEO plugin. -->","yoast_head_json":{"title":"Papa: a avareza \u00e9 uma doen\u00e7a do cora\u00e7\u00e3o. Sejamos generosos! - Not\u00edcias - Franciscanos","robots":{"index":"index","follow":"follow","max-snippet":"max-snippet:-1","max-image-preview":"max-image-preview:large","max-video-preview":"max-video-preview:-1"},"canonical":"https:\/\/franciscanos.org.br\/noticias\/papa-a-avareza-e-uma-doenca-do-coracao-sejamos-generosos.html","og_locale":"pt_BR","og_type":"article","og_title":"Papa: a avareza \u00e9 uma doen\u00e7a do cora\u00e7\u00e3o. Sejamos generosos! - Not\u00edcias - Franciscanos","og_description":"Audi\u00eancia Geral","og_url":"https:\/\/franciscanos.org.br\/noticias\/papa-a-avareza-e-uma-doenca-do-coracao-sejamos-generosos.html","og_site_name":"Not\u00edcias - Franciscanos","article_published_time":"2024-01-24T11:53:08+00:00","article_modified_time":"2024-01-24T11:53:40+00:00","og_image":[{"width":1280,"height":720,"url":"https:\/\/franciscanos.org.br\/noticias\/wp-content\/uploads\/2024\/01\/audiencia_2401_3.jpg","type":"image\/jpeg"}],"author":"moacir","twitter_card":"summary_large_image","twitter_misc":{"Escrito por":"moacir","Est. tempo de leitura":"4 minutos"},"schema":{"@context":"https:\/\/schema.org","@graph":[{"@type":"WebSite","@id":"https:\/\/franciscanos.org.br\/noticias\/#website","url":"https:\/\/franciscanos.org.br\/noticias\/","name":"Not\u00edcias - Franciscanos","description":"Prov\u00edncia Franciscana da Imaculada Concei\u00e7\u00e3o do Brasil - Ordem dos Frades Menores - OFM","potentialAction":[{"@type":"SearchAction","target":{"@type":"EntryPoint","urlTemplate":"https:\/\/franciscanos.org.br\/noticias\/?s={search_term_string}"},"query-input":"required name=search_term_string"}],"inLanguage":"pt-BR"},{"@type":"ImageObject","inLanguage":"pt-BR","@id":"https:\/\/franciscanos.org.br\/noticias\/papa-a-avareza-e-uma-doenca-do-coracao-sejamos-generosos.html#primaryimage","url":"https:\/\/franciscanos.org.br\/noticias\/wp-content\/uploads\/2024\/01\/audiencia_2401_3.jpg","contentUrl":"https:\/\/franciscanos.org.br\/noticias\/wp-content\/uploads\/2024\/01\/audiencia_2401_3.jpg","width":1280,"height":720},{"@type":"WebPage","@id":"https:\/\/franciscanos.org.br\/noticias\/papa-a-avareza-e-uma-doenca-do-coracao-sejamos-generosos.html#webpage","url":"https:\/\/franciscanos.org.br\/noticias\/papa-a-avareza-e-uma-doenca-do-coracao-sejamos-generosos.html","name":"Papa: a avareza \u00e9 uma doen\u00e7a do cora\u00e7\u00e3o. Sejamos generosos! - Not\u00edcias - Franciscanos","isPartOf":{"@id":"https:\/\/franciscanos.org.br\/noticias\/#website"},"primaryImageOfPage":{"@id":"https:\/\/franciscanos.org.br\/noticias\/papa-a-avareza-e-uma-doenca-do-coracao-sejamos-generosos.html#primaryimage"},"datePublished":"2024-01-24T11:53:08+00:00","dateModified":"2024-01-24T11:53:40+00:00","author":{"@id":"https:\/\/franciscanos.org.br\/noticias\/#\/schema\/person\/b5c8cba458c330ccff548b056e95a5d4"},"breadcrumb":{"@id":"https:\/\/franciscanos.org.br\/noticias\/papa-a-avareza-e-uma-doenca-do-coracao-sejamos-generosos.html#breadcrumb"},"inLanguage":"pt-BR","potentialAction":[{"@type":"ReadAction","target":["https:\/\/franciscanos.org.br\/noticias\/papa-a-avareza-e-uma-doenca-do-coracao-sejamos-generosos.html"]}]},{"@type":"BreadcrumbList","@id":"https:\/\/franciscanos.org.br\/noticias\/papa-a-avareza-e-uma-doenca-do-coracao-sejamos-generosos.html#breadcrumb","itemListElement":[{"@type":"ListItem","position":1,"name":"Home","item":"https:\/\/franciscanos.org.br\/noticias"},{"@type":"ListItem","position":2,"name":"Papa: a avareza \u00e9 uma doen\u00e7a do cora\u00e7\u00e3o. Sejamos generosos!"}]},{"@type":"Person","@id":"https:\/\/franciscanos.org.br\/noticias\/#\/schema\/person\/b5c8cba458c330ccff548b056e95a5d4","name":"moacir","image":{"@type":"ImageObject","inLanguage":"pt-BR","@id":"https:\/\/franciscanos.org.br\/noticias\/#\/schema\/person\/image\/","url":"https:\/\/secure.gravatar.com\/avatar\/d08aa2ce4c8dd416d4479aa8536fcf64?s=96&d=mm&r=g","contentUrl":"https:\/\/secure.gravatar.com\/avatar\/d08aa2ce4c8dd416d4479aa8536fcf64?s=96&d=mm&r=g","caption":"moacir"},"url":"https:\/\/franciscanos.org.br\/noticias\/author\/moacir"}]}},"_links":{"self":[{"href":"https:\/\/franciscanos.org.br\/noticias\/wp-json\/wp\/v2\/posts\/246178"}],"collection":[{"href":"https:\/\/franciscanos.org.br\/noticias\/wp-json\/wp\/v2\/posts"}],"about":[{"href":"https:\/\/franciscanos.org.br\/noticias\/wp-json\/wp\/v2\/types\/post"}],"author":[{"embeddable":true,"href":"https:\/\/franciscanos.org.br\/noticias\/wp-json\/wp\/v2\/users\/3"}],"replies":[{"embeddable":true,"href":"https:\/\/franciscanos.org.br\/noticias\/wp-json\/wp\/v2\/comments?post=246178"}],"version-history":[{"count":2,"href":"https:\/\/franciscanos.org.br\/noticias\/wp-json\/wp\/v2\/posts\/246178\/revisions"}],"predecessor-version":[{"id":246181,"href":"https:\/\/franciscanos.org.br\/noticias\/wp-json\/wp\/v2\/posts\/246178\/revisions\/246181"}],"wp:featuredmedia":[{"embeddable":true,"href":"https:\/\/franciscanos.org.br\/noticias\/wp-json\/wp\/v2\/media\/246179"}],"wp:attachment":[{"href":"https:\/\/franciscanos.org.br\/noticias\/wp-json\/wp\/v2\/media?parent=246178"}],"wp:term":[{"taxonomy":"category","embeddable":true,"href":"https:\/\/franciscanos.org.br\/noticias\/wp-json\/wp\/v2\/categories?post=246178"},{"taxonomy":"post_tag","embeddable":true,"href":"https:\/\/franciscanos.org.br\/noticias\/wp-json\/wp\/v2\/tags?post=246178"}],"curies":[{"name":"wp","href":"https:\/\/api.w.org\/{rel}","templated":true}]}}