{"id":246169,"date":"2024-01-23T07:20:18","date_gmt":"2024-01-23T10:20:18","guid":{"rendered":"https:\/\/franciscanos.org.br\/noticias\/?p=246169"},"modified":"2024-01-23T07:20:18","modified_gmt":"2024-01-23T10:20:18","slug":"paroquia-santo-antonio-de-bauru-acolhe-novo-paroco","status":"publish","type":"post","link":"https:\/\/franciscanos.org.br\/noticias\/paroquia-santo-antonio-de-bauru-acolhe-novo-paroco.html","title":{"rendered":"Par\u00f3quia Santo Ant\u00f4nio de Bauru acolhe novo P\u00e1roco"},"content":{"rendered":"<p><img loading=\"lazy\" class=\"alignnone size-full wp-image-246170\" src=\"https:\/\/franciscanos.org.br\/noticias\/wp-content\/uploads\/2024\/01\/bauru_06.jpg\" alt=\"\" width=\"1280\" height=\"720\" srcset=\"https:\/\/franciscanos.org.br\/noticias\/wp-content\/uploads\/2024\/01\/bauru_06.jpg 1280w, https:\/\/franciscanos.org.br\/noticias\/wp-content\/uploads\/2024\/01\/bauru_06-450x253.jpg 450w, https:\/\/franciscanos.org.br\/noticias\/wp-content\/uploads\/2024\/01\/bauru_06-1024x576.jpg 1024w, https:\/\/franciscanos.org.br\/noticias\/wp-content\/uploads\/2024\/01\/bauru_06-768x432.jpg 768w, https:\/\/franciscanos.org.br\/noticias\/wp-content\/uploads\/2024\/01\/bauru_06-150x84.jpg 150w\" sizes=\"(max-width: 1280px) 100vw, 1280px\" \/><\/p>\n<p>No dia 19 de janeiro, no Sal\u00e3o Jo\u00e3o Paulo II, foi celebrada a missa de posse do novo p\u00e1roco da Par\u00f3quia Santo Ant\u00f4nio, de Bauru (SP) &#8211; Frei James Luiz Girardi, OFM -, presidida por Dom Rubens Sevilha, Bispo de Bauru. A missa foi celebrada no sal\u00e3o porque a igreja est\u00e1 em reformas. Participaram da celebra\u00e7\u00e3o, padres da diocese, os frades da Fraternidade de Bauru &#8211; Frei Andr\u00e9 Gurzinski e Frei Ricardo Backes (Frei Carlos Alberto Branco Araujo se encontra em per\u00edodo de f\u00e9rias) -, Frei Ademir Sanquetti e Frei Jos\u00e9 Alamiro Andrade Silva, da Fraternidade do Semin\u00e1rio Santo Ant\u00f4nio, de Agudos (SP), Frei Robson Luiz Scudela, representando o Ministro provincial, e Frei Rodrigo da Silva Santos.<\/p>\n<p>Faz parte da compreens\u00e3o pr\u00f3pria franciscana que, na verdade, a celebra\u00e7\u00e3o lan\u00e7a luz para o aspecto fraterno do servi\u00e7o paroquial. Apesar de um p\u00e1roco ser nomeado para a fun\u00e7\u00e3o, uma fraternidade \u00e9 constitu\u00edda para assumir o cuidado pastoral daquela par\u00f3quia. Tanto Frei James, quanto Dom Rubens fizeram men\u00e7\u00e3o a esta perspectiva, mas o bispo foi al\u00e9m e disse que n\u00e3o \u00e9 o p\u00e1roco que toma posse de uma par\u00f3quia, mas \u00e9 a par\u00f3quia, formada por uma parcela de fi\u00e9is crist\u00e3os da Igreja de Cristo, que toma posse daquele ministro para que possa servi-la atrav\u00e9s de seu minist\u00e9rio, auxiliando-a em sua caminhada de convers\u00e3o e constru\u00e7\u00e3o do Reino de Deus.<\/p>\n<p><img loading=\"lazy\" class=\"alignnone size-full wp-image-246172\" src=\"https:\/\/franciscanos.org.br\/noticias\/wp-content\/uploads\/2024\/01\/bauru_02.jpg\" alt=\"\" width=\"1280\" height=\"720\" srcset=\"https:\/\/franciscanos.org.br\/noticias\/wp-content\/uploads\/2024\/01\/bauru_02.jpg 1280w, https:\/\/franciscanos.org.br\/noticias\/wp-content\/uploads\/2024\/01\/bauru_02-450x253.jpg 450w, https:\/\/franciscanos.org.br\/noticias\/wp-content\/uploads\/2024\/01\/bauru_02-1024x576.jpg 1024w, https:\/\/franciscanos.org.br\/noticias\/wp-content\/uploads\/2024\/01\/bauru_02-768x432.jpg 768w, https:\/\/franciscanos.org.br\/noticias\/wp-content\/uploads\/2024\/01\/bauru_02-150x84.jpg 150w\" sizes=\"(max-width: 1280px) 100vw, 1280px\" \/><\/p>\n<p>Os ritos caracter\u00edsticos destas celebra\u00e7\u00f5es foram seguidos com fidelidade, nos quais o Bispo diocesano entrega os lugares sagrados da Igreja ao cuidado do novo p\u00e1roco. Assim o foi com a entrega das chaves do Sacr\u00e1rio, fazendo men\u00e7\u00e3o que a Eucaristia, sacramento e fundamento da unidade dos fi\u00e9is e Deus, seja o centro da a\u00e7\u00e3o pastoral; a pia batismal e a estola de cor roxa com men\u00e7\u00e3o aos sacramentos do Batismo e da Penit\u00eancia, porta de entrada na Igreja para todos os fi\u00e9is e de convers\u00e3o e proximidade com Deus em sua miseric\u00f3rdia.<\/p>\n<p>Frei James tamb\u00e9m fez a profiss\u00e3o de f\u00e9 diante do povo e de Dom Rubens, assim como de fidelidade e obedi\u00eancia \u00e0 doutrina e ao bispo, assim como ele j\u00e1 prometera ser obediente ao seu Ministro provincial.<\/p>\n\n\t\t<style type=\"text\/css\">\n\t\t\t#gallery-1 {\n\t\t\t\tmargin: auto;\n\t\t\t}\n\t\t\t#gallery-1 .gallery-item {\n\t\t\t\tfloat: left;\n\t\t\t\tmargin-top: 10px;\n\t\t\t\ttext-align: center;\n\t\t\t\twidth: 25%;\n\t\t\t}\n\t\t\t#gallery-1 img {\n\t\t\t\tborder: 2px solid #cfcfcf;\n\t\t\t}\n\t\t\t#gallery-1 .gallery-caption {\n\t\t\t\tmargin-left: 0;\n\t\t\t}\n\t\t\t\/* see gallery_shortcode() in wp-includes\/media.php *\/\n\t\t<\/style>\n\t\t<div id='gallery-1' class='gallery galleryid-246169 gallery-columns-4 gallery-size-thumbnail'><dl class='gallery-item'>\n\t\t\t<dt class='gallery-icon landscape'>\n\t\t\t\t<a href='https:\/\/franciscanos.org.br\/noticias\/wp-content\/uploads\/2024\/01\/bauru_01.jpg'><img width=\"300\" height=\"300\" src=\"https:\/\/franciscanos.org.br\/noticias\/wp-content\/uploads\/2024\/01\/bauru_01-300x300.jpg\" class=\"attachment-thumbnail size-thumbnail\" alt=\"\" loading=\"lazy\" srcset=\"https:\/\/franciscanos.org.br\/noticias\/wp-content\/uploads\/2024\/01\/bauru_01-300x300.jpg 300w, https:\/\/franciscanos.org.br\/noticias\/wp-content\/uploads\/2024\/01\/bauru_01-100x100.jpg 100w\" sizes=\"(max-width: 300px) 100vw, 300px\" \/><\/a>\n\t\t\t<\/dt><\/dl><dl class='gallery-item'>\n\t\t\t<dt class='gallery-icon landscape'>\n\t\t\t\t<a href='https:\/\/franciscanos.org.br\/noticias\/wp-content\/uploads\/2024\/01\/bauru_03.jpg'><img width=\"300\" height=\"300\" src=\"https:\/\/franciscanos.org.br\/noticias\/wp-content\/uploads\/2024\/01\/bauru_03-300x300.jpg\" class=\"attachment-thumbnail size-thumbnail\" alt=\"\" loading=\"lazy\" srcset=\"https:\/\/franciscanos.org.br\/noticias\/wp-content\/uploads\/2024\/01\/bauru_03-300x300.jpg 300w, https:\/\/franciscanos.org.br\/noticias\/wp-content\/uploads\/2024\/01\/bauru_03-100x100.jpg 100w\" sizes=\"(max-width: 300px) 100vw, 300px\" \/><\/a>\n\t\t\t<\/dt><\/dl><dl class='gallery-item'>\n\t\t\t<dt class='gallery-icon landscape'>\n\t\t\t\t<a href='https:\/\/franciscanos.org.br\/noticias\/wp-content\/uploads\/2024\/01\/bauru_04.jpg'><img width=\"300\" height=\"300\" src=\"https:\/\/franciscanos.org.br\/noticias\/wp-content\/uploads\/2024\/01\/bauru_04-300x300.jpg\" class=\"attachment-thumbnail size-thumbnail\" alt=\"\" loading=\"lazy\" srcset=\"https:\/\/franciscanos.org.br\/noticias\/wp-content\/uploads\/2024\/01\/bauru_04-300x300.jpg 300w, https:\/\/franciscanos.org.br\/noticias\/wp-content\/uploads\/2024\/01\/bauru_04-100x100.jpg 100w\" sizes=\"(max-width: 300px) 100vw, 300px\" \/><\/a>\n\t\t\t<\/dt><\/dl><dl class='gallery-item'>\n\t\t\t<dt class='gallery-icon portrait'>\n\t\t\t\t<a href='https:\/\/franciscanos.org.br\/noticias\/wp-content\/uploads\/2024\/01\/bauru_05.jpg'><img width=\"300\" height=\"300\" src=\"https:\/\/franciscanos.org.br\/noticias\/wp-content\/uploads\/2024\/01\/bauru_05-300x300.jpg\" class=\"attachment-thumbnail size-thumbnail\" alt=\"\" loading=\"lazy\" srcset=\"https:\/\/franciscanos.org.br\/noticias\/wp-content\/uploads\/2024\/01\/bauru_05-300x300.jpg 300w, https:\/\/franciscanos.org.br\/noticias\/wp-content\/uploads\/2024\/01\/bauru_05-100x100.jpg 100w\" sizes=\"(max-width: 300px) 100vw, 300px\" \/><\/a>\n\t\t\t<\/dt><\/dl><br style=\"clear: both\" \/>\n\t\t<\/div>\n\n<p><em>(toque nas imagens menores para ampli\u00e1-las)<\/em><\/p>\n<p>Frei James, tomando a palavra em agradecimentos, mencionou que ainda estava h\u00e1 pouco tempo na Par\u00f3quia, mas j\u00e1 tivera significativas experi\u00eancias que o fizeram se sentir acolhido e pertencente \u00e0 caminhada daquela por\u00e7\u00e3o do Povo de Deus. Ele definiu estas experi\u00eancias como verdadeiros encontros sagrados de proximidade e acolhida. O primeiro deles foi o da Fraternidade que j\u00e1 estava constitu\u00edda quando ele chegou, e mostrou-se acolhedora e dispon\u00edvel para assumirem juntos esta miss\u00e3o evangelizadora. O segundo foi o encontro com Dom Rubens Sevilha, seja em uma celebra\u00e7\u00e3o de ex\u00e9quias, seja em encontro do ECC (Encontro de Casais em Cristo) e no encontro fraterno do clero. Em Dom Rubens, Frei James encontrou um verdadeiro pastor que participa da vida de suas ovelhas e ama o clero que se une a ele na miss\u00e3o de pastoreio. Por fim, o terceiro encontro foi com o povo da Par\u00f3quia Santo Ant\u00f4nio em suas sete comunidades, incluindo a Matriz. Segundo Frei James, encontrou uma Igreja viva, alegre por caminhar junta e seguir a Cristo em uma mesma dire\u00e7\u00e3o. Se percebeu desafios, sentiu-se animado por poder contar com este povo para lidar com eles e seguir em frente.<\/p>\n<p><img loading=\"lazy\" class=\"alignnone size-full wp-image-246171\" src=\"https:\/\/franciscanos.org.br\/noticias\/wp-content\/uploads\/2024\/01\/bauru_07.jpg\" alt=\"\" width=\"1280\" height=\"619\" srcset=\"https:\/\/franciscanos.org.br\/noticias\/wp-content\/uploads\/2024\/01\/bauru_07.jpg 1280w, https:\/\/franciscanos.org.br\/noticias\/wp-content\/uploads\/2024\/01\/bauru_07-450x218.jpg 450w, https:\/\/franciscanos.org.br\/noticias\/wp-content\/uploads\/2024\/01\/bauru_07-1024x495.jpg 1024w, https:\/\/franciscanos.org.br\/noticias\/wp-content\/uploads\/2024\/01\/bauru_07-768x371.jpg 768w, https:\/\/franciscanos.org.br\/noticias\/wp-content\/uploads\/2024\/01\/bauru_07-150x73.jpg 150w\" sizes=\"(max-width: 1280px) 100vw, 1280px\" \/><\/p>\n<p>Assim, a Fraternidade de Bauru segue com a miss\u00e3o do cuidado desta par\u00f3quia t\u00e3o querida pela Prov\u00edncia Franciscana da Imaculada Concei\u00e7\u00e3o do Brasil. Atrav\u00e9s destes irm\u00e3os que ali est\u00e3o, toda a Prov\u00edncia acompanha esta hist\u00f3ria e se une, em ora\u00e7\u00f5es e servi\u00e7o, para que ela siga em fidelidade e alegria a proposta do Evangelho.<\/p>\n<hr \/>\n<p><em>Frei Rodrigo da Silva Santos<\/em><\/p>\n","protected":false},"excerpt":{"rendered":"<p>Par\u00f3quia Santo Ant\u00f4nio de Bauru<\/p>\n","protected":false},"author":3,"featured_media":246170,"comment_status":"open","ping_status":"open","sticky":false,"template":"","format":"standard","meta":[],"categories":[1],"tags":[1973],"acf":[],"yoast_head":"<!-- This site is optimized with the Yoast SEO plugin v19.2 - https:\/\/yoast.com\/wordpress\/plugins\/seo\/ -->\n<title>Par\u00f3quia Santo Ant\u00f4nio de Bauru acolhe novo P\u00e1roco - Not\u00edcias - Franciscanos<\/title>\n<meta name=\"robots\" content=\"index, follow, max-snippet:-1, max-image-preview:large, max-video-preview:-1\" \/>\n<link rel=\"canonical\" href=\"https:\/\/franciscanos.org.br\/noticias\/paroquia-santo-antonio-de-bauru-acolhe-novo-paroco.html\" \/>\n<meta property=\"og:locale\" content=\"pt_BR\" \/>\n<meta property=\"og:type\" content=\"article\" \/>\n<meta property=\"og:title\" content=\"Par\u00f3quia Santo Ant\u00f4nio de Bauru acolhe novo P\u00e1roco - Not\u00edcias - Franciscanos\" \/>\n<meta property=\"og:description\" content=\"Par\u00f3quia Santo Ant\u00f4nio de Bauru\" \/>\n<meta property=\"og:url\" content=\"https:\/\/franciscanos.org.br\/noticias\/paroquia-santo-antonio-de-bauru-acolhe-novo-paroco.html\" \/>\n<meta property=\"og:site_name\" content=\"Not\u00edcias - Franciscanos\" \/>\n<meta property=\"article:published_time\" content=\"2024-01-23T10:20:18+00:00\" \/>\n<meta property=\"og:image\" content=\"https:\/\/franciscanos.org.br\/noticias\/wp-content\/uploads\/2024\/01\/bauru_06.jpg\" \/>\n\t<meta property=\"og:image:width\" content=\"1280\" \/>\n\t<meta property=\"og:image:height\" content=\"720\" \/>\n\t<meta property=\"og:image:type\" content=\"image\/jpeg\" \/>\n<meta name=\"author\" content=\"moacir\" \/>\n<meta name=\"twitter:card\" content=\"summary_large_image\" \/>\n<meta name=\"twitter:label1\" content=\"Escrito por\" \/>\n\t<meta name=\"twitter:data1\" content=\"moacir\" \/>\n\t<meta name=\"twitter:label2\" content=\"Est. tempo de leitura\" \/>\n\t<meta name=\"twitter:data2\" content=\"3 minutos\" \/>\n<script type=\"application\/ld+json\" class=\"yoast-schema-graph\">{\"@context\":\"https:\/\/schema.org\",\"@graph\":[{\"@type\":\"WebSite\",\"@id\":\"https:\/\/franciscanos.org.br\/noticias\/#website\",\"url\":\"https:\/\/franciscanos.org.br\/noticias\/\",\"name\":\"Not\u00edcias - Franciscanos\",\"description\":\"Prov\u00edncia Franciscana da Imaculada Concei\u00e7\u00e3o do Brasil - Ordem dos Frades Menores - OFM\",\"potentialAction\":[{\"@type\":\"SearchAction\",\"target\":{\"@type\":\"EntryPoint\",\"urlTemplate\":\"https:\/\/franciscanos.org.br\/noticias\/?s={search_term_string}\"},\"query-input\":\"required name=search_term_string\"}],\"inLanguage\":\"pt-BR\"},{\"@type\":\"ImageObject\",\"inLanguage\":\"pt-BR\",\"@id\":\"https:\/\/franciscanos.org.br\/noticias\/paroquia-santo-antonio-de-bauru-acolhe-novo-paroco.html#primaryimage\",\"url\":\"https:\/\/franciscanos.org.br\/noticias\/wp-content\/uploads\/2024\/01\/bauru_06.jpg\",\"contentUrl\":\"https:\/\/franciscanos.org.br\/noticias\/wp-content\/uploads\/2024\/01\/bauru_06.jpg\",\"width\":1280,\"height\":720},{\"@type\":\"WebPage\",\"@id\":\"https:\/\/franciscanos.org.br\/noticias\/paroquia-santo-antonio-de-bauru-acolhe-novo-paroco.html#webpage\",\"url\":\"https:\/\/franciscanos.org.br\/noticias\/paroquia-santo-antonio-de-bauru-acolhe-novo-paroco.html\",\"name\":\"Par\u00f3quia Santo Ant\u00f4nio de Bauru acolhe novo P\u00e1roco - Not\u00edcias - Franciscanos\",\"isPartOf\":{\"@id\":\"https:\/\/franciscanos.org.br\/noticias\/#website\"},\"primaryImageOfPage\":{\"@id\":\"https:\/\/franciscanos.org.br\/noticias\/paroquia-santo-antonio-de-bauru-acolhe-novo-paroco.html#primaryimage\"},\"datePublished\":\"2024-01-23T10:20:18+00:00\",\"dateModified\":\"2024-01-23T10:20:18+00:00\",\"author\":{\"@id\":\"https:\/\/franciscanos.org.br\/noticias\/#\/schema\/person\/b5c8cba458c330ccff548b056e95a5d4\"},\"breadcrumb\":{\"@id\":\"https:\/\/franciscanos.org.br\/noticias\/paroquia-santo-antonio-de-bauru-acolhe-novo-paroco.html#breadcrumb\"},\"inLanguage\":\"pt-BR\",\"potentialAction\":[{\"@type\":\"ReadAction\",\"target\":[\"https:\/\/franciscanos.org.br\/noticias\/paroquia-santo-antonio-de-bauru-acolhe-novo-paroco.html\"]}]},{\"@type\":\"BreadcrumbList\",\"@id\":\"https:\/\/franciscanos.org.br\/noticias\/paroquia-santo-antonio-de-bauru-acolhe-novo-paroco.html#breadcrumb\",\"itemListElement\":[{\"@type\":\"ListItem\",\"position\":1,\"name\":\"Home\",\"item\":\"https:\/\/franciscanos.org.br\/noticias\"},{\"@type\":\"ListItem\",\"position\":2,\"name\":\"Par\u00f3quia Santo Ant\u00f4nio de Bauru acolhe novo P\u00e1roco\"}]},{\"@type\":\"Person\",\"@id\":\"https:\/\/franciscanos.org.br\/noticias\/#\/schema\/person\/b5c8cba458c330ccff548b056e95a5d4\",\"name\":\"moacir\",\"image\":{\"@type\":\"ImageObject\",\"inLanguage\":\"pt-BR\",\"@id\":\"https:\/\/franciscanos.org.br\/noticias\/#\/schema\/person\/image\/\",\"url\":\"https:\/\/secure.gravatar.com\/avatar\/d08aa2ce4c8dd416d4479aa8536fcf64?s=96&d=mm&r=g\",\"contentUrl\":\"https:\/\/secure.gravatar.com\/avatar\/d08aa2ce4c8dd416d4479aa8536fcf64?s=96&d=mm&r=g\",\"caption\":\"moacir\"},\"url\":\"https:\/\/franciscanos.org.br\/noticias\/author\/moacir\"}]}<\/script>\n<!-- \/ Yoast SEO plugin. -->","yoast_head_json":{"title":"Par\u00f3quia Santo Ant\u00f4nio de Bauru acolhe novo P\u00e1roco - Not\u00edcias - Franciscanos","robots":{"index":"index","follow":"follow","max-snippet":"max-snippet:-1","max-image-preview":"max-image-preview:large","max-video-preview":"max-video-preview:-1"},"canonical":"https:\/\/franciscanos.org.br\/noticias\/paroquia-santo-antonio-de-bauru-acolhe-novo-paroco.html","og_locale":"pt_BR","og_type":"article","og_title":"Par\u00f3quia Santo Ant\u00f4nio de Bauru acolhe novo P\u00e1roco - Not\u00edcias - Franciscanos","og_description":"Par\u00f3quia Santo Ant\u00f4nio de Bauru","og_url":"https:\/\/franciscanos.org.br\/noticias\/paroquia-santo-antonio-de-bauru-acolhe-novo-paroco.html","og_site_name":"Not\u00edcias - Franciscanos","article_published_time":"2024-01-23T10:20:18+00:00","og_image":[{"width":1280,"height":720,"url":"https:\/\/franciscanos.org.br\/noticias\/wp-content\/uploads\/2024\/01\/bauru_06.jpg","type":"image\/jpeg"}],"author":"moacir","twitter_card":"summary_large_image","twitter_misc":{"Escrito por":"moacir","Est. tempo de leitura":"3 minutos"},"schema":{"@context":"https:\/\/schema.org","@graph":[{"@type":"WebSite","@id":"https:\/\/franciscanos.org.br\/noticias\/#website","url":"https:\/\/franciscanos.org.br\/noticias\/","name":"Not\u00edcias - Franciscanos","description":"Prov\u00edncia Franciscana da Imaculada Concei\u00e7\u00e3o do Brasil - Ordem dos Frades Menores - OFM","potentialAction":[{"@type":"SearchAction","target":{"@type":"EntryPoint","urlTemplate":"https:\/\/franciscanos.org.br\/noticias\/?s={search_term_string}"},"query-input":"required name=search_term_string"}],"inLanguage":"pt-BR"},{"@type":"ImageObject","inLanguage":"pt-BR","@id":"https:\/\/franciscanos.org.br\/noticias\/paroquia-santo-antonio-de-bauru-acolhe-novo-paroco.html#primaryimage","url":"https:\/\/franciscanos.org.br\/noticias\/wp-content\/uploads\/2024\/01\/bauru_06.jpg","contentUrl":"https:\/\/franciscanos.org.br\/noticias\/wp-content\/uploads\/2024\/01\/bauru_06.jpg","width":1280,"height":720},{"@type":"WebPage","@id":"https:\/\/franciscanos.org.br\/noticias\/paroquia-santo-antonio-de-bauru-acolhe-novo-paroco.html#webpage","url":"https:\/\/franciscanos.org.br\/noticias\/paroquia-santo-antonio-de-bauru-acolhe-novo-paroco.html","name":"Par\u00f3quia Santo Ant\u00f4nio de Bauru acolhe novo P\u00e1roco - Not\u00edcias - Franciscanos","isPartOf":{"@id":"https:\/\/franciscanos.org.br\/noticias\/#website"},"primaryImageOfPage":{"@id":"https:\/\/franciscanos.org.br\/noticias\/paroquia-santo-antonio-de-bauru-acolhe-novo-paroco.html#primaryimage"},"datePublished":"2024-01-23T10:20:18+00:00","dateModified":"2024-01-23T10:20:18+00:00","author":{"@id":"https:\/\/franciscanos.org.br\/noticias\/#\/schema\/person\/b5c8cba458c330ccff548b056e95a5d4"},"breadcrumb":{"@id":"https:\/\/franciscanos.org.br\/noticias\/paroquia-santo-antonio-de-bauru-acolhe-novo-paroco.html#breadcrumb"},"inLanguage":"pt-BR","potentialAction":[{"@type":"ReadAction","target":["https:\/\/franciscanos.org.br\/noticias\/paroquia-santo-antonio-de-bauru-acolhe-novo-paroco.html"]}]},{"@type":"BreadcrumbList","@id":"https:\/\/franciscanos.org.br\/noticias\/paroquia-santo-antonio-de-bauru-acolhe-novo-paroco.html#breadcrumb","itemListElement":[{"@type":"ListItem","position":1,"name":"Home","item":"https:\/\/franciscanos.org.br\/noticias"},{"@type":"ListItem","position":2,"name":"Par\u00f3quia Santo Ant\u00f4nio de Bauru acolhe novo P\u00e1roco"}]},{"@type":"Person","@id":"https:\/\/franciscanos.org.br\/noticias\/#\/schema\/person\/b5c8cba458c330ccff548b056e95a5d4","name":"moacir","image":{"@type":"ImageObject","inLanguage":"pt-BR","@id":"https:\/\/franciscanos.org.br\/noticias\/#\/schema\/person\/image\/","url":"https:\/\/secure.gravatar.com\/avatar\/d08aa2ce4c8dd416d4479aa8536fcf64?s=96&d=mm&r=g","contentUrl":"https:\/\/secure.gravatar.com\/avatar\/d08aa2ce4c8dd416d4479aa8536fcf64?s=96&d=mm&r=g","caption":"moacir"},"url":"https:\/\/franciscanos.org.br\/noticias\/author\/moacir"}]}},"_links":{"self":[{"href":"https:\/\/franciscanos.org.br\/noticias\/wp-json\/wp\/v2\/posts\/246169"}],"collection":[{"href":"https:\/\/franciscanos.org.br\/noticias\/wp-json\/wp\/v2\/posts"}],"about":[{"href":"https:\/\/franciscanos.org.br\/noticias\/wp-json\/wp\/v2\/types\/post"}],"author":[{"embeddable":true,"href":"https:\/\/franciscanos.org.br\/noticias\/wp-json\/wp\/v2\/users\/3"}],"replies":[{"embeddable":true,"href":"https:\/\/franciscanos.org.br\/noticias\/wp-json\/wp\/v2\/comments?post=246169"}],"version-history":[{"count":1,"href":"https:\/\/franciscanos.org.br\/noticias\/wp-json\/wp\/v2\/posts\/246169\/revisions"}],"predecessor-version":[{"id":246177,"href":"https:\/\/franciscanos.org.br\/noticias\/wp-json\/wp\/v2\/posts\/246169\/revisions\/246177"}],"wp:featuredmedia":[{"embeddable":true,"href":"https:\/\/franciscanos.org.br\/noticias\/wp-json\/wp\/v2\/media\/246170"}],"wp:attachment":[{"href":"https:\/\/franciscanos.org.br\/noticias\/wp-json\/wp\/v2\/media?parent=246169"}],"wp:term":[{"taxonomy":"category","embeddable":true,"href":"https:\/\/franciscanos.org.br\/noticias\/wp-json\/wp\/v2\/categories?post=246169"},{"taxonomy":"post_tag","embeddable":true,"href":"https:\/\/franciscanos.org.br\/noticias\/wp-json\/wp\/v2\/tags?post=246169"}],"curies":[{"name":"wp","href":"https:\/\/api.w.org\/{rel}","templated":true}]}}