{"id":246147,"date":"2024-01-20T09:53:11","date_gmt":"2024-01-20T12:53:11","guid":{"rendered":"https:\/\/franciscanos.org.br\/noticias\/?p=246147"},"modified":"2024-01-20T11:43:43","modified_gmt":"2024-01-20T14:43:43","slug":"fraternidades-de-sao-paulo-assumem-a-capelania-do-mosteiro-da-luz-sob-a-coordenacao-de-frei-estevao","status":"publish","type":"post","link":"https:\/\/franciscanos.org.br\/noticias\/fraternidades-de-sao-paulo-assumem-a-capelania-do-mosteiro-da-luz-sob-a-coordenacao-de-frei-estevao.html","title":{"rendered":"Fraternidades de S\u00e3o Paulo assumem a Capelania do Mosteiro da Luz sob a coordena\u00e7\u00e3o de Frei Est\u00eav\u00e3o"},"content":{"rendered":"<p><img loading=\"lazy\" class=\"alignnone size-full wp-image-246148\" src=\"https:\/\/franciscanos.org.br\/noticias\/wp-content\/uploads\/2024\/01\/estevao_entrevista.jpg\" alt=\"\" width=\"1280\" height=\"720\" srcset=\"https:\/\/franciscanos.org.br\/noticias\/wp-content\/uploads\/2024\/01\/estevao_entrevista.jpg 1280w, https:\/\/franciscanos.org.br\/noticias\/wp-content\/uploads\/2024\/01\/estevao_entrevista-450x253.jpg 450w, https:\/\/franciscanos.org.br\/noticias\/wp-content\/uploads\/2024\/01\/estevao_entrevista-1024x576.jpg 1024w, https:\/\/franciscanos.org.br\/noticias\/wp-content\/uploads\/2024\/01\/estevao_entrevista-768x432.jpg 768w, https:\/\/franciscanos.org.br\/noticias\/wp-content\/uploads\/2024\/01\/estevao_entrevista-150x84.jpg 150w\" sizes=\"(max-width: 1280px) 100vw, 1280px\" \/><\/p>\n<p><em>O Incans\u00e1vel. Poder\u00edamos definir assim Frei Est\u00eav\u00e3o Ottenbreit, que, aos 81 anos, agora volta a assumir uma nova miss\u00e3o na Prov\u00edncia da Imaculada Concei\u00e7\u00e3o do Brasil: a capelania do Mosteiro da Luz, em S\u00e3o Paulo, t\u00e3o cara aos frades pela hist\u00f3ria do confrade santo Frei Galv\u00e3o.<\/em><\/p>\n<p><em>\u00a0<\/em><em>Natural de Grosswallstadt, na Alemanha, onde nasceu no dia 6 de setembro de 1942, Frei Est\u00eav\u00e3o veio para o Brasil ainda jovem, onde recebeu o h\u00e1bito franciscano no Noviciado de Rodeio em 19 de dezembro de 1963. Professou solenemente na Ordem dos Frades Menores em 3 de outubro de 1968. Foi ordenado presb\u00edtero em 13 de dezembro de 1969. J\u00e1 em 1981 foi eleito Definidor e Vig\u00e1rio Provincial em 1982. Foi eleito Ministro Provincial em 28 de novembro de 1985 e reeleito em 20 de novembro de 1991. Nesses dois mandatos, n\u00e3o poupou esfor\u00e7os para ver a Miss\u00e3o de Angola se tornar uma realidade, mesmo em meio \u00e0s enormes dificuldades, especialmente no per\u00edodo da guerra. Em 1997, foi eleito Vig\u00e1rio Geral da Ordem dos Frades Menores (sex\u00eanio 1997-2003). Em 2003 foi designado como gerente geral da Missionszentrale, em Bonn, na Alemanha.<\/em><\/p>\n<p><em>Em 2009, foi eleito Vig\u00e1rio Provincial para o sex\u00eanio 2010-2015 e foi o guardi\u00e3o da Fraternidade Internacional Santo Ant\u00f4nio (Antonianum), em Roma, de 2016 a 2022. Desde o in\u00edcio do processo da Causa de Frei Bruno Linden \u00e9 um dos vice-postuladores. Reside atualmente no Convento Santo Ant\u00f4nio do Rio de Janeiro. <\/em><\/p>\n<p><em>\u00a0<\/em><em>Frei Est\u00eav\u00e3o, em nome da Prov\u00edncia Franciscana da Imaculada Concei\u00e7\u00e3o do Brasil, convida para a Missa de abertura do in\u00edcio da assist\u00eancia dos Frades Menores ao Mosteiro da Luz no dia 2 de fevereiro de 2024, Festa da Apresenta\u00e7\u00e3o do Senhor, \u00e0s 9 horas.<\/em><\/p>\n<p><em>\u00a0<\/em><em>O Mosteiro da Luz fica na Av. Tiradentes, 676, S\u00e3o Paulo (SP)<\/em><\/p>\n<p><strong>Site Franciscanos &#8211; Como recebeu a nomea\u00e7\u00e3o do Governo Provincial para ser capel\u00e3o do Mosteiro da Luz?<\/strong><\/p>\n<p><strong>\u00a0<\/strong><strong>Frei Est\u00eav\u00e3o &#8211;<\/strong> Antes de tudo gostaria de agradecer pela oportunidade desta entrevista e logo quero tamb\u00e9m dizer que responderei as perguntas, n\u00e3o escondendo os meus sonhos pessoais de vida franciscana. N\u00e3o vou dizer que fiquei \u201csurpreendido\u201d. H\u00e1 anos falamos da possibilidade de estar presente no lugar onde Frei Galv\u00e3o deu a sua vida, onde idealizou e iniciou a constru\u00e7\u00e3o do mosteiro (na \u00e9poca recolhimento) e onde encontrou, enfim, o lugar para acolher o que restou de seu corpo f\u00edsico. Al\u00e9m disso, Frei Gustavo (Medella), nosso Vig\u00e1rio Provincial, me consultou um dia para saber se eu eventualmente aceitaria uma transfer\u00eancia para S\u00e3o Paulo para coordenar a capelania do mosteiro da Luz. Minha resposta foi \u201csim\u201d, principalmente porque alimentei desde muito tempo o desejo que a nossa Prov\u00edncia pudesse um dia assumir este servi\u00e7o.<\/p>\n<p>u<strong>Site Franciscanos &#8211; Quais s\u00e3o os trabalhos de uma capelania no mosteiro?<\/strong><\/p>\n<p><strong>Frei Est\u00eav\u00e3o<\/strong> &#8211; Esta pergunta \u00e9 importante. Precisamos ter clareza de que se trata. Cada mosteiro conta sempre com uma capela ou igreja conventual. Serve, principalmente, para a celebra\u00e7\u00e3o da liturgia (santa missa, of\u00edcio divino) da comunidade monacal. N\u00e3o \u00e9 uma par\u00f3quia. No caso do Mosteiro da Luz e, por causa do t\u00famulo que abriga o primeiro santo brasileiro, a capela conventual \u00e9 Santu\u00e1rio. Nele se acolhe os frequentadores di\u00e1rios e os devotos e peregrinos ocasionais. Dada \u00e0 boa localiza\u00e7\u00e3o do Mosteiro da Luz (esta\u00e7\u00e3o do metr\u00f4), as santas missas s\u00e3o bem frequentadas. De segunda a sexta-feira \u00e0s 7 h, s\u00e1bado \u00e0s 8 h e \u00e0s 16 a missa irradiada pela R\u00e1dio 9 de julho e, aos domingos e dias de festivos, \u00e0s 8 h, 10 h e 16 h. Nesta igreja conventual podem ser celebrados tamb\u00e9m batismos e casamentos, observando as normas da Diocese. Logo, logo se pensa tamb\u00e9m de retomar alguns hor\u00e1rios de atendimento e de confiss\u00f5es. Oportunamente s\u00e3o acolhidos tamb\u00e9m grupos de peregrinos.<\/p>\n<p><strong>Site Franciscanos &#8211; Com o santu\u00e1rio Frei Galv\u00e3o de Guaratinguet\u00e1 sob a assist\u00eancia dos frades menores e agora o mosteiro da Luz, a Prov\u00edncia volta a ser \u201ccasa de Frei Galv\u00e3o\u201d?<\/strong><\/p>\n<p><strong>\u00a0<\/strong><strong>Frei Est\u00eav\u00e3o<\/strong> &#8211; Gostei da express\u00e3o \u201ccasa de Frei Galv\u00e3o\u201d. N\u00f3s, os irm\u00e3os da Prov\u00edncia da \u201cImaculada\u201d, n\u00e3o poder\u00edamos deixar de cuidar da mem\u00f3ria e da devo\u00e7\u00e3o ao santo Frei Galv\u00e3o, confrade nosso. Nasceu em Guaratinguet\u00e1, foi ordenado sacerdote no Rio de Janeiro, viveu e trabalhou em S\u00e3o Paulo no Convento do Largo de S\u00e3o Francisco e acompanhou o Recolhimento das Irm\u00e3s, hoje Mosteiro da Luz. Estes lugares \u2013 e n\u00e3o s\u00f3 estes \u2013 devem ser lugares da nossa presen\u00e7a, servi\u00e7o e devo\u00e7\u00e3o. N\u00e3o existe \u201cconcorr\u00eancia\u201d, mas fraterna colabora\u00e7\u00e3o. Ali\u00e1s, foi esta a reflex\u00e3o e decis\u00e3o do nosso Definit\u00f3rio Provincial. N\u00e3o se trata de ter encontrado um novo capel\u00e3o. O ministro provincial insistiu diversas vezes comigo que o meu servi\u00e7o ser\u00e1 o de coordenar o servi\u00e7o de capelania das tr\u00eas Fraternidades presentes em S\u00e3o Paulo. N\u00e3o s\u00e3o as Par\u00f3quias, o SEFRAS ou o Provincialado, mas as tr\u00eas FRATERNIDADES que se disp\u00f5em a assumir a presen\u00e7a e o servi\u00e7o nesta capelania. Al\u00e9m disso, creio que deveremos construir uma estreita colabora\u00e7\u00e3o entre o Santu\u00e1rio de Guaratinguet\u00e1 e o Santu\u00e1rio de S\u00e3o Paulo.<\/p>\n<p><img loading=\"lazy\" class=\"alignnone size-full wp-image-246149\" src=\"https:\/\/franciscanos.org.br\/noticias\/wp-content\/uploads\/2024\/01\/mosteiro_20.jpg\" alt=\"\" width=\"1280\" height=\"960\" srcset=\"https:\/\/franciscanos.org.br\/noticias\/wp-content\/uploads\/2024\/01\/mosteiro_20.jpg 1280w, https:\/\/franciscanos.org.br\/noticias\/wp-content\/uploads\/2024\/01\/mosteiro_20-450x338.jpg 450w, https:\/\/franciscanos.org.br\/noticias\/wp-content\/uploads\/2024\/01\/mosteiro_20-1024x768.jpg 1024w, https:\/\/franciscanos.org.br\/noticias\/wp-content\/uploads\/2024\/01\/mosteiro_20-768x576.jpg 768w, https:\/\/franciscanos.org.br\/noticias\/wp-content\/uploads\/2024\/01\/mosteiro_20-150x113.jpg 150w, https:\/\/franciscanos.org.br\/noticias\/wp-content\/uploads\/2024\/01\/mosteiro_20-600x450.jpg 600w\" sizes=\"(max-width: 1280px) 100vw, 1280px\" \/><\/p>\n<p><strong>Site Franciscanos &#8211; O sr. ter\u00e1 o apoio das Fraternidades de S\u00e3o Paulo para esse trabalho evangelizador?<\/strong><\/p>\n<p><strong>\u00a0<\/strong><strong>Frei Est\u00eav\u00e3o \u2013<\/strong> Eu, pessoalmente, espero que a proposta do Definit\u00f3rio Provincial seja entendida pelos frades das tr\u00eas Fraternidades. Ser\u00e1 certamente um desafio, mas um desafio que coloca \u00e0 prova os nossos discursos de sermos irm\u00e3os. Um desfio que, certamente, nos enriquecer\u00e1.<\/p>\n<p><strong>Site Franciscanos &#8211; O sr., que j\u00e1 \u00e9 assistente da Federa\u00e7\u00e3o dos Mosteiros Concepcionistas no Brasil, vai dar assist\u00eancia para as irm\u00e3s do mosteiro?<\/strong><\/p>\n<p><strong>Frei Est\u00eav\u00e3o &#8211;<\/strong> \u00c9 importante distinguir as duas coisas. Uma coisa \u00e9 a capelania, outra coisa \u00e9 a assist\u00eancia formativa \u00e0 comunidade das irm\u00e3s. H\u00e1 lugares onde estas duas coisas est\u00e3o distintas e outros em que v\u00e3o de m\u00e3os dadas. No caso do Mosteiro da Luz assumimos tamb\u00e9m a assist\u00eancia formativa da comunidade. Quer dizer: retiro mensal, celebra\u00e7\u00f5es, reflex\u00f5es, cursos, estudos, etc. Isto n\u00e3o vai interferir no meu servi\u00e7o de assistente eclesi\u00e1stico da Federa\u00e7\u00e3o dos Mosteiros Concepcionistas do Brasil. Mais uma vez, como coordenador, procurarei programar e organizar este servi\u00e7o com a ajuda de frades e de outras pessoas competentes.<\/p>\n<p><strong>Site Franciscanos &#8211; Qual a import\u00e2ncia deste trabalho para a Prov\u00edncia da Imaculada?<\/strong><\/p>\n<p><strong>\u00a0<\/strong><strong>Frei Est\u00eav\u00e3o &#8211;<\/strong> A resposta \u00e9 pessoal e por isso tamb\u00e9m subjetiva. Creio que este servi\u00e7o de capelania e atendimento no Santu\u00e1rio nos ajuda a diversificar a nossa presen\u00e7a e trabalho. N\u00e3o tenho d\u00favidas, nossa presen\u00e7a no passado, presente e futuro nas par\u00f3quias foi, \u00e9 e ser\u00e1 fecunda, mas ao mesmo tempo creio que os tempos atuais j\u00e1 pedem e permitem aos homens e mulheres de vida consagrada de concretizar a presen\u00e7a e o servi\u00e7o em campos complementares para os quais se exige uma prepara\u00e7\u00e3o adequada, participando assim da miss\u00e3o da Igreja. E especificamente, al\u00e9m disso, creio que seja tamb\u00e9m importante que os nossos frades conhe\u00e7am melhor a Ordem da Imaculada Concei\u00e7\u00e3o, fundada por Santa Beatriz da Silva. Frei \u00a0Jos\u00e9 Rodriguez Carballo, nosso ex-ministro Geral, costumava dizer em tom jocoso: \u201cSe as Clarissas s\u00e3o as nossas irm\u00e3s, as Concepcionistas s\u00e3o as nossas c\u00famplices&#8221;. Por s\u00e9culos, as Irm\u00e3s Concepcionistas sustentaram conosco a bandeira da invoca\u00e7\u00e3o de Maria como M\u00e3e Imaculada. Sim, com mais esta presen\u00e7a e servi\u00e7o a nossa Prov\u00edncia se torna cada vez mais \u201cCasa de Frei Galv\u00e3o\u201d.<\/p>\n<p><strong>Site Franciscanos &#8211; A data de 2 de fevereiro tem algum significado especial para o Mosteiro da Luz?<\/strong><\/p>\n<p><strong>\u00a0u<\/strong><strong>Frei Est\u00eav\u00e3o<\/strong> &#8211; Sim. Neste dia iniciamos a nossa presen\u00e7a e servi\u00e7o de capelania, sob a luz e a orienta\u00e7\u00e3o de \u201cNossa Senhora das Candeias\u201d. Por coincid\u00eancia feliz celebraremos tamb\u00e9m o in\u00edcio do Ano Jubilar do Mosteiro. Em 1774 se iniciou a constru\u00e7\u00e3o do Mosteiro (recolhimento). 250 anos faz. Em 1775 faleceu a fundadora do recolhimento, Madre Helena do Esp\u00edrito Santo. 250 anos far\u00e1. Tanto a Madre Helena como a constru\u00e7\u00e3o do Mosteiro foram acompanhados pelo nosso confrade Frei Galv\u00e3o. De 2024 a 2025 celebraremos, ent\u00e3o, um ano jubilar e esperamos que possa renovar em todos n\u00f3s a paix\u00e3o e a alegria da vida consagrada.<\/p>\n<p>Enfim, neste dia tamb\u00e9m encerraremos o per\u00edodo que o Papa Francisco concedeu \u00e0s igrejas franciscanas (Fam\u00edlia franciscana) para ganhar a indulg\u00eancia plen\u00e1ria diante do pres\u00e9pio, recordando tamb\u00e9m os 800 anos da noite de Greccio quando S\u00e3o Francisco quis reviver o nascimento de nosso Salvador na gruta de Bel\u00e9m.<\/p>\n<hr \/>\n<p><em>Entrevista a Moacir Beggo<\/em><\/p>\n","protected":false},"excerpt":{"rendered":"<p>Entrevista<\/p>\n","protected":false},"author":3,"featured_media":246148,"comment_status":"open","ping_status":"open","sticky":false,"template":"","format":"standard","meta":[],"categories":[758,1],"tags":[2201],"acf":[],"yoast_head":"<!-- This site is optimized with the Yoast SEO plugin v19.2 - https:\/\/yoast.com\/wordpress\/plugins\/seo\/ -->\n<title>Fraternidades de S\u00e3o Paulo assumem a Capelania do Mosteiro da Luz sob a coordena\u00e7\u00e3o de Frei Est\u00eav\u00e3o - Not\u00edcias - Franciscanos<\/title>\n<meta name=\"robots\" content=\"index, follow, max-snippet:-1, max-image-preview:large, max-video-preview:-1\" \/>\n<link rel=\"canonical\" href=\"https:\/\/franciscanos.org.br\/noticias\/fraternidades-de-sao-paulo-assumem-a-capelania-do-mosteiro-da-luz-sob-a-coordenacao-de-frei-estevao.html\" \/>\n<meta property=\"og:locale\" content=\"pt_BR\" \/>\n<meta property=\"og:type\" content=\"article\" \/>\n<meta property=\"og:title\" content=\"Fraternidades de S\u00e3o Paulo assumem a Capelania do Mosteiro da Luz sob a coordena\u00e7\u00e3o de Frei Est\u00eav\u00e3o - Not\u00edcias - Franciscanos\" \/>\n<meta property=\"og:description\" content=\"Entrevista\" \/>\n<meta property=\"og:url\" content=\"https:\/\/franciscanos.org.br\/noticias\/fraternidades-de-sao-paulo-assumem-a-capelania-do-mosteiro-da-luz-sob-a-coordenacao-de-frei-estevao.html\" \/>\n<meta property=\"og:site_name\" content=\"Not\u00edcias - Franciscanos\" \/>\n<meta property=\"article:published_time\" content=\"2024-01-20T12:53:11+00:00\" \/>\n<meta property=\"article:modified_time\" content=\"2024-01-20T14:43:43+00:00\" \/>\n<meta property=\"og:image\" content=\"https:\/\/franciscanos.org.br\/noticias\/wp-content\/uploads\/2024\/01\/estevao_entrevista.jpg\" \/>\n\t<meta property=\"og:image:width\" content=\"1280\" \/>\n\t<meta property=\"og:image:height\" content=\"720\" \/>\n\t<meta property=\"og:image:type\" content=\"image\/jpeg\" \/>\n<meta name=\"author\" content=\"moacir\" \/>\n<meta name=\"twitter:card\" content=\"summary_large_image\" \/>\n<meta name=\"twitter:label1\" content=\"Escrito por\" \/>\n\t<meta name=\"twitter:data1\" content=\"moacir\" \/>\n\t<meta name=\"twitter:label2\" content=\"Est. tempo de leitura\" \/>\n\t<meta name=\"twitter:data2\" content=\"8 minutos\" \/>\n<script type=\"application\/ld+json\" class=\"yoast-schema-graph\">{\"@context\":\"https:\/\/schema.org\",\"@graph\":[{\"@type\":\"WebSite\",\"@id\":\"https:\/\/franciscanos.org.br\/noticias\/#website\",\"url\":\"https:\/\/franciscanos.org.br\/noticias\/\",\"name\":\"Not\u00edcias - Franciscanos\",\"description\":\"Prov\u00edncia Franciscana da Imaculada Concei\u00e7\u00e3o do Brasil - Ordem dos Frades Menores - OFM\",\"potentialAction\":[{\"@type\":\"SearchAction\",\"target\":{\"@type\":\"EntryPoint\",\"urlTemplate\":\"https:\/\/franciscanos.org.br\/noticias\/?s={search_term_string}\"},\"query-input\":\"required name=search_term_string\"}],\"inLanguage\":\"pt-BR\"},{\"@type\":\"ImageObject\",\"inLanguage\":\"pt-BR\",\"@id\":\"https:\/\/franciscanos.org.br\/noticias\/fraternidades-de-sao-paulo-assumem-a-capelania-do-mosteiro-da-luz-sob-a-coordenacao-de-frei-estevao.html#primaryimage\",\"url\":\"https:\/\/franciscanos.org.br\/noticias\/wp-content\/uploads\/2024\/01\/estevao_entrevista.jpg\",\"contentUrl\":\"https:\/\/franciscanos.org.br\/noticias\/wp-content\/uploads\/2024\/01\/estevao_entrevista.jpg\",\"width\":1280,\"height\":720},{\"@type\":\"WebPage\",\"@id\":\"https:\/\/franciscanos.org.br\/noticias\/fraternidades-de-sao-paulo-assumem-a-capelania-do-mosteiro-da-luz-sob-a-coordenacao-de-frei-estevao.html#webpage\",\"url\":\"https:\/\/franciscanos.org.br\/noticias\/fraternidades-de-sao-paulo-assumem-a-capelania-do-mosteiro-da-luz-sob-a-coordenacao-de-frei-estevao.html\",\"name\":\"Fraternidades de S\u00e3o Paulo assumem a Capelania do Mosteiro da Luz sob a coordena\u00e7\u00e3o de Frei Est\u00eav\u00e3o - Not\u00edcias - Franciscanos\",\"isPartOf\":{\"@id\":\"https:\/\/franciscanos.org.br\/noticias\/#website\"},\"primaryImageOfPage\":{\"@id\":\"https:\/\/franciscanos.org.br\/noticias\/fraternidades-de-sao-paulo-assumem-a-capelania-do-mosteiro-da-luz-sob-a-coordenacao-de-frei-estevao.html#primaryimage\"},\"datePublished\":\"2024-01-20T12:53:11+00:00\",\"dateModified\":\"2024-01-20T14:43:43+00:00\",\"author\":{\"@id\":\"https:\/\/franciscanos.org.br\/noticias\/#\/schema\/person\/b5c8cba458c330ccff548b056e95a5d4\"},\"breadcrumb\":{\"@id\":\"https:\/\/franciscanos.org.br\/noticias\/fraternidades-de-sao-paulo-assumem-a-capelania-do-mosteiro-da-luz-sob-a-coordenacao-de-frei-estevao.html#breadcrumb\"},\"inLanguage\":\"pt-BR\",\"potentialAction\":[{\"@type\":\"ReadAction\",\"target\":[\"https:\/\/franciscanos.org.br\/noticias\/fraternidades-de-sao-paulo-assumem-a-capelania-do-mosteiro-da-luz-sob-a-coordenacao-de-frei-estevao.html\"]}]},{\"@type\":\"BreadcrumbList\",\"@id\":\"https:\/\/franciscanos.org.br\/noticias\/fraternidades-de-sao-paulo-assumem-a-capelania-do-mosteiro-da-luz-sob-a-coordenacao-de-frei-estevao.html#breadcrumb\",\"itemListElement\":[{\"@type\":\"ListItem\",\"position\":1,\"name\":\"Home\",\"item\":\"https:\/\/franciscanos.org.br\/noticias\"},{\"@type\":\"ListItem\",\"position\":2,\"name\":\"Fraternidades de S\u00e3o Paulo assumem a Capelania do Mosteiro da Luz sob a coordena\u00e7\u00e3o de Frei Est\u00eav\u00e3o\"}]},{\"@type\":\"Person\",\"@id\":\"https:\/\/franciscanos.org.br\/noticias\/#\/schema\/person\/b5c8cba458c330ccff548b056e95a5d4\",\"name\":\"moacir\",\"image\":{\"@type\":\"ImageObject\",\"inLanguage\":\"pt-BR\",\"@id\":\"https:\/\/franciscanos.org.br\/noticias\/#\/schema\/person\/image\/\",\"url\":\"https:\/\/secure.gravatar.com\/avatar\/d08aa2ce4c8dd416d4479aa8536fcf64?s=96&d=mm&r=g\",\"contentUrl\":\"https:\/\/secure.gravatar.com\/avatar\/d08aa2ce4c8dd416d4479aa8536fcf64?s=96&d=mm&r=g\",\"caption\":\"moacir\"},\"url\":\"https:\/\/franciscanos.org.br\/noticias\/author\/moacir\"}]}<\/script>\n<!-- \/ Yoast SEO plugin. -->","yoast_head_json":{"title":"Fraternidades de S\u00e3o Paulo assumem a Capelania do Mosteiro da Luz sob a coordena\u00e7\u00e3o de Frei Est\u00eav\u00e3o - Not\u00edcias - Franciscanos","robots":{"index":"index","follow":"follow","max-snippet":"max-snippet:-1","max-image-preview":"max-image-preview:large","max-video-preview":"max-video-preview:-1"},"canonical":"https:\/\/franciscanos.org.br\/noticias\/fraternidades-de-sao-paulo-assumem-a-capelania-do-mosteiro-da-luz-sob-a-coordenacao-de-frei-estevao.html","og_locale":"pt_BR","og_type":"article","og_title":"Fraternidades de S\u00e3o Paulo assumem a Capelania do Mosteiro da Luz sob a coordena\u00e7\u00e3o de Frei Est\u00eav\u00e3o - Not\u00edcias - Franciscanos","og_description":"Entrevista","og_url":"https:\/\/franciscanos.org.br\/noticias\/fraternidades-de-sao-paulo-assumem-a-capelania-do-mosteiro-da-luz-sob-a-coordenacao-de-frei-estevao.html","og_site_name":"Not\u00edcias - Franciscanos","article_published_time":"2024-01-20T12:53:11+00:00","article_modified_time":"2024-01-20T14:43:43+00:00","og_image":[{"width":1280,"height":720,"url":"https:\/\/franciscanos.org.br\/noticias\/wp-content\/uploads\/2024\/01\/estevao_entrevista.jpg","type":"image\/jpeg"}],"author":"moacir","twitter_card":"summary_large_image","twitter_misc":{"Escrito por":"moacir","Est. tempo de leitura":"8 minutos"},"schema":{"@context":"https:\/\/schema.org","@graph":[{"@type":"WebSite","@id":"https:\/\/franciscanos.org.br\/noticias\/#website","url":"https:\/\/franciscanos.org.br\/noticias\/","name":"Not\u00edcias - Franciscanos","description":"Prov\u00edncia Franciscana da Imaculada Concei\u00e7\u00e3o do Brasil - Ordem dos Frades Menores - OFM","potentialAction":[{"@type":"SearchAction","target":{"@type":"EntryPoint","urlTemplate":"https:\/\/franciscanos.org.br\/noticias\/?s={search_term_string}"},"query-input":"required name=search_term_string"}],"inLanguage":"pt-BR"},{"@type":"ImageObject","inLanguage":"pt-BR","@id":"https:\/\/franciscanos.org.br\/noticias\/fraternidades-de-sao-paulo-assumem-a-capelania-do-mosteiro-da-luz-sob-a-coordenacao-de-frei-estevao.html#primaryimage","url":"https:\/\/franciscanos.org.br\/noticias\/wp-content\/uploads\/2024\/01\/estevao_entrevista.jpg","contentUrl":"https:\/\/franciscanos.org.br\/noticias\/wp-content\/uploads\/2024\/01\/estevao_entrevista.jpg","width":1280,"height":720},{"@type":"WebPage","@id":"https:\/\/franciscanos.org.br\/noticias\/fraternidades-de-sao-paulo-assumem-a-capelania-do-mosteiro-da-luz-sob-a-coordenacao-de-frei-estevao.html#webpage","url":"https:\/\/franciscanos.org.br\/noticias\/fraternidades-de-sao-paulo-assumem-a-capelania-do-mosteiro-da-luz-sob-a-coordenacao-de-frei-estevao.html","name":"Fraternidades de S\u00e3o Paulo assumem a Capelania do Mosteiro da Luz sob a coordena\u00e7\u00e3o de Frei Est\u00eav\u00e3o - Not\u00edcias - Franciscanos","isPartOf":{"@id":"https:\/\/franciscanos.org.br\/noticias\/#website"},"primaryImageOfPage":{"@id":"https:\/\/franciscanos.org.br\/noticias\/fraternidades-de-sao-paulo-assumem-a-capelania-do-mosteiro-da-luz-sob-a-coordenacao-de-frei-estevao.html#primaryimage"},"datePublished":"2024-01-20T12:53:11+00:00","dateModified":"2024-01-20T14:43:43+00:00","author":{"@id":"https:\/\/franciscanos.org.br\/noticias\/#\/schema\/person\/b5c8cba458c330ccff548b056e95a5d4"},"breadcrumb":{"@id":"https:\/\/franciscanos.org.br\/noticias\/fraternidades-de-sao-paulo-assumem-a-capelania-do-mosteiro-da-luz-sob-a-coordenacao-de-frei-estevao.html#breadcrumb"},"inLanguage":"pt-BR","potentialAction":[{"@type":"ReadAction","target":["https:\/\/franciscanos.org.br\/noticias\/fraternidades-de-sao-paulo-assumem-a-capelania-do-mosteiro-da-luz-sob-a-coordenacao-de-frei-estevao.html"]}]},{"@type":"BreadcrumbList","@id":"https:\/\/franciscanos.org.br\/noticias\/fraternidades-de-sao-paulo-assumem-a-capelania-do-mosteiro-da-luz-sob-a-coordenacao-de-frei-estevao.html#breadcrumb","itemListElement":[{"@type":"ListItem","position":1,"name":"Home","item":"https:\/\/franciscanos.org.br\/noticias"},{"@type":"ListItem","position":2,"name":"Fraternidades de S\u00e3o Paulo assumem a Capelania do Mosteiro da Luz sob a coordena\u00e7\u00e3o de Frei Est\u00eav\u00e3o"}]},{"@type":"Person","@id":"https:\/\/franciscanos.org.br\/noticias\/#\/schema\/person\/b5c8cba458c330ccff548b056e95a5d4","name":"moacir","image":{"@type":"ImageObject","inLanguage":"pt-BR","@id":"https:\/\/franciscanos.org.br\/noticias\/#\/schema\/person\/image\/","url":"https:\/\/secure.gravatar.com\/avatar\/d08aa2ce4c8dd416d4479aa8536fcf64?s=96&d=mm&r=g","contentUrl":"https:\/\/secure.gravatar.com\/avatar\/d08aa2ce4c8dd416d4479aa8536fcf64?s=96&d=mm&r=g","caption":"moacir"},"url":"https:\/\/franciscanos.org.br\/noticias\/author\/moacir"}]}},"_links":{"self":[{"href":"https:\/\/franciscanos.org.br\/noticias\/wp-json\/wp\/v2\/posts\/246147"}],"collection":[{"href":"https:\/\/franciscanos.org.br\/noticias\/wp-json\/wp\/v2\/posts"}],"about":[{"href":"https:\/\/franciscanos.org.br\/noticias\/wp-json\/wp\/v2\/types\/post"}],"author":[{"embeddable":true,"href":"https:\/\/franciscanos.org.br\/noticias\/wp-json\/wp\/v2\/users\/3"}],"replies":[{"embeddable":true,"href":"https:\/\/franciscanos.org.br\/noticias\/wp-json\/wp\/v2\/comments?post=246147"}],"version-history":[{"count":5,"href":"https:\/\/franciscanos.org.br\/noticias\/wp-json\/wp\/v2\/posts\/246147\/revisions"}],"predecessor-version":[{"id":246154,"href":"https:\/\/franciscanos.org.br\/noticias\/wp-json\/wp\/v2\/posts\/246147\/revisions\/246154"}],"wp:featuredmedia":[{"embeddable":true,"href":"https:\/\/franciscanos.org.br\/noticias\/wp-json\/wp\/v2\/media\/246148"}],"wp:attachment":[{"href":"https:\/\/franciscanos.org.br\/noticias\/wp-json\/wp\/v2\/media?parent=246147"}],"wp:term":[{"taxonomy":"category","embeddable":true,"href":"https:\/\/franciscanos.org.br\/noticias\/wp-json\/wp\/v2\/categories?post=246147"},{"taxonomy":"post_tag","embeddable":true,"href":"https:\/\/franciscanos.org.br\/noticias\/wp-json\/wp\/v2\/tags?post=246147"}],"curies":[{"name":"wp","href":"https:\/\/api.w.org\/{rel}","templated":true}]}}