{"id":246132,"date":"2024-01-18T08:09:39","date_gmt":"2024-01-18T11:09:39","guid":{"rendered":"https:\/\/franciscanos.org.br\/noticias\/?p=246132"},"modified":"2024-01-18T08:09:39","modified_gmt":"2024-01-18T11:09:39","slug":"carlo-acutis-padroeiro-da-internet-entre-os-lancamentos-da-editora-vozes","status":"publish","type":"post","link":"https:\/\/franciscanos.org.br\/noticias\/carlo-acutis-padroeiro-da-internet-entre-os-lancamentos-da-editora-vozes.html","title":{"rendered":"&#8220;Carlo Acutis \u2013 Padroeiro da internet&#8221; entre os lan\u00e7amentos da Editora Vozes"},"content":{"rendered":"<p><img loading=\"lazy\" class=\"alignnone size-full wp-image-246134\" src=\"https:\/\/franciscanos.org.br\/noticias\/wp-content\/uploads\/2024\/01\/Vozes-1280-1801.jpg\" alt=\"\" width=\"1280\" height=\"720\" srcset=\"https:\/\/franciscanos.org.br\/noticias\/wp-content\/uploads\/2024\/01\/Vozes-1280-1801.jpg 1280w, https:\/\/franciscanos.org.br\/noticias\/wp-content\/uploads\/2024\/01\/Vozes-1280-1801-450x253.jpg 450w, https:\/\/franciscanos.org.br\/noticias\/wp-content\/uploads\/2024\/01\/Vozes-1280-1801-1024x576.jpg 1024w, https:\/\/franciscanos.org.br\/noticias\/wp-content\/uploads\/2024\/01\/Vozes-1280-1801-768x432.jpg 768w, https:\/\/franciscanos.org.br\/noticias\/wp-content\/uploads\/2024\/01\/Vozes-1280-1801-150x84.jpg 150w\" sizes=\"(max-width: 1280px) 100vw, 1280px\" \/><\/p>\n<h3><strong>Carlo Acutis \u2013 Padroeiro da internet<\/strong><\/h3>\n<p>Carlo Acutis foi um adolescente que morreu de leucemia em 2006, aos 15 anos de idade. Foi beatificado em 10 de outubro de 2020 pelo Cardeal Agostino Vallini. Est\u00e1 sendo reconhecido como: Ap\u00f3stolo da Internet, Ciberap\u00f3stolo e Padroeiro da Internet. Carlo Acutis foi um jovem que anunciou o evangelho, a devo\u00e7\u00e3o a Nossa Senhora e a presen\u00e7a de Deus na Eucaristia, usando as m\u00eddias digitais para evangelizar. Para a sua idade, tinha conhecimento de computa\u00e7\u00e3o acima da m\u00e9dia.<\/p>\n<p>Segundo o Papa Francisco, o jovem foi capaz de usar os avan\u00e7os tecnol\u00f3gicos para proclamar a mensagem do Evangelho, para comunicar valores eternos e para refletir a beleza da f\u00e9.<\/p>\n<p>Este livrinho cont\u00e9m o hist\u00f3rico da vida, a novena, ora\u00e7\u00f5es e a ladainha a Carlo Acutis. Tamb\u00e9m apresenta passagens b\u00edblicas, seguidas de ora\u00e7\u00e3o, com o pedido de gra\u00e7a especial.<\/p>\n<hr \/>\n<h3><strong>A mistagogia da missa<\/strong><\/h3>\n<p>Ap\u00f3s 60 anos da Constitui\u00e7\u00e3o Conciliar, que mudou a maneira como vivemos a liturgia, \u00e9 hora de retomarmos a estrada da forma\u00e7\u00e3o lit\u00fargica. Muitas discuss\u00f5es sobre as mudan\u00e7as na liturgia aconteceram, especialmente nas redes sociais, mas pouco se fala sobre como as pessoas podem realmente aprender a vivenciar e entender a liturgia, como a missa.<\/p>\n<p>O verdadeiro prop\u00f3sito dessas mudan\u00e7as do Conc\u00edlio Vaticano II \u00e9 criar uma comunidade renovada, uma comunidade que n\u00e3o apenas participa passivamente, mas que entende e se envolve nos mist\u00e9rios da f\u00e9, que se manifesta nos ritos da liturgia. A Igreja deseja que os fi\u00e9is n\u00e3o sejam meros espectadores, mas que compreendam o que est\u00e1 acontecendo durante a missa, que se envolvam nas ora\u00e7\u00f5es e ritos.<\/p>\n<p>Participar ativamente na liturgia \u00e9 uma maneira de nos ajudar a descobrir a verdadeira unidade da comunidade. A ideia n\u00e3o \u00e9 sobrecarregar com teoria, mas sim permitir que os ritos e a\u00e7\u00f5es da liturgia nos transformem, nos eduquem e nos fa\u00e7am crescer. Quando celebramos, estamos conscientes da gra\u00e7a que nos toca, e isso nos ajuda a viver de maneira \u00e9tica e profundamente sacramental.<\/p>\n<p>A liturgia n\u00e3o \u00e9 sobre entender uma ideia, \u00e9 sobre viver a experi\u00eancia do mist\u00e9rio atrav\u00e9s das a\u00e7\u00f5es e gestos que realizamos durante a missa. \u00c9 uma experi\u00eancia que nos forma e nos guia em nossa jornada espiritual.<\/p>\n<hr \/>\n<h3><strong>A via da beleza na forma\u00e7\u00e3o humano-crist\u00e3 com catequista<\/strong><\/h3>\n<p>A obra A via da beleza na forma\u00e7\u00e3o humano-crist\u00e3 com catequista, de Jord\u00e9lio Siles Ledo, fruto de sua tese doutoral junto ao PPG de Teologia da PUC-Rio, em conson\u00e2ncia com a Carta Apost\u00f3lica Antiquum Ministerium, apresenta um estudo no campo catequ\u00e9tico: \u201cuma correla\u00e7\u00e3o entre a via da beleza, a forma\u00e7\u00e3o com catequista, a arte crist\u00e3 e o Museu Sagrada Fam\u00edlia\u201d. Trabalha o tema da Inicia\u00e7\u00e3o \u00e0 Vida Crist\u00e3 e da pessoa do catequista a partir da vis\u00e3o p\u00f3s-conciliar e do Papa Francisco, em \u201cIgreja em sa\u00edda\u201d, com a\u00e7\u00f5es querigm\u00e1ticas e mistag\u00f3gicas nestes tempos de \u201cMudan\u00e7a de \u00c9poca\u201d (EG 53). Olha a pessoa e o minist\u00e9rio do catequista no minist\u00e9rio e na pedagogia da Igreja, segundo a pedagogia da Trindade, como mistagogo entrela\u00e7ando verbos na caminhada de f\u00e9 (ser, saber e fazer). Valoriza espa\u00e7os e projetos formativos que promovam a espontaneidade e a criatividade e que dialoguem com a cultura e a arte. Indica a colabora\u00e7\u00e3o e o papel dos centros e cursos catequ\u00e9ticos, sobretudo do Museu Sagrada Fam\u00edlia \u2013 Catequese e Arte como casa e espa\u00e7o que conjuga catequese e arte; colabora\u00e7\u00f5es de catequetas e artistas ao longo da hist\u00f3ria da Igreja, que evangelizaram com a palavra e a arte. Trabalha o encontro entre arte e educa\u00e7\u00e3o da f\u00e9 pela via pulchritudinis, itiner\u00e1rio pascal que proporcione o encontro com a pessoa de Jesus Cristo, a Beleza Encarnada.<\/p>\n<p>A obra contempla introdu\u00e7\u00e3o, tr\u00eas cap\u00edtulos, com uma breve conclus\u00e3o no final de cada um (1. A Inicia\u00e7\u00e3o \u00e0 Vida Crist\u00e3 e a pessoa do catequista; 2. O Museu Sagrada Fam\u00edlia \u2013 Catequese e arte como espa\u00e7o de forma\u00e7\u00e3o com catequista; 3. O itiner\u00e1rio de forma\u00e7\u00e3o com catequista pela via da beleza), conclus\u00e3o geral e refer\u00eancias bibliogr\u00e1ficas. Temos uma chave que abre para novas leituras e perspectivas, com insights que proporcionam avan\u00e7ar ainda mais no campo da Teologia Pastoral-catequ\u00e9tica.<\/p>\n<p>A S\u00e9rie Teologia PUC-Rio tem o objetivo de publicar as melhores teses e disserta\u00e7\u00f5es do Programa de P\u00f3s-Gradua\u00e7\u00e3o em Teologia PUC-Rio, que compreende duas \u00e1reas de concentra\u00e7\u00e3o: Sistem\u00e1tico-Pastoral e B\u00edblica. Publicada em formato impresso, a S\u00e9rie \u00e9 uma forma de promover e divulgar a pesquisa acad\u00eamica do Departamento de Teologia da PUC-Rio a um p\u00fablico amplo.<\/p>\n<hr \/>\n<h3><strong>Antropologia da religi\u00e3o<\/strong><\/h3>\n<p>A din\u00e2mica do campo das religi\u00f5es e seu estudo est\u00e1 demandando uma reavalia\u00e7\u00e3o dos paradigmas te\u00f3ricos nas Ci\u00eancias Sociais, al\u00e9m de uma abertura \u00e0 inventividade tem\u00e1tica e conceitual. Este livro apresenta uma reflex\u00e3o dentro do campo da Antropologia da Religi\u00e3o, adotando um formato de colet\u00e2nea diferenciado, composto por vinte e dois cap\u00edtulos, divididos em duas partes distintas. A primeira parte concentra-se em destacar autores que emergiram como \u00e2ncoras nos debates recentes. A segunda parte dedica-se a t\u00f3picos que permitem uma an\u00e1lise interdisciplinar e um novo enfoque sobre os fen\u00f4menos religiosos.<\/p>\n<p>Cada cap\u00edtulo foi escrito por estudiosos de diferentes etapas de suas carreiras, ligados a institui\u00e7\u00f5es diversas em v\u00e1rias regi\u00f5es do pa\u00eds. Ao abordar quest\u00f5es de sua compet\u00eancia, os autores receberam a liberdade para expressar suas pr\u00f3prias abordagens, enriquecendo o resultado com uma multiplicidade de perspectivas. Com este esfor\u00e7o, nossa inten\u00e7\u00e3o \u00e9 aprofundar e atualizar o estudo das religi\u00f5es, fomentando o di\u00e1logo tanto com pesquisadores e estudantes do campo quanto com o p\u00fablico em geral interessado na tem\u00e1tica.<\/p>\n<hr \/>\n<p style=\"padding-left: 40px;\">Todos esses produtos podem ser adquiridos pelos sites<br \/>\n<a href=\"http:\/\/www.livrariavozes.com.br\/\">www.livrariavozes.com.br<\/a><br \/>\n<a href=\"http:\/\/vozes.com.br\/\">http:\/\/vozes.com.br<\/a><\/p>\n<p style=\"padding-left: 40px;\">E-mail:\u00a0<a href=\"mailto:contato@vozes.com.br\">contato@vozes.com.br<\/a><\/p>\n<p style=\"padding-left: 40px;\">Tel.\u00a011 3101 8451<\/p>\n<p style=\"padding-left: 40px;\"><em><strong>Editora Vozes<\/strong><\/em><\/p>\n<p>&nbsp;<\/p>\n","protected":false},"excerpt":{"rendered":"<p>Editora Vozes<\/p>\n","protected":false},"author":7,"featured_media":246133,"comment_status":"open","ping_status":"open","sticky":false,"template":"","format":"standard","meta":[],"categories":[1],"tags":[238],"acf":[],"yoast_head":"<!-- This site is optimized with the Yoast SEO plugin v19.2 - https:\/\/yoast.com\/wordpress\/plugins\/seo\/ -->\n<title>&quot;Carlo Acutis \u2013 Padroeiro da internet&quot; entre os lan\u00e7amentos da Editora Vozes - Not\u00edcias - Franciscanos<\/title>\n<meta name=\"robots\" content=\"index, follow, max-snippet:-1, max-image-preview:large, max-video-preview:-1\" \/>\n<link rel=\"canonical\" href=\"https:\/\/franciscanos.org.br\/noticias\/carlo-acutis-padroeiro-da-internet-entre-os-lancamentos-da-editora-vozes.html\" \/>\n<meta property=\"og:locale\" content=\"pt_BR\" \/>\n<meta property=\"og:type\" content=\"article\" \/>\n<meta property=\"og:title\" content=\"&quot;Carlo Acutis \u2013 Padroeiro da internet&quot; entre os lan\u00e7amentos da Editora Vozes - Not\u00edcias - Franciscanos\" \/>\n<meta property=\"og:description\" content=\"Editora Vozes\" \/>\n<meta property=\"og:url\" content=\"https:\/\/franciscanos.org.br\/noticias\/carlo-acutis-padroeiro-da-internet-entre-os-lancamentos-da-editora-vozes.html\" \/>\n<meta property=\"og:site_name\" content=\"Not\u00edcias - Franciscanos\" \/>\n<meta property=\"article:published_time\" content=\"2024-01-18T11:09:39+00:00\" \/>\n<meta property=\"og:image\" content=\"https:\/\/franciscanos.org.br\/noticias\/wp-content\/uploads\/2024\/01\/Vozes-800-1801.jpg\" \/>\n\t<meta property=\"og:image:width\" content=\"800\" \/>\n\t<meta property=\"og:image:height\" content=\"550\" \/>\n\t<meta property=\"og:image:type\" content=\"image\/jpeg\" \/>\n<meta name=\"author\" content=\"jovenal\" \/>\n<meta name=\"twitter:card\" content=\"summary_large_image\" \/>\n<meta name=\"twitter:label1\" content=\"Escrito por\" \/>\n\t<meta name=\"twitter:data1\" content=\"jovenal\" \/>\n\t<meta name=\"twitter:label2\" content=\"Est. tempo de leitura\" \/>\n\t<meta name=\"twitter:data2\" content=\"5 minutos\" \/>\n<script type=\"application\/ld+json\" class=\"yoast-schema-graph\">{\"@context\":\"https:\/\/schema.org\",\"@graph\":[{\"@type\":\"WebSite\",\"@id\":\"https:\/\/franciscanos.org.br\/noticias\/#website\",\"url\":\"https:\/\/franciscanos.org.br\/noticias\/\",\"name\":\"Not\u00edcias - Franciscanos\",\"description\":\"Prov\u00edncia Franciscana da Imaculada Concei\u00e7\u00e3o do Brasil - Ordem dos Frades Menores - OFM\",\"potentialAction\":[{\"@type\":\"SearchAction\",\"target\":{\"@type\":\"EntryPoint\",\"urlTemplate\":\"https:\/\/franciscanos.org.br\/noticias\/?s={search_term_string}\"},\"query-input\":\"required name=search_term_string\"}],\"inLanguage\":\"pt-BR\"},{\"@type\":\"ImageObject\",\"inLanguage\":\"pt-BR\",\"@id\":\"https:\/\/franciscanos.org.br\/noticias\/carlo-acutis-padroeiro-da-internet-entre-os-lancamentos-da-editora-vozes.html#primaryimage\",\"url\":\"https:\/\/franciscanos.org.br\/noticias\/wp-content\/uploads\/2024\/01\/Vozes-800-1801.jpg\",\"contentUrl\":\"https:\/\/franciscanos.org.br\/noticias\/wp-content\/uploads\/2024\/01\/Vozes-800-1801.jpg\",\"width\":800,\"height\":550},{\"@type\":\"WebPage\",\"@id\":\"https:\/\/franciscanos.org.br\/noticias\/carlo-acutis-padroeiro-da-internet-entre-os-lancamentos-da-editora-vozes.html#webpage\",\"url\":\"https:\/\/franciscanos.org.br\/noticias\/carlo-acutis-padroeiro-da-internet-entre-os-lancamentos-da-editora-vozes.html\",\"name\":\"\\\"Carlo Acutis \u2013 Padroeiro da internet\\\" entre os lan\u00e7amentos da Editora Vozes - Not\u00edcias - Franciscanos\",\"isPartOf\":{\"@id\":\"https:\/\/franciscanos.org.br\/noticias\/#website\"},\"primaryImageOfPage\":{\"@id\":\"https:\/\/franciscanos.org.br\/noticias\/carlo-acutis-padroeiro-da-internet-entre-os-lancamentos-da-editora-vozes.html#primaryimage\"},\"datePublished\":\"2024-01-18T11:09:39+00:00\",\"dateModified\":\"2024-01-18T11:09:39+00:00\",\"author\":{\"@id\":\"https:\/\/franciscanos.org.br\/noticias\/#\/schema\/person\/c3a26b08313dd1772495ce300ab257cc\"},\"breadcrumb\":{\"@id\":\"https:\/\/franciscanos.org.br\/noticias\/carlo-acutis-padroeiro-da-internet-entre-os-lancamentos-da-editora-vozes.html#breadcrumb\"},\"inLanguage\":\"pt-BR\",\"potentialAction\":[{\"@type\":\"ReadAction\",\"target\":[\"https:\/\/franciscanos.org.br\/noticias\/carlo-acutis-padroeiro-da-internet-entre-os-lancamentos-da-editora-vozes.html\"]}]},{\"@type\":\"BreadcrumbList\",\"@id\":\"https:\/\/franciscanos.org.br\/noticias\/carlo-acutis-padroeiro-da-internet-entre-os-lancamentos-da-editora-vozes.html#breadcrumb\",\"itemListElement\":[{\"@type\":\"ListItem\",\"position\":1,\"name\":\"Home\",\"item\":\"https:\/\/franciscanos.org.br\/noticias\"},{\"@type\":\"ListItem\",\"position\":2,\"name\":\"&#8220;Carlo Acutis \u2013 Padroeiro da internet&#8221; entre os lan\u00e7amentos da Editora Vozes\"}]},{\"@type\":\"Person\",\"@id\":\"https:\/\/franciscanos.org.br\/noticias\/#\/schema\/person\/c3a26b08313dd1772495ce300ab257cc\",\"name\":\"jovenal\",\"image\":{\"@type\":\"ImageObject\",\"inLanguage\":\"pt-BR\",\"@id\":\"https:\/\/franciscanos.org.br\/noticias\/#\/schema\/person\/image\/\",\"url\":\"https:\/\/secure.gravatar.com\/avatar\/e94509f531086e2eaf97e72f29ea00f9?s=96&d=mm&r=g\",\"contentUrl\":\"https:\/\/secure.gravatar.com\/avatar\/e94509f531086e2eaf97e72f29ea00f9?s=96&d=mm&r=g\",\"caption\":\"jovenal\"},\"url\":\"https:\/\/franciscanos.org.br\/noticias\/author\/jovenal\"}]}<\/script>\n<!-- \/ Yoast SEO plugin. -->","yoast_head_json":{"title":"\"Carlo Acutis \u2013 Padroeiro da internet\" entre os lan\u00e7amentos da Editora Vozes - Not\u00edcias - Franciscanos","robots":{"index":"index","follow":"follow","max-snippet":"max-snippet:-1","max-image-preview":"max-image-preview:large","max-video-preview":"max-video-preview:-1"},"canonical":"https:\/\/franciscanos.org.br\/noticias\/carlo-acutis-padroeiro-da-internet-entre-os-lancamentos-da-editora-vozes.html","og_locale":"pt_BR","og_type":"article","og_title":"\"Carlo Acutis \u2013 Padroeiro da internet\" entre os lan\u00e7amentos da Editora Vozes - Not\u00edcias - Franciscanos","og_description":"Editora Vozes","og_url":"https:\/\/franciscanos.org.br\/noticias\/carlo-acutis-padroeiro-da-internet-entre-os-lancamentos-da-editora-vozes.html","og_site_name":"Not\u00edcias - Franciscanos","article_published_time":"2024-01-18T11:09:39+00:00","og_image":[{"width":800,"height":550,"url":"https:\/\/franciscanos.org.br\/noticias\/wp-content\/uploads\/2024\/01\/Vozes-800-1801.jpg","type":"image\/jpeg"}],"author":"jovenal","twitter_card":"summary_large_image","twitter_misc":{"Escrito por":"jovenal","Est. tempo de leitura":"5 minutos"},"schema":{"@context":"https:\/\/schema.org","@graph":[{"@type":"WebSite","@id":"https:\/\/franciscanos.org.br\/noticias\/#website","url":"https:\/\/franciscanos.org.br\/noticias\/","name":"Not\u00edcias - Franciscanos","description":"Prov\u00edncia Franciscana da Imaculada Concei\u00e7\u00e3o do Brasil - Ordem dos Frades Menores - OFM","potentialAction":[{"@type":"SearchAction","target":{"@type":"EntryPoint","urlTemplate":"https:\/\/franciscanos.org.br\/noticias\/?s={search_term_string}"},"query-input":"required name=search_term_string"}],"inLanguage":"pt-BR"},{"@type":"ImageObject","inLanguage":"pt-BR","@id":"https:\/\/franciscanos.org.br\/noticias\/carlo-acutis-padroeiro-da-internet-entre-os-lancamentos-da-editora-vozes.html#primaryimage","url":"https:\/\/franciscanos.org.br\/noticias\/wp-content\/uploads\/2024\/01\/Vozes-800-1801.jpg","contentUrl":"https:\/\/franciscanos.org.br\/noticias\/wp-content\/uploads\/2024\/01\/Vozes-800-1801.jpg","width":800,"height":550},{"@type":"WebPage","@id":"https:\/\/franciscanos.org.br\/noticias\/carlo-acutis-padroeiro-da-internet-entre-os-lancamentos-da-editora-vozes.html#webpage","url":"https:\/\/franciscanos.org.br\/noticias\/carlo-acutis-padroeiro-da-internet-entre-os-lancamentos-da-editora-vozes.html","name":"\"Carlo Acutis \u2013 Padroeiro da internet\" entre os lan\u00e7amentos da Editora Vozes - Not\u00edcias - Franciscanos","isPartOf":{"@id":"https:\/\/franciscanos.org.br\/noticias\/#website"},"primaryImageOfPage":{"@id":"https:\/\/franciscanos.org.br\/noticias\/carlo-acutis-padroeiro-da-internet-entre-os-lancamentos-da-editora-vozes.html#primaryimage"},"datePublished":"2024-01-18T11:09:39+00:00","dateModified":"2024-01-18T11:09:39+00:00","author":{"@id":"https:\/\/franciscanos.org.br\/noticias\/#\/schema\/person\/c3a26b08313dd1772495ce300ab257cc"},"breadcrumb":{"@id":"https:\/\/franciscanos.org.br\/noticias\/carlo-acutis-padroeiro-da-internet-entre-os-lancamentos-da-editora-vozes.html#breadcrumb"},"inLanguage":"pt-BR","potentialAction":[{"@type":"ReadAction","target":["https:\/\/franciscanos.org.br\/noticias\/carlo-acutis-padroeiro-da-internet-entre-os-lancamentos-da-editora-vozes.html"]}]},{"@type":"BreadcrumbList","@id":"https:\/\/franciscanos.org.br\/noticias\/carlo-acutis-padroeiro-da-internet-entre-os-lancamentos-da-editora-vozes.html#breadcrumb","itemListElement":[{"@type":"ListItem","position":1,"name":"Home","item":"https:\/\/franciscanos.org.br\/noticias"},{"@type":"ListItem","position":2,"name":"&#8220;Carlo Acutis \u2013 Padroeiro da internet&#8221; entre os lan\u00e7amentos da Editora Vozes"}]},{"@type":"Person","@id":"https:\/\/franciscanos.org.br\/noticias\/#\/schema\/person\/c3a26b08313dd1772495ce300ab257cc","name":"jovenal","image":{"@type":"ImageObject","inLanguage":"pt-BR","@id":"https:\/\/franciscanos.org.br\/noticias\/#\/schema\/person\/image\/","url":"https:\/\/secure.gravatar.com\/avatar\/e94509f531086e2eaf97e72f29ea00f9?s=96&d=mm&r=g","contentUrl":"https:\/\/secure.gravatar.com\/avatar\/e94509f531086e2eaf97e72f29ea00f9?s=96&d=mm&r=g","caption":"jovenal"},"url":"https:\/\/franciscanos.org.br\/noticias\/author\/jovenal"}]}},"_links":{"self":[{"href":"https:\/\/franciscanos.org.br\/noticias\/wp-json\/wp\/v2\/posts\/246132"}],"collection":[{"href":"https:\/\/franciscanos.org.br\/noticias\/wp-json\/wp\/v2\/posts"}],"about":[{"href":"https:\/\/franciscanos.org.br\/noticias\/wp-json\/wp\/v2\/types\/post"}],"author":[{"embeddable":true,"href":"https:\/\/franciscanos.org.br\/noticias\/wp-json\/wp\/v2\/users\/7"}],"replies":[{"embeddable":true,"href":"https:\/\/franciscanos.org.br\/noticias\/wp-json\/wp\/v2\/comments?post=246132"}],"version-history":[{"count":1,"href":"https:\/\/franciscanos.org.br\/noticias\/wp-json\/wp\/v2\/posts\/246132\/revisions"}],"predecessor-version":[{"id":246135,"href":"https:\/\/franciscanos.org.br\/noticias\/wp-json\/wp\/v2\/posts\/246132\/revisions\/246135"}],"wp:featuredmedia":[{"embeddable":true,"href":"https:\/\/franciscanos.org.br\/noticias\/wp-json\/wp\/v2\/media\/246133"}],"wp:attachment":[{"href":"https:\/\/franciscanos.org.br\/noticias\/wp-json\/wp\/v2\/media?parent=246132"}],"wp:term":[{"taxonomy":"category","embeddable":true,"href":"https:\/\/franciscanos.org.br\/noticias\/wp-json\/wp\/v2\/categories?post=246132"},{"taxonomy":"post_tag","embeddable":true,"href":"https:\/\/franciscanos.org.br\/noticias\/wp-json\/wp\/v2\/tags?post=246132"}],"curies":[{"name":"wp","href":"https:\/\/api.w.org\/{rel}","templated":true}]}}