{"id":246119,"date":"2024-01-17T14:18:55","date_gmt":"2024-01-17T17:18:55","guid":{"rendered":"https:\/\/franciscanos.org.br\/noticias\/?p=246119"},"modified":"2024-01-18T08:46:09","modified_gmt":"2024-01-18T11:46:09","slug":"juventudes-da-provincia-retomam-as-missoes-franciscanas-da-juventude-depois-da-pandemia","status":"publish","type":"post","link":"https:\/\/franciscanos.org.br\/noticias\/juventudes-da-provincia-retomam-as-missoes-franciscanas-da-juventude-depois-da-pandemia.html","title":{"rendered":"Juventudes da Prov\u00edncia retomam as Miss\u00f5es Franciscanas depois da pandemia"},"content":{"rendered":"<p><img loading=\"lazy\" class=\"aligncenter wp-image-246125 size-full\" src=\"https:\/\/franciscanos.org.br\/noticias\/wp-content\/uploads\/2024\/01\/destaque-no-corpo.jpg\" alt=\"\" width=\"1280\" height=\"720\" srcset=\"https:\/\/franciscanos.org.br\/noticias\/wp-content\/uploads\/2024\/01\/destaque-no-corpo.jpg 1280w, https:\/\/franciscanos.org.br\/noticias\/wp-content\/uploads\/2024\/01\/destaque-no-corpo-450x253.jpg 450w, https:\/\/franciscanos.org.br\/noticias\/wp-content\/uploads\/2024\/01\/destaque-no-corpo-1024x576.jpg 1024w, https:\/\/franciscanos.org.br\/noticias\/wp-content\/uploads\/2024\/01\/destaque-no-corpo-768x432.jpg 768w, https:\/\/franciscanos.org.br\/noticias\/wp-content\/uploads\/2024\/01\/destaque-no-corpo-150x84.jpg 150w\" sizes=\"(max-width: 1280px) 100vw, 1280px\" \/><\/p>\n<p><span style=\"font-weight: 400;\">Desde fevereiro de 2020, a Prov\u00edncia da Imaculada Concei\u00e7\u00e3o do Brasil, n\u00e3o realizava as Miss\u00f5es Franciscanas da Juventude (MFJ). Agora, em 2024, a MFJ retorna ap\u00f3s um longo per\u00edodo de pandemia e reorganiza\u00e7\u00e3o do trabalho com as juventudes. No ano de 2023, as Par\u00f3quias e Conventos Franciscanos foram desafiados a realizar o Dia de Miss\u00e3o localmente, uma experi\u00eancia nova da MFJ adaptada \u00e0 realidade de cada jovem. Assim, chegamos \u00e0 Miss\u00e3o Franciscana da Juventude de Pato Branco (PR), em sua 8\u00aa edi\u00e7\u00e3o.<\/span><\/p>\n<p><span style=\"font-weight: 400;\">A primeira Miss\u00e3o Franciscana da Juventude ocorreu na cidade de Ituporanga (SC) entre os dias 20 e 23 de fevereiro de 2014. Inicialmente chamada de Miss\u00e3o de F\u00e9rias, tinha como prop\u00f3sito proporcionar aos jovens uma experi\u00eancia de contato com as fam\u00edlias locais e vivenciar a Miss\u00e3o de forma concreta. Com o apoio da Fraternidade do Semin\u00e1rio S\u00e3o Francisco e da Par\u00f3quia Santo Est\u00eav\u00e3o, em Ituporanga, a proposta foi apresentada ao Regional e, posteriormente, \u00e0 comunidade.<\/span><\/p>\n<p><span style=\"font-weight: 400;\">A MFJ seguiu ininterruptamente at\u00e9 2020, passando por diversas cidades como Conc\u00f3rdia (SC) em 2015, Vila Velha (ES) em 2016, Curitiba em 2017, Agudos e Bauru em 2018, Rio de Janeiro em 2019 e Xaxim (SC) em 2020. Cada edi\u00e7\u00e3o envolveu centenas de jovens, promovendo atividades volunt\u00e1rias, visitas a fam\u00edlias locais, a\u00e7\u00f5es ambientais e experi\u00eancias de solidariedade.<\/span><\/p>\n<p><span style=\"font-weight: 400;\">A cidade de Pato Branco (PR) foi escolhida para sediar a 8\u00aa edi\u00e7\u00e3o da MFJ, entre os dias 25 e 28 de janeiro de 2024. Com o tema &#8220;Sa\u00fade Mental e Integral&#8221; e o lema &#8220;Onde houver desespero que eu leve a esperan\u00e7a&#8221;, a escolha se deu durante o &#8220;Dia de Miss\u00e3o&#8221; em janeiro de 2023. A expectativa \u00e9 reunir cerca de 200 jovens de v\u00e1rias partes do Brasil, promovendo um encontro de reflex\u00e3o, forma\u00e7\u00e3o, ora\u00e7\u00e3o e espiritualidade baseados no carisma franciscano, al\u00e9m de experi\u00eancias concretas de miss\u00e3o e solidariedade.<\/span><\/p>\n<p><img loading=\"lazy\" class=\"size-medium wp-image-246130 alignright\" src=\"https:\/\/franciscanos.org.br\/noticias\/wp-content\/uploads\/2024\/01\/MFJ-2024-450x425.png\" alt=\"\" width=\"450\" height=\"425\" srcset=\"https:\/\/franciscanos.org.br\/noticias\/wp-content\/uploads\/2024\/01\/MFJ-2024-450x425.png 450w, https:\/\/franciscanos.org.br\/noticias\/wp-content\/uploads\/2024\/01\/MFJ-2024-1024x966.png 1024w, https:\/\/franciscanos.org.br\/noticias\/wp-content\/uploads\/2024\/01\/MFJ-2024-768x725.png 768w, https:\/\/franciscanos.org.br\/noticias\/wp-content\/uploads\/2024\/01\/MFJ-2024-1536x1449.png 1536w, https:\/\/franciscanos.org.br\/noticias\/wp-content\/uploads\/2024\/01\/MFJ-2024-2048x1932.png 2048w, https:\/\/franciscanos.org.br\/noticias\/wp-content\/uploads\/2024\/01\/MFJ-2024-150x142.png 150w, https:\/\/franciscanos.org.br\/noticias\/wp-content\/uploads\/2024\/01\/MFJ-2024.png 1145w\" sizes=\"(max-width: 450px) 100vw, 450px\" \/><\/p>\n<p><span style=\"font-weight: 400;\">A programa\u00e7\u00e3o do evento, organizado pela Evangeliza\u00e7\u00e3o com as Juventudes da Prov\u00edncia em parceria com par\u00f3quias e grupos ligados ao carisma franciscano, incluir\u00e1 diversas atividades, forma\u00e7\u00f5es, m\u00edsticas e oficinas relacionadas ao tema e lema do evento. A inten\u00e7\u00e3o \u00e9 que os participantes levem consigo n\u00e3o apenas as experi\u00eancias do encontro, mas tamb\u00e9m cultivem o esp\u00edrito franciscano em suas comunidades de origem.<\/span><\/p>\n<p><span style=\"font-weight: 400;\">Frei Augusto Luiz Gabriel, um dos respons\u00e1veis pela organiza\u00e7\u00e3o do evento, destaca a import\u00e2ncia de os jovens, al\u00e9m de participarem do evento, intensificarem seu envolvimento nas comunidades locais, criando grupos de jovens e promovendo atividades para manter viva a chama da miss\u00e3o no dia a dia.<\/span><\/p>\n<p><span style=\"font-weight: 400;\">A identidade visual da edi\u00e7\u00e3o de 2024, desenvolvida por jovens franciscanos de Curitibanos (SC), reflete a vida, alegria e o foco no tema central do evento e no lema. A programa\u00e7\u00e3o detalhada inclui momentos de ora\u00e7\u00e3o, reflex\u00e3o, atividades em grupo, missa de envio e a\u00e7\u00f5es nas comunidades locais.<\/span><\/p>\n<p><span style=\"font-weight: 400;\">A expectativa \u00e9 que o 8\u00ba MFJ em Pato Branco seja um encontro frutuoso, deixando um impacto positivo na espiritualidade e no engajamento dos jovens franciscanos. Al\u00e9m disso, os organizadores esperam que o esp\u00edrito cultivado durante o evento seja levado de volta \u00e0s par\u00f3quias de origem, inspirando um maior envolvimento e comprometimento dos participantes com as comunidades em que est\u00e3o inseridos.<\/span><\/p>\n<p><img loading=\"lazy\" class=\"aligncenter wp-image-246137 size-full\" src=\"https:\/\/franciscanos.org.br\/noticias\/wp-content\/uploads\/2024\/01\/capa-v2.jpg\" alt=\"\" width=\"1280\" height=\"720\" srcset=\"https:\/\/franciscanos.org.br\/noticias\/wp-content\/uploads\/2024\/01\/capa-v2.jpg 1280w, https:\/\/franciscanos.org.br\/noticias\/wp-content\/uploads\/2024\/01\/capa-v2-450x253.jpg 450w, https:\/\/franciscanos.org.br\/noticias\/wp-content\/uploads\/2024\/01\/capa-v2-1024x576.jpg 1024w, https:\/\/franciscanos.org.br\/noticias\/wp-content\/uploads\/2024\/01\/capa-v2-768x432.jpg 768w, https:\/\/franciscanos.org.br\/noticias\/wp-content\/uploads\/2024\/01\/capa-v2-150x84.jpg 150w\" sizes=\"(max-width: 1280px) 100vw, 1280px\" \/><\/p>\n<p>&nbsp;<\/p>\n<h3 style=\"text-align: center;\"><b>SERVI\u00c7O<\/b><\/h3>\n<p style=\"text-align: center;\"><b>25\/01\/2024 &#8211; QUINTA-FEIRA<\/b><\/p>\n<p style=\"text-align: center;\"><span style=\"font-weight: 400;\">8h \u00e0s 10h \u2013 Chegada na Casa de Forma\u00e7\u00e3o Frei Policarpo, credenciamento, acomoda\u00e7\u00e3o nos quartos e caf\u00e9 da manh\u00e3.<\/span><\/p>\n<p style=\"text-align: center;\"><span style=\"font-weight: 400;\">10h15 \u2013 Ora\u00e7\u00e3o inicial e abertura do evento<\/span><\/p>\n<p style=\"text-align: center;\"><span style=\"font-weight: 400;\">14h \u2013 Anima\u00e7\u00e3o<\/span><\/p>\n<p style=\"text-align: center;\"><span style=\"font-weight: 400;\">14h30 \u2013 Reflex\u00e3o oficial do evento \u2013 Tema: sa\u00fade mental e integral<\/span><\/p>\n<p style=\"text-align: center;\"><span style=\"font-weight: 400;\">15h50 \u2013 Oficinas<\/span><\/p>\n<p style=\"text-align: center;\"><span style=\"font-weight: 400;\">18h \u2013 Conversa com os guardi\u00e3es\u00a0<\/span><\/p>\n<p style=\"text-align: center;\"><span style=\"font-weight: 400;\">20h30 \u2013 Ora\u00e7\u00e3o da noite\u00a0<\/span><\/p>\n<p style=\"text-align: center;\"><span style=\"font-weight: 400;\">\u00a0<\/span><\/p>\n<p style=\"text-align: center;\"><b>26\/01\/2024 \u2013 SEXTA FEIRA<\/b><\/p>\n<p style=\"text-align: center;\"><span style=\"font-weight: 400;\">7h45 \u2013 Ora\u00e7\u00e3o da manh\u00e3<\/span><\/p>\n<p style=\"text-align: center;\"><span style=\"font-weight: 400;\">8h30 \u2013 Anima\u00e7\u00e3o<\/span><\/p>\n<p style=\"text-align: center;\"><span style=\"font-weight: 400;\">8h45 \u2013 Orienta\u00e7\u00f5es gerais sobre como fazer uma miss\u00e3o<\/span><\/p>\n<p style=\"text-align: center;\"><span style=\"font-weight: 400;\">10h30 \u2013 Atividade por grupo de miss\u00e3o<\/span><\/p>\n<p style=\"text-align: center;\"><span style=\"font-weight: 400;\">14h &#8211; Confec\u00e7\u00e3o de cart\u00f5es<\/span><\/p>\n<p style=\"text-align: center;\"><span style=\"font-weight: 400;\">16h45 &#8211; Foto oficial<\/span><\/p>\n<p style=\"text-align: center;\"><span style=\"font-weight: 400;\">17h &#8211; Missa de envio<\/span><\/p>\n<p style=\"text-align: center;\"><span style=\"font-weight: 400;\">A partir de 18h30 &#8211; Envio para as comunidades<\/span><\/p>\n<p style=\"text-align: center;\"><span style=\"font-weight: 400;\">\u00a0<\/span><\/p>\n<p style=\"text-align: center;\"><b>27\/01\/2024 \u2013 S\u00c1BADO<\/b><\/p>\n<p style=\"text-align: center;\"><span style=\"font-weight: 400;\">Programa\u00e7\u00e3o de cada comunidade<\/span><\/p>\n<p style=\"text-align: center;\"><span style=\"font-weight: 400;\">\u00a0<\/span><\/p>\n<p style=\"text-align: center;\"><b>28\/01\/2024 \u2013 DOMINGO:<\/b><\/p>\n<p style=\"text-align: center;\"><span style=\"font-weight: 400;\">8h30 \u2013 In\u00edcio da caminhada em dire\u00e7\u00e3o a Igreja Matriz.<\/span><\/p>\n<p style=\"text-align: center;\"><span style=\"font-weight: 400;\">9h30 \u2013 Missa dominical na Igreja Matriz<\/span><\/p>\n<p style=\"text-align: center;\"><span style=\"font-weight: 400;\">12h30 \u2013 Atos finais <\/span><\/p>\n<hr \/>\n<p><em>Jo\u00e3o V\u00edtor Rodrigues<\/em><\/p>\n","protected":false},"excerpt":{"rendered":"<p>8\u00aa Miss\u00f5es Franciscanas da Juventude &#8211; Pato Branco (PR)<\/p>\n","protected":false},"author":10,"featured_media":246137,"comment_status":"open","ping_status":"open","sticky":false,"template":"","format":"standard","meta":[],"categories":[1],"tags":[1206],"acf":[],"yoast_head":"<!-- This site is optimized with the Yoast SEO plugin v19.2 - https:\/\/yoast.com\/wordpress\/plugins\/seo\/ -->\n<title>Juventudes da Prov\u00edncia retomam as Miss\u00f5es Franciscanas depois da pandemia - Not\u00edcias - Franciscanos<\/title>\n<meta name=\"robots\" content=\"index, follow, max-snippet:-1, max-image-preview:large, max-video-preview:-1\" \/>\n<link rel=\"canonical\" href=\"https:\/\/franciscanos.org.br\/noticias\/juventudes-da-provincia-retomam-as-missoes-franciscanas-da-juventude-depois-da-pandemia.html\" \/>\n<meta property=\"og:locale\" content=\"pt_BR\" \/>\n<meta property=\"og:type\" content=\"article\" \/>\n<meta property=\"og:title\" content=\"Juventudes da Prov\u00edncia retomam as Miss\u00f5es Franciscanas depois da pandemia - Not\u00edcias - Franciscanos\" \/>\n<meta property=\"og:description\" content=\"8\u00aa Miss\u00f5es Franciscanas da Juventude - Pato Branco (PR)\" \/>\n<meta property=\"og:url\" content=\"https:\/\/franciscanos.org.br\/noticias\/juventudes-da-provincia-retomam-as-missoes-franciscanas-da-juventude-depois-da-pandemia.html\" \/>\n<meta property=\"og:site_name\" content=\"Not\u00edcias - Franciscanos\" \/>\n<meta property=\"article:published_time\" content=\"2024-01-17T17:18:55+00:00\" \/>\n<meta property=\"article:modified_time\" content=\"2024-01-18T11:46:09+00:00\" \/>\n<meta property=\"og:image\" content=\"https:\/\/franciscanos.org.br\/noticias\/wp-content\/uploads\/2024\/01\/capa-v2.jpg\" \/>\n\t<meta property=\"og:image:width\" content=\"1280\" \/>\n\t<meta property=\"og:image:height\" content=\"720\" \/>\n\t<meta property=\"og:image:type\" content=\"image\/jpeg\" \/>\n<meta name=\"author\" content=\"Jo\u00e3o Vitor\" \/>\n<meta name=\"twitter:card\" content=\"summary_large_image\" \/>\n<meta name=\"twitter:label1\" content=\"Escrito por\" \/>\n\t<meta name=\"twitter:data1\" content=\"Jo\u00e3o Vitor\" \/>\n\t<meta name=\"twitter:label2\" content=\"Est. tempo de leitura\" \/>\n\t<meta name=\"twitter:data2\" content=\"4 minutos\" \/>\n<script type=\"application\/ld+json\" class=\"yoast-schema-graph\">{\"@context\":\"https:\/\/schema.org\",\"@graph\":[{\"@type\":\"WebSite\",\"@id\":\"https:\/\/franciscanos.org.br\/noticias\/#website\",\"url\":\"https:\/\/franciscanos.org.br\/noticias\/\",\"name\":\"Not\u00edcias - Franciscanos\",\"description\":\"Prov\u00edncia Franciscana da Imaculada Concei\u00e7\u00e3o do Brasil - Ordem dos Frades Menores - OFM\",\"potentialAction\":[{\"@type\":\"SearchAction\",\"target\":{\"@type\":\"EntryPoint\",\"urlTemplate\":\"https:\/\/franciscanos.org.br\/noticias\/?s={search_term_string}\"},\"query-input\":\"required name=search_term_string\"}],\"inLanguage\":\"pt-BR\"},{\"@type\":\"ImageObject\",\"inLanguage\":\"pt-BR\",\"@id\":\"https:\/\/franciscanos.org.br\/noticias\/juventudes-da-provincia-retomam-as-missoes-franciscanas-da-juventude-depois-da-pandemia.html#primaryimage\",\"url\":\"https:\/\/franciscanos.org.br\/noticias\/wp-content\/uploads\/2024\/01\/capa-v2.jpg\",\"contentUrl\":\"https:\/\/franciscanos.org.br\/noticias\/wp-content\/uploads\/2024\/01\/capa-v2.jpg\",\"width\":1280,\"height\":720},{\"@type\":\"WebPage\",\"@id\":\"https:\/\/franciscanos.org.br\/noticias\/juventudes-da-provincia-retomam-as-missoes-franciscanas-da-juventude-depois-da-pandemia.html#webpage\",\"url\":\"https:\/\/franciscanos.org.br\/noticias\/juventudes-da-provincia-retomam-as-missoes-franciscanas-da-juventude-depois-da-pandemia.html\",\"name\":\"Juventudes da Prov\u00edncia retomam as Miss\u00f5es Franciscanas depois da pandemia - Not\u00edcias - Franciscanos\",\"isPartOf\":{\"@id\":\"https:\/\/franciscanos.org.br\/noticias\/#website\"},\"primaryImageOfPage\":{\"@id\":\"https:\/\/franciscanos.org.br\/noticias\/juventudes-da-provincia-retomam-as-missoes-franciscanas-da-juventude-depois-da-pandemia.html#primaryimage\"},\"datePublished\":\"2024-01-17T17:18:55+00:00\",\"dateModified\":\"2024-01-18T11:46:09+00:00\",\"author\":{\"@id\":\"https:\/\/franciscanos.org.br\/noticias\/#\/schema\/person\/8c11f06a466b856a11dd48d20600055f\"},\"breadcrumb\":{\"@id\":\"https:\/\/franciscanos.org.br\/noticias\/juventudes-da-provincia-retomam-as-missoes-franciscanas-da-juventude-depois-da-pandemia.html#breadcrumb\"},\"inLanguage\":\"pt-BR\",\"potentialAction\":[{\"@type\":\"ReadAction\",\"target\":[\"https:\/\/franciscanos.org.br\/noticias\/juventudes-da-provincia-retomam-as-missoes-franciscanas-da-juventude-depois-da-pandemia.html\"]}]},{\"@type\":\"BreadcrumbList\",\"@id\":\"https:\/\/franciscanos.org.br\/noticias\/juventudes-da-provincia-retomam-as-missoes-franciscanas-da-juventude-depois-da-pandemia.html#breadcrumb\",\"itemListElement\":[{\"@type\":\"ListItem\",\"position\":1,\"name\":\"Home\",\"item\":\"https:\/\/franciscanos.org.br\/noticias\"},{\"@type\":\"ListItem\",\"position\":2,\"name\":\"Juventudes da Prov\u00edncia retomam as Miss\u00f5es Franciscanas depois da pandemia\"}]},{\"@type\":\"Person\",\"@id\":\"https:\/\/franciscanos.org.br\/noticias\/#\/schema\/person\/8c11f06a466b856a11dd48d20600055f\",\"name\":\"Jo\u00e3o Vitor\",\"image\":{\"@type\":\"ImageObject\",\"inLanguage\":\"pt-BR\",\"@id\":\"https:\/\/franciscanos.org.br\/noticias\/#\/schema\/person\/image\/\",\"url\":\"https:\/\/secure.gravatar.com\/avatar\/10ba5c9713e0c323617b4309a19e3a46?s=96&d=mm&r=g\",\"contentUrl\":\"https:\/\/secure.gravatar.com\/avatar\/10ba5c9713e0c323617b4309a19e3a46?s=96&d=mm&r=g\",\"caption\":\"Jo\u00e3o Vitor\"},\"url\":\"https:\/\/franciscanos.org.br\/noticias\/author\/joaovitor\"}]}<\/script>\n<!-- \/ Yoast SEO plugin. -->","yoast_head_json":{"title":"Juventudes da Prov\u00edncia retomam as Miss\u00f5es Franciscanas depois da pandemia - Not\u00edcias - Franciscanos","robots":{"index":"index","follow":"follow","max-snippet":"max-snippet:-1","max-image-preview":"max-image-preview:large","max-video-preview":"max-video-preview:-1"},"canonical":"https:\/\/franciscanos.org.br\/noticias\/juventudes-da-provincia-retomam-as-missoes-franciscanas-da-juventude-depois-da-pandemia.html","og_locale":"pt_BR","og_type":"article","og_title":"Juventudes da Prov\u00edncia retomam as Miss\u00f5es Franciscanas depois da pandemia - Not\u00edcias - Franciscanos","og_description":"8\u00aa Miss\u00f5es Franciscanas da Juventude - Pato Branco (PR)","og_url":"https:\/\/franciscanos.org.br\/noticias\/juventudes-da-provincia-retomam-as-missoes-franciscanas-da-juventude-depois-da-pandemia.html","og_site_name":"Not\u00edcias - Franciscanos","article_published_time":"2024-01-17T17:18:55+00:00","article_modified_time":"2024-01-18T11:46:09+00:00","og_image":[{"width":1280,"height":720,"url":"https:\/\/franciscanos.org.br\/noticias\/wp-content\/uploads\/2024\/01\/capa-v2.jpg","type":"image\/jpeg"}],"author":"Jo\u00e3o Vitor","twitter_card":"summary_large_image","twitter_misc":{"Escrito por":"Jo\u00e3o Vitor","Est. tempo de leitura":"4 minutos"},"schema":{"@context":"https:\/\/schema.org","@graph":[{"@type":"WebSite","@id":"https:\/\/franciscanos.org.br\/noticias\/#website","url":"https:\/\/franciscanos.org.br\/noticias\/","name":"Not\u00edcias - Franciscanos","description":"Prov\u00edncia Franciscana da Imaculada Concei\u00e7\u00e3o do Brasil - Ordem dos Frades Menores - OFM","potentialAction":[{"@type":"SearchAction","target":{"@type":"EntryPoint","urlTemplate":"https:\/\/franciscanos.org.br\/noticias\/?s={search_term_string}"},"query-input":"required name=search_term_string"}],"inLanguage":"pt-BR"},{"@type":"ImageObject","inLanguage":"pt-BR","@id":"https:\/\/franciscanos.org.br\/noticias\/juventudes-da-provincia-retomam-as-missoes-franciscanas-da-juventude-depois-da-pandemia.html#primaryimage","url":"https:\/\/franciscanos.org.br\/noticias\/wp-content\/uploads\/2024\/01\/capa-v2.jpg","contentUrl":"https:\/\/franciscanos.org.br\/noticias\/wp-content\/uploads\/2024\/01\/capa-v2.jpg","width":1280,"height":720},{"@type":"WebPage","@id":"https:\/\/franciscanos.org.br\/noticias\/juventudes-da-provincia-retomam-as-missoes-franciscanas-da-juventude-depois-da-pandemia.html#webpage","url":"https:\/\/franciscanos.org.br\/noticias\/juventudes-da-provincia-retomam-as-missoes-franciscanas-da-juventude-depois-da-pandemia.html","name":"Juventudes da Prov\u00edncia retomam as Miss\u00f5es Franciscanas depois da pandemia - Not\u00edcias - Franciscanos","isPartOf":{"@id":"https:\/\/franciscanos.org.br\/noticias\/#website"},"primaryImageOfPage":{"@id":"https:\/\/franciscanos.org.br\/noticias\/juventudes-da-provincia-retomam-as-missoes-franciscanas-da-juventude-depois-da-pandemia.html#primaryimage"},"datePublished":"2024-01-17T17:18:55+00:00","dateModified":"2024-01-18T11:46:09+00:00","author":{"@id":"https:\/\/franciscanos.org.br\/noticias\/#\/schema\/person\/8c11f06a466b856a11dd48d20600055f"},"breadcrumb":{"@id":"https:\/\/franciscanos.org.br\/noticias\/juventudes-da-provincia-retomam-as-missoes-franciscanas-da-juventude-depois-da-pandemia.html#breadcrumb"},"inLanguage":"pt-BR","potentialAction":[{"@type":"ReadAction","target":["https:\/\/franciscanos.org.br\/noticias\/juventudes-da-provincia-retomam-as-missoes-franciscanas-da-juventude-depois-da-pandemia.html"]}]},{"@type":"BreadcrumbList","@id":"https:\/\/franciscanos.org.br\/noticias\/juventudes-da-provincia-retomam-as-missoes-franciscanas-da-juventude-depois-da-pandemia.html#breadcrumb","itemListElement":[{"@type":"ListItem","position":1,"name":"Home","item":"https:\/\/franciscanos.org.br\/noticias"},{"@type":"ListItem","position":2,"name":"Juventudes da Prov\u00edncia retomam as Miss\u00f5es Franciscanas depois da pandemia"}]},{"@type":"Person","@id":"https:\/\/franciscanos.org.br\/noticias\/#\/schema\/person\/8c11f06a466b856a11dd48d20600055f","name":"Jo\u00e3o Vitor","image":{"@type":"ImageObject","inLanguage":"pt-BR","@id":"https:\/\/franciscanos.org.br\/noticias\/#\/schema\/person\/image\/","url":"https:\/\/secure.gravatar.com\/avatar\/10ba5c9713e0c323617b4309a19e3a46?s=96&d=mm&r=g","contentUrl":"https:\/\/secure.gravatar.com\/avatar\/10ba5c9713e0c323617b4309a19e3a46?s=96&d=mm&r=g","caption":"Jo\u00e3o Vitor"},"url":"https:\/\/franciscanos.org.br\/noticias\/author\/joaovitor"}]}},"_links":{"self":[{"href":"https:\/\/franciscanos.org.br\/noticias\/wp-json\/wp\/v2\/posts\/246119"}],"collection":[{"href":"https:\/\/franciscanos.org.br\/noticias\/wp-json\/wp\/v2\/posts"}],"about":[{"href":"https:\/\/franciscanos.org.br\/noticias\/wp-json\/wp\/v2\/types\/post"}],"author":[{"embeddable":true,"href":"https:\/\/franciscanos.org.br\/noticias\/wp-json\/wp\/v2\/users\/10"}],"replies":[{"embeddable":true,"href":"https:\/\/franciscanos.org.br\/noticias\/wp-json\/wp\/v2\/comments?post=246119"}],"version-history":[{"count":8,"href":"https:\/\/franciscanos.org.br\/noticias\/wp-json\/wp\/v2\/posts\/246119\/revisions"}],"predecessor-version":[{"id":246138,"href":"https:\/\/franciscanos.org.br\/noticias\/wp-json\/wp\/v2\/posts\/246119\/revisions\/246138"}],"wp:featuredmedia":[{"embeddable":true,"href":"https:\/\/franciscanos.org.br\/noticias\/wp-json\/wp\/v2\/media\/246137"}],"wp:attachment":[{"href":"https:\/\/franciscanos.org.br\/noticias\/wp-json\/wp\/v2\/media?parent=246119"}],"wp:term":[{"taxonomy":"category","embeddable":true,"href":"https:\/\/franciscanos.org.br\/noticias\/wp-json\/wp\/v2\/categories?post=246119"},{"taxonomy":"post_tag","embeddable":true,"href":"https:\/\/franciscanos.org.br\/noticias\/wp-json\/wp\/v2\/tags?post=246119"}],"curies":[{"name":"wp","href":"https:\/\/api.w.org\/{rel}","templated":true}]}}