{"id":246116,"date":"2024-01-17T13:59:12","date_gmt":"2024-01-17T16:59:12","guid":{"rendered":"https:\/\/franciscanos.org.br\/noticias\/?p=246116"},"modified":"2024-01-17T13:59:12","modified_gmt":"2024-01-17T16:59:12","slug":"grupo-apresenta-trabalho-sobre-a-abordagem-direta-do-inconsciente-ao-papa-francisco","status":"publish","type":"post","link":"https:\/\/franciscanos.org.br\/noticias\/grupo-apresenta-trabalho-sobre-a-abordagem-direta-do-inconsciente-ao-papa-francisco.html","title":{"rendered":"Grupo apresenta trabalho sobre a Abordagem Direta do Inconsciente ao Papa Francisco"},"content":{"rendered":"<p><img loading=\"lazy\" class=\"alignnone size-full wp-image-246117\" src=\"https:\/\/franciscanos.org.br\/noticias\/wp-content\/uploads\/2024\/01\/esperanca_01.jpg\" alt=\"\" width=\"1280\" height=\"720\" srcset=\"https:\/\/franciscanos.org.br\/noticias\/wp-content\/uploads\/2024\/01\/esperanca_01.jpg 1280w, https:\/\/franciscanos.org.br\/noticias\/wp-content\/uploads\/2024\/01\/esperanca_01-450x253.jpg 450w, https:\/\/franciscanos.org.br\/noticias\/wp-content\/uploads\/2024\/01\/esperanca_01-1024x576.jpg 1024w, https:\/\/franciscanos.org.br\/noticias\/wp-content\/uploads\/2024\/01\/esperanca_01-768x432.jpg 768w, https:\/\/franciscanos.org.br\/noticias\/wp-content\/uploads\/2024\/01\/esperanca_01-150x84.jpg 150w\" sizes=\"(max-width: 1280px) 100vw, 1280px\" \/><\/p>\n<p>Nesta segunda-feira (15\/01), dois fundadores da Fazenda da Esperan\u00e7a, Frei Hans Stapel e Nelson Giovanelli, tiveram uma audi\u00eancia com o papa Francisco nas depend\u00eancias do Vaticano, em Roma. Os fundadores foram acompanhar um grupo, com Estevam Duarte de Assis e familiares de Renate Jost de Moraes, fundadora do m\u00e9todo da ADI (Abordagem Direta do Inconsciente).<\/p>\n<p>De acordo com Frei Hans, era um desejo antigo de apresentar ao papa Francisco os frutos colhidos com este projeto. \u201cQuer\u00edamos que o Papa experimentasse esta alegria, ver de que forma uma fam\u00edlia inteira est\u00e1 buscando auxiliar nesta grande chaga da Igreja Cat\u00f3lica, que \u00e9 a quest\u00e3o do abuso\u201d, explicou o frade. \u201cQuando o Papa viu a foto com aqueles que neste momento est\u00e3o fazendo o curso, ele ficou impressionado e muito feliz, porque para ele esta \u00e9 uma grande chaga e esta experi\u00eancia pode ajudar a trazer uma luz, uma esperan\u00e7a. Isso quer\u00edamos dar ao Papa: esperan\u00e7a\u201d, celebra Frei Hans.<\/p>\n<p>A apresenta\u00e7\u00e3o do grupo foi feita por Frei Hans Stapel, que tamb\u00e9m introduziu o tema ao Santo Padre. Em seguida, os participantes relataram ao papa Francisco sobre a experi\u00eancia com o m\u00e9todo ADI na assist\u00eancia aos membros da Igreja Cat\u00f3lica em contextos espec\u00edficos, auxiliando a pessoa a assumir sua hist\u00f3ria de vida, superar limites e sofrimentos.<\/p>\n<p>Conforme relata Frei Hans, o encontro com o Papa Francisco deu ainda mais motiva\u00e7\u00e3o ao grupo para continuar este importante trabalho junto aos membros da Igreja Cat\u00f3lica, aos acolhidos da Fazenda da Esperan\u00e7a e toda a sociedade de modo geral. \u201cAinda neste ano haver\u00e1 mais investimentos na forma\u00e7\u00e3o de novos psic\u00f3logos, que utilizam este m\u00e9todo. A ADI \u00e9 uma ferramenta extraordin\u00e1ria e vamos trabalhar sempre mais juntos\u201d, celebrou o religioso.<\/p>\n<p><img loading=\"lazy\" class=\"alignnone size-full wp-image-246118\" src=\"https:\/\/franciscanos.org.br\/noticias\/wp-content\/uploads\/2024\/01\/esperanca_02.jpg\" alt=\"\" width=\"1280\" height=\"720\" srcset=\"https:\/\/franciscanos.org.br\/noticias\/wp-content\/uploads\/2024\/01\/esperanca_02.jpg 1280w, https:\/\/franciscanos.org.br\/noticias\/wp-content\/uploads\/2024\/01\/esperanca_02-450x253.jpg 450w, https:\/\/franciscanos.org.br\/noticias\/wp-content\/uploads\/2024\/01\/esperanca_02-1024x576.jpg 1024w, https:\/\/franciscanos.org.br\/noticias\/wp-content\/uploads\/2024\/01\/esperanca_02-768x432.jpg 768w, https:\/\/franciscanos.org.br\/noticias\/wp-content\/uploads\/2024\/01\/esperanca_02-150x84.jpg 150w\" sizes=\"(max-width: 1280px) 100vw, 1280px\" \/><\/p>\n<p>Na ocasi\u00e3o, o Papa Francisco recebeu um exemplar do livro \u201cBusque Deus \u2013 Encontre Deus: em voc\u00ea, mim, entre n\u00f3s\u201d, escrito pelo di\u00e1cono Martin Michael Genter.<\/p>\n<p><strong>Hist\u00f3rico<\/strong><\/p>\n<p>Desde 2002, os volunt\u00e1rios, acolhidos e diversos agentes comunit\u00e1rios fazem tratamento psicol\u00f3gico em Belo Horizonte (MG) com a equipe da Dra. Renate Jost. Em 2004, foi estabelecida uma parceria para atender os acolhidos e tamb\u00e9m os benefici\u00e1rios de outros programas da entidade. Em 2007, foi constru\u00eddo o centro de atendimento psicol\u00f3gico, em Guaratinguet\u00e1 (SP) e, em 2009, iniciou-se em Belo Horizonte a forma\u00e7\u00e3o na metodologia da ADI para cinco psic\u00f3logos volunt\u00e1rios da Fazenda da Esperan\u00e7a, visando o atendimento gratuito destes terapeutas aos acolhidos, depois de formados e autorizados pela equipe da Dra. Renate.<\/p>\n<p>Al\u00e9m do atendimento em Guaratinguet\u00e1, esta equipe se desloca para as Fazendas no Brasil, de acordo com as suas possibilidades, para atendimento dos internos e de pessoas da comunidade local.<\/p>\n<hr \/>\n<p><em>Por \u00c9rika Augusto , da Fazenda da Esperan\u00e7a<\/em><\/p>\n","protected":false},"excerpt":{"rendered":"<p>Fazenda da Esperan\u00e7a<\/p>\n","protected":false},"author":3,"featured_media":246118,"comment_status":"open","ping_status":"open","sticky":false,"template":"","format":"standard","meta":[],"categories":[1],"tags":[720],"acf":[],"yoast_head":"<!-- This site is optimized with the Yoast SEO plugin v19.2 - https:\/\/yoast.com\/wordpress\/plugins\/seo\/ -->\n<title>Grupo apresenta trabalho sobre a Abordagem Direta do Inconsciente ao Papa Francisco - Not\u00edcias - Franciscanos<\/title>\n<meta name=\"robots\" content=\"index, follow, max-snippet:-1, max-image-preview:large, max-video-preview:-1\" \/>\n<link rel=\"canonical\" href=\"https:\/\/franciscanos.org.br\/noticias\/grupo-apresenta-trabalho-sobre-a-abordagem-direta-do-inconsciente-ao-papa-francisco.html\" \/>\n<meta property=\"og:locale\" content=\"pt_BR\" \/>\n<meta property=\"og:type\" content=\"article\" \/>\n<meta property=\"og:title\" content=\"Grupo apresenta trabalho sobre a Abordagem Direta do Inconsciente ao Papa Francisco - Not\u00edcias - Franciscanos\" \/>\n<meta property=\"og:description\" content=\"Fazenda da Esperan\u00e7a\" \/>\n<meta property=\"og:url\" content=\"https:\/\/franciscanos.org.br\/noticias\/grupo-apresenta-trabalho-sobre-a-abordagem-direta-do-inconsciente-ao-papa-francisco.html\" \/>\n<meta property=\"og:site_name\" content=\"Not\u00edcias - Franciscanos\" \/>\n<meta property=\"article:published_time\" content=\"2024-01-17T16:59:12+00:00\" \/>\n<meta property=\"og:image\" content=\"https:\/\/franciscanos.org.br\/noticias\/wp-content\/uploads\/2024\/01\/esperanca_02.jpg\" \/>\n\t<meta property=\"og:image:width\" content=\"1280\" \/>\n\t<meta property=\"og:image:height\" content=\"720\" \/>\n\t<meta property=\"og:image:type\" content=\"image\/jpeg\" \/>\n<meta name=\"author\" content=\"moacir\" \/>\n<meta name=\"twitter:card\" content=\"summary_large_image\" \/>\n<meta name=\"twitter:label1\" content=\"Escrito por\" \/>\n\t<meta name=\"twitter:data1\" content=\"moacir\" \/>\n\t<meta name=\"twitter:label2\" content=\"Est. tempo de leitura\" \/>\n\t<meta name=\"twitter:data2\" content=\"2 minutos\" \/>\n<script type=\"application\/ld+json\" class=\"yoast-schema-graph\">{\"@context\":\"https:\/\/schema.org\",\"@graph\":[{\"@type\":\"WebSite\",\"@id\":\"https:\/\/franciscanos.org.br\/noticias\/#website\",\"url\":\"https:\/\/franciscanos.org.br\/noticias\/\",\"name\":\"Not\u00edcias - Franciscanos\",\"description\":\"Prov\u00edncia Franciscana da Imaculada Concei\u00e7\u00e3o do Brasil - Ordem dos Frades Menores - OFM\",\"potentialAction\":[{\"@type\":\"SearchAction\",\"target\":{\"@type\":\"EntryPoint\",\"urlTemplate\":\"https:\/\/franciscanos.org.br\/noticias\/?s={search_term_string}\"},\"query-input\":\"required name=search_term_string\"}],\"inLanguage\":\"pt-BR\"},{\"@type\":\"ImageObject\",\"inLanguage\":\"pt-BR\",\"@id\":\"https:\/\/franciscanos.org.br\/noticias\/grupo-apresenta-trabalho-sobre-a-abordagem-direta-do-inconsciente-ao-papa-francisco.html#primaryimage\",\"url\":\"https:\/\/franciscanos.org.br\/noticias\/wp-content\/uploads\/2024\/01\/esperanca_02.jpg\",\"contentUrl\":\"https:\/\/franciscanos.org.br\/noticias\/wp-content\/uploads\/2024\/01\/esperanca_02.jpg\",\"width\":1280,\"height\":720},{\"@type\":\"WebPage\",\"@id\":\"https:\/\/franciscanos.org.br\/noticias\/grupo-apresenta-trabalho-sobre-a-abordagem-direta-do-inconsciente-ao-papa-francisco.html#webpage\",\"url\":\"https:\/\/franciscanos.org.br\/noticias\/grupo-apresenta-trabalho-sobre-a-abordagem-direta-do-inconsciente-ao-papa-francisco.html\",\"name\":\"Grupo apresenta trabalho sobre a Abordagem Direta do Inconsciente ao Papa Francisco - Not\u00edcias - Franciscanos\",\"isPartOf\":{\"@id\":\"https:\/\/franciscanos.org.br\/noticias\/#website\"},\"primaryImageOfPage\":{\"@id\":\"https:\/\/franciscanos.org.br\/noticias\/grupo-apresenta-trabalho-sobre-a-abordagem-direta-do-inconsciente-ao-papa-francisco.html#primaryimage\"},\"datePublished\":\"2024-01-17T16:59:12+00:00\",\"dateModified\":\"2024-01-17T16:59:12+00:00\",\"author\":{\"@id\":\"https:\/\/franciscanos.org.br\/noticias\/#\/schema\/person\/b5c8cba458c330ccff548b056e95a5d4\"},\"breadcrumb\":{\"@id\":\"https:\/\/franciscanos.org.br\/noticias\/grupo-apresenta-trabalho-sobre-a-abordagem-direta-do-inconsciente-ao-papa-francisco.html#breadcrumb\"},\"inLanguage\":\"pt-BR\",\"potentialAction\":[{\"@type\":\"ReadAction\",\"target\":[\"https:\/\/franciscanos.org.br\/noticias\/grupo-apresenta-trabalho-sobre-a-abordagem-direta-do-inconsciente-ao-papa-francisco.html\"]}]},{\"@type\":\"BreadcrumbList\",\"@id\":\"https:\/\/franciscanos.org.br\/noticias\/grupo-apresenta-trabalho-sobre-a-abordagem-direta-do-inconsciente-ao-papa-francisco.html#breadcrumb\",\"itemListElement\":[{\"@type\":\"ListItem\",\"position\":1,\"name\":\"Home\",\"item\":\"https:\/\/franciscanos.org.br\/noticias\"},{\"@type\":\"ListItem\",\"position\":2,\"name\":\"Grupo apresenta trabalho sobre a Abordagem Direta do Inconsciente ao Papa Francisco\"}]},{\"@type\":\"Person\",\"@id\":\"https:\/\/franciscanos.org.br\/noticias\/#\/schema\/person\/b5c8cba458c330ccff548b056e95a5d4\",\"name\":\"moacir\",\"image\":{\"@type\":\"ImageObject\",\"inLanguage\":\"pt-BR\",\"@id\":\"https:\/\/franciscanos.org.br\/noticias\/#\/schema\/person\/image\/\",\"url\":\"https:\/\/secure.gravatar.com\/avatar\/d08aa2ce4c8dd416d4479aa8536fcf64?s=96&d=mm&r=g\",\"contentUrl\":\"https:\/\/secure.gravatar.com\/avatar\/d08aa2ce4c8dd416d4479aa8536fcf64?s=96&d=mm&r=g\",\"caption\":\"moacir\"},\"url\":\"https:\/\/franciscanos.org.br\/noticias\/author\/moacir\"}]}<\/script>\n<!-- \/ Yoast SEO plugin. -->","yoast_head_json":{"title":"Grupo apresenta trabalho sobre a Abordagem Direta do Inconsciente ao Papa Francisco - Not\u00edcias - Franciscanos","robots":{"index":"index","follow":"follow","max-snippet":"max-snippet:-1","max-image-preview":"max-image-preview:large","max-video-preview":"max-video-preview:-1"},"canonical":"https:\/\/franciscanos.org.br\/noticias\/grupo-apresenta-trabalho-sobre-a-abordagem-direta-do-inconsciente-ao-papa-francisco.html","og_locale":"pt_BR","og_type":"article","og_title":"Grupo apresenta trabalho sobre a Abordagem Direta do Inconsciente ao Papa Francisco - Not\u00edcias - Franciscanos","og_description":"Fazenda da Esperan\u00e7a","og_url":"https:\/\/franciscanos.org.br\/noticias\/grupo-apresenta-trabalho-sobre-a-abordagem-direta-do-inconsciente-ao-papa-francisco.html","og_site_name":"Not\u00edcias - Franciscanos","article_published_time":"2024-01-17T16:59:12+00:00","og_image":[{"width":1280,"height":720,"url":"https:\/\/franciscanos.org.br\/noticias\/wp-content\/uploads\/2024\/01\/esperanca_02.jpg","type":"image\/jpeg"}],"author":"moacir","twitter_card":"summary_large_image","twitter_misc":{"Escrito por":"moacir","Est. tempo de leitura":"2 minutos"},"schema":{"@context":"https:\/\/schema.org","@graph":[{"@type":"WebSite","@id":"https:\/\/franciscanos.org.br\/noticias\/#website","url":"https:\/\/franciscanos.org.br\/noticias\/","name":"Not\u00edcias - Franciscanos","description":"Prov\u00edncia Franciscana da Imaculada Concei\u00e7\u00e3o do Brasil - Ordem dos Frades Menores - OFM","potentialAction":[{"@type":"SearchAction","target":{"@type":"EntryPoint","urlTemplate":"https:\/\/franciscanos.org.br\/noticias\/?s={search_term_string}"},"query-input":"required name=search_term_string"}],"inLanguage":"pt-BR"},{"@type":"ImageObject","inLanguage":"pt-BR","@id":"https:\/\/franciscanos.org.br\/noticias\/grupo-apresenta-trabalho-sobre-a-abordagem-direta-do-inconsciente-ao-papa-francisco.html#primaryimage","url":"https:\/\/franciscanos.org.br\/noticias\/wp-content\/uploads\/2024\/01\/esperanca_02.jpg","contentUrl":"https:\/\/franciscanos.org.br\/noticias\/wp-content\/uploads\/2024\/01\/esperanca_02.jpg","width":1280,"height":720},{"@type":"WebPage","@id":"https:\/\/franciscanos.org.br\/noticias\/grupo-apresenta-trabalho-sobre-a-abordagem-direta-do-inconsciente-ao-papa-francisco.html#webpage","url":"https:\/\/franciscanos.org.br\/noticias\/grupo-apresenta-trabalho-sobre-a-abordagem-direta-do-inconsciente-ao-papa-francisco.html","name":"Grupo apresenta trabalho sobre a Abordagem Direta do Inconsciente ao Papa Francisco - Not\u00edcias - Franciscanos","isPartOf":{"@id":"https:\/\/franciscanos.org.br\/noticias\/#website"},"primaryImageOfPage":{"@id":"https:\/\/franciscanos.org.br\/noticias\/grupo-apresenta-trabalho-sobre-a-abordagem-direta-do-inconsciente-ao-papa-francisco.html#primaryimage"},"datePublished":"2024-01-17T16:59:12+00:00","dateModified":"2024-01-17T16:59:12+00:00","author":{"@id":"https:\/\/franciscanos.org.br\/noticias\/#\/schema\/person\/b5c8cba458c330ccff548b056e95a5d4"},"breadcrumb":{"@id":"https:\/\/franciscanos.org.br\/noticias\/grupo-apresenta-trabalho-sobre-a-abordagem-direta-do-inconsciente-ao-papa-francisco.html#breadcrumb"},"inLanguage":"pt-BR","potentialAction":[{"@type":"ReadAction","target":["https:\/\/franciscanos.org.br\/noticias\/grupo-apresenta-trabalho-sobre-a-abordagem-direta-do-inconsciente-ao-papa-francisco.html"]}]},{"@type":"BreadcrumbList","@id":"https:\/\/franciscanos.org.br\/noticias\/grupo-apresenta-trabalho-sobre-a-abordagem-direta-do-inconsciente-ao-papa-francisco.html#breadcrumb","itemListElement":[{"@type":"ListItem","position":1,"name":"Home","item":"https:\/\/franciscanos.org.br\/noticias"},{"@type":"ListItem","position":2,"name":"Grupo apresenta trabalho sobre a Abordagem Direta do Inconsciente ao Papa Francisco"}]},{"@type":"Person","@id":"https:\/\/franciscanos.org.br\/noticias\/#\/schema\/person\/b5c8cba458c330ccff548b056e95a5d4","name":"moacir","image":{"@type":"ImageObject","inLanguage":"pt-BR","@id":"https:\/\/franciscanos.org.br\/noticias\/#\/schema\/person\/image\/","url":"https:\/\/secure.gravatar.com\/avatar\/d08aa2ce4c8dd416d4479aa8536fcf64?s=96&d=mm&r=g","contentUrl":"https:\/\/secure.gravatar.com\/avatar\/d08aa2ce4c8dd416d4479aa8536fcf64?s=96&d=mm&r=g","caption":"moacir"},"url":"https:\/\/franciscanos.org.br\/noticias\/author\/moacir"}]}},"_links":{"self":[{"href":"https:\/\/franciscanos.org.br\/noticias\/wp-json\/wp\/v2\/posts\/246116"}],"collection":[{"href":"https:\/\/franciscanos.org.br\/noticias\/wp-json\/wp\/v2\/posts"}],"about":[{"href":"https:\/\/franciscanos.org.br\/noticias\/wp-json\/wp\/v2\/types\/post"}],"author":[{"embeddable":true,"href":"https:\/\/franciscanos.org.br\/noticias\/wp-json\/wp\/v2\/users\/3"}],"replies":[{"embeddable":true,"href":"https:\/\/franciscanos.org.br\/noticias\/wp-json\/wp\/v2\/comments?post=246116"}],"version-history":[{"count":1,"href":"https:\/\/franciscanos.org.br\/noticias\/wp-json\/wp\/v2\/posts\/246116\/revisions"}],"predecessor-version":[{"id":246120,"href":"https:\/\/franciscanos.org.br\/noticias\/wp-json\/wp\/v2\/posts\/246116\/revisions\/246120"}],"wp:featuredmedia":[{"embeddable":true,"href":"https:\/\/franciscanos.org.br\/noticias\/wp-json\/wp\/v2\/media\/246118"}],"wp:attachment":[{"href":"https:\/\/franciscanos.org.br\/noticias\/wp-json\/wp\/v2\/media?parent=246116"}],"wp:term":[{"taxonomy":"category","embeddable":true,"href":"https:\/\/franciscanos.org.br\/noticias\/wp-json\/wp\/v2\/categories?post=246116"},{"taxonomy":"post_tag","embeddable":true,"href":"https:\/\/franciscanos.org.br\/noticias\/wp-json\/wp\/v2\/tags?post=246116"}],"curies":[{"name":"wp","href":"https:\/\/api.w.org\/{rel}","templated":true}]}}