{"id":246113,"date":"2024-01-17T10:19:46","date_gmt":"2024-01-17T13:19:46","guid":{"rendered":"https:\/\/franciscanos.org.br\/noticias\/?p=246113"},"modified":"2024-01-17T10:19:46","modified_gmt":"2024-01-17T13:19:46","slug":"papa-francisco-o-verdadeiro-amor-nao-possui-se-doa-ao-outro","status":"publish","type":"post","link":"https:\/\/franciscanos.org.br\/noticias\/papa-francisco-o-verdadeiro-amor-nao-possui-se-doa-ao-outro.html","title":{"rendered":"Papa Francisco: o verdadeiro amor n\u00e3o possui, se doa ao outro"},"content":{"rendered":"<div id=\"attachment_246114\" style=\"width: 991px\" class=\"wp-caption alignnone\"><img aria-describedby=\"caption-attachment-246114\" loading=\"lazy\" class=\"wp-image-246114\" src=\"https:\/\/franciscanos.org.br\/noticias\/wp-content\/uploads\/2024\/01\/audiencia_1701.jpeg\" alt=\"\" width=\"981\" height=\"552\" srcset=\"https:\/\/franciscanos.org.br\/noticias\/wp-content\/uploads\/2024\/01\/audiencia_1701.jpeg 750w, https:\/\/franciscanos.org.br\/noticias\/wp-content\/uploads\/2024\/01\/audiencia_1701-450x253.jpeg 450w, https:\/\/franciscanos.org.br\/noticias\/wp-content\/uploads\/2024\/01\/audiencia_1701-150x84.jpeg 150w\" sizes=\"(max-width: 981px) 100vw, 981px\" \/><p id=\"caption-attachment-246114\" class=\"wp-caption-text\"><em>Foto: Vatican Media<\/em><\/p><\/div>\n<p>Na manh\u00e3 desta quarta-feira, 17 de janeiro, Francisco deu continuidade ao itiner\u00e1rio de catequeses sobre os v\u00edcios e as virtudes. O tema da reflex\u00e3o durante a Audi\u00eancia Geral na Sala Paulo VI foi dedicado ao v\u00edcio da lux\u00faria, do qual &#8220;os antigos Padres ensinam que, depois da gula, \u00e9 o segundo &#8216;dem\u00f4nio&#8217; que est\u00e1 sempre \u00e0 porta do cora\u00e7\u00e3o&#8221;.<\/p>\n<p>\u201cEnquanto a gula \u00e9 a voracidade por comida\u201d, destacou o Papa, \u201cesse segundo v\u00edcio \u00e9 uma esp\u00e9cie de \u2018voracidade\u2019 por outra pessoa, ou seja, o v\u00ednculo envenenado que os seres humanos mant\u00eam entre si, principalmente no \u00e2mbito da sexualidade\u201d.<\/p>\n<p><strong>O Cristianismo n\u00e3o condena o instinto sexual<\/strong><br \/>\nO Pont\u00edfice ent\u00e3o enfatizou que \u201cno Cristianismo n\u00e3o h\u00e1 condena\u00e7\u00e3o do instinto sexual\u201d. E recordou aos fi\u00e9is que \u201cum livro da B\u00edblia, o C\u00e2ntico dos C\u00e2nticos, \u00e9 um maravilhoso poema de amor entre dois noivos, contudo, esta bela dimens\u00e3o da nossa humanidade n\u00e3o est\u00e1 isenta de perigos\u201d.<\/p>\n<p>Como exemplo, Francisco apresentou a exorta\u00e7\u00e3o de S\u00e3o Paulo presente na primeira Carta aos Cor\u00edntios: \u201cOuve-se dizer constantemente que se comete, em vosso meio, a lux\u00faria, e uma lux\u00faria t\u00e3o grave que n\u00e3o se costuma encontrar nem mesmo entre os pag\u00e3os\u201d (5,1), e completou: \u201ca repreens\u00e3o do Ap\u00f3stolo diz respeito precisamente a uma gest\u00e3o pouco saud\u00e1vel da sexualidade por parte de alguns crist\u00e3os\u201d.<\/p>\n<p><strong>Apaixonar-se, uma realidade surpreendente<\/strong><br \/>\nAo voltar seu olhar para a experi\u00eancia humana do apaixonar-se, o Papa afirmou que esta \u00e9 uma das realidades mais surpreendentes da exist\u00eancia: \u201ca maioria das can\u00e7\u00f5es que ouvimos no r\u00e1dio \u00e9 sobre isso: amores que se iluminam, amores sempre buscados e nunca alcan\u00e7ados, amores cheios de alegria ou que atormentam at\u00e9 as l\u00e1grimas\u201d.<\/p>\n<p>\u201cSe n\u00e3o estiver polu\u00eddo pelo v\u00edcio, o apaixonar-se \u00e9 um dos sentimentos mais puros. Uma pessoa apaixonada torna-se generosa, gosta de dar presentes, escreve cartas e poemas. Deixa de pensar em si mesmo para se projetar completamente nos outros. E se perguntais a um apaixonado por qual motivo ama, n\u00e3o encontrar\u00e1 uma resposta: em muitos aspetos o seu amor \u00e9 incondicional, sem qualquer motivo\u201d.<\/p>\n<p>Segundo Francisco, esse amor, t\u00e3o poderoso, \u00e9 tamb\u00e9m um pouco ing\u00eanuo: \u201co apaixonado n\u00e3o conhece bem o rosto do outro, tende a idealiz\u00e1-lo, est\u00e1 pronto a fazer promessas cujo peso n\u00e3o compreende imediatamente\u201d. Este \u201cjardim\u201d onde se multiplicam as maravilhas n\u00e3o est\u00e1, por\u00e9m, a salvo do mal, sublinhou o Papa, mas tantas vezes \u00e9 desfigurado pelo dem\u00f4nio da lux\u00faria.<\/p>\n<p>O Pont\u00edfice notou que este v\u00edcio \u00e9 particularmente odioso por dois motivos: \u201cEm primeiro lugar porque devasta as rela\u00e7\u00f5es entre as pessoas. Infelizmente, as not\u00edcias do dia a dia s\u00e3o suficientes para documentar tal realidade. Quantos relacionamentos que come\u00e7aram da melhor maneira se transformaram em relacionamentos t\u00f3xicos, de posse do outro, desprovidos de respeito e de senso de limites? S\u00e3o amores em que faltou a castidade: virtude que n\u00e3o deve ser confundida com a abstin\u00eancia sexual, mas sim com a vontade de nunca possuir o outro.\u201d<\/p>\n<p>\u201cAmar \u00e9 respeitar o outro, buscar a sua felicidade, cultivar a empatia pelos seus sentimentos, colocar-se no conhecimento de um corpo, de uma psicologia e de uma alma que n\u00e3o s\u00e3o os nossos, e que devem ser contemplados pela beleza de que s\u00e3o portadores. Amar \u00e9 belo!\u201d<\/p>\n<p>A lux\u00faria, por outro lado, sublinhou o Papa, \u201czomba de tudo isso: ataca, rouba, consome \u00e0s pressas, n\u00e3o quer ouvir o outro, mas apenas a sua pr\u00f3pria necessidade e prazer; a lux\u00faria considera enfadonho todo namoro, n\u00e3o busca aquela s\u00edntese entre raz\u00e3o, impulso e sentimento que nos ajudaria a conduzir nossa exist\u00eancia com sabedoria. O luxurioso s\u00f3 busca atalhos: n\u00e3o entende que o caminho do amor deve ser percorrido devagar, e essa paci\u00eancia, longe de ser sin\u00f4nimo de t\u00e9dio, nos permite tornar felizes as nossas rela\u00e7\u00f5es amorosas\u201d.<\/p>\n<p><strong>Amar \u00e9 o oposto de possuir<\/strong><br \/>\nAo recordar que \u201centre todos os prazeres do homem, a sexualidade tem uma voz poderosa\u201d, o Papa evidenciou a segunda raz\u00e3o pela qual a qual a lux\u00faria \u00e9 um v\u00edcio perigoso:<\/p>\n<p>\u201cA sexualidade envolve todos os sentidos; reside tanto no corpo quanto na psique; se n\u00e3o for disciplinada com paci\u00eancia, se n\u00e3o se inscrever em uma rela\u00e7\u00e3o e em uma hist\u00f3ria onde dois indiv\u00edduos a transformam em uma dan\u00e7a amorosa, ela transforma-se em uma corrente que priva o homem de liberdade. O prazer sexual \u00e9 prejudicado pela pornografia: satisfa\u00e7\u00e3o sem relacionamento que pode gerar formas de depend\u00eancia. Devemos defender o amor, a pureza de doar-se um ao outro, essa \u00e9 a beleza de uma rela\u00e7\u00e3o sexual.\u201d<\/p>\n<p>\u201cVencer a batalha contra a lux\u00faria, contra a \u201ccoisifica\u00e7\u00e3o\u201d do outro, pode ser uma tarefa para toda a vida.\u201d<\/p>\n<p>Por fim, destacou o Papa, o pr\u00eamio desta batalha \u00e9 o mais importante de todos, porque consiste em preservar aquela beleza que Deus escreveu na sua cria\u00e7\u00e3o quando imaginou o amor entre o homem e a mulher: \u201cConstruir juntos uma hist\u00f3ria \u00e9 melhor do que correr atr\u00e1s de aventuras, cultivar ternura \u00e9 melhor do que se curvar ao dem\u00f4nio da posse, o verdadeiro amor n\u00e3o possui, se doa, servir \u00e9 melhor do que conquistar. Porque se n\u00e3o h\u00e1 amor, a vida \u00e9 uma triste solid\u00e3o\u201d.<\/p>\n<hr \/>\n<p><em>Fonte: Vatican News (texto de Thulio Fonseca)<\/em><\/p>\n","protected":false},"excerpt":{"rendered":"<p>Audi\u00eancia Geral<\/p>\n","protected":false},"author":3,"featured_media":246114,"comment_status":"open","ping_status":"open","sticky":false,"template":"","format":"standard","meta":[],"categories":[1428],"tags":[487],"acf":[],"yoast_head":"<!-- This site is optimized with the Yoast SEO plugin v19.2 - https:\/\/yoast.com\/wordpress\/plugins\/seo\/ -->\n<title>Papa Francisco: o verdadeiro amor n\u00e3o possui, se doa ao outro - Not\u00edcias - Franciscanos<\/title>\n<meta name=\"robots\" content=\"index, follow, max-snippet:-1, max-image-preview:large, max-video-preview:-1\" \/>\n<link rel=\"canonical\" href=\"https:\/\/franciscanos.org.br\/noticias\/papa-francisco-o-verdadeiro-amor-nao-possui-se-doa-ao-outro.html\" \/>\n<meta property=\"og:locale\" content=\"pt_BR\" \/>\n<meta property=\"og:type\" content=\"article\" \/>\n<meta property=\"og:title\" content=\"Papa Francisco: o verdadeiro amor n\u00e3o possui, se doa ao outro - Not\u00edcias - Franciscanos\" \/>\n<meta property=\"og:description\" content=\"Audi\u00eancia Geral\" \/>\n<meta property=\"og:url\" content=\"https:\/\/franciscanos.org.br\/noticias\/papa-francisco-o-verdadeiro-amor-nao-possui-se-doa-ao-outro.html\" \/>\n<meta property=\"og:site_name\" content=\"Not\u00edcias - Franciscanos\" \/>\n<meta property=\"article:published_time\" content=\"2024-01-17T13:19:46+00:00\" \/>\n<meta property=\"og:image\" content=\"https:\/\/franciscanos.org.br\/noticias\/wp-content\/uploads\/2024\/01\/audiencia_1701.jpeg\" \/>\n\t<meta property=\"og:image:width\" content=\"750\" \/>\n\t<meta property=\"og:image:height\" content=\"422\" \/>\n\t<meta property=\"og:image:type\" content=\"image\/jpeg\" \/>\n<meta name=\"author\" content=\"moacir\" \/>\n<meta name=\"twitter:card\" content=\"summary_large_image\" \/>\n<meta name=\"twitter:label1\" content=\"Escrito por\" \/>\n\t<meta name=\"twitter:data1\" content=\"moacir\" \/>\n\t<meta name=\"twitter:label2\" content=\"Est. tempo de leitura\" \/>\n\t<meta name=\"twitter:data2\" content=\"5 minutos\" \/>\n<script type=\"application\/ld+json\" class=\"yoast-schema-graph\">{\"@context\":\"https:\/\/schema.org\",\"@graph\":[{\"@type\":\"WebSite\",\"@id\":\"https:\/\/franciscanos.org.br\/noticias\/#website\",\"url\":\"https:\/\/franciscanos.org.br\/noticias\/\",\"name\":\"Not\u00edcias - Franciscanos\",\"description\":\"Prov\u00edncia Franciscana da Imaculada Concei\u00e7\u00e3o do Brasil - Ordem dos Frades Menores - OFM\",\"potentialAction\":[{\"@type\":\"SearchAction\",\"target\":{\"@type\":\"EntryPoint\",\"urlTemplate\":\"https:\/\/franciscanos.org.br\/noticias\/?s={search_term_string}\"},\"query-input\":\"required name=search_term_string\"}],\"inLanguage\":\"pt-BR\"},{\"@type\":\"ImageObject\",\"inLanguage\":\"pt-BR\",\"@id\":\"https:\/\/franciscanos.org.br\/noticias\/papa-francisco-o-verdadeiro-amor-nao-possui-se-doa-ao-outro.html#primaryimage\",\"url\":\"https:\/\/franciscanos.org.br\/noticias\/wp-content\/uploads\/2024\/01\/audiencia_1701.jpeg\",\"contentUrl\":\"https:\/\/franciscanos.org.br\/noticias\/wp-content\/uploads\/2024\/01\/audiencia_1701.jpeg\",\"width\":750,\"height\":422},{\"@type\":\"WebPage\",\"@id\":\"https:\/\/franciscanos.org.br\/noticias\/papa-francisco-o-verdadeiro-amor-nao-possui-se-doa-ao-outro.html#webpage\",\"url\":\"https:\/\/franciscanos.org.br\/noticias\/papa-francisco-o-verdadeiro-amor-nao-possui-se-doa-ao-outro.html\",\"name\":\"Papa Francisco: o verdadeiro amor n\u00e3o possui, se doa ao outro - Not\u00edcias - Franciscanos\",\"isPartOf\":{\"@id\":\"https:\/\/franciscanos.org.br\/noticias\/#website\"},\"primaryImageOfPage\":{\"@id\":\"https:\/\/franciscanos.org.br\/noticias\/papa-francisco-o-verdadeiro-amor-nao-possui-se-doa-ao-outro.html#primaryimage\"},\"datePublished\":\"2024-01-17T13:19:46+00:00\",\"dateModified\":\"2024-01-17T13:19:46+00:00\",\"author\":{\"@id\":\"https:\/\/franciscanos.org.br\/noticias\/#\/schema\/person\/b5c8cba458c330ccff548b056e95a5d4\"},\"breadcrumb\":{\"@id\":\"https:\/\/franciscanos.org.br\/noticias\/papa-francisco-o-verdadeiro-amor-nao-possui-se-doa-ao-outro.html#breadcrumb\"},\"inLanguage\":\"pt-BR\",\"potentialAction\":[{\"@type\":\"ReadAction\",\"target\":[\"https:\/\/franciscanos.org.br\/noticias\/papa-francisco-o-verdadeiro-amor-nao-possui-se-doa-ao-outro.html\"]}]},{\"@type\":\"BreadcrumbList\",\"@id\":\"https:\/\/franciscanos.org.br\/noticias\/papa-francisco-o-verdadeiro-amor-nao-possui-se-doa-ao-outro.html#breadcrumb\",\"itemListElement\":[{\"@type\":\"ListItem\",\"position\":1,\"name\":\"Home\",\"item\":\"https:\/\/franciscanos.org.br\/noticias\"},{\"@type\":\"ListItem\",\"position\":2,\"name\":\"Papa Francisco: o verdadeiro amor n\u00e3o possui, se doa ao outro\"}]},{\"@type\":\"Person\",\"@id\":\"https:\/\/franciscanos.org.br\/noticias\/#\/schema\/person\/b5c8cba458c330ccff548b056e95a5d4\",\"name\":\"moacir\",\"image\":{\"@type\":\"ImageObject\",\"inLanguage\":\"pt-BR\",\"@id\":\"https:\/\/franciscanos.org.br\/noticias\/#\/schema\/person\/image\/\",\"url\":\"https:\/\/secure.gravatar.com\/avatar\/d08aa2ce4c8dd416d4479aa8536fcf64?s=96&d=mm&r=g\",\"contentUrl\":\"https:\/\/secure.gravatar.com\/avatar\/d08aa2ce4c8dd416d4479aa8536fcf64?s=96&d=mm&r=g\",\"caption\":\"moacir\"},\"url\":\"https:\/\/franciscanos.org.br\/noticias\/author\/moacir\"}]}<\/script>\n<!-- \/ Yoast SEO plugin. -->","yoast_head_json":{"title":"Papa Francisco: o verdadeiro amor n\u00e3o possui, se doa ao outro - Not\u00edcias - Franciscanos","robots":{"index":"index","follow":"follow","max-snippet":"max-snippet:-1","max-image-preview":"max-image-preview:large","max-video-preview":"max-video-preview:-1"},"canonical":"https:\/\/franciscanos.org.br\/noticias\/papa-francisco-o-verdadeiro-amor-nao-possui-se-doa-ao-outro.html","og_locale":"pt_BR","og_type":"article","og_title":"Papa Francisco: o verdadeiro amor n\u00e3o possui, se doa ao outro - Not\u00edcias - Franciscanos","og_description":"Audi\u00eancia Geral","og_url":"https:\/\/franciscanos.org.br\/noticias\/papa-francisco-o-verdadeiro-amor-nao-possui-se-doa-ao-outro.html","og_site_name":"Not\u00edcias - Franciscanos","article_published_time":"2024-01-17T13:19:46+00:00","og_image":[{"width":750,"height":422,"url":"https:\/\/franciscanos.org.br\/noticias\/wp-content\/uploads\/2024\/01\/audiencia_1701.jpeg","type":"image\/jpeg"}],"author":"moacir","twitter_card":"summary_large_image","twitter_misc":{"Escrito por":"moacir","Est. tempo de leitura":"5 minutos"},"schema":{"@context":"https:\/\/schema.org","@graph":[{"@type":"WebSite","@id":"https:\/\/franciscanos.org.br\/noticias\/#website","url":"https:\/\/franciscanos.org.br\/noticias\/","name":"Not\u00edcias - Franciscanos","description":"Prov\u00edncia Franciscana da Imaculada Concei\u00e7\u00e3o do Brasil - Ordem dos Frades Menores - OFM","potentialAction":[{"@type":"SearchAction","target":{"@type":"EntryPoint","urlTemplate":"https:\/\/franciscanos.org.br\/noticias\/?s={search_term_string}"},"query-input":"required name=search_term_string"}],"inLanguage":"pt-BR"},{"@type":"ImageObject","inLanguage":"pt-BR","@id":"https:\/\/franciscanos.org.br\/noticias\/papa-francisco-o-verdadeiro-amor-nao-possui-se-doa-ao-outro.html#primaryimage","url":"https:\/\/franciscanos.org.br\/noticias\/wp-content\/uploads\/2024\/01\/audiencia_1701.jpeg","contentUrl":"https:\/\/franciscanos.org.br\/noticias\/wp-content\/uploads\/2024\/01\/audiencia_1701.jpeg","width":750,"height":422},{"@type":"WebPage","@id":"https:\/\/franciscanos.org.br\/noticias\/papa-francisco-o-verdadeiro-amor-nao-possui-se-doa-ao-outro.html#webpage","url":"https:\/\/franciscanos.org.br\/noticias\/papa-francisco-o-verdadeiro-amor-nao-possui-se-doa-ao-outro.html","name":"Papa Francisco: o verdadeiro amor n\u00e3o possui, se doa ao outro - Not\u00edcias - Franciscanos","isPartOf":{"@id":"https:\/\/franciscanos.org.br\/noticias\/#website"},"primaryImageOfPage":{"@id":"https:\/\/franciscanos.org.br\/noticias\/papa-francisco-o-verdadeiro-amor-nao-possui-se-doa-ao-outro.html#primaryimage"},"datePublished":"2024-01-17T13:19:46+00:00","dateModified":"2024-01-17T13:19:46+00:00","author":{"@id":"https:\/\/franciscanos.org.br\/noticias\/#\/schema\/person\/b5c8cba458c330ccff548b056e95a5d4"},"breadcrumb":{"@id":"https:\/\/franciscanos.org.br\/noticias\/papa-francisco-o-verdadeiro-amor-nao-possui-se-doa-ao-outro.html#breadcrumb"},"inLanguage":"pt-BR","potentialAction":[{"@type":"ReadAction","target":["https:\/\/franciscanos.org.br\/noticias\/papa-francisco-o-verdadeiro-amor-nao-possui-se-doa-ao-outro.html"]}]},{"@type":"BreadcrumbList","@id":"https:\/\/franciscanos.org.br\/noticias\/papa-francisco-o-verdadeiro-amor-nao-possui-se-doa-ao-outro.html#breadcrumb","itemListElement":[{"@type":"ListItem","position":1,"name":"Home","item":"https:\/\/franciscanos.org.br\/noticias"},{"@type":"ListItem","position":2,"name":"Papa Francisco: o verdadeiro amor n\u00e3o possui, se doa ao outro"}]},{"@type":"Person","@id":"https:\/\/franciscanos.org.br\/noticias\/#\/schema\/person\/b5c8cba458c330ccff548b056e95a5d4","name":"moacir","image":{"@type":"ImageObject","inLanguage":"pt-BR","@id":"https:\/\/franciscanos.org.br\/noticias\/#\/schema\/person\/image\/","url":"https:\/\/secure.gravatar.com\/avatar\/d08aa2ce4c8dd416d4479aa8536fcf64?s=96&d=mm&r=g","contentUrl":"https:\/\/secure.gravatar.com\/avatar\/d08aa2ce4c8dd416d4479aa8536fcf64?s=96&d=mm&r=g","caption":"moacir"},"url":"https:\/\/franciscanos.org.br\/noticias\/author\/moacir"}]}},"_links":{"self":[{"href":"https:\/\/franciscanos.org.br\/noticias\/wp-json\/wp\/v2\/posts\/246113"}],"collection":[{"href":"https:\/\/franciscanos.org.br\/noticias\/wp-json\/wp\/v2\/posts"}],"about":[{"href":"https:\/\/franciscanos.org.br\/noticias\/wp-json\/wp\/v2\/types\/post"}],"author":[{"embeddable":true,"href":"https:\/\/franciscanos.org.br\/noticias\/wp-json\/wp\/v2\/users\/3"}],"replies":[{"embeddable":true,"href":"https:\/\/franciscanos.org.br\/noticias\/wp-json\/wp\/v2\/comments?post=246113"}],"version-history":[{"count":1,"href":"https:\/\/franciscanos.org.br\/noticias\/wp-json\/wp\/v2\/posts\/246113\/revisions"}],"predecessor-version":[{"id":246115,"href":"https:\/\/franciscanos.org.br\/noticias\/wp-json\/wp\/v2\/posts\/246113\/revisions\/246115"}],"wp:featuredmedia":[{"embeddable":true,"href":"https:\/\/franciscanos.org.br\/noticias\/wp-json\/wp\/v2\/media\/246114"}],"wp:attachment":[{"href":"https:\/\/franciscanos.org.br\/noticias\/wp-json\/wp\/v2\/media?parent=246113"}],"wp:term":[{"taxonomy":"category","embeddable":true,"href":"https:\/\/franciscanos.org.br\/noticias\/wp-json\/wp\/v2\/categories?post=246113"},{"taxonomy":"post_tag","embeddable":true,"href":"https:\/\/franciscanos.org.br\/noticias\/wp-json\/wp\/v2\/tags?post=246113"}],"curies":[{"name":"wp","href":"https:\/\/api.w.org\/{rel}","templated":true}]}}