{"id":246098,"date":"2024-01-15T10:37:33","date_gmt":"2024-01-15T13:37:33","guid":{"rendered":"https:\/\/franciscanos.org.br\/noticias\/?p=246098"},"modified":"2024-01-15T10:37:33","modified_gmt":"2024-01-15T13:37:33","slug":"tudo-comeca-pela-partilha-do-pao","status":"publish","type":"post","link":"https:\/\/franciscanos.org.br\/noticias\/tudo-comeca-pela-partilha-do-pao.html","title":{"rendered":"Tudo come\u00e7a pela partilha do p\u00e3o"},"content":{"rendered":"<p><img loading=\"lazy\" class=\"alignnone size-full wp-image-246099\" src=\"https:\/\/franciscanos.org.br\/noticias\/wp-content\/uploads\/2024\/01\/Padaria-escola-01-1280.jpg\" alt=\"\" width=\"1280\" height=\"1106\" srcset=\"https:\/\/franciscanos.org.br\/noticias\/wp-content\/uploads\/2024\/01\/Padaria-escola-01-1280.jpg 1250w, https:\/\/franciscanos.org.br\/noticias\/wp-content\/uploads\/2024\/01\/Padaria-escola-01-1280-450x389.jpg 450w, https:\/\/franciscanos.org.br\/noticias\/wp-content\/uploads\/2024\/01\/Padaria-escola-01-1280-1024x885.jpg 1024w, https:\/\/franciscanos.org.br\/noticias\/wp-content\/uploads\/2024\/01\/Padaria-escola-01-1280-768x664.jpg 768w, https:\/\/franciscanos.org.br\/noticias\/wp-content\/uploads\/2024\/01\/Padaria-escola-01-1280-150x130.jpg 150w\" sizes=\"(max-width: 1280px) 100vw, 1280px\" \/><\/p>\n<p>Nesta segunda-feira, 15 de janeiro, a Obra Social do Santu\u00e1rio abre sua Padaria Escola para a confec\u00e7\u00e3o de p\u00e3es. Frei Diego relata um pouco desse momento t\u00e3o importante para a vida do Santu\u00e1rio de Frei Galv\u00e3o, um Santu\u00e1rio Solid\u00e1rio.<\/p>\n<div>\n<p>Tudo come\u00e7a pela partilha do p\u00e3o&#8221;,\u00a0assim diz Frei Diego, reitor do Santu\u00e1rio Frei Galv\u00e3o.<\/p>\n<p>Frei Diego partilha conosco o in\u00edcio deste Projeto Social, ligado ao Santu\u00e1rio\u00a0 Fei Galv\u00e3o. &#8220;Hoje mais um sonho se realiza, pois iniciamos oficialmente a padaria do nosso Projeto Social.<\/p>\n<p>Tudo ainda simples e pequeno, mas com a certeza de que o fermento do Evangelho tornar\u00e1 essa obra uma grande express\u00e3o de Solidariedade e amor ao pr\u00f3ximo&#8221;, descreve com muita empolga\u00e7\u00e3o, Frei Diego.<\/p>\n<p>Continua: &#8220;Nossos primeiros p\u00e3es ser\u00e3o doados para as crian\u00e7as carentes da nossa comunidade que estar\u00e3o participando de um outro projeto social promovido durante esse tempo de f\u00e9rias. A receita ser\u00e1 do p\u00e3o de Frei Galv\u00e3o. Quase tudo aqui tem gosto e sabor de amor, partilha e solidariedade, o que torna tudo muito mais saboroso&#8221;.<\/p>\n<p>\u00c9 o nosso Santu\u00e1rio Solid\u00e1rio colocando em pr\u00e1tica o pedido de Jesus de estar sempre mais pr\u00f3ximo aos necessitados!<\/p>\n<p>Conclui Frei Diego: &#8220;Assim, com um misto de alegria, frio na barriga pelos desafios que vir\u00e3o e certeza de que Deus ir\u00e1 frutificar esse trabalho \u00e9 que assumimos essa miss\u00e3o&#8221;.<\/p>\n<p>E para quem quiser fazer parte dessa obra, pode nos ajudar com doa\u00e7\u00f5es atrav\u00e9s do pix 53.329.421\/0029-28 (CNPJ &#8211; Arquidiocese de Aparecida &#8211; Santu\u00e1rio Frei Galv\u00e3o).<\/p>\n<\/div>\n<div><\/div>\n<div><img loading=\"lazy\" class=\"alignnone size-full wp-image-246100\" src=\"https:\/\/franciscanos.org.br\/noticias\/wp-content\/uploads\/2024\/01\/Padaria-escola-02-1280.jpg\" alt=\"\" width=\"1280\" height=\"591\" srcset=\"https:\/\/franciscanos.org.br\/noticias\/wp-content\/uploads\/2024\/01\/Padaria-escola-02-1280.jpg 1280w, https:\/\/franciscanos.org.br\/noticias\/wp-content\/uploads\/2024\/01\/Padaria-escola-02-1280-450x208.jpg 450w, https:\/\/franciscanos.org.br\/noticias\/wp-content\/uploads\/2024\/01\/Padaria-escola-02-1280-1024x473.jpg 1024w, https:\/\/franciscanos.org.br\/noticias\/wp-content\/uploads\/2024\/01\/Padaria-escola-02-1280-768x355.jpg 768w, https:\/\/franciscanos.org.br\/noticias\/wp-content\/uploads\/2024\/01\/Padaria-escola-02-1280-150x69.jpg 150w\" sizes=\"(max-width: 1280px) 100vw, 1280px\" \/><\/div>\n","protected":false},"excerpt":{"rendered":"<p>Santu\u00e1rio Frei Galv\u00e3o<\/p>\n","protected":false},"author":7,"featured_media":246101,"comment_status":"open","ping_status":"open","sticky":false,"template":"","format":"standard","meta":[],"categories":[1],"tags":[1821],"acf":[],"yoast_head":"<!-- This site is optimized with the Yoast SEO plugin v19.2 - https:\/\/yoast.com\/wordpress\/plugins\/seo\/ -->\n<title>Tudo come\u00e7a pela partilha do p\u00e3o - Not\u00edcias - Franciscanos<\/title>\n<meta name=\"robots\" content=\"index, follow, max-snippet:-1, max-image-preview:large, max-video-preview:-1\" \/>\n<link rel=\"canonical\" href=\"https:\/\/franciscanos.org.br\/noticias\/tudo-comeca-pela-partilha-do-pao.html\" \/>\n<meta property=\"og:locale\" content=\"pt_BR\" \/>\n<meta property=\"og:type\" content=\"article\" \/>\n<meta property=\"og:title\" content=\"Tudo come\u00e7a pela partilha do p\u00e3o - Not\u00edcias - Franciscanos\" \/>\n<meta property=\"og:description\" content=\"Santu\u00e1rio Frei Galv\u00e3o\" \/>\n<meta property=\"og:url\" content=\"https:\/\/franciscanos.org.br\/noticias\/tudo-comeca-pela-partilha-do-pao.html\" \/>\n<meta property=\"og:site_name\" content=\"Not\u00edcias - Franciscanos\" \/>\n<meta property=\"article:published_time\" content=\"2024-01-15T13:37:33+00:00\" \/>\n<meta property=\"og:image\" content=\"https:\/\/franciscanos.org.br\/noticias\/wp-content\/uploads\/2024\/01\/Padaria-escola-01-800.jpg\" \/>\n\t<meta property=\"og:image:width\" content=\"800\" \/>\n\t<meta property=\"og:image:height\" content=\"550\" \/>\n\t<meta property=\"og:image:type\" content=\"image\/jpeg\" \/>\n<meta name=\"author\" content=\"jovenal\" \/>\n<meta name=\"twitter:card\" content=\"summary_large_image\" \/>\n<meta name=\"twitter:label1\" content=\"Escrito por\" \/>\n\t<meta name=\"twitter:data1\" content=\"jovenal\" \/>\n\t<meta name=\"twitter:label2\" content=\"Est. tempo de leitura\" \/>\n\t<meta name=\"twitter:data2\" content=\"1 minuto\" \/>\n<script type=\"application\/ld+json\" class=\"yoast-schema-graph\">{\"@context\":\"https:\/\/schema.org\",\"@graph\":[{\"@type\":\"WebSite\",\"@id\":\"https:\/\/franciscanos.org.br\/noticias\/#website\",\"url\":\"https:\/\/franciscanos.org.br\/noticias\/\",\"name\":\"Not\u00edcias - Franciscanos\",\"description\":\"Prov\u00edncia Franciscana da Imaculada Concei\u00e7\u00e3o do Brasil - Ordem dos Frades Menores - OFM\",\"potentialAction\":[{\"@type\":\"SearchAction\",\"target\":{\"@type\":\"EntryPoint\",\"urlTemplate\":\"https:\/\/franciscanos.org.br\/noticias\/?s={search_term_string}\"},\"query-input\":\"required name=search_term_string\"}],\"inLanguage\":\"pt-BR\"},{\"@type\":\"ImageObject\",\"inLanguage\":\"pt-BR\",\"@id\":\"https:\/\/franciscanos.org.br\/noticias\/tudo-comeca-pela-partilha-do-pao.html#primaryimage\",\"url\":\"https:\/\/franciscanos.org.br\/noticias\/wp-content\/uploads\/2024\/01\/Padaria-escola-01-800.jpg\",\"contentUrl\":\"https:\/\/franciscanos.org.br\/noticias\/wp-content\/uploads\/2024\/01\/Padaria-escola-01-800.jpg\",\"width\":800,\"height\":550},{\"@type\":\"WebPage\",\"@id\":\"https:\/\/franciscanos.org.br\/noticias\/tudo-comeca-pela-partilha-do-pao.html#webpage\",\"url\":\"https:\/\/franciscanos.org.br\/noticias\/tudo-comeca-pela-partilha-do-pao.html\",\"name\":\"Tudo come\u00e7a pela partilha do p\u00e3o - Not\u00edcias - Franciscanos\",\"isPartOf\":{\"@id\":\"https:\/\/franciscanos.org.br\/noticias\/#website\"},\"primaryImageOfPage\":{\"@id\":\"https:\/\/franciscanos.org.br\/noticias\/tudo-comeca-pela-partilha-do-pao.html#primaryimage\"},\"datePublished\":\"2024-01-15T13:37:33+00:00\",\"dateModified\":\"2024-01-15T13:37:33+00:00\",\"author\":{\"@id\":\"https:\/\/franciscanos.org.br\/noticias\/#\/schema\/person\/c3a26b08313dd1772495ce300ab257cc\"},\"breadcrumb\":{\"@id\":\"https:\/\/franciscanos.org.br\/noticias\/tudo-comeca-pela-partilha-do-pao.html#breadcrumb\"},\"inLanguage\":\"pt-BR\",\"potentialAction\":[{\"@type\":\"ReadAction\",\"target\":[\"https:\/\/franciscanos.org.br\/noticias\/tudo-comeca-pela-partilha-do-pao.html\"]}]},{\"@type\":\"BreadcrumbList\",\"@id\":\"https:\/\/franciscanos.org.br\/noticias\/tudo-comeca-pela-partilha-do-pao.html#breadcrumb\",\"itemListElement\":[{\"@type\":\"ListItem\",\"position\":1,\"name\":\"Home\",\"item\":\"https:\/\/franciscanos.org.br\/noticias\"},{\"@type\":\"ListItem\",\"position\":2,\"name\":\"Tudo come\u00e7a pela partilha do p\u00e3o\"}]},{\"@type\":\"Person\",\"@id\":\"https:\/\/franciscanos.org.br\/noticias\/#\/schema\/person\/c3a26b08313dd1772495ce300ab257cc\",\"name\":\"jovenal\",\"image\":{\"@type\":\"ImageObject\",\"inLanguage\":\"pt-BR\",\"@id\":\"https:\/\/franciscanos.org.br\/noticias\/#\/schema\/person\/image\/\",\"url\":\"https:\/\/secure.gravatar.com\/avatar\/e94509f531086e2eaf97e72f29ea00f9?s=96&d=mm&r=g\",\"contentUrl\":\"https:\/\/secure.gravatar.com\/avatar\/e94509f531086e2eaf97e72f29ea00f9?s=96&d=mm&r=g\",\"caption\":\"jovenal\"},\"url\":\"https:\/\/franciscanos.org.br\/noticias\/author\/jovenal\"}]}<\/script>\n<!-- \/ Yoast SEO plugin. -->","yoast_head_json":{"title":"Tudo come\u00e7a pela partilha do p\u00e3o - Not\u00edcias - Franciscanos","robots":{"index":"index","follow":"follow","max-snippet":"max-snippet:-1","max-image-preview":"max-image-preview:large","max-video-preview":"max-video-preview:-1"},"canonical":"https:\/\/franciscanos.org.br\/noticias\/tudo-comeca-pela-partilha-do-pao.html","og_locale":"pt_BR","og_type":"article","og_title":"Tudo come\u00e7a pela partilha do p\u00e3o - Not\u00edcias - Franciscanos","og_description":"Santu\u00e1rio Frei Galv\u00e3o","og_url":"https:\/\/franciscanos.org.br\/noticias\/tudo-comeca-pela-partilha-do-pao.html","og_site_name":"Not\u00edcias - Franciscanos","article_published_time":"2024-01-15T13:37:33+00:00","og_image":[{"width":800,"height":550,"url":"https:\/\/franciscanos.org.br\/noticias\/wp-content\/uploads\/2024\/01\/Padaria-escola-01-800.jpg","type":"image\/jpeg"}],"author":"jovenal","twitter_card":"summary_large_image","twitter_misc":{"Escrito por":"jovenal","Est. tempo de leitura":"1 minuto"},"schema":{"@context":"https:\/\/schema.org","@graph":[{"@type":"WebSite","@id":"https:\/\/franciscanos.org.br\/noticias\/#website","url":"https:\/\/franciscanos.org.br\/noticias\/","name":"Not\u00edcias - Franciscanos","description":"Prov\u00edncia Franciscana da Imaculada Concei\u00e7\u00e3o do Brasil - Ordem dos Frades Menores - OFM","potentialAction":[{"@type":"SearchAction","target":{"@type":"EntryPoint","urlTemplate":"https:\/\/franciscanos.org.br\/noticias\/?s={search_term_string}"},"query-input":"required name=search_term_string"}],"inLanguage":"pt-BR"},{"@type":"ImageObject","inLanguage":"pt-BR","@id":"https:\/\/franciscanos.org.br\/noticias\/tudo-comeca-pela-partilha-do-pao.html#primaryimage","url":"https:\/\/franciscanos.org.br\/noticias\/wp-content\/uploads\/2024\/01\/Padaria-escola-01-800.jpg","contentUrl":"https:\/\/franciscanos.org.br\/noticias\/wp-content\/uploads\/2024\/01\/Padaria-escola-01-800.jpg","width":800,"height":550},{"@type":"WebPage","@id":"https:\/\/franciscanos.org.br\/noticias\/tudo-comeca-pela-partilha-do-pao.html#webpage","url":"https:\/\/franciscanos.org.br\/noticias\/tudo-comeca-pela-partilha-do-pao.html","name":"Tudo come\u00e7a pela partilha do p\u00e3o - Not\u00edcias - Franciscanos","isPartOf":{"@id":"https:\/\/franciscanos.org.br\/noticias\/#website"},"primaryImageOfPage":{"@id":"https:\/\/franciscanos.org.br\/noticias\/tudo-comeca-pela-partilha-do-pao.html#primaryimage"},"datePublished":"2024-01-15T13:37:33+00:00","dateModified":"2024-01-15T13:37:33+00:00","author":{"@id":"https:\/\/franciscanos.org.br\/noticias\/#\/schema\/person\/c3a26b08313dd1772495ce300ab257cc"},"breadcrumb":{"@id":"https:\/\/franciscanos.org.br\/noticias\/tudo-comeca-pela-partilha-do-pao.html#breadcrumb"},"inLanguage":"pt-BR","potentialAction":[{"@type":"ReadAction","target":["https:\/\/franciscanos.org.br\/noticias\/tudo-comeca-pela-partilha-do-pao.html"]}]},{"@type":"BreadcrumbList","@id":"https:\/\/franciscanos.org.br\/noticias\/tudo-comeca-pela-partilha-do-pao.html#breadcrumb","itemListElement":[{"@type":"ListItem","position":1,"name":"Home","item":"https:\/\/franciscanos.org.br\/noticias"},{"@type":"ListItem","position":2,"name":"Tudo come\u00e7a pela partilha do p\u00e3o"}]},{"@type":"Person","@id":"https:\/\/franciscanos.org.br\/noticias\/#\/schema\/person\/c3a26b08313dd1772495ce300ab257cc","name":"jovenal","image":{"@type":"ImageObject","inLanguage":"pt-BR","@id":"https:\/\/franciscanos.org.br\/noticias\/#\/schema\/person\/image\/","url":"https:\/\/secure.gravatar.com\/avatar\/e94509f531086e2eaf97e72f29ea00f9?s=96&d=mm&r=g","contentUrl":"https:\/\/secure.gravatar.com\/avatar\/e94509f531086e2eaf97e72f29ea00f9?s=96&d=mm&r=g","caption":"jovenal"},"url":"https:\/\/franciscanos.org.br\/noticias\/author\/jovenal"}]}},"_links":{"self":[{"href":"https:\/\/franciscanos.org.br\/noticias\/wp-json\/wp\/v2\/posts\/246098"}],"collection":[{"href":"https:\/\/franciscanos.org.br\/noticias\/wp-json\/wp\/v2\/posts"}],"about":[{"href":"https:\/\/franciscanos.org.br\/noticias\/wp-json\/wp\/v2\/types\/post"}],"author":[{"embeddable":true,"href":"https:\/\/franciscanos.org.br\/noticias\/wp-json\/wp\/v2\/users\/7"}],"replies":[{"embeddable":true,"href":"https:\/\/franciscanos.org.br\/noticias\/wp-json\/wp\/v2\/comments?post=246098"}],"version-history":[{"count":2,"href":"https:\/\/franciscanos.org.br\/noticias\/wp-json\/wp\/v2\/posts\/246098\/revisions"}],"predecessor-version":[{"id":246103,"href":"https:\/\/franciscanos.org.br\/noticias\/wp-json\/wp\/v2\/posts\/246098\/revisions\/246103"}],"wp:featuredmedia":[{"embeddable":true,"href":"https:\/\/franciscanos.org.br\/noticias\/wp-json\/wp\/v2\/media\/246101"}],"wp:attachment":[{"href":"https:\/\/franciscanos.org.br\/noticias\/wp-json\/wp\/v2\/media?parent=246098"}],"wp:term":[{"taxonomy":"category","embeddable":true,"href":"https:\/\/franciscanos.org.br\/noticias\/wp-json\/wp\/v2\/categories?post=246098"},{"taxonomy":"post_tag","embeddable":true,"href":"https:\/\/franciscanos.org.br\/noticias\/wp-json\/wp\/v2\/tags?post=246098"}],"curies":[{"name":"wp","href":"https:\/\/api.w.org\/{rel}","templated":true}]}}