{"id":246080,"date":"2024-01-15T10:08:02","date_gmt":"2024-01-15T13:08:02","guid":{"rendered":"https:\/\/franciscanos.org.br\/noticias\/?p=246080"},"modified":"2025-03-10T15:55:58","modified_gmt":"2025-03-10T18:55:58","slug":"aproveitem-o-tempo-do-noviciado-diz-frei-paulo-aos-novicos-2024","status":"publish","type":"post","link":"https:\/\/franciscanos.org.br\/noticias\/aproveitem-o-tempo-do-noviciado-diz-frei-paulo-aos-novicos-2024.html","title":{"rendered":"&#8220;Aproveitem o tempo do Noviciado!&#8221;, diz Frei Paulo aos Novi\u00e7os 2024"},"content":{"rendered":"<p><img loading=\"lazy\" class=\"alignleft size-full wp-image-246081\" src=\"https:\/\/franciscanos.org.br\/noticias\/wp-content\/uploads\/2024\/01\/adm_01.jpg\" alt=\"\" width=\"1280\" height=\"720\" srcset=\"https:\/\/franciscanos.org.br\/noticias\/wp-content\/uploads\/2024\/01\/adm_01.jpg 1280w, https:\/\/franciscanos.org.br\/noticias\/wp-content\/uploads\/2024\/01\/adm_01-450x253.jpg 450w, https:\/\/franciscanos.org.br\/noticias\/wp-content\/uploads\/2024\/01\/adm_01-1024x576.jpg 1024w, https:\/\/franciscanos.org.br\/noticias\/wp-content\/uploads\/2024\/01\/adm_01-768x432.jpg 768w, https:\/\/franciscanos.org.br\/noticias\/wp-content\/uploads\/2024\/01\/adm_01-150x84.jpg 150w\" sizes=\"(max-width: 1280px) 100vw, 1280px\" \/><\/p>\n<p>Rodeio (SC) \u2013 Na Ora\u00e7\u00e3o das <em>Laudes<\/em> desta segunda-feira (15\/01), \u00e0s 7 horas, o Ministro Provincial, Frei Paulo Roberto Pereira, acolheu oito jovens brasileiros &#8211; Ant\u00f4nio Jos\u00e9 da Silva Dias, Daniel Santos do Nascimento, Fabr\u00edcio Andreosa Martins, F\u00e1bio Charleaux Luzia dos Santos, Jean Carlos da Rosa dos Santos, Leonardo Haag, Patryck Ribeiro da Silva Dutra e Victor Flemeng do Vale Almeida &#8211; que v\u00e3o formar, junto com o venezuelano, Luis David Vasques Pena, que pertence \u00e0 Cust\u00f3dia da Imaculada Concei\u00e7\u00e3o, a turma de Novi\u00e7os 2024 do Noviciado S\u00e3o Jos\u00e9 de Rodeio (SC).<\/p>\n<p><img loading=\"lazy\" class=\"alignleft size-full wp-image-246082\" src=\"https:\/\/franciscanos.org.br\/noticias\/wp-content\/uploads\/2024\/01\/adm_03.jpg\" alt=\"\" width=\"1280\" height=\"853\" srcset=\"https:\/\/franciscanos.org.br\/noticias\/wp-content\/uploads\/2024\/01\/adm_03.jpg 1280w, https:\/\/franciscanos.org.br\/noticias\/wp-content\/uploads\/2024\/01\/adm_03-450x300.jpg 450w, https:\/\/franciscanos.org.br\/noticias\/wp-content\/uploads\/2024\/01\/adm_03-1024x682.jpg 1024w, https:\/\/franciscanos.org.br\/noticias\/wp-content\/uploads\/2024\/01\/adm_03-768x512.jpg 768w, https:\/\/franciscanos.org.br\/noticias\/wp-content\/uploads\/2024\/01\/adm_03-150x100.jpg 150w\" sizes=\"(max-width: 1280px) 100vw, 1280px\" \/><\/p>\n<p>O Ministro Provincial, Frei Paulo Roberto Pereira, recebeu e saudou os Novi\u00e7os 2024 na Igreja Matriz S\u00e3o Francisco de Assis, saudou a Fraternidade Formadora do Noviciado e confrades da Prov\u00edncia Franciscana da Imaculada Concei\u00e7\u00e3o e o mestre do Postulantado da Cust\u00f3dia da Imaculada Concei\u00e7\u00e3o da Venezuela, Frei Boris Rivera. &#8220;O Noviciado, durante um tempo, experimentou o sotaque portugu\u00eas com os formandos de Angola, ultimamente Rodeio tem experimentado o acento espanhol. Nos dois \u00faltimos anos, os novi\u00e7os eram da Argentina e, neste ano, da Venezuela. Quero saudar o mestre do Postulantado da Venezuela, Frei Boris Rivera. Muito obrigado pela sua presen\u00e7a e pela sua conviv\u00eancia nestes dias, obrigado pela confian\u00e7a de apresentar o postulante Luiz David para fazer o Noviciado entre n\u00f3s. Sauda\u00e7\u00e3o ao povo que costuma frequentar esta igreja e reza pela perseveran\u00e7a dos novi\u00e7os e frades da Prov\u00edncia&#8221;, disse Frei Paulo.<\/p>\n<p><img loading=\"lazy\" class=\"alignleft size-full wp-image-246084\" src=\"https:\/\/franciscanos.org.br\/noticias\/wp-content\/uploads\/2024\/01\/adm_02.jpg\" alt=\"\" width=\"1280\" height=\"1690\" srcset=\"https:\/\/franciscanos.org.br\/noticias\/wp-content\/uploads\/2024\/01\/adm_02.jpg 818w, https:\/\/franciscanos.org.br\/noticias\/wp-content\/uploads\/2024\/01\/adm_02-341x450.jpg 341w, https:\/\/franciscanos.org.br\/noticias\/wp-content\/uploads\/2024\/01\/adm_02-776x1024.jpg 776w, https:\/\/franciscanos.org.br\/noticias\/wp-content\/uploads\/2024\/01\/adm_02-768x1014.jpg 768w, https:\/\/franciscanos.org.br\/noticias\/wp-content\/uploads\/2024\/01\/adm_02-1163x1536.jpg 1163w, https:\/\/franciscanos.org.br\/noticias\/wp-content\/uploads\/2024\/01\/adm_02-150x198.jpg 150w\" sizes=\"(max-width: 1280px) 100vw, 1280px\" \/> <img loading=\"lazy\" class=\"alignleft size-full wp-image-246085\" src=\"https:\/\/franciscanos.org.br\/noticias\/wp-content\/uploads\/2024\/01\/adm_06-1.jpg\" alt=\"\" width=\"1280\" height=\"681\" srcset=\"https:\/\/franciscanos.org.br\/noticias\/wp-content\/uploads\/2024\/01\/adm_06-1.jpg 1280w, https:\/\/franciscanos.org.br\/noticias\/wp-content\/uploads\/2024\/01\/adm_06-1-450x239.jpg 450w, https:\/\/franciscanos.org.br\/noticias\/wp-content\/uploads\/2024\/01\/adm_06-1-1024x545.jpg 1024w, https:\/\/franciscanos.org.br\/noticias\/wp-content\/uploads\/2024\/01\/adm_06-1-768x409.jpg 768w, https:\/\/franciscanos.org.br\/noticias\/wp-content\/uploads\/2024\/01\/adm_06-1-150x80.jpg 150w\" sizes=\"(max-width: 1280px) 100vw, 1280px\" \/><\/p>\n<p>E acrescentou: &#8220;Durante um per\u00edodo, voc\u00eas, novi\u00e7os, viveram o tempo do Postulantado e, hoje, com apoio da Fraternidade e a decis\u00e3o livre se manifestam por iniciar esse tempo de penit\u00eancia, o Noviciado. Muito obrigado pelo &#8216;sim&#8217; de voc\u00eas!&#8221;<\/p>\n<p>O rito de Admiss\u00e3o foi feito com simplicidade, dentro da programa\u00e7\u00e3o lit\u00fargica do Noviciado. Mas o simbolismo desta celebra\u00e7\u00e3o a torna um dos momentos marcantes do jovem frade que inicia a sua vida religiosa franciscana. Depois de se prepararem para este momento, nas etapas do Aspirantado e Postulantado, eles poder\u00e3o fortalecer o fundamento da sua voca\u00e7\u00e3o no Noviciado.<\/p>\n<p><img loading=\"lazy\" class=\"alignleft size-full wp-image-246086\" src=\"https:\/\/franciscanos.org.br\/noticias\/wp-content\/uploads\/2024\/01\/adm_07.jpg\" alt=\"\" width=\"1280\" height=\"853\" srcset=\"https:\/\/franciscanos.org.br\/noticias\/wp-content\/uploads\/2024\/01\/adm_07.jpg 1280w, https:\/\/franciscanos.org.br\/noticias\/wp-content\/uploads\/2024\/01\/adm_07-450x300.jpg 450w, https:\/\/franciscanos.org.br\/noticias\/wp-content\/uploads\/2024\/01\/adm_07-1024x682.jpg 1024w, https:\/\/franciscanos.org.br\/noticias\/wp-content\/uploads\/2024\/01\/adm_07-768x512.jpg 768w, https:\/\/franciscanos.org.br\/noticias\/wp-content\/uploads\/2024\/01\/adm_07-150x100.jpg 150w\" sizes=\"(max-width: 1280px) 100vw, 1280px\" \/> <img loading=\"lazy\" class=\"alignleft size-full wp-image-246087\" src=\"https:\/\/franciscanos.org.br\/noticias\/wp-content\/uploads\/2024\/01\/adm_08.jpg\" alt=\"\" width=\"1280\" height=\"853\" srcset=\"https:\/\/franciscanos.org.br\/noticias\/wp-content\/uploads\/2024\/01\/adm_08.jpg 1280w, https:\/\/franciscanos.org.br\/noticias\/wp-content\/uploads\/2024\/01\/adm_08-450x300.jpg 450w, https:\/\/franciscanos.org.br\/noticias\/wp-content\/uploads\/2024\/01\/adm_08-1024x682.jpg 1024w, https:\/\/franciscanos.org.br\/noticias\/wp-content\/uploads\/2024\/01\/adm_08-768x512.jpg 768w, https:\/\/franciscanos.org.br\/noticias\/wp-content\/uploads\/2024\/01\/adm_08-150x100.jpg 150w\" sizes=\"(max-width: 1280px) 100vw, 1280px\" \/> <img loading=\"lazy\" class=\"alignleft size-full wp-image-246088\" src=\"https:\/\/franciscanos.org.br\/noticias\/wp-content\/uploads\/2024\/01\/adm_12.jpg\" alt=\"\" width=\"1280\" height=\"853\" srcset=\"https:\/\/franciscanos.org.br\/noticias\/wp-content\/uploads\/2024\/01\/adm_12.jpg 1280w, https:\/\/franciscanos.org.br\/noticias\/wp-content\/uploads\/2024\/01\/adm_12-450x300.jpg 450w, https:\/\/franciscanos.org.br\/noticias\/wp-content\/uploads\/2024\/01\/adm_12-1024x682.jpg 1024w, https:\/\/franciscanos.org.br\/noticias\/wp-content\/uploads\/2024\/01\/adm_12-768x512.jpg 768w, https:\/\/franciscanos.org.br\/noticias\/wp-content\/uploads\/2024\/01\/adm_12-150x100.jpg 150w\" sizes=\"(max-width: 1280px) 100vw, 1280px\" \/> <img loading=\"lazy\" class=\"alignleft size-full wp-image-246089\" src=\"https:\/\/franciscanos.org.br\/noticias\/wp-content\/uploads\/2024\/01\/adm_14.jpg\" alt=\"\" width=\"1280\" height=\"853\" srcset=\"https:\/\/franciscanos.org.br\/noticias\/wp-content\/uploads\/2024\/01\/adm_14.jpg 1280w, https:\/\/franciscanos.org.br\/noticias\/wp-content\/uploads\/2024\/01\/adm_14-450x300.jpg 450w, https:\/\/franciscanos.org.br\/noticias\/wp-content\/uploads\/2024\/01\/adm_14-1024x682.jpg 1024w, https:\/\/franciscanos.org.br\/noticias\/wp-content\/uploads\/2024\/01\/adm_14-768x512.jpg 768w, https:\/\/franciscanos.org.br\/noticias\/wp-content\/uploads\/2024\/01\/adm_14-150x100.jpg 150w\" sizes=\"(max-width: 1280px) 100vw, 1280px\" \/><\/p>\n<p>O rito teve in\u00edcio depois da leitura dos Escritos de S\u00e3o Francisco, quando o mestre do Postulantado da Cust\u00f3dia da Venezuela, Frei Boris Rivera, chamou diante do Ministro Provincial, Frei Paulo Roberto, cada um dos novi\u00e7os. Ent\u00e3o, os postulantes fizeram o pedido para participar da vida da Fam\u00edlia Franciscana da Ordem dos Frades Menores, e foram aceitos: \u201cN\u00f3s vos recebemos em nossa Fraternidade para que possais experimentar a vida dos Frades Menores\u201d, disse Frei Paulo.<\/p>\n<p>Segundo Frei Paulo, o tempo diante de Deus tem outra din\u00e2mica, e &#8220;voc\u00eas, certamente, v\u00e3o experimentar isso na din\u00e2mica do Noviciado. Viver o tempo da gra\u00e7a do Noviciado \u00e9 experimentar a intimidade com Deus. Na intimidade com Deus, experimentar a din\u00e2mica da vida. Aproveitem o tempo do Noviciado!&#8221;, admoestou o Ministro Provincial.<\/p>\n<p><img loading=\"lazy\" class=\"alignleft size-full wp-image-246090\" src=\"https:\/\/franciscanos.org.br\/noticias\/wp-content\/uploads\/2024\/01\/adm_15.jpg\" alt=\"\" width=\"1280\" height=\"813\" srcset=\"https:\/\/franciscanos.org.br\/noticias\/wp-content\/uploads\/2024\/01\/adm_15.jpg 1280w, https:\/\/franciscanos.org.br\/noticias\/wp-content\/uploads\/2024\/01\/adm_15-450x286.jpg 450w, https:\/\/franciscanos.org.br\/noticias\/wp-content\/uploads\/2024\/01\/adm_15-1024x650.jpg 1024w, https:\/\/franciscanos.org.br\/noticias\/wp-content\/uploads\/2024\/01\/adm_15-768x488.jpg 768w, https:\/\/franciscanos.org.br\/noticias\/wp-content\/uploads\/2024\/01\/adm_15-150x95.jpg 150w\" sizes=\"(max-width: 1280px) 100vw, 1280px\" \/><\/p>\n<p>Frei Paulo lembrou aos novi\u00e7os que eles est\u00e3o vivendo um tempo importante na Ordem dos Frades Menores. &#8220;Tendo sido os postulantes nos Jubileus da Regra e do Natal de Greccio, em 2023, voc\u00eas ser\u00e3o os novi\u00e7os das Chagas&#8221;, recordou.<\/p>\n<p>Segundo Frei Paulo, o tempo dos Jubileus da Ordem \u00e9 um tempo novo, de resgate da identidade e do revigoramento da miss\u00e3o. &#8220;N\u00e3o joguem fora esta oportunidade: trazer na alma franciscana esse tempo vigoroso de revigoramento da miss\u00e3o e de clarifica\u00e7\u00e3o da identidade franciscana. Nos ajudem a perceber o momento novo e a exist\u00eancia nova de ser franciscano no mundo&#8221;, pediu o Ministro Provincial.<\/p>\n<p><img loading=\"lazy\" class=\"alignleft size-full wp-image-246091\" src=\"https:\/\/franciscanos.org.br\/noticias\/wp-content\/uploads\/2024\/01\/adm_16.jpg\" alt=\"\" width=\"1280\" height=\"800\" srcset=\"https:\/\/franciscanos.org.br\/noticias\/wp-content\/uploads\/2024\/01\/adm_16.jpg 1280w, https:\/\/franciscanos.org.br\/noticias\/wp-content\/uploads\/2024\/01\/adm_16-450x281.jpg 450w, https:\/\/franciscanos.org.br\/noticias\/wp-content\/uploads\/2024\/01\/adm_16-1024x640.jpg 1024w, https:\/\/franciscanos.org.br\/noticias\/wp-content\/uploads\/2024\/01\/adm_16-768x480.jpg 768w, https:\/\/franciscanos.org.br\/noticias\/wp-content\/uploads\/2024\/01\/adm_16-150x94.jpg 150w\" sizes=\"(max-width: 1280px) 100vw, 1280px\" \/><\/p>\n<p>Frei Paulo destacou uma frase na Celebra\u00e7\u00e3o da abertura do Jubileu das Chagas: &#8220;Das feridas, o corpo de Francisco \u00e9 marcado com as feridas do Senhor; das feridas a vida nova. Podemos repetir: da cruz para a luz. Encontrarmos com o Cristo crucificado \u00e9 uma experi\u00eancia de c\u00e9u e ressurrei\u00e7\u00e3o. O encontro com o Crucificado na nossa vida nos enche de c\u00e9u. E essa experi\u00eancia voc\u00eas s\u00e3o convidados a fazer no Noviciado&#8221;, disse.<\/p>\n<p>Ele falou do h\u00e1bito que iriam receber: &#8220;E receber\u00e3o de uma forma muito significativa neste tempo do Jubileu das Chagas a roupa em forma de Cruz. Externamente voc\u00eas escolher\u00e3o experimentar isso. O caminho de identifica\u00e7\u00e3o com o Cristo Crucificado, o caminho de identifica\u00e7\u00e3o com os crucificados do universo, o caminho de identifica\u00e7\u00e3o com a natureza crucificada&#8221;, ensinou.<\/p>\n<p><img loading=\"lazy\" class=\"alignleft size-full wp-image-246092\" src=\"https:\/\/franciscanos.org.br\/noticias\/wp-content\/uploads\/2024\/01\/adm_17.jpg\" alt=\"\" width=\"1280\" height=\"853\" srcset=\"https:\/\/franciscanos.org.br\/noticias\/wp-content\/uploads\/2024\/01\/adm_17.jpg 1280w, https:\/\/franciscanos.org.br\/noticias\/wp-content\/uploads\/2024\/01\/adm_17-450x300.jpg 450w, https:\/\/franciscanos.org.br\/noticias\/wp-content\/uploads\/2024\/01\/adm_17-1024x682.jpg 1024w, https:\/\/franciscanos.org.br\/noticias\/wp-content\/uploads\/2024\/01\/adm_17-768x512.jpg 768w, https:\/\/franciscanos.org.br\/noticias\/wp-content\/uploads\/2024\/01\/adm_17-150x100.jpg 150w\" sizes=\"(max-width: 1280px) 100vw, 1280px\" \/><\/p>\n<p>Eles recebem o h\u00e1bito franciscano e passam a ser chamados de \u201cFrei\u201d, que significa irm\u00e3o (uma abrevia\u00e7\u00e3o de frade, que vem do latim <em>frater)<\/em>. Segundo Frei Paulo, eles iniciam o chamado \u201cAno da Gra\u00e7a\u201d. No h\u00e1bito que agora vestem, o cord\u00e3o ainda n\u00e3o tem os tr\u00eas n\u00f3s, que simbolizam os conselhos evang\u00e9licos (obedi\u00eancia, pobreza e castidade). Esse h\u00e1bito \u00e9 tempor\u00e1rio e eles ganhar\u00e3o o definitivo na Primeira Profiss\u00e3o, quando conclu\u00edrem este tempo de prova\u00e7\u00e3o.<\/p>\n<p>Citando o texto dos Escritos de Francisco nesta Celebra\u00e7\u00e3o, Frei Paulo disse que Celano &#8220;identifica S\u00e3o Francisco como o homem de Deus, apaixonado pelo Cristo. Sejam e nos ajudem a ser homens de Deus!&#8221;, pediu.<\/p>\n<p><img loading=\"lazy\" class=\"alignleft size-full wp-image-246094\" src=\"https:\/\/franciscanos.org.br\/noticias\/wp-content\/uploads\/2024\/01\/adm_19.jpg\" alt=\"\" width=\"1280\" height=\"853\" srcset=\"https:\/\/franciscanos.org.br\/noticias\/wp-content\/uploads\/2024\/01\/adm_19.jpg 1280w, https:\/\/franciscanos.org.br\/noticias\/wp-content\/uploads\/2024\/01\/adm_19-450x300.jpg 450w, https:\/\/franciscanos.org.br\/noticias\/wp-content\/uploads\/2024\/01\/adm_19-1024x682.jpg 1024w, https:\/\/franciscanos.org.br\/noticias\/wp-content\/uploads\/2024\/01\/adm_19-768x512.jpg 768w, https:\/\/franciscanos.org.br\/noticias\/wp-content\/uploads\/2024\/01\/adm_19-150x100.jpg 150w\" sizes=\"(max-width: 1280px) 100vw, 1280px\" \/><\/p>\n<p>Seguiu-se, ent\u00e3o, a ora\u00e7\u00e3o da Liturgia das Horas com o Respons\u00f3rio Breve, o C\u00e2ntico Evang\u00e9lico e as preces. Depois da ora\u00e7\u00e3o do Pai-nosso, o Ministro Provincial aben\u00e7oou os h\u00e1bitos e entregou as vestes da prova\u00e7\u00e3o a cada novi\u00e7o: \u201cDando in\u00edcio ao ano de Noviciado, ingressando na Ordem dos Frades Menores recebei, caros irm\u00e3os, as vestes da prova\u00e7\u00e3o talhadas em forma de cruz, em sinal de vossa maior ades\u00e3o ao seguimento de Cristo\u201d.<\/p>\n<p>Com ajuda de frades presentes em Rodeio para esta celebra\u00e7\u00e3o, os novi\u00e7os vestiram os h\u00e1bitos e assinaram o livro de Atas de Admiss\u00e3o ao Noviciado da Ordem dos Frades Menores. A ora\u00e7\u00e3o terminou com a b\u00ean\u00e7\u00e3o de S\u00e3o Francisco.<\/p>\n<p>No final da celebra\u00e7\u00e3o, Frei Paulo entregou os novi\u00e7os aos cuidados do Mestre Frei Samuel Ferreira de Lima, que j\u00e1 foi mestre de 2010 a 2018 e voltou em 2022, e da Fraternidade, composta por Frei Josemberg Aranha, o guardi\u00e3o; Frei Miguel da Cruz, o p\u00e1roco e Administrador Diocesano; Frei Claudino Dal\u2019Mago, vice-mestre; Frei Jos\u00e9 Bertoldi, atendente conventual. E Frei Paulo foi enf\u00e1tico: &#8220;Confiem na Fraternidade!&#8221;<\/p>\n<p><img loading=\"lazy\" class=\"alignleft size-full wp-image-246093\" src=\"https:\/\/franciscanos.org.br\/noticias\/wp-content\/uploads\/2024\/01\/adm_20.jpg\" alt=\"\" width=\"1280\" height=\"1040\" srcset=\"https:\/\/franciscanos.org.br\/noticias\/wp-content\/uploads\/2024\/01\/adm_20.jpg 1280w, https:\/\/franciscanos.org.br\/noticias\/wp-content\/uploads\/2024\/01\/adm_20-450x366.jpg 450w, https:\/\/franciscanos.org.br\/noticias\/wp-content\/uploads\/2024\/01\/adm_20-1024x832.jpg 1024w, https:\/\/franciscanos.org.br\/noticias\/wp-content\/uploads\/2024\/01\/adm_20-768x624.jpg 768w, https:\/\/franciscanos.org.br\/noticias\/wp-content\/uploads\/2024\/01\/adm_20-150x122.jpg 150w\" sizes=\"(max-width: 1280px) 100vw, 1280px\" \/><\/p>\n<p><strong>CASA-M\u00c3E DA PROV\u00cdNCIA DESDE 1900<\/strong><\/p>\n<p>A Ordem dos Frades Menores estabeleceu oficialmente sua primeira resid\u00eancia em Rodeio no dia 26 de fevereiro de 1895, quando aqui chegaram quatro frades, liderados por Frei Luc\u00ednio Korte. Poucos anos depois, \u201cpor ato do Ministro Geral da Ordem dos Frades Menores, Frei Alo\u00edsio Lauer, a 15 de junho de 1900, a resid\u00eancia franciscana de Rodeio passou a Convento e Noviciado.<\/p>\n<p>A caminhada do Noviciado, em Rodeio, teve seu in\u00edcio em 3 de outubro de 1901, com a chegada do Pe. Mestre dos Novi\u00e7os, Frei Modesto Bloeink e seus primeiros seis novi\u00e7os: Frei Anselmo Boeckenholt, Frei Bonif\u00e1cio Martinov, Frei Celestino Moldzianowski, Frei Elias Steinruecken, Frei Gabriel Zimmer e Frei Tim\u00f3teo Arens\u201d.<\/p>\n<p>Na Prov\u00edncia restaurada, o noviciado foi institu\u00eddo antes, tendo funcionado, desde maio de 1897, no Convento de Blumenau. Mas desde 1901 permaneceu, quase ininterruptamente em Rodeio. \u201cQuase ininterruptamente\u201d porque, por ordem capitular, por dois anos, em 1911-12, o noviciado passou para o Convento de Curitiba. (\u2026) O Noviciado voltou a Rodeio j\u00e1 em in\u00edcios de 1913.<\/p>\n<hr \/>\n<p><em>Moacir Beggo<\/em><\/p>\n","protected":false},"excerpt":{"rendered":"<p>Admiss\u00e3o dos Novi\u00e7os 2024<\/p>\n","protected":false},"author":3,"featured_media":246081,"comment_status":"open","ping_status":"open","sticky":false,"template":"","format":"standard","meta":[],"categories":[1],"tags":[1270,2056],"acf":[],"yoast_head":"<!-- This site is optimized with the Yoast SEO plugin v19.2 - https:\/\/yoast.com\/wordpress\/plugins\/seo\/ -->\n<title>&quot;Aproveitem o tempo do Noviciado!&quot;, diz Frei Paulo aos Novi\u00e7os 2024 - Not\u00edcias - Franciscanos<\/title>\n<meta name=\"robots\" content=\"index, follow, max-snippet:-1, max-image-preview:large, max-video-preview:-1\" \/>\n<link rel=\"canonical\" href=\"https:\/\/franciscanos.org.br\/noticias\/aproveitem-o-tempo-do-noviciado-diz-frei-paulo-aos-novicos-2024.html\" \/>\n<meta property=\"og:locale\" content=\"pt_BR\" \/>\n<meta property=\"og:type\" content=\"article\" \/>\n<meta property=\"og:title\" content=\"&quot;Aproveitem o tempo do Noviciado!&quot;, diz Frei Paulo aos Novi\u00e7os 2024 - Not\u00edcias - Franciscanos\" \/>\n<meta property=\"og:description\" content=\"Admiss\u00e3o dos Novi\u00e7os 2024\" \/>\n<meta property=\"og:url\" content=\"https:\/\/franciscanos.org.br\/noticias\/aproveitem-o-tempo-do-noviciado-diz-frei-paulo-aos-novicos-2024.html\" \/>\n<meta property=\"og:site_name\" content=\"Not\u00edcias - Franciscanos\" \/>\n<meta property=\"article:published_time\" content=\"2024-01-15T13:08:02+00:00\" \/>\n<meta property=\"article:modified_time\" content=\"2025-03-10T18:55:58+00:00\" \/>\n<meta property=\"og:image\" content=\"https:\/\/franciscanos.org.br\/noticias\/wp-content\/uploads\/2024\/01\/adm_01.jpg\" \/>\n\t<meta property=\"og:image:width\" content=\"1280\" \/>\n\t<meta property=\"og:image:height\" content=\"720\" \/>\n\t<meta property=\"og:image:type\" content=\"image\/jpeg\" \/>\n<meta name=\"author\" content=\"moacir\" \/>\n<meta name=\"twitter:card\" content=\"summary_large_image\" \/>\n<meta name=\"twitter:label1\" content=\"Escrito por\" \/>\n\t<meta name=\"twitter:data1\" content=\"moacir\" \/>\n\t<meta name=\"twitter:label2\" content=\"Est. tempo de leitura\" \/>\n\t<meta name=\"twitter:data2\" content=\"6 minutos\" \/>\n<script type=\"application\/ld+json\" class=\"yoast-schema-graph\">{\"@context\":\"https:\/\/schema.org\",\"@graph\":[{\"@type\":\"WebSite\",\"@id\":\"https:\/\/franciscanos.org.br\/noticias\/#website\",\"url\":\"https:\/\/franciscanos.org.br\/noticias\/\",\"name\":\"Not\u00edcias - Franciscanos\",\"description\":\"Prov\u00edncia Franciscana da Imaculada Concei\u00e7\u00e3o do Brasil - Ordem dos Frades Menores - OFM\",\"potentialAction\":[{\"@type\":\"SearchAction\",\"target\":{\"@type\":\"EntryPoint\",\"urlTemplate\":\"https:\/\/franciscanos.org.br\/noticias\/?s={search_term_string}\"},\"query-input\":\"required name=search_term_string\"}],\"inLanguage\":\"pt-BR\"},{\"@type\":\"ImageObject\",\"inLanguage\":\"pt-BR\",\"@id\":\"https:\/\/franciscanos.org.br\/noticias\/aproveitem-o-tempo-do-noviciado-diz-frei-paulo-aos-novicos-2024.html#primaryimage\",\"url\":\"https:\/\/franciscanos.org.br\/noticias\/wp-content\/uploads\/2024\/01\/adm_01.jpg\",\"contentUrl\":\"https:\/\/franciscanos.org.br\/noticias\/wp-content\/uploads\/2024\/01\/adm_01.jpg\",\"width\":1280,\"height\":720},{\"@type\":\"WebPage\",\"@id\":\"https:\/\/franciscanos.org.br\/noticias\/aproveitem-o-tempo-do-noviciado-diz-frei-paulo-aos-novicos-2024.html#webpage\",\"url\":\"https:\/\/franciscanos.org.br\/noticias\/aproveitem-o-tempo-do-noviciado-diz-frei-paulo-aos-novicos-2024.html\",\"name\":\"\\\"Aproveitem o tempo do Noviciado!\\\", diz Frei Paulo aos Novi\u00e7os 2024 - Not\u00edcias - Franciscanos\",\"isPartOf\":{\"@id\":\"https:\/\/franciscanos.org.br\/noticias\/#website\"},\"primaryImageOfPage\":{\"@id\":\"https:\/\/franciscanos.org.br\/noticias\/aproveitem-o-tempo-do-noviciado-diz-frei-paulo-aos-novicos-2024.html#primaryimage\"},\"datePublished\":\"2024-01-15T13:08:02+00:00\",\"dateModified\":\"2025-03-10T18:55:58+00:00\",\"author\":{\"@id\":\"https:\/\/franciscanos.org.br\/noticias\/#\/schema\/person\/b5c8cba458c330ccff548b056e95a5d4\"},\"breadcrumb\":{\"@id\":\"https:\/\/franciscanos.org.br\/noticias\/aproveitem-o-tempo-do-noviciado-diz-frei-paulo-aos-novicos-2024.html#breadcrumb\"},\"inLanguage\":\"pt-BR\",\"potentialAction\":[{\"@type\":\"ReadAction\",\"target\":[\"https:\/\/franciscanos.org.br\/noticias\/aproveitem-o-tempo-do-noviciado-diz-frei-paulo-aos-novicos-2024.html\"]}]},{\"@type\":\"BreadcrumbList\",\"@id\":\"https:\/\/franciscanos.org.br\/noticias\/aproveitem-o-tempo-do-noviciado-diz-frei-paulo-aos-novicos-2024.html#breadcrumb\",\"itemListElement\":[{\"@type\":\"ListItem\",\"position\":1,\"name\":\"Home\",\"item\":\"https:\/\/franciscanos.org.br\/noticias\"},{\"@type\":\"ListItem\",\"position\":2,\"name\":\"&#8220;Aproveitem o tempo do Noviciado!&#8221;, diz Frei Paulo aos Novi\u00e7os 2024\"}]},{\"@type\":\"Person\",\"@id\":\"https:\/\/franciscanos.org.br\/noticias\/#\/schema\/person\/b5c8cba458c330ccff548b056e95a5d4\",\"name\":\"moacir\",\"image\":{\"@type\":\"ImageObject\",\"inLanguage\":\"pt-BR\",\"@id\":\"https:\/\/franciscanos.org.br\/noticias\/#\/schema\/person\/image\/\",\"url\":\"https:\/\/secure.gravatar.com\/avatar\/d08aa2ce4c8dd416d4479aa8536fcf64?s=96&d=mm&r=g\",\"contentUrl\":\"https:\/\/secure.gravatar.com\/avatar\/d08aa2ce4c8dd416d4479aa8536fcf64?s=96&d=mm&r=g\",\"caption\":\"moacir\"},\"url\":\"https:\/\/franciscanos.org.br\/noticias\/author\/moacir\"}]}<\/script>\n<!-- \/ Yoast SEO plugin. -->","yoast_head_json":{"title":"\"Aproveitem o tempo do Noviciado!\", diz Frei Paulo aos Novi\u00e7os 2024 - Not\u00edcias - Franciscanos","robots":{"index":"index","follow":"follow","max-snippet":"max-snippet:-1","max-image-preview":"max-image-preview:large","max-video-preview":"max-video-preview:-1"},"canonical":"https:\/\/franciscanos.org.br\/noticias\/aproveitem-o-tempo-do-noviciado-diz-frei-paulo-aos-novicos-2024.html","og_locale":"pt_BR","og_type":"article","og_title":"\"Aproveitem o tempo do Noviciado!\", diz Frei Paulo aos Novi\u00e7os 2024 - Not\u00edcias - Franciscanos","og_description":"Admiss\u00e3o dos Novi\u00e7os 2024","og_url":"https:\/\/franciscanos.org.br\/noticias\/aproveitem-o-tempo-do-noviciado-diz-frei-paulo-aos-novicos-2024.html","og_site_name":"Not\u00edcias - Franciscanos","article_published_time":"2024-01-15T13:08:02+00:00","article_modified_time":"2025-03-10T18:55:58+00:00","og_image":[{"width":1280,"height":720,"url":"https:\/\/franciscanos.org.br\/noticias\/wp-content\/uploads\/2024\/01\/adm_01.jpg","type":"image\/jpeg"}],"author":"moacir","twitter_card":"summary_large_image","twitter_misc":{"Escrito por":"moacir","Est. tempo de leitura":"6 minutos"},"schema":{"@context":"https:\/\/schema.org","@graph":[{"@type":"WebSite","@id":"https:\/\/franciscanos.org.br\/noticias\/#website","url":"https:\/\/franciscanos.org.br\/noticias\/","name":"Not\u00edcias - Franciscanos","description":"Prov\u00edncia Franciscana da Imaculada Concei\u00e7\u00e3o do Brasil - Ordem dos Frades Menores - OFM","potentialAction":[{"@type":"SearchAction","target":{"@type":"EntryPoint","urlTemplate":"https:\/\/franciscanos.org.br\/noticias\/?s={search_term_string}"},"query-input":"required name=search_term_string"}],"inLanguage":"pt-BR"},{"@type":"ImageObject","inLanguage":"pt-BR","@id":"https:\/\/franciscanos.org.br\/noticias\/aproveitem-o-tempo-do-noviciado-diz-frei-paulo-aos-novicos-2024.html#primaryimage","url":"https:\/\/franciscanos.org.br\/noticias\/wp-content\/uploads\/2024\/01\/adm_01.jpg","contentUrl":"https:\/\/franciscanos.org.br\/noticias\/wp-content\/uploads\/2024\/01\/adm_01.jpg","width":1280,"height":720},{"@type":"WebPage","@id":"https:\/\/franciscanos.org.br\/noticias\/aproveitem-o-tempo-do-noviciado-diz-frei-paulo-aos-novicos-2024.html#webpage","url":"https:\/\/franciscanos.org.br\/noticias\/aproveitem-o-tempo-do-noviciado-diz-frei-paulo-aos-novicos-2024.html","name":"\"Aproveitem o tempo do Noviciado!\", diz Frei Paulo aos Novi\u00e7os 2024 - Not\u00edcias - Franciscanos","isPartOf":{"@id":"https:\/\/franciscanos.org.br\/noticias\/#website"},"primaryImageOfPage":{"@id":"https:\/\/franciscanos.org.br\/noticias\/aproveitem-o-tempo-do-noviciado-diz-frei-paulo-aos-novicos-2024.html#primaryimage"},"datePublished":"2024-01-15T13:08:02+00:00","dateModified":"2025-03-10T18:55:58+00:00","author":{"@id":"https:\/\/franciscanos.org.br\/noticias\/#\/schema\/person\/b5c8cba458c330ccff548b056e95a5d4"},"breadcrumb":{"@id":"https:\/\/franciscanos.org.br\/noticias\/aproveitem-o-tempo-do-noviciado-diz-frei-paulo-aos-novicos-2024.html#breadcrumb"},"inLanguage":"pt-BR","potentialAction":[{"@type":"ReadAction","target":["https:\/\/franciscanos.org.br\/noticias\/aproveitem-o-tempo-do-noviciado-diz-frei-paulo-aos-novicos-2024.html"]}]},{"@type":"BreadcrumbList","@id":"https:\/\/franciscanos.org.br\/noticias\/aproveitem-o-tempo-do-noviciado-diz-frei-paulo-aos-novicos-2024.html#breadcrumb","itemListElement":[{"@type":"ListItem","position":1,"name":"Home","item":"https:\/\/franciscanos.org.br\/noticias"},{"@type":"ListItem","position":2,"name":"&#8220;Aproveitem o tempo do Noviciado!&#8221;, diz Frei Paulo aos Novi\u00e7os 2024"}]},{"@type":"Person","@id":"https:\/\/franciscanos.org.br\/noticias\/#\/schema\/person\/b5c8cba458c330ccff548b056e95a5d4","name":"moacir","image":{"@type":"ImageObject","inLanguage":"pt-BR","@id":"https:\/\/franciscanos.org.br\/noticias\/#\/schema\/person\/image\/","url":"https:\/\/secure.gravatar.com\/avatar\/d08aa2ce4c8dd416d4479aa8536fcf64?s=96&d=mm&r=g","contentUrl":"https:\/\/secure.gravatar.com\/avatar\/d08aa2ce4c8dd416d4479aa8536fcf64?s=96&d=mm&r=g","caption":"moacir"},"url":"https:\/\/franciscanos.org.br\/noticias\/author\/moacir"}]}},"_links":{"self":[{"href":"https:\/\/franciscanos.org.br\/noticias\/wp-json\/wp\/v2\/posts\/246080"}],"collection":[{"href":"https:\/\/franciscanos.org.br\/noticias\/wp-json\/wp\/v2\/posts"}],"about":[{"href":"https:\/\/franciscanos.org.br\/noticias\/wp-json\/wp\/v2\/types\/post"}],"author":[{"embeddable":true,"href":"https:\/\/franciscanos.org.br\/noticias\/wp-json\/wp\/v2\/users\/3"}],"replies":[{"embeddable":true,"href":"https:\/\/franciscanos.org.br\/noticias\/wp-json\/wp\/v2\/comments?post=246080"}],"version-history":[{"count":3,"href":"https:\/\/franciscanos.org.br\/noticias\/wp-json\/wp\/v2\/posts\/246080\/revisions"}],"predecessor-version":[{"id":246097,"href":"https:\/\/franciscanos.org.br\/noticias\/wp-json\/wp\/v2\/posts\/246080\/revisions\/246097"}],"wp:featuredmedia":[{"embeddable":true,"href":"https:\/\/franciscanos.org.br\/noticias\/wp-json\/wp\/v2\/media\/246081"}],"wp:attachment":[{"href":"https:\/\/franciscanos.org.br\/noticias\/wp-json\/wp\/v2\/media?parent=246080"}],"wp:term":[{"taxonomy":"category","embeddable":true,"href":"https:\/\/franciscanos.org.br\/noticias\/wp-json\/wp\/v2\/categories?post=246080"},{"taxonomy":"post_tag","embeddable":true,"href":"https:\/\/franciscanos.org.br\/noticias\/wp-json\/wp\/v2\/tags?post=246080"}],"curies":[{"name":"wp","href":"https:\/\/api.w.org\/{rel}","templated":true}]}}