{"id":246024,"date":"2024-01-28T00:54:35","date_gmt":"2024-01-28T03:54:35","guid":{"rendered":"https:\/\/franciscanos.org.br\/noticias\/?p=246024"},"modified":"2025-03-10T15:57:12","modified_gmt":"2025-03-10T18:57:12","slug":"no-ano-jubilar-dos-estigmas-de-sao-francisco-oito-jovens-frades-fazem-a-profissao-solene","status":"publish","type":"post","link":"https:\/\/franciscanos.org.br\/noticias\/no-ano-jubilar-dos-estigmas-de-sao-francisco-oito-jovens-frades-fazem-a-profissao-solene.html","title":{"rendered":"No Ano Jubilar dos Estigmas de S\u00e3o Francisco, oito jovens frades fazem a Profiss\u00e3o Solene"},"content":{"rendered":"<p><img loading=\"lazy\" class=\"alignnone size-full wp-image-246026\" src=\"https:\/\/franciscanos.org.br\/noticias\/wp-content\/uploads\/2024\/01\/angola_professos_01.jpg\" alt=\"\" width=\"1280\" height=\"720\" srcset=\"https:\/\/franciscanos.org.br\/noticias\/wp-content\/uploads\/2024\/01\/angola_professos_01.jpg 1280w, https:\/\/franciscanos.org.br\/noticias\/wp-content\/uploads\/2024\/01\/angola_professos_01-450x253.jpg 450w, https:\/\/franciscanos.org.br\/noticias\/wp-content\/uploads\/2024\/01\/angola_professos_01-1024x576.jpg 1024w, https:\/\/franciscanos.org.br\/noticias\/wp-content\/uploads\/2024\/01\/angola_professos_01-768x432.jpg 768w, https:\/\/franciscanos.org.br\/noticias\/wp-content\/uploads\/2024\/01\/angola_professos_01-150x84.jpg 150w\" sizes=\"(max-width: 1280px) 100vw, 1280px\" \/><\/p>\n<p><strong>\u00a0<\/strong><strong>S\u00e3o Paulo (SP) <\/strong>&#8211; A exemplo do ano passado, quando oito jovens frades fizeram a Profiss\u00e3o Solene, a Funda\u00e7\u00e3o Imaculada M\u00e3e de Deus de Angola viver\u00e1 outro momento hist\u00f3rico no pr\u00f3ximo dia 28 de janeiro. Oito frades far\u00e3o a Profiss\u00e3o Solene nas m\u00e3os do Ministro Provincial, Frei Paulo Roberto Pereira, \u00e0s 9h, na Par\u00f3quia Santos M\u00e1rtires de Uganda, no bairro de Katepa, em Malanje, Angola.<\/p>\n<p>&#8220;A celebra\u00e7\u00e3o da Profiss\u00e3o Solene destes nossos confrades na Funda\u00e7\u00e3o Imaculada M\u00e3e de Deus de Angola, neste ano jubilar dos Estigmas de S\u00e3o Francisco de Assis, reacende na Ordem dos Frades Menores o esp\u00edrito de gratid\u00e3o ao Senhor. Novamente, depois destes 800 anos de hist\u00f3ria, o pr\u00f3prio Senhor reconfirma a sua gra\u00e7a e presen\u00e7a entre n\u00f3s, nos assegurando a atualidade do carisma franciscano como resposta necess\u00e1ria ao mundo de hoje&#8221;, situa Frei Robson Luiz Scudela, coordenador da Frente das Miss\u00f5es.<\/p>\n<p>A profiss\u00e3o solene, o \u00faltimo degrau para um frade ingressar definitivamente na vida religiosa, ser\u00e1 feita pelos jovens: Frei David Vicente da Concei\u00e7\u00e3o Gaieta, Frei Elias Hebo Lu\u00eds, Frei Fernando Jos\u00e9 Dange, Frei Herculano Jos\u00e9 Nu\u00f1gulo, Frei In\u00e1cio Filipe Puto, Frei Jer\u00f3nimo Cheia M\u00e1rio, Frei Val\u00f3dia Jo\u00e3o Manuel Baptista Domingos e Frei Ven\u00e2ncio Canombolo Candundo. Esta turma escolheu como lema da profiss\u00e3o: \u201cMas atendam que, acima de tudo, devem desejar ter o Esp\u00edrito do Senhor e o seu santo modo de operar&#8221; (RegB 10,8).<\/p>\n<p>&#8220;A Ordem atualiza com a profiss\u00e3o desses confrades a sua miss\u00e3o e, atrav\u00e9s deles, continua sendo sinal do carisma dados pelo pr\u00f3prio Esp\u00edrito a S\u00e3o Francisco de Assis, a seus irm\u00e3os do primeiro momento, e a estes irm\u00e3os de hoje&#8221;, explica Frei Robson.<\/p>\n<p>O rito da profiss\u00e3o perp\u00e9tua celebra-se dentro da Missa, com a devida solenidade e a participa\u00e7\u00e3o da comunidade. Depois da leitura do Evangelho, come\u00e7a-se o rito na seguinte ordem: chamado do professando; apresenta\u00e7\u00e3o de sua trajet\u00f3ria vocacional; di\u00e1logo com o celebrante; homilia; prostra\u00e7\u00e3o e Ladainha de Todos os Santos; profiss\u00e3o dos votos e b\u00ean\u00e7\u00e3o aos professandos.<\/p>\n<p>Cada um dos oito frades far\u00e3o a profiss\u00e3o, comprometendo-se seguir Jesus Cristo e observando os conselhos evang\u00e9licos, lendo a seguinte f\u00f3rmula: \u201cPara louvor e gl\u00f3ria da Sant\u00edssima Trindade, eu, frei\u2026 tendo o Senhor me dado a gra\u00e7a de seguir mais de perto o Evangelho e os passos de Nosso Senhor Jesus Cristo, em tuas m\u00e3os, Frei Paulo Roberto Pereira, com firme f\u00e9 e vontade, fa\u00e7o voto a Deus, Pai santo e todo-poderoso, de viver por todo o tempo de minha vida, em obedi\u00eancia, sem nada de pr\u00f3prio e em castidade. Ao mesmo tempo, professo a vida e a Regra dos Frades Menores, confirmada pelo Papa Hon\u00f3rio, e prometo observ\u00e1-la fielmente segundo as Constitui\u00e7\u00f5es da Ordem dos Frades Menores. Entrego-me, pois, de todo o cora\u00e7\u00e3o a esta Fraternidade, para que, pela a\u00e7\u00e3o eficaz do Esp\u00edrito Santo, guiado pelo exemplo de Maria Imaculada, por intercess\u00e3o de nosso Pai S\u00e3o Francisco e de todos os santos, e com a ajuda fraterna de todos, eu possa tender constantemente para a perfeita caridade, no servi\u00e7o a Deus, \u00e0 Igreja e aos homens\u201d.<\/p>\n<p>A Profiss\u00e3o Solene \u00e9 o ponto culminante de uma caminhada formativa amadurecida na f\u00e9, no discernimento e na resposta generosa que se d\u00e1 a uma proposta de inspira\u00e7\u00e3o divina.<\/p>\n<p>&#8220;Damos gra\u00e7as a Deus pelo sim destes nossos confrades que, ao celebrar a profiss\u00e3o solene no ano jubilar da Chagas de S\u00e3o Francisco, tomam para si esta marca jubilar em suas vidas, recordando todas as chagas do mundo e confiando no Senhor que pode torn\u00e1-los tamb\u00e9m cuidadores e curadores das chagas da fome, da falta de fraternidade, do abandono, da nega\u00e7\u00e3o de vida humana, que tantas vezes\u00a0nos\u00a0marcam&#8221;, completa Frei Robson.<\/p>\n<p><strong>CONHE\u00c7A OS PROFESSANDOS<\/strong><\/p>\n<p><strong><img loading=\"lazy\" class=\" wp-image-246027 alignleft\" src=\"https:\/\/franciscanos.org.br\/noticias\/wp-content\/uploads\/2024\/01\/Davi-da-conceicao.jpg\" alt=\"\" width=\"228\" height=\"246\" srcset=\"https:\/\/franciscanos.org.br\/noticias\/wp-content\/uploads\/2024\/01\/Davi-da-conceicao.jpg 500w, https:\/\/franciscanos.org.br\/noticias\/wp-content\/uploads\/2024\/01\/Davi-da-conceicao-417x450.jpg 417w, https:\/\/franciscanos.org.br\/noticias\/wp-content\/uploads\/2024\/01\/Davi-da-conceicao-150x162.jpg 150w\" sizes=\"(max-width: 228px) 100vw, 228px\" \/>Frei David Vicente da Concei\u00e7\u00e3o Gaieta<\/strong><\/p>\n<p>O segundo filho de Eva Rog\u00e9rio Fungo e de Mois\u00e9s Vicente Gaieta nasceu no dia 20 de junho de 1996, em Calulu-Libolo, na Prov\u00edncia de Kwanza Sul.\u00a0 Batizado no dia 14 de outubro de 2007 e foi crismado no dia 14 de julho de 2013. De 2014 a 2016 viveu no Semin\u00e1rio Franciscano Monte Alverne, em Malanje. Em fevereiro de 2017 foi admitido ao Postulantado, na Fraternidade Santo Ant\u00f3nio, Quibala, Kwanza Sul. Em janeiro de 2018 ingressou no Noviciado Franciscano S\u00e3o Jos\u00e9, em Rodeio (SC), e no dia 10 de janeiro de 2019 fez a sua primeira Profiss\u00e3o na Ordem dos Frades Menores. De 2019 a 2023,\u00a0 cursou Filosofia\u00a0 no Instituto Superior Dom Bosco.<\/p>\n<p>&nbsp;<\/p>\n<p>&nbsp;<\/p>\n<p><strong><img loading=\"lazy\" class=\"alignleft wp-image-246062\" src=\"https:\/\/franciscanos.org.br\/noticias\/wp-content\/uploads\/2024\/01\/eliashebo.jpg\" alt=\"\" width=\"222\" height=\"239\" srcset=\"https:\/\/franciscanos.org.br\/noticias\/wp-content\/uploads\/2024\/01\/eliashebo.jpg 500w, https:\/\/franciscanos.org.br\/noticias\/wp-content\/uploads\/2024\/01\/eliashebo-417x450.jpg 417w, https:\/\/franciscanos.org.br\/noticias\/wp-content\/uploads\/2024\/01\/eliashebo-150x162.jpg 150w\" sizes=\"(max-width: 222px) 100vw, 222px\" \/>Frei Elias Hebo Lu\u00eds<\/strong><\/p>\n<p>Nasceu aos 22 de novembro de 1992, em Cangola (U\u00edge). Filho de Lu\u00eds M\u00e1rio Luanda Gonga e de Joana Hebo Diowa. Batizado aos 16 de abril de 1993, na Par\u00f3quia S\u00e3o Jo\u00e3o Baptista, em Cangola, foi crismado em 20 de maio de 2007. Ingressou em fevereiro de 2013 no Semin\u00e1rio Franciscano Monte Alverne em Malanje, onde cursou o Ensino m\u00e9dio e fez o aspirantado. Em 25 de janeiro de 2015 foi admitido ao postulantado Santo Ant\u00f4nio, na Quibala (CS) e, em 15 de janeiro de 2016, recebeu o h\u00e1bito Franciscano. Professou na Ordem do Frades Menores aos 5 de janeiro de 2017. De 2017 a 2020, cursou Filosofia na Instituto Superior Dom Bosco ( ISDB &#8211; UCAN) e de 2021 at\u00e9 o momento cursa Teologia no Instituto Teol\u00f3gico Franciscano (ITF).<\/p>\n<p>&nbsp;<\/p>\n<p><strong><img loading=\"lazy\" class=\"alignleft wp-image-246029\" src=\"https:\/\/franciscanos.org.br\/noticias\/wp-content\/uploads\/2024\/01\/fernando-jose.jpg\" alt=\"\" width=\"228\" height=\"246\" srcset=\"https:\/\/franciscanos.org.br\/noticias\/wp-content\/uploads\/2024\/01\/fernando-jose.jpg 500w, https:\/\/franciscanos.org.br\/noticias\/wp-content\/uploads\/2024\/01\/fernando-jose-417x450.jpg 417w, https:\/\/franciscanos.org.br\/noticias\/wp-content\/uploads\/2024\/01\/fernando-jose-150x162.jpg 150w\" sizes=\"(max-width: 228px) 100vw, 228px\" \/>Frei Fernando Jos\u00e9 Dange<\/strong><\/p>\n<p>Nasceu no dia 9 de janeiro de 1997, na Prov\u00edncia do U\u00edge, munic\u00edpio de Negage. \u00c9 filho de Leit\u00e3o Dange (de feliz mem\u00f3ria) e de Isabel Jos\u00e9 Monteiro. Recebeu o Batismo no dia 22 de fevereiro de 1997 na aldeia do Vunge.\u00a0 Recebeu o Sacramento da Crisma na Par\u00f3quia Nossa Senhora de F\u00e1tima, em Luanda, em 15 de maio de 2016. Ingressou ao Semin\u00e1rio Franciscano Monte-Alverne (Malanje) em janeiro de 2017. Foi admitido ao Postulantado no dia 7 de fevereiro de 2018, em Quibala. Ingressou ao Noviciado no dia 20 de janeiro de 2019 em Quibala. Fez a sua Primeira Profiss\u00e3o religiosa no dia 11 de janeiro de 2020 em Quibala. Realizou os seus estudos filos\u00f3ficos na Universidade Cat\u00f3lica de Angola, Instituto Superior Dom Bosco.<\/p>\n<p>&nbsp;<\/p>\n<p><strong><img loading=\"lazy\" class=\"alignleft wp-image-246030\" src=\"https:\/\/franciscanos.org.br\/noticias\/wp-content\/uploads\/2024\/01\/herculano.jpg\" alt=\"\" width=\"228\" height=\"246\" srcset=\"https:\/\/franciscanos.org.br\/noticias\/wp-content\/uploads\/2024\/01\/herculano.jpg 500w, https:\/\/franciscanos.org.br\/noticias\/wp-content\/uploads\/2024\/01\/herculano-417x450.jpg 417w, https:\/\/franciscanos.org.br\/noticias\/wp-content\/uploads\/2024\/01\/herculano-150x162.jpg 150w\" sizes=\"(max-width: 228px) 100vw, 228px\" \/>Frei Herculano Jos\u00e9 Nu\u00f1gulo<\/strong><\/p>\n<p>Natural de Bailundo, na Prov\u00edncia do Huambo, nasceu em 25 de dezembro de 1997. Filho de Luciana Nekungo e de Jos\u00e9 Nu\u00f1gulo, recebeu os sacramentos do batismo, seguido pelo sacramento da crisma em 26 de julho de 2014. Iniciou sua trajet\u00f3ria formativa no Semin\u00e1rio Monte Alverne, em Malanje, em 2015. Frei Herculano foi admitido ao Postulantado em 7 de fevereiro de 2018, em Quibala. Sua dedica\u00e7\u00e3o e devo\u00e7\u00e3o o conduziram ao Noviciado em 20 de janeiro de 2019, em Quibala. Fez a primeira Profiss\u00e3o em 11 de janeiro de 2020. De 2020 a 2022, fez os estudos filos\u00f3ficos em Rondinha (PR) e, em 2023, o Ano Mission\u00e1rio.<\/p>\n<p>&nbsp;<\/p>\n<p>&nbsp;<\/p>\n<p><strong><img loading=\"lazy\" class=\"alignleft wp-image-246028\" src=\"https:\/\/franciscanos.org.br\/noticias\/wp-content\/uploads\/2024\/01\/Inacio2.jpg\" alt=\"\" width=\"233\" height=\"252\" srcset=\"https:\/\/franciscanos.org.br\/noticias\/wp-content\/uploads\/2024\/01\/Inacio2.jpg 500w, https:\/\/franciscanos.org.br\/noticias\/wp-content\/uploads\/2024\/01\/Inacio2-417x450.jpg 417w, https:\/\/franciscanos.org.br\/noticias\/wp-content\/uploads\/2024\/01\/Inacio2-150x162.jpg 150w\" sizes=\"(max-width: 233px) 100vw, 233px\" \/>Frei In\u00e1cio Filipe Puto<\/strong><\/p>\n<p>Nasceu no dia 23 de maio de 1999, na Prov\u00edncia de Benguela, munic\u00edpio da Ganda. \u00c9 filho de Sim\u00e3o Flipe Puto, de feliz mem\u00f3ria, e de Victorina Mukanda. Recebeu o batismo na Par\u00f3quia S\u00e3o Jo\u00e3o Baptista\/Ganda, em 4 de junho, de 1999.\u00a0 Foi crismado na Miss\u00e3o Cat\u00f3lica do Ndunde\/Ganda a 17 de Agosto de 2013. Ingressou no Semin\u00e1rio da Ordem dos Frades Menores no dia 23 de janeiro de 2016, em Malanje. Foi admitido ao postulantado no dia 7 de fevereiro de 2018. Fez o Noviciado em Quibala, tendo sido acolhido no dia 20 de janeiro 2019. Fez a sua primeiro Profiss\u00e3o em Quibala, no dia 11 de janeiro de 2020. Realizou os seus estudos filos\u00f3ficos no Brasil, na FAE Centro Universit\u00e1rio, em Curitiba, entre os anos de 2020-2022.<\/p>\n<p>&nbsp;<\/p>\n<p><strong><img loading=\"lazy\" class=\"alignleft wp-image-246031\" src=\"https:\/\/franciscanos.org.br\/noticias\/wp-content\/uploads\/2024\/01\/jeronimo1.jpg\" alt=\"\" width=\"229\" height=\"247\" srcset=\"https:\/\/franciscanos.org.br\/noticias\/wp-content\/uploads\/2024\/01\/jeronimo1.jpg 500w, https:\/\/franciscanos.org.br\/noticias\/wp-content\/uploads\/2024\/01\/jeronimo1-417x450.jpg 417w, https:\/\/franciscanos.org.br\/noticias\/wp-content\/uploads\/2024\/01\/jeronimo1-150x162.jpg 150w\" sizes=\"(max-width: 229px) 100vw, 229px\" \/>Frei Jer\u00f3nimo Cheia M\u00e1rio<\/strong><\/p>\n<p>Filho mais novo de quatro do casal Ant\u00f3nio M\u00e1rio e de Ver\u00f4nica Jungulo, os dois de feliz mem\u00f3ria. Nasceu a 1\u00ba de maio de 1996, na Prov\u00edncia do Huambo, munic\u00edpio do Catchiungo. Foi batizado no dia 22 de dezembro de 1996 e crismado no dia 2 de dezembro de\u00a02010. Fez o ensino prim\u00e1rio e secund\u00e1rio no col\u00e9gio das Irm\u00e3s Teresinas de Catchiungo, tendo feito o Ensino M\u00e9dio\/Aspirantado, no Semin\u00e1rio Franciscano Monte Alverne, na prov\u00edncia de Malanje. Fez o seu Postulantado nem Quibala, em 2018. No dia 20 de janeiro de 2019 foi admitido ao Noviciado, e no dia 11 de janeiro de 2020 fez a sua Primeira Profiss\u00e3o religiosa na Ordem dos Frades Menores, em Quibala. Cursou Filosofia na FAE Centro Universit\u00e1rio, em Curitiba (PR). Em 2023 viveu a servi\u00e7o da Fraternidade Monte Alverne como parte do Ano Mission\u00e1rios.<\/p>\n<p>&nbsp;<\/p>\n<p><strong><img loading=\"lazy\" class=\"alignleft wp-image-246039\" src=\"https:\/\/franciscanos.org.br\/noticias\/wp-content\/uploads\/2024\/01\/valodia2.jpg\" alt=\"\" width=\"232\" height=\"251\" srcset=\"https:\/\/franciscanos.org.br\/noticias\/wp-content\/uploads\/2024\/01\/valodia2.jpg 500w, https:\/\/franciscanos.org.br\/noticias\/wp-content\/uploads\/2024\/01\/valodia2-417x450.jpg 417w, https:\/\/franciscanos.org.br\/noticias\/wp-content\/uploads\/2024\/01\/valodia2-150x162.jpg 150w\" sizes=\"(max-width: 232px) 100vw, 232px\" \/>Frei Val\u00f3dia Jo\u00e3o Manuel Baptista Domingos<\/strong><\/p>\n<p>Filho de Jo\u00e3o Baptista Domingos e de Florinda Ant\u00f3nio Manuel, nasceu no dia 13 de novembro de 1995 na Catepa, Prov\u00edncia de Malanje. Foi batizado em 28 de abril de 1996 na Par\u00f3quia Santos Mart\u00edres de Uganda, Catepa, na Arquidiocese de Malanje, e recebeu o Sacramento da Confirma\u00e7\u00e3o em 31 de agosto de 2014. Ingressou no Semin\u00e1rio em 2014, fazendo o Aspirtando em 2016, em Malanje. O Postulantado fez em 2017, em Quibala; ingressando no Noviciado de Rodeio (SC) no ano seguinte. Professou pela primeira vez na Ordem em 10 de janeiro de 2019; e cursou Filosofia de 2019 a 2023.<\/p>\n<p>&nbsp;<\/p>\n<p>&nbsp;<\/p>\n<p><strong><img loading=\"lazy\" class=\"alignleft wp-image-246033\" src=\"https:\/\/franciscanos.org.br\/noticias\/wp-content\/uploads\/2024\/01\/venacio.jpg\" alt=\"\" width=\"232\" height=\"251\" srcset=\"https:\/\/franciscanos.org.br\/noticias\/wp-content\/uploads\/2024\/01\/venacio.jpg 500w, https:\/\/franciscanos.org.br\/noticias\/wp-content\/uploads\/2024\/01\/venacio-417x450.jpg 417w, https:\/\/franciscanos.org.br\/noticias\/wp-content\/uploads\/2024\/01\/venacio-150x162.jpg 150w\" sizes=\"(max-width: 232px) 100vw, 232px\" \/>Frei Ven\u00e2ncio Canombelo Candundo<\/strong><\/p>\n<p>Nasceu no dia 5 de janeiro de 1996, no munic\u00edpio do Katchiungo, Prov\u00edncia do Huambo. Filho de Albino Candundo e Ros\u00e1lia Mbuio, tem 8 irm\u00e3os. Batizado no dia 22 de dezembro de 1996, foi crismado no dia 1\u00ba de dezembro de 2013. Efetivamente, de 2015 a 2017 viveu no Semin\u00e1rio Monte Alverne, na Prov\u00edncia de Malanje. Frei Ven\u00e2ncio foi admitido ao Postulantado no dia 7 de fevereiro de 2018, em Quibala.\u00a0 No dia 20 de janeiro de 2019, foi admitido ao Noviciado em Quibala e, no dia 11 de janeiro de 2020, teve a gra\u00e7a de fazer a sua primeira Profiss\u00e3o Tempor\u00e1ria. Cursou Filosofia na FAE Centro Universit\u00e1rio, em Curitiba (PR), de 2020 a 2022, fazendo o Ano Mission\u00e1rio em 2023, em Quibala.<\/p>\n<hr \/>\n<p><img loading=\"lazy\" class=\"alignnone size-full wp-image-246025\" src=\"https:\/\/franciscanos.org.br\/noticias\/wp-content\/uploads\/2024\/01\/angola_professos_02.png\" alt=\"\" width=\"1280\" height=\"744\" srcset=\"https:\/\/franciscanos.org.br\/noticias\/wp-content\/uploads\/2024\/01\/angola_professos_02.png 1280w, https:\/\/franciscanos.org.br\/noticias\/wp-content\/uploads\/2024\/01\/angola_professos_02-450x262.png 450w, https:\/\/franciscanos.org.br\/noticias\/wp-content\/uploads\/2024\/01\/angola_professos_02-1024x595.png 1024w, https:\/\/franciscanos.org.br\/noticias\/wp-content\/uploads\/2024\/01\/angola_professos_02-768x446.png 768w, https:\/\/franciscanos.org.br\/noticias\/wp-content\/uploads\/2024\/01\/angola_professos_02-150x87.png 150w\" sizes=\"(max-width: 1280px) 100vw, 1280px\" \/><\/p>\n<hr \/>\n<p>&nbsp;<\/p>\n<p><em>Moacir Beggo, na Sede Provincial em S\u00e3o Paulo<\/em><\/p>\n","protected":false},"excerpt":{"rendered":"<p>Funda\u00e7\u00e3o Imaculada M\u00e3e de Deus de Angola<\/p>\n","protected":false},"author":3,"featured_media":246026,"comment_status":"open","ping_status":"open","sticky":false,"template":"","format":"standard","meta":[],"categories":[1],"tags":[360,2056],"acf":[],"yoast_head":"<!-- This site is optimized with the Yoast SEO plugin v19.2 - https:\/\/yoast.com\/wordpress\/plugins\/seo\/ -->\n<title>No Ano Jubilar dos Estigmas de S\u00e3o Francisco, oito jovens frades fazem a Profiss\u00e3o Solene - Not\u00edcias - Franciscanos<\/title>\n<meta name=\"robots\" content=\"index, follow, max-snippet:-1, max-image-preview:large, max-video-preview:-1\" \/>\n<link rel=\"canonical\" href=\"https:\/\/franciscanos.org.br\/noticias\/no-ano-jubilar-dos-estigmas-de-sao-francisco-oito-jovens-frades-fazem-a-profissao-solene.html\" \/>\n<meta property=\"og:locale\" content=\"pt_BR\" \/>\n<meta property=\"og:type\" content=\"article\" \/>\n<meta property=\"og:title\" content=\"No Ano Jubilar dos Estigmas de S\u00e3o Francisco, oito jovens frades fazem a Profiss\u00e3o Solene - Not\u00edcias - Franciscanos\" \/>\n<meta property=\"og:description\" content=\"Funda\u00e7\u00e3o Imaculada M\u00e3e de Deus de Angola\" \/>\n<meta property=\"og:url\" content=\"https:\/\/franciscanos.org.br\/noticias\/no-ano-jubilar-dos-estigmas-de-sao-francisco-oito-jovens-frades-fazem-a-profissao-solene.html\" \/>\n<meta property=\"og:site_name\" content=\"Not\u00edcias - Franciscanos\" \/>\n<meta property=\"article:published_time\" content=\"2024-01-28T03:54:35+00:00\" \/>\n<meta property=\"article:modified_time\" content=\"2025-03-10T18:57:12+00:00\" \/>\n<meta property=\"og:image\" content=\"https:\/\/franciscanos.org.br\/noticias\/wp-content\/uploads\/2024\/01\/angola_professos_01.jpg\" \/>\n\t<meta property=\"og:image:width\" content=\"1280\" \/>\n\t<meta property=\"og:image:height\" content=\"720\" \/>\n\t<meta property=\"og:image:type\" content=\"image\/jpeg\" \/>\n<meta name=\"author\" content=\"moacir\" \/>\n<meta name=\"twitter:card\" content=\"summary_large_image\" \/>\n<meta name=\"twitter:label1\" content=\"Escrito por\" \/>\n\t<meta name=\"twitter:data1\" content=\"moacir\" \/>\n\t<meta name=\"twitter:label2\" content=\"Est. tempo de leitura\" \/>\n\t<meta name=\"twitter:data2\" content=\"8 minutos\" \/>\n<script type=\"application\/ld+json\" class=\"yoast-schema-graph\">{\"@context\":\"https:\/\/schema.org\",\"@graph\":[{\"@type\":\"WebSite\",\"@id\":\"https:\/\/franciscanos.org.br\/noticias\/#website\",\"url\":\"https:\/\/franciscanos.org.br\/noticias\/\",\"name\":\"Not\u00edcias - Franciscanos\",\"description\":\"Prov\u00edncia Franciscana da Imaculada Concei\u00e7\u00e3o do Brasil - Ordem dos Frades Menores - OFM\",\"potentialAction\":[{\"@type\":\"SearchAction\",\"target\":{\"@type\":\"EntryPoint\",\"urlTemplate\":\"https:\/\/franciscanos.org.br\/noticias\/?s={search_term_string}\"},\"query-input\":\"required name=search_term_string\"}],\"inLanguage\":\"pt-BR\"},{\"@type\":\"ImageObject\",\"inLanguage\":\"pt-BR\",\"@id\":\"https:\/\/franciscanos.org.br\/noticias\/no-ano-jubilar-dos-estigmas-de-sao-francisco-oito-jovens-frades-fazem-a-profissao-solene.html#primaryimage\",\"url\":\"https:\/\/franciscanos.org.br\/noticias\/wp-content\/uploads\/2024\/01\/angola_professos_01.jpg\",\"contentUrl\":\"https:\/\/franciscanos.org.br\/noticias\/wp-content\/uploads\/2024\/01\/angola_professos_01.jpg\",\"width\":1280,\"height\":720},{\"@type\":\"WebPage\",\"@id\":\"https:\/\/franciscanos.org.br\/noticias\/no-ano-jubilar-dos-estigmas-de-sao-francisco-oito-jovens-frades-fazem-a-profissao-solene.html#webpage\",\"url\":\"https:\/\/franciscanos.org.br\/noticias\/no-ano-jubilar-dos-estigmas-de-sao-francisco-oito-jovens-frades-fazem-a-profissao-solene.html\",\"name\":\"No Ano Jubilar dos Estigmas de S\u00e3o Francisco, oito jovens frades fazem a Profiss\u00e3o Solene - Not\u00edcias - Franciscanos\",\"isPartOf\":{\"@id\":\"https:\/\/franciscanos.org.br\/noticias\/#website\"},\"primaryImageOfPage\":{\"@id\":\"https:\/\/franciscanos.org.br\/noticias\/no-ano-jubilar-dos-estigmas-de-sao-francisco-oito-jovens-frades-fazem-a-profissao-solene.html#primaryimage\"},\"datePublished\":\"2024-01-28T03:54:35+00:00\",\"dateModified\":\"2025-03-10T18:57:12+00:00\",\"author\":{\"@id\":\"https:\/\/franciscanos.org.br\/noticias\/#\/schema\/person\/b5c8cba458c330ccff548b056e95a5d4\"},\"breadcrumb\":{\"@id\":\"https:\/\/franciscanos.org.br\/noticias\/no-ano-jubilar-dos-estigmas-de-sao-francisco-oito-jovens-frades-fazem-a-profissao-solene.html#breadcrumb\"},\"inLanguage\":\"pt-BR\",\"potentialAction\":[{\"@type\":\"ReadAction\",\"target\":[\"https:\/\/franciscanos.org.br\/noticias\/no-ano-jubilar-dos-estigmas-de-sao-francisco-oito-jovens-frades-fazem-a-profissao-solene.html\"]}]},{\"@type\":\"BreadcrumbList\",\"@id\":\"https:\/\/franciscanos.org.br\/noticias\/no-ano-jubilar-dos-estigmas-de-sao-francisco-oito-jovens-frades-fazem-a-profissao-solene.html#breadcrumb\",\"itemListElement\":[{\"@type\":\"ListItem\",\"position\":1,\"name\":\"Home\",\"item\":\"https:\/\/franciscanos.org.br\/noticias\"},{\"@type\":\"ListItem\",\"position\":2,\"name\":\"No Ano Jubilar dos Estigmas de S\u00e3o Francisco, oito jovens frades fazem a Profiss\u00e3o Solene\"}]},{\"@type\":\"Person\",\"@id\":\"https:\/\/franciscanos.org.br\/noticias\/#\/schema\/person\/b5c8cba458c330ccff548b056e95a5d4\",\"name\":\"moacir\",\"image\":{\"@type\":\"ImageObject\",\"inLanguage\":\"pt-BR\",\"@id\":\"https:\/\/franciscanos.org.br\/noticias\/#\/schema\/person\/image\/\",\"url\":\"https:\/\/secure.gravatar.com\/avatar\/d08aa2ce4c8dd416d4479aa8536fcf64?s=96&d=mm&r=g\",\"contentUrl\":\"https:\/\/secure.gravatar.com\/avatar\/d08aa2ce4c8dd416d4479aa8536fcf64?s=96&d=mm&r=g\",\"caption\":\"moacir\"},\"url\":\"https:\/\/franciscanos.org.br\/noticias\/author\/moacir\"}]}<\/script>\n<!-- \/ Yoast SEO plugin. -->","yoast_head_json":{"title":"No Ano Jubilar dos Estigmas de S\u00e3o Francisco, oito jovens frades fazem a Profiss\u00e3o Solene - Not\u00edcias - Franciscanos","robots":{"index":"index","follow":"follow","max-snippet":"max-snippet:-1","max-image-preview":"max-image-preview:large","max-video-preview":"max-video-preview:-1"},"canonical":"https:\/\/franciscanos.org.br\/noticias\/no-ano-jubilar-dos-estigmas-de-sao-francisco-oito-jovens-frades-fazem-a-profissao-solene.html","og_locale":"pt_BR","og_type":"article","og_title":"No Ano Jubilar dos Estigmas de S\u00e3o Francisco, oito jovens frades fazem a Profiss\u00e3o Solene - Not\u00edcias - Franciscanos","og_description":"Funda\u00e7\u00e3o Imaculada M\u00e3e de Deus de Angola","og_url":"https:\/\/franciscanos.org.br\/noticias\/no-ano-jubilar-dos-estigmas-de-sao-francisco-oito-jovens-frades-fazem-a-profissao-solene.html","og_site_name":"Not\u00edcias - Franciscanos","article_published_time":"2024-01-28T03:54:35+00:00","article_modified_time":"2025-03-10T18:57:12+00:00","og_image":[{"width":1280,"height":720,"url":"https:\/\/franciscanos.org.br\/noticias\/wp-content\/uploads\/2024\/01\/angola_professos_01.jpg","type":"image\/jpeg"}],"author":"moacir","twitter_card":"summary_large_image","twitter_misc":{"Escrito por":"moacir","Est. tempo de leitura":"8 minutos"},"schema":{"@context":"https:\/\/schema.org","@graph":[{"@type":"WebSite","@id":"https:\/\/franciscanos.org.br\/noticias\/#website","url":"https:\/\/franciscanos.org.br\/noticias\/","name":"Not\u00edcias - Franciscanos","description":"Prov\u00edncia Franciscana da Imaculada Concei\u00e7\u00e3o do Brasil - Ordem dos Frades Menores - OFM","potentialAction":[{"@type":"SearchAction","target":{"@type":"EntryPoint","urlTemplate":"https:\/\/franciscanos.org.br\/noticias\/?s={search_term_string}"},"query-input":"required name=search_term_string"}],"inLanguage":"pt-BR"},{"@type":"ImageObject","inLanguage":"pt-BR","@id":"https:\/\/franciscanos.org.br\/noticias\/no-ano-jubilar-dos-estigmas-de-sao-francisco-oito-jovens-frades-fazem-a-profissao-solene.html#primaryimage","url":"https:\/\/franciscanos.org.br\/noticias\/wp-content\/uploads\/2024\/01\/angola_professos_01.jpg","contentUrl":"https:\/\/franciscanos.org.br\/noticias\/wp-content\/uploads\/2024\/01\/angola_professos_01.jpg","width":1280,"height":720},{"@type":"WebPage","@id":"https:\/\/franciscanos.org.br\/noticias\/no-ano-jubilar-dos-estigmas-de-sao-francisco-oito-jovens-frades-fazem-a-profissao-solene.html#webpage","url":"https:\/\/franciscanos.org.br\/noticias\/no-ano-jubilar-dos-estigmas-de-sao-francisco-oito-jovens-frades-fazem-a-profissao-solene.html","name":"No Ano Jubilar dos Estigmas de S\u00e3o Francisco, oito jovens frades fazem a Profiss\u00e3o Solene - Not\u00edcias - Franciscanos","isPartOf":{"@id":"https:\/\/franciscanos.org.br\/noticias\/#website"},"primaryImageOfPage":{"@id":"https:\/\/franciscanos.org.br\/noticias\/no-ano-jubilar-dos-estigmas-de-sao-francisco-oito-jovens-frades-fazem-a-profissao-solene.html#primaryimage"},"datePublished":"2024-01-28T03:54:35+00:00","dateModified":"2025-03-10T18:57:12+00:00","author":{"@id":"https:\/\/franciscanos.org.br\/noticias\/#\/schema\/person\/b5c8cba458c330ccff548b056e95a5d4"},"breadcrumb":{"@id":"https:\/\/franciscanos.org.br\/noticias\/no-ano-jubilar-dos-estigmas-de-sao-francisco-oito-jovens-frades-fazem-a-profissao-solene.html#breadcrumb"},"inLanguage":"pt-BR","potentialAction":[{"@type":"ReadAction","target":["https:\/\/franciscanos.org.br\/noticias\/no-ano-jubilar-dos-estigmas-de-sao-francisco-oito-jovens-frades-fazem-a-profissao-solene.html"]}]},{"@type":"BreadcrumbList","@id":"https:\/\/franciscanos.org.br\/noticias\/no-ano-jubilar-dos-estigmas-de-sao-francisco-oito-jovens-frades-fazem-a-profissao-solene.html#breadcrumb","itemListElement":[{"@type":"ListItem","position":1,"name":"Home","item":"https:\/\/franciscanos.org.br\/noticias"},{"@type":"ListItem","position":2,"name":"No Ano Jubilar dos Estigmas de S\u00e3o Francisco, oito jovens frades fazem a Profiss\u00e3o Solene"}]},{"@type":"Person","@id":"https:\/\/franciscanos.org.br\/noticias\/#\/schema\/person\/b5c8cba458c330ccff548b056e95a5d4","name":"moacir","image":{"@type":"ImageObject","inLanguage":"pt-BR","@id":"https:\/\/franciscanos.org.br\/noticias\/#\/schema\/person\/image\/","url":"https:\/\/secure.gravatar.com\/avatar\/d08aa2ce4c8dd416d4479aa8536fcf64?s=96&d=mm&r=g","contentUrl":"https:\/\/secure.gravatar.com\/avatar\/d08aa2ce4c8dd416d4479aa8536fcf64?s=96&d=mm&r=g","caption":"moacir"},"url":"https:\/\/franciscanos.org.br\/noticias\/author\/moacir"}]}},"_links":{"self":[{"href":"https:\/\/franciscanos.org.br\/noticias\/wp-json\/wp\/v2\/posts\/246024"}],"collection":[{"href":"https:\/\/franciscanos.org.br\/noticias\/wp-json\/wp\/v2\/posts"}],"about":[{"href":"https:\/\/franciscanos.org.br\/noticias\/wp-json\/wp\/v2\/types\/post"}],"author":[{"embeddable":true,"href":"https:\/\/franciscanos.org.br\/noticias\/wp-json\/wp\/v2\/users\/3"}],"replies":[{"embeddable":true,"href":"https:\/\/franciscanos.org.br\/noticias\/wp-json\/wp\/v2\/comments?post=246024"}],"version-history":[{"count":27,"href":"https:\/\/franciscanos.org.br\/noticias\/wp-json\/wp\/v2\/posts\/246024\/revisions"}],"predecessor-version":[{"id":246064,"href":"https:\/\/franciscanos.org.br\/noticias\/wp-json\/wp\/v2\/posts\/246024\/revisions\/246064"}],"wp:featuredmedia":[{"embeddable":true,"href":"https:\/\/franciscanos.org.br\/noticias\/wp-json\/wp\/v2\/media\/246026"}],"wp:attachment":[{"href":"https:\/\/franciscanos.org.br\/noticias\/wp-json\/wp\/v2\/media?parent=246024"}],"wp:term":[{"taxonomy":"category","embeddable":true,"href":"https:\/\/franciscanos.org.br\/noticias\/wp-json\/wp\/v2\/categories?post=246024"},{"taxonomy":"post_tag","embeddable":true,"href":"https:\/\/franciscanos.org.br\/noticias\/wp-json\/wp\/v2\/tags?post=246024"}],"curies":[{"name":"wp","href":"https:\/\/api.w.org\/{rel}","templated":true}]}}