{"id":245996,"date":"2024-01-11T20:08:08","date_gmt":"2024-01-11T23:08:08","guid":{"rendered":"https:\/\/franciscanos.org.br\/noticias\/?p=245996"},"modified":"2024-01-12T08:09:01","modified_gmt":"2024-01-12T11:09:01","slug":"jubileu-madre-maria-clara-completa-25-anos-de-vida-religiosa-na-ordem-de-santa-clara","status":"publish","type":"post","link":"https:\/\/franciscanos.org.br\/noticias\/jubileu-madre-maria-clara-completa-25-anos-de-vida-religiosa-na-ordem-de-santa-clara.html","title":{"rendered":"Jubileu: Madre Maria Clara completa 25 anos de Vida Religiosa na Ordem de Santa Clara"},"content":{"rendered":"<p><img loading=\"lazy\" class=\"alignnone size-full wp-image-245997\" src=\"https:\/\/franciscanos.org.br\/noticias\/wp-content\/uploads\/2024\/01\/clarissa_01.jpg\" alt=\"\" width=\"1280\" height=\"720\" srcset=\"https:\/\/franciscanos.org.br\/noticias\/wp-content\/uploads\/2024\/01\/clarissa_01.jpg 1280w, https:\/\/franciscanos.org.br\/noticias\/wp-content\/uploads\/2024\/01\/clarissa_01-450x253.jpg 450w, https:\/\/franciscanos.org.br\/noticias\/wp-content\/uploads\/2024\/01\/clarissa_01-1024x576.jpg 1024w, https:\/\/franciscanos.org.br\/noticias\/wp-content\/uploads\/2024\/01\/clarissa_01-768x432.jpg 768w, https:\/\/franciscanos.org.br\/noticias\/wp-content\/uploads\/2024\/01\/clarissa_01-150x84.jpg 150w\" sizes=\"(max-width: 1280px) 100vw, 1280px\" \/><\/p>\n<p><strong>Colatina (ES) &#8211;<\/strong> No \u00faltimo dia 10 de janeiro, na Celebra\u00e7\u00e3o Eucar\u00edstica das 7h, \u00e0s Irm\u00e3s Clarissas do Mosteiro Sant\u00edssima Trindade de Colatina (ES) celebraram com festa e solenidade o Jubileu de 25 anos de Vida Religiosa da Madre Maria Clara do Pai Eterno, da Ordem de Santa Clara, OSC.<\/p>\n<p><img loading=\"lazy\" class=\"alignleft size-full wp-image-245998\" src=\"https:\/\/franciscanos.org.br\/noticias\/wp-content\/uploads\/2024\/01\/clarissa_02.jpg\" alt=\"\" width=\"500\" height=\"625\" srcset=\"https:\/\/franciscanos.org.br\/noticias\/wp-content\/uploads\/2024\/01\/clarissa_02.jpg 500w, https:\/\/franciscanos.org.br\/noticias\/wp-content\/uploads\/2024\/01\/clarissa_02-360x450.jpg 360w, https:\/\/franciscanos.org.br\/noticias\/wp-content\/uploads\/2024\/01\/clarissa_02-150x188.jpg 150w\" sizes=\"(max-width: 500px) 100vw, 500px\" \/>A Santa Missa foi presidida por Frei Augusto Luiz Gabriel e contou com a presen\u00e7a da comunidade local que diariamente frequenta o Mosteiro das Clarissas, presente na cidade h\u00e1 mais de 30 anos.<\/p>\n<p>&#8220;No dia em que celebramos o Jubileu de Vida Religiosa de Irm\u00e3 Clara, a Palavra de Deus vem ao nosso encontro para falar dos milagres e da fama de Jesus que se espalhava por toda a parte. Em seu minist\u00e9rio p\u00fablico, Jesus realizou diversas curas. Foi sol\u00edcito \u00e0s necessidades dos outros. N\u00e3o porque precisasse provar algo, mas porque sua liga\u00e7\u00e3o com o Pai lhe fazia ser sens\u00edvel ao outro&#8221;, disse o religioso no in\u00edcio da homilia.<\/p>\n<p>Citando a Primeira Leitura (1 Samuel 3,1-10.19-20), Frei Augusto explicou que Samuel tamb\u00e9m correspondeu ao Senhor atrav\u00e9s do seu chamado. &#8220;E tamb\u00e9m ouvimos o salmista louvando a Deus: &#8216;Eis que venho fazer com prazer, a vossa vontade, Senhor!'&#8221;, disse. &#8220;\u00c9 uma liturgia vocacional que nos fala da miss\u00e3o de Jesus, da voca\u00e7\u00e3o de Samuel e da voca\u00e7\u00e3o a Irm\u00e3 Clara que sem d\u00favida alguma tamb\u00e9m com muito prazer, com gosto, cumpre diariamente a vontade do Senhor em sua vida&#8221;, frisou.<\/p>\n<p><img loading=\"lazy\" class=\"alignright size-full wp-image-245999\" src=\"https:\/\/franciscanos.org.br\/noticias\/wp-content\/uploads\/2024\/01\/clarissa_03.jpg\" alt=\"\" width=\"500\" height=\"625\" srcset=\"https:\/\/franciscanos.org.br\/noticias\/wp-content\/uploads\/2024\/01\/clarissa_03.jpg 500w, https:\/\/franciscanos.org.br\/noticias\/wp-content\/uploads\/2024\/01\/clarissa_03-360x450.jpg 360w, https:\/\/franciscanos.org.br\/noticias\/wp-content\/uploads\/2024\/01\/clarissa_03-150x188.jpg 150w\" sizes=\"(max-width: 500px) 100vw, 500px\" \/>&#8220;Madre Maria Clara, eu me acostumei a te chamar de Irm\u00e3, hoje a senhora completa 25 anos de dedica\u00e7\u00e3o ao servi\u00e7o do Reino, com a disponibilidade do seu sim, com a generosidade do seu cora\u00e7\u00e3o e com a coragem de uma jovem, como Clara de Assis, que deseja e almeja fazer a diferen\u00e7a. As suas co-irm\u00e3s, me orientaram a n\u00e3o falar muito sobre sua vida e voca\u00e7\u00e3o, mas n\u00e3o podemos deixar de dizer que n\u00f3s como franciscanos e franciscanas temos a alegria do seu conv\u00edvio, do seu sim, e de v\u00ea-la a cada dia cumprindo a vontade do Senhor: \u201cEis que venho fazer, com prazer, a vossa vontade, Senhor!\u201d. Que o Senhor possa continuar lhe aben\u00e7oando, iluminando e sendo sua for\u00e7a na caminhada religiosa franciscana. Conte conosco e com nossas ora\u00e7\u00f5es&#8221;, rogou.<\/p>\n<p>Ap\u00f3s a homilia, diante das Irm\u00e3s, do celebrante e de todo o povo de Deus, Irm\u00e3 Maria Clara renovou os seus votos. A comunidade acompanhou este momento com muita aten\u00e7\u00e3o e devo\u00e7\u00e3o e no final da missa parabenizou a irm\u00e3!<\/p>\n<hr \/>\n<p><em>Comunica\u00e7\u00e3o do Mosteiro Sant\u00edssima Trindade<\/em><\/p>\n","protected":false},"excerpt":{"rendered":"<p>Irm\u00e3s Clarissas de Colatina<\/p>\n","protected":false},"author":3,"featured_media":246000,"comment_status":"open","ping_status":"open","sticky":false,"template":"","format":"standard","meta":[],"categories":[1],"tags":[171],"acf":[],"yoast_head":"<!-- This site is optimized with the Yoast SEO plugin v19.2 - https:\/\/yoast.com\/wordpress\/plugins\/seo\/ -->\n<title>Jubileu: Madre Maria Clara completa 25 anos de Vida Religiosa na Ordem de Santa Clara - Not\u00edcias - Franciscanos<\/title>\n<meta name=\"robots\" content=\"index, follow, max-snippet:-1, max-image-preview:large, max-video-preview:-1\" \/>\n<link rel=\"canonical\" href=\"https:\/\/franciscanos.org.br\/noticias\/jubileu-madre-maria-clara-completa-25-anos-de-vida-religiosa-na-ordem-de-santa-clara.html\" \/>\n<meta property=\"og:locale\" content=\"pt_BR\" \/>\n<meta property=\"og:type\" content=\"article\" \/>\n<meta property=\"og:title\" content=\"Jubileu: Madre Maria Clara completa 25 anos de Vida Religiosa na Ordem de Santa Clara - Not\u00edcias - Franciscanos\" \/>\n<meta property=\"og:description\" content=\"Irm\u00e3s Clarissas de Colatina\" \/>\n<meta property=\"og:url\" content=\"https:\/\/franciscanos.org.br\/noticias\/jubileu-madre-maria-clara-completa-25-anos-de-vida-religiosa-na-ordem-de-santa-clara.html\" \/>\n<meta property=\"og:site_name\" content=\"Not\u00edcias - Franciscanos\" \/>\n<meta property=\"article:published_time\" content=\"2024-01-11T23:08:08+00:00\" \/>\n<meta property=\"article:modified_time\" content=\"2024-01-12T11:09:01+00:00\" \/>\n<meta property=\"og:image\" content=\"https:\/\/franciscanos.org.br\/noticias\/wp-content\/uploads\/2024\/01\/clarissa_04.jpg\" \/>\n\t<meta property=\"og:image:width\" content=\"800\" \/>\n\t<meta property=\"og:image:height\" content=\"500\" \/>\n\t<meta property=\"og:image:type\" content=\"image\/jpeg\" \/>\n<meta name=\"author\" content=\"moacir\" \/>\n<meta name=\"twitter:card\" content=\"summary_large_image\" \/>\n<meta name=\"twitter:label1\" content=\"Escrito por\" \/>\n\t<meta name=\"twitter:data1\" content=\"moacir\" \/>\n\t<meta name=\"twitter:label2\" content=\"Est. tempo de leitura\" \/>\n\t<meta name=\"twitter:data2\" content=\"2 minutos\" \/>\n<script type=\"application\/ld+json\" class=\"yoast-schema-graph\">{\"@context\":\"https:\/\/schema.org\",\"@graph\":[{\"@type\":\"WebSite\",\"@id\":\"https:\/\/franciscanos.org.br\/noticias\/#website\",\"url\":\"https:\/\/franciscanos.org.br\/noticias\/\",\"name\":\"Not\u00edcias - Franciscanos\",\"description\":\"Prov\u00edncia Franciscana da Imaculada Concei\u00e7\u00e3o do Brasil - Ordem dos Frades Menores - OFM\",\"potentialAction\":[{\"@type\":\"SearchAction\",\"target\":{\"@type\":\"EntryPoint\",\"urlTemplate\":\"https:\/\/franciscanos.org.br\/noticias\/?s={search_term_string}\"},\"query-input\":\"required name=search_term_string\"}],\"inLanguage\":\"pt-BR\"},{\"@type\":\"ImageObject\",\"inLanguage\":\"pt-BR\",\"@id\":\"https:\/\/franciscanos.org.br\/noticias\/jubileu-madre-maria-clara-completa-25-anos-de-vida-religiosa-na-ordem-de-santa-clara.html#primaryimage\",\"url\":\"https:\/\/franciscanos.org.br\/noticias\/wp-content\/uploads\/2024\/01\/clarissa_04.jpg\",\"contentUrl\":\"https:\/\/franciscanos.org.br\/noticias\/wp-content\/uploads\/2024\/01\/clarissa_04.jpg\",\"width\":800,\"height\":500},{\"@type\":\"WebPage\",\"@id\":\"https:\/\/franciscanos.org.br\/noticias\/jubileu-madre-maria-clara-completa-25-anos-de-vida-religiosa-na-ordem-de-santa-clara.html#webpage\",\"url\":\"https:\/\/franciscanos.org.br\/noticias\/jubileu-madre-maria-clara-completa-25-anos-de-vida-religiosa-na-ordem-de-santa-clara.html\",\"name\":\"Jubileu: Madre Maria Clara completa 25 anos de Vida Religiosa na Ordem de Santa Clara - Not\u00edcias - Franciscanos\",\"isPartOf\":{\"@id\":\"https:\/\/franciscanos.org.br\/noticias\/#website\"},\"primaryImageOfPage\":{\"@id\":\"https:\/\/franciscanos.org.br\/noticias\/jubileu-madre-maria-clara-completa-25-anos-de-vida-religiosa-na-ordem-de-santa-clara.html#primaryimage\"},\"datePublished\":\"2024-01-11T23:08:08+00:00\",\"dateModified\":\"2024-01-12T11:09:01+00:00\",\"author\":{\"@id\":\"https:\/\/franciscanos.org.br\/noticias\/#\/schema\/person\/b5c8cba458c330ccff548b056e95a5d4\"},\"breadcrumb\":{\"@id\":\"https:\/\/franciscanos.org.br\/noticias\/jubileu-madre-maria-clara-completa-25-anos-de-vida-religiosa-na-ordem-de-santa-clara.html#breadcrumb\"},\"inLanguage\":\"pt-BR\",\"potentialAction\":[{\"@type\":\"ReadAction\",\"target\":[\"https:\/\/franciscanos.org.br\/noticias\/jubileu-madre-maria-clara-completa-25-anos-de-vida-religiosa-na-ordem-de-santa-clara.html\"]}]},{\"@type\":\"BreadcrumbList\",\"@id\":\"https:\/\/franciscanos.org.br\/noticias\/jubileu-madre-maria-clara-completa-25-anos-de-vida-religiosa-na-ordem-de-santa-clara.html#breadcrumb\",\"itemListElement\":[{\"@type\":\"ListItem\",\"position\":1,\"name\":\"Home\",\"item\":\"https:\/\/franciscanos.org.br\/noticias\"},{\"@type\":\"ListItem\",\"position\":2,\"name\":\"Jubileu: Madre Maria Clara completa 25 anos de Vida Religiosa na Ordem de Santa Clara\"}]},{\"@type\":\"Person\",\"@id\":\"https:\/\/franciscanos.org.br\/noticias\/#\/schema\/person\/b5c8cba458c330ccff548b056e95a5d4\",\"name\":\"moacir\",\"image\":{\"@type\":\"ImageObject\",\"inLanguage\":\"pt-BR\",\"@id\":\"https:\/\/franciscanos.org.br\/noticias\/#\/schema\/person\/image\/\",\"url\":\"https:\/\/secure.gravatar.com\/avatar\/d08aa2ce4c8dd416d4479aa8536fcf64?s=96&d=mm&r=g\",\"contentUrl\":\"https:\/\/secure.gravatar.com\/avatar\/d08aa2ce4c8dd416d4479aa8536fcf64?s=96&d=mm&r=g\",\"caption\":\"moacir\"},\"url\":\"https:\/\/franciscanos.org.br\/noticias\/author\/moacir\"}]}<\/script>\n<!-- \/ Yoast SEO plugin. -->","yoast_head_json":{"title":"Jubileu: Madre Maria Clara completa 25 anos de Vida Religiosa na Ordem de Santa Clara - Not\u00edcias - Franciscanos","robots":{"index":"index","follow":"follow","max-snippet":"max-snippet:-1","max-image-preview":"max-image-preview:large","max-video-preview":"max-video-preview:-1"},"canonical":"https:\/\/franciscanos.org.br\/noticias\/jubileu-madre-maria-clara-completa-25-anos-de-vida-religiosa-na-ordem-de-santa-clara.html","og_locale":"pt_BR","og_type":"article","og_title":"Jubileu: Madre Maria Clara completa 25 anos de Vida Religiosa na Ordem de Santa Clara - Not\u00edcias - Franciscanos","og_description":"Irm\u00e3s Clarissas de Colatina","og_url":"https:\/\/franciscanos.org.br\/noticias\/jubileu-madre-maria-clara-completa-25-anos-de-vida-religiosa-na-ordem-de-santa-clara.html","og_site_name":"Not\u00edcias - Franciscanos","article_published_time":"2024-01-11T23:08:08+00:00","article_modified_time":"2024-01-12T11:09:01+00:00","og_image":[{"width":800,"height":500,"url":"https:\/\/franciscanos.org.br\/noticias\/wp-content\/uploads\/2024\/01\/clarissa_04.jpg","type":"image\/jpeg"}],"author":"moacir","twitter_card":"summary_large_image","twitter_misc":{"Escrito por":"moacir","Est. tempo de leitura":"2 minutos"},"schema":{"@context":"https:\/\/schema.org","@graph":[{"@type":"WebSite","@id":"https:\/\/franciscanos.org.br\/noticias\/#website","url":"https:\/\/franciscanos.org.br\/noticias\/","name":"Not\u00edcias - Franciscanos","description":"Prov\u00edncia Franciscana da Imaculada Concei\u00e7\u00e3o do Brasil - Ordem dos Frades Menores - OFM","potentialAction":[{"@type":"SearchAction","target":{"@type":"EntryPoint","urlTemplate":"https:\/\/franciscanos.org.br\/noticias\/?s={search_term_string}"},"query-input":"required name=search_term_string"}],"inLanguage":"pt-BR"},{"@type":"ImageObject","inLanguage":"pt-BR","@id":"https:\/\/franciscanos.org.br\/noticias\/jubileu-madre-maria-clara-completa-25-anos-de-vida-religiosa-na-ordem-de-santa-clara.html#primaryimage","url":"https:\/\/franciscanos.org.br\/noticias\/wp-content\/uploads\/2024\/01\/clarissa_04.jpg","contentUrl":"https:\/\/franciscanos.org.br\/noticias\/wp-content\/uploads\/2024\/01\/clarissa_04.jpg","width":800,"height":500},{"@type":"WebPage","@id":"https:\/\/franciscanos.org.br\/noticias\/jubileu-madre-maria-clara-completa-25-anos-de-vida-religiosa-na-ordem-de-santa-clara.html#webpage","url":"https:\/\/franciscanos.org.br\/noticias\/jubileu-madre-maria-clara-completa-25-anos-de-vida-religiosa-na-ordem-de-santa-clara.html","name":"Jubileu: Madre Maria Clara completa 25 anos de Vida Religiosa na Ordem de Santa Clara - Not\u00edcias - Franciscanos","isPartOf":{"@id":"https:\/\/franciscanos.org.br\/noticias\/#website"},"primaryImageOfPage":{"@id":"https:\/\/franciscanos.org.br\/noticias\/jubileu-madre-maria-clara-completa-25-anos-de-vida-religiosa-na-ordem-de-santa-clara.html#primaryimage"},"datePublished":"2024-01-11T23:08:08+00:00","dateModified":"2024-01-12T11:09:01+00:00","author":{"@id":"https:\/\/franciscanos.org.br\/noticias\/#\/schema\/person\/b5c8cba458c330ccff548b056e95a5d4"},"breadcrumb":{"@id":"https:\/\/franciscanos.org.br\/noticias\/jubileu-madre-maria-clara-completa-25-anos-de-vida-religiosa-na-ordem-de-santa-clara.html#breadcrumb"},"inLanguage":"pt-BR","potentialAction":[{"@type":"ReadAction","target":["https:\/\/franciscanos.org.br\/noticias\/jubileu-madre-maria-clara-completa-25-anos-de-vida-religiosa-na-ordem-de-santa-clara.html"]}]},{"@type":"BreadcrumbList","@id":"https:\/\/franciscanos.org.br\/noticias\/jubileu-madre-maria-clara-completa-25-anos-de-vida-religiosa-na-ordem-de-santa-clara.html#breadcrumb","itemListElement":[{"@type":"ListItem","position":1,"name":"Home","item":"https:\/\/franciscanos.org.br\/noticias"},{"@type":"ListItem","position":2,"name":"Jubileu: Madre Maria Clara completa 25 anos de Vida Religiosa na Ordem de Santa Clara"}]},{"@type":"Person","@id":"https:\/\/franciscanos.org.br\/noticias\/#\/schema\/person\/b5c8cba458c330ccff548b056e95a5d4","name":"moacir","image":{"@type":"ImageObject","inLanguage":"pt-BR","@id":"https:\/\/franciscanos.org.br\/noticias\/#\/schema\/person\/image\/","url":"https:\/\/secure.gravatar.com\/avatar\/d08aa2ce4c8dd416d4479aa8536fcf64?s=96&d=mm&r=g","contentUrl":"https:\/\/secure.gravatar.com\/avatar\/d08aa2ce4c8dd416d4479aa8536fcf64?s=96&d=mm&r=g","caption":"moacir"},"url":"https:\/\/franciscanos.org.br\/noticias\/author\/moacir"}]}},"_links":{"self":[{"href":"https:\/\/franciscanos.org.br\/noticias\/wp-json\/wp\/v2\/posts\/245996"}],"collection":[{"href":"https:\/\/franciscanos.org.br\/noticias\/wp-json\/wp\/v2\/posts"}],"about":[{"href":"https:\/\/franciscanos.org.br\/noticias\/wp-json\/wp\/v2\/types\/post"}],"author":[{"embeddable":true,"href":"https:\/\/franciscanos.org.br\/noticias\/wp-json\/wp\/v2\/users\/3"}],"replies":[{"embeddable":true,"href":"https:\/\/franciscanos.org.br\/noticias\/wp-json\/wp\/v2\/comments?post=245996"}],"version-history":[{"count":3,"href":"https:\/\/franciscanos.org.br\/noticias\/wp-json\/wp\/v2\/posts\/245996\/revisions"}],"predecessor-version":[{"id":246003,"href":"https:\/\/franciscanos.org.br\/noticias\/wp-json\/wp\/v2\/posts\/245996\/revisions\/246003"}],"wp:featuredmedia":[{"embeddable":true,"href":"https:\/\/franciscanos.org.br\/noticias\/wp-json\/wp\/v2\/media\/246000"}],"wp:attachment":[{"href":"https:\/\/franciscanos.org.br\/noticias\/wp-json\/wp\/v2\/media?parent=245996"}],"wp:term":[{"taxonomy":"category","embeddable":true,"href":"https:\/\/franciscanos.org.br\/noticias\/wp-json\/wp\/v2\/categories?post=245996"},{"taxonomy":"post_tag","embeddable":true,"href":"https:\/\/franciscanos.org.br\/noticias\/wp-json\/wp\/v2\/tags?post=245996"}],"curies":[{"name":"wp","href":"https:\/\/api.w.org\/{rel}","templated":true}]}}