{"id":245952,"date":"2024-01-10T06:35:40","date_gmt":"2024-01-10T09:35:40","guid":{"rendered":"https:\/\/franciscanos.org.br\/noticias\/?p=245952"},"modified":"2024-01-10T06:36:24","modified_gmt":"2024-01-10T09:36:24","slug":"frade-brasileiro-e-nomeado-bispo-auxiliar-da-diocese-patriarcal-de-jerusalem-dos-latinos","status":"publish","type":"post","link":"https:\/\/franciscanos.org.br\/noticias\/frade-brasileiro-e-nomeado-bispo-auxiliar-da-diocese-patriarcal-de-jerusalem-dos-latinos.html","title":{"rendered":"Frade brasileiro \u00e9 nomeado bispo auxiliar da Diocese Patriarcal de Jerusal\u00e9m dos Latinos"},"content":{"rendered":"<div id=\"attachment_245953\" style=\"width: 1290px\" class=\"wp-caption alignnone\"><img aria-describedby=\"caption-attachment-245953\" loading=\"lazy\" class=\"wp-image-245953 size-full\" src=\"https:\/\/franciscanos.org.br\/noticias\/wp-content\/uploads\/2024\/01\/freibruno.jpeg\" alt=\"\" width=\"1280\" height=\"720\" srcset=\"https:\/\/franciscanos.org.br\/noticias\/wp-content\/uploads\/2024\/01\/freibruno.jpeg 1280w, https:\/\/franciscanos.org.br\/noticias\/wp-content\/uploads\/2024\/01\/freibruno-450x253.jpeg 450w, https:\/\/franciscanos.org.br\/noticias\/wp-content\/uploads\/2024\/01\/freibruno-1024x576.jpeg 1024w, https:\/\/franciscanos.org.br\/noticias\/wp-content\/uploads\/2024\/01\/freibruno-768x432.jpeg 768w, https:\/\/franciscanos.org.br\/noticias\/wp-content\/uploads\/2024\/01\/freibruno-150x84.jpeg 150w\" sizes=\"(max-width: 1280px) 100vw, 1280px\" \/><p id=\"caption-attachment-245953\" class=\"wp-caption-text\"><em>Imagem: Vatican Media (Frei Bruno, \u00e0 direita, ao lado do cust\u00f3dio da Terra Santa, Francesco Patton)\u00a0<\/em><\/p><\/div>\n<p>O Santo Padre nomeou Bispo Auxiliar da Diocese Patriarcal de Jerusal\u00e9m dos Latinos o Frei Bruno Varriano, O.F.M., Vig\u00e1rio Patriarcal para Chipre, atribuindo-lhe a sede titular de Astigi.<\/p>\n<p>Falando \u00e0 R\u00e1dio Vaticano \u2013 Vatican News, eis o que disse frei Bruno: &#8220;Recebi com alegria e um pouco de surpresa esse convite de Deus, esse chamado de Deus para servir \u00e0 Igreja no episcopado, servindo \u00e0 Igreja do Patriarcado Latino de Jerusal\u00e9m, presente aqui na Ilha do Chipre. Foi com como\u00e7\u00e3o, mas tamb\u00e9m com tanta f\u00e9. Depois de ter vivido nove anos em Nazar\u00e9, aprendi com o sim de Maria que ele pode fazer sim, nova, e pode sim, com a sua pot\u00eancia, transformar todas as coisas. Por isso, com este desejo de servir \u00e0 igreja como Nossa Senhora primeiramente nos ensina, digo sim \u00e0 Igreja no Episcopado. Na vida religiosa franciscana e sacerdotal, disse o meu sim, e agora, como bispo desta Igreja, como cooperador do Patriarca Latino de Jerusal\u00e9m, Cardeal Pizzaballa. Muito obrigado pelas ora\u00e7\u00f5es. Continuem a me acompanhar com as ora\u00e7\u00f5es de voc\u00eas, e assim, que eu possa sempre servir ao Senhor como Nossa Senhora e S\u00e3o Jos\u00e9 nos ensinaram. Am\u00e9m.&#8221;<\/p>\n<p><strong>Curriculum Vitae<\/strong><\/p>\n<p>Dom Bruno Varriano, O.F.M., nasceu em S\u00e3o Paulo (Brasil) e foi ordenado sacerdote para a arquidiocese de Campobasso (It\u00e1lia) em 30 de agosto de 1997. Entrou na Cust\u00f3dia da Terra Santa dos Frades Menores Franciscanos e fez sua Profiss\u00e3o Solene em 5 de outubro de 2003.<\/p>\n<p>Obteve o Doutorado em Psicologia na Pontif\u00edcia Universidade Salesiana e a Licenciatura em Teologia Espiritual na Pontif\u00edcia Universidade Antonianum de Roma.<\/p>\n<p>Ocupou v\u00e1rios cargos na Cust\u00f3dia da Terra Santa, incluindo Guardi\u00e3o do Convento de Nazar\u00e9, Membro do Discret\u00f3rio e da Comiss\u00e3o para a Forma\u00e7\u00e3o Permanente.<\/p>\n<p>Em agosto de 2022, foi nomeado Vig\u00e1rio do Patriarca de Jerusal\u00e9m dos Latinos para Chipre.<\/p>\n<hr \/>\n<p><em>Fonte: Vatican News<\/em><\/p>\n","protected":false},"excerpt":{"rendered":"<p>Novo bispo na Terra Santa<\/p>\n","protected":false},"author":3,"featured_media":245953,"comment_status":"open","ping_status":"open","sticky":false,"template":"","format":"standard","meta":[],"categories":[1],"tags":[2197],"acf":[],"yoast_head":"<!-- This site is optimized with the Yoast SEO plugin v19.2 - https:\/\/yoast.com\/wordpress\/plugins\/seo\/ -->\n<title>Frade brasileiro \u00e9 nomeado bispo auxiliar da Diocese Patriarcal de Jerusal\u00e9m dos Latinos - Not\u00edcias - Franciscanos<\/title>\n<meta name=\"robots\" content=\"index, follow, max-snippet:-1, max-image-preview:large, max-video-preview:-1\" \/>\n<link rel=\"canonical\" href=\"https:\/\/franciscanos.org.br\/noticias\/frade-brasileiro-e-nomeado-bispo-auxiliar-da-diocese-patriarcal-de-jerusalem-dos-latinos.html\" \/>\n<meta property=\"og:locale\" content=\"pt_BR\" \/>\n<meta property=\"og:type\" content=\"article\" \/>\n<meta property=\"og:title\" content=\"Frade brasileiro \u00e9 nomeado bispo auxiliar da Diocese Patriarcal de Jerusal\u00e9m dos Latinos - Not\u00edcias - Franciscanos\" \/>\n<meta property=\"og:description\" content=\"Novo bispo na Terra Santa\" \/>\n<meta property=\"og:url\" content=\"https:\/\/franciscanos.org.br\/noticias\/frade-brasileiro-e-nomeado-bispo-auxiliar-da-diocese-patriarcal-de-jerusalem-dos-latinos.html\" \/>\n<meta property=\"og:site_name\" content=\"Not\u00edcias - Franciscanos\" \/>\n<meta property=\"article:published_time\" content=\"2024-01-10T09:35:40+00:00\" \/>\n<meta property=\"article:modified_time\" content=\"2024-01-10T09:36:24+00:00\" \/>\n<meta property=\"og:image\" content=\"https:\/\/franciscanos.org.br\/noticias\/wp-content\/uploads\/2024\/01\/freibruno.jpeg\" \/>\n\t<meta property=\"og:image:width\" content=\"1280\" \/>\n\t<meta property=\"og:image:height\" content=\"720\" \/>\n\t<meta property=\"og:image:type\" content=\"image\/jpeg\" \/>\n<meta name=\"author\" content=\"moacir\" \/>\n<meta name=\"twitter:card\" content=\"summary_large_image\" \/>\n<meta name=\"twitter:label1\" content=\"Escrito por\" \/>\n\t<meta name=\"twitter:data1\" content=\"moacir\" \/>\n\t<meta name=\"twitter:label2\" content=\"Est. tempo de leitura\" \/>\n\t<meta name=\"twitter:data2\" content=\"2 minutos\" \/>\n<script type=\"application\/ld+json\" class=\"yoast-schema-graph\">{\"@context\":\"https:\/\/schema.org\",\"@graph\":[{\"@type\":\"WebSite\",\"@id\":\"https:\/\/franciscanos.org.br\/noticias\/#website\",\"url\":\"https:\/\/franciscanos.org.br\/noticias\/\",\"name\":\"Not\u00edcias - Franciscanos\",\"description\":\"Prov\u00edncia Franciscana da Imaculada Concei\u00e7\u00e3o do Brasil - Ordem dos Frades Menores - OFM\",\"potentialAction\":[{\"@type\":\"SearchAction\",\"target\":{\"@type\":\"EntryPoint\",\"urlTemplate\":\"https:\/\/franciscanos.org.br\/noticias\/?s={search_term_string}\"},\"query-input\":\"required name=search_term_string\"}],\"inLanguage\":\"pt-BR\"},{\"@type\":\"ImageObject\",\"inLanguage\":\"pt-BR\",\"@id\":\"https:\/\/franciscanos.org.br\/noticias\/frade-brasileiro-e-nomeado-bispo-auxiliar-da-diocese-patriarcal-de-jerusalem-dos-latinos.html#primaryimage\",\"url\":\"https:\/\/franciscanos.org.br\/noticias\/wp-content\/uploads\/2024\/01\/freibruno.jpeg\",\"contentUrl\":\"https:\/\/franciscanos.org.br\/noticias\/wp-content\/uploads\/2024\/01\/freibruno.jpeg\",\"width\":1280,\"height\":720},{\"@type\":\"WebPage\",\"@id\":\"https:\/\/franciscanos.org.br\/noticias\/frade-brasileiro-e-nomeado-bispo-auxiliar-da-diocese-patriarcal-de-jerusalem-dos-latinos.html#webpage\",\"url\":\"https:\/\/franciscanos.org.br\/noticias\/frade-brasileiro-e-nomeado-bispo-auxiliar-da-diocese-patriarcal-de-jerusalem-dos-latinos.html\",\"name\":\"Frade brasileiro \u00e9 nomeado bispo auxiliar da Diocese Patriarcal de Jerusal\u00e9m dos Latinos - Not\u00edcias - Franciscanos\",\"isPartOf\":{\"@id\":\"https:\/\/franciscanos.org.br\/noticias\/#website\"},\"primaryImageOfPage\":{\"@id\":\"https:\/\/franciscanos.org.br\/noticias\/frade-brasileiro-e-nomeado-bispo-auxiliar-da-diocese-patriarcal-de-jerusalem-dos-latinos.html#primaryimage\"},\"datePublished\":\"2024-01-10T09:35:40+00:00\",\"dateModified\":\"2024-01-10T09:36:24+00:00\",\"author\":{\"@id\":\"https:\/\/franciscanos.org.br\/noticias\/#\/schema\/person\/b5c8cba458c330ccff548b056e95a5d4\"},\"breadcrumb\":{\"@id\":\"https:\/\/franciscanos.org.br\/noticias\/frade-brasileiro-e-nomeado-bispo-auxiliar-da-diocese-patriarcal-de-jerusalem-dos-latinos.html#breadcrumb\"},\"inLanguage\":\"pt-BR\",\"potentialAction\":[{\"@type\":\"ReadAction\",\"target\":[\"https:\/\/franciscanos.org.br\/noticias\/frade-brasileiro-e-nomeado-bispo-auxiliar-da-diocese-patriarcal-de-jerusalem-dos-latinos.html\"]}]},{\"@type\":\"BreadcrumbList\",\"@id\":\"https:\/\/franciscanos.org.br\/noticias\/frade-brasileiro-e-nomeado-bispo-auxiliar-da-diocese-patriarcal-de-jerusalem-dos-latinos.html#breadcrumb\",\"itemListElement\":[{\"@type\":\"ListItem\",\"position\":1,\"name\":\"Home\",\"item\":\"https:\/\/franciscanos.org.br\/noticias\"},{\"@type\":\"ListItem\",\"position\":2,\"name\":\"Frade brasileiro \u00e9 nomeado bispo auxiliar da Diocese Patriarcal de Jerusal\u00e9m dos Latinos\"}]},{\"@type\":\"Person\",\"@id\":\"https:\/\/franciscanos.org.br\/noticias\/#\/schema\/person\/b5c8cba458c330ccff548b056e95a5d4\",\"name\":\"moacir\",\"image\":{\"@type\":\"ImageObject\",\"inLanguage\":\"pt-BR\",\"@id\":\"https:\/\/franciscanos.org.br\/noticias\/#\/schema\/person\/image\/\",\"url\":\"https:\/\/secure.gravatar.com\/avatar\/d08aa2ce4c8dd416d4479aa8536fcf64?s=96&d=mm&r=g\",\"contentUrl\":\"https:\/\/secure.gravatar.com\/avatar\/d08aa2ce4c8dd416d4479aa8536fcf64?s=96&d=mm&r=g\",\"caption\":\"moacir\"},\"url\":\"https:\/\/franciscanos.org.br\/noticias\/author\/moacir\"}]}<\/script>\n<!-- \/ Yoast SEO plugin. -->","yoast_head_json":{"title":"Frade brasileiro \u00e9 nomeado bispo auxiliar da Diocese Patriarcal de Jerusal\u00e9m dos Latinos - Not\u00edcias - Franciscanos","robots":{"index":"index","follow":"follow","max-snippet":"max-snippet:-1","max-image-preview":"max-image-preview:large","max-video-preview":"max-video-preview:-1"},"canonical":"https:\/\/franciscanos.org.br\/noticias\/frade-brasileiro-e-nomeado-bispo-auxiliar-da-diocese-patriarcal-de-jerusalem-dos-latinos.html","og_locale":"pt_BR","og_type":"article","og_title":"Frade brasileiro \u00e9 nomeado bispo auxiliar da Diocese Patriarcal de Jerusal\u00e9m dos Latinos - Not\u00edcias - Franciscanos","og_description":"Novo bispo na Terra Santa","og_url":"https:\/\/franciscanos.org.br\/noticias\/frade-brasileiro-e-nomeado-bispo-auxiliar-da-diocese-patriarcal-de-jerusalem-dos-latinos.html","og_site_name":"Not\u00edcias - Franciscanos","article_published_time":"2024-01-10T09:35:40+00:00","article_modified_time":"2024-01-10T09:36:24+00:00","og_image":[{"width":1280,"height":720,"url":"https:\/\/franciscanos.org.br\/noticias\/wp-content\/uploads\/2024\/01\/freibruno.jpeg","type":"image\/jpeg"}],"author":"moacir","twitter_card":"summary_large_image","twitter_misc":{"Escrito por":"moacir","Est. tempo de leitura":"2 minutos"},"schema":{"@context":"https:\/\/schema.org","@graph":[{"@type":"WebSite","@id":"https:\/\/franciscanos.org.br\/noticias\/#website","url":"https:\/\/franciscanos.org.br\/noticias\/","name":"Not\u00edcias - Franciscanos","description":"Prov\u00edncia Franciscana da Imaculada Concei\u00e7\u00e3o do Brasil - Ordem dos Frades Menores - OFM","potentialAction":[{"@type":"SearchAction","target":{"@type":"EntryPoint","urlTemplate":"https:\/\/franciscanos.org.br\/noticias\/?s={search_term_string}"},"query-input":"required name=search_term_string"}],"inLanguage":"pt-BR"},{"@type":"ImageObject","inLanguage":"pt-BR","@id":"https:\/\/franciscanos.org.br\/noticias\/frade-brasileiro-e-nomeado-bispo-auxiliar-da-diocese-patriarcal-de-jerusalem-dos-latinos.html#primaryimage","url":"https:\/\/franciscanos.org.br\/noticias\/wp-content\/uploads\/2024\/01\/freibruno.jpeg","contentUrl":"https:\/\/franciscanos.org.br\/noticias\/wp-content\/uploads\/2024\/01\/freibruno.jpeg","width":1280,"height":720},{"@type":"WebPage","@id":"https:\/\/franciscanos.org.br\/noticias\/frade-brasileiro-e-nomeado-bispo-auxiliar-da-diocese-patriarcal-de-jerusalem-dos-latinos.html#webpage","url":"https:\/\/franciscanos.org.br\/noticias\/frade-brasileiro-e-nomeado-bispo-auxiliar-da-diocese-patriarcal-de-jerusalem-dos-latinos.html","name":"Frade brasileiro \u00e9 nomeado bispo auxiliar da Diocese Patriarcal de Jerusal\u00e9m dos Latinos - Not\u00edcias - Franciscanos","isPartOf":{"@id":"https:\/\/franciscanos.org.br\/noticias\/#website"},"primaryImageOfPage":{"@id":"https:\/\/franciscanos.org.br\/noticias\/frade-brasileiro-e-nomeado-bispo-auxiliar-da-diocese-patriarcal-de-jerusalem-dos-latinos.html#primaryimage"},"datePublished":"2024-01-10T09:35:40+00:00","dateModified":"2024-01-10T09:36:24+00:00","author":{"@id":"https:\/\/franciscanos.org.br\/noticias\/#\/schema\/person\/b5c8cba458c330ccff548b056e95a5d4"},"breadcrumb":{"@id":"https:\/\/franciscanos.org.br\/noticias\/frade-brasileiro-e-nomeado-bispo-auxiliar-da-diocese-patriarcal-de-jerusalem-dos-latinos.html#breadcrumb"},"inLanguage":"pt-BR","potentialAction":[{"@type":"ReadAction","target":["https:\/\/franciscanos.org.br\/noticias\/frade-brasileiro-e-nomeado-bispo-auxiliar-da-diocese-patriarcal-de-jerusalem-dos-latinos.html"]}]},{"@type":"BreadcrumbList","@id":"https:\/\/franciscanos.org.br\/noticias\/frade-brasileiro-e-nomeado-bispo-auxiliar-da-diocese-patriarcal-de-jerusalem-dos-latinos.html#breadcrumb","itemListElement":[{"@type":"ListItem","position":1,"name":"Home","item":"https:\/\/franciscanos.org.br\/noticias"},{"@type":"ListItem","position":2,"name":"Frade brasileiro \u00e9 nomeado bispo auxiliar da Diocese Patriarcal de Jerusal\u00e9m dos Latinos"}]},{"@type":"Person","@id":"https:\/\/franciscanos.org.br\/noticias\/#\/schema\/person\/b5c8cba458c330ccff548b056e95a5d4","name":"moacir","image":{"@type":"ImageObject","inLanguage":"pt-BR","@id":"https:\/\/franciscanos.org.br\/noticias\/#\/schema\/person\/image\/","url":"https:\/\/secure.gravatar.com\/avatar\/d08aa2ce4c8dd416d4479aa8536fcf64?s=96&d=mm&r=g","contentUrl":"https:\/\/secure.gravatar.com\/avatar\/d08aa2ce4c8dd416d4479aa8536fcf64?s=96&d=mm&r=g","caption":"moacir"},"url":"https:\/\/franciscanos.org.br\/noticias\/author\/moacir"}]}},"_links":{"self":[{"href":"https:\/\/franciscanos.org.br\/noticias\/wp-json\/wp\/v2\/posts\/245952"}],"collection":[{"href":"https:\/\/franciscanos.org.br\/noticias\/wp-json\/wp\/v2\/posts"}],"about":[{"href":"https:\/\/franciscanos.org.br\/noticias\/wp-json\/wp\/v2\/types\/post"}],"author":[{"embeddable":true,"href":"https:\/\/franciscanos.org.br\/noticias\/wp-json\/wp\/v2\/users\/3"}],"replies":[{"embeddable":true,"href":"https:\/\/franciscanos.org.br\/noticias\/wp-json\/wp\/v2\/comments?post=245952"}],"version-history":[{"count":2,"href":"https:\/\/franciscanos.org.br\/noticias\/wp-json\/wp\/v2\/posts\/245952\/revisions"}],"predecessor-version":[{"id":245955,"href":"https:\/\/franciscanos.org.br\/noticias\/wp-json\/wp\/v2\/posts\/245952\/revisions\/245955"}],"wp:featuredmedia":[{"embeddable":true,"href":"https:\/\/franciscanos.org.br\/noticias\/wp-json\/wp\/v2\/media\/245953"}],"wp:attachment":[{"href":"https:\/\/franciscanos.org.br\/noticias\/wp-json\/wp\/v2\/media?parent=245952"}],"wp:term":[{"taxonomy":"category","embeddable":true,"href":"https:\/\/franciscanos.org.br\/noticias\/wp-json\/wp\/v2\/categories?post=245952"},{"taxonomy":"post_tag","embeddable":true,"href":"https:\/\/franciscanos.org.br\/noticias\/wp-json\/wp\/v2\/tags?post=245952"}],"curies":[{"name":"wp","href":"https:\/\/api.w.org\/{rel}","templated":true}]}}