{"id":245948,"date":"2024-01-09T06:06:38","date_gmt":"2024-01-09T09:06:38","guid":{"rendered":"https:\/\/franciscanos.org.br\/noticias\/?p=245948"},"modified":"2024-01-09T06:13:23","modified_gmt":"2024-01-09T09:13:23","slug":"papa-a-paz-esta-ameacada-e-o-ano-jubilar-se-faz-necessario-a-guerra-e-um-massacre-inutil","status":"publish","type":"post","link":"https:\/\/franciscanos.org.br\/noticias\/papa-a-paz-esta-ameacada-e-o-ano-jubilar-se-faz-necessario-a-guerra-e-um-massacre-inutil.html","title":{"rendered":"Papa: a paz est\u00e1 amea\u00e7ada e o Ano jubilar se faz necess\u00e1rio. A guerra \u00e9 um &#8220;massacre in\u00fatil&#8221;"},"content":{"rendered":"<div id=\"attachment_245949\" style=\"width: 1510px\" class=\"wp-caption alignnone\"><img aria-describedby=\"caption-attachment-245949\" loading=\"lazy\" class=\"wp-image-245949 size-full\" src=\"https:\/\/franciscanos.org.br\/noticias\/wp-content\/uploads\/2024\/01\/papa_08.jpeg\" alt=\"\" width=\"1500\" height=\"844\" srcset=\"https:\/\/franciscanos.org.br\/noticias\/wp-content\/uploads\/2024\/01\/papa_08.jpeg 1500w, https:\/\/franciscanos.org.br\/noticias\/wp-content\/uploads\/2024\/01\/papa_08-450x253.jpeg 450w, https:\/\/franciscanos.org.br\/noticias\/wp-content\/uploads\/2024\/01\/papa_08-1024x576.jpeg 1024w, https:\/\/franciscanos.org.br\/noticias\/wp-content\/uploads\/2024\/01\/papa_08-768x432.jpeg 768w, https:\/\/franciscanos.org.br\/noticias\/wp-content\/uploads\/2024\/01\/papa_08-150x84.jpeg 150w\" sizes=\"(max-width: 1500px) 100vw, 1500px\" \/><p id=\"caption-attachment-245949\" class=\"wp-caption-text\"><em>Imagem: Vatican Media<\/em><\/p><\/div>\n<p>O discurso do Papa ao corpo diplom\u00e1tico acreditado junto \u00e0 Santa S\u00e9 \u00e9 um dos mais tradicionais e importantes do ano e n\u00e3o foi diferente neste 2024. Francisco recebeu na manh\u00e3 desta segunda-feira, 8 de janeiro, os embaixadores de 184 pa\u00edses e passou em resenha os principais desafios da comunidade internacional. Falou de tecnologia e intelig\u00eancia artificial, migra\u00e7\u00e3o, barrigas de aluguel, mudan\u00e7as clim\u00e1ticas, educa\u00e7\u00e3o, liberdade religiosa, democracia e desigualdade. Mas o fio condutor de seu discurso foi a paz:<\/p>\n<p>\u201cTrabalhar pela paz. Uma palavra t\u00e3o fr\u00e1gil, que, ao mesmo tempo, se revela exigente e densa de significado. A ela quero dedicar a nossa reflex\u00e3o de hoje, num momento hist\u00f3rico em que a mesma est\u00e1 cada vez mais amea\u00e7ada, fragilizada e parcialmente perdida. Ali\u00e1s \u00e9 dever da Santa S\u00e9, no seio da comunidade internacional, ser voz prof\u00e9tica e apelo \u00e0 consci\u00eancia.\u201d<\/p>\n<p>Francisco citou o discurso do seu predecessor Pio XII oitenta anos atr\u00e1s, perto do fim da II Guerra Mundial, em que a humanidade sentia o impulso para uma &#8220;renova\u00e7\u00e3o profunda&#8221;. Este impulso, afirmou o Pont\u00edfice, parece ter-se esgotado e &#8220;terceira guerra mundial aos peda\u00e7os&#8221; est\u00e1 se tornando um verdadeiro conflito global.<\/p>\n<p><strong>Os conflitos atuais<\/strong><\/p>\n<p>A primeira guerra citada pelo Papa foi entre Israel e na Palestina. O ataque terrorista de 7 de outubro deixou todos \u201cchocados\u201d e provocou uma forte resposta militar israelense em Gaza. \u201cRepito a minha condena\u00e7\u00e3o\u201d e \u201crenovo o meu apelo para um cessar-fogo\u201d, disse Francisco, apoiando a \u201csolu\u00e7\u00e3o de dois Estados\u201d, e um estatuto especial, garantido internacionalmente, para a Cidade de Jerusal\u00e9m.<\/p>\n<p>As guerras hodiernas, notou o Papa, n\u00e3o se combatem somente entre soldados, e os civis acabam sendo envolvidos. Al\u00e9m disso, a viola\u00e7\u00e3o do o direito internacional humanit\u00e1rio \u00e9 considerado crime de guerra. \u201cSe consegu\u00edssemos fixar cada uma das v\u00edtimas nos olhos, disse, ver\u00edamos a guerra como ela \u00e9: nada mais que uma enorme trag\u00e9dia e \u2018um massacre in\u00fatil\u2019, que fere a dignidade de toda a pessoa nesta terra.\u201d<\/p>\n<p>\u201cAinda que se trate de exercer o direito de autodefesa, \u00e9 indispens\u00e1vel respeitar o uso proporcional da for\u00e7a.\u201d<\/p>\n<p>E se as guerras existem, devem-se tamb\u00e9m \u00e0 enorme disponibilidade de armas. \u201cQuantas vidas se poderiam salvar com os recursos atualmente destinados aos armamentos? N\u00e3o seria melhor investi-los a favor de uma verdadeira seguran\u00e7a global?\u201d, questionou. E renovou a sua proposta de constituir um Fundo mundial para eliminar finalmente a fome e promover um desenvolvimento sustent\u00e1vel de todo o planeta. Francisco reiterou mais uma vez \u201ca imoralidade de fabricar e possuir armas nucleares\u201d.<\/p>\n<p>O Santo Padre ent\u00e3o mencionou todas as outras regi\u00f5es em conflito: Ucr\u00e2nia, L\u00edbano, S\u00edria, Miamar, Arzeibaj\u00e3o, Arm\u00eania, Chifre da \u00c1frica, Rep\u00fablica Democr\u00e1tica do Congo, Venezuela e Guiana.<\/p>\n<p><strong>O continente americano e a Amaz\u00f4nia<\/strong><\/p>\n<p>Ali\u00e1s, quanto ao continente americano, o Papa manifestou sua preocupa\u00e7\u00e3o com os fen\u00f4menos de polariza\u00e7\u00e3o que comprometem a harmonia social e enfraquecem as institui\u00e7\u00f5es democr\u00e1ticas, como vem ocorrendo no Peru. E como fez em sua mensagem em 1\u00ba de janeiro, mencionou a Nicar\u00e1gua, onde uma crise provoca \u201camargas consequ\u00eancias\u201d para toda a sociedade e para a Igreja Cat\u00f3lica. \u201cA Santa S\u00e9 n\u00e3o cessa de convidar a um di\u00e1logo diplom\u00e1tico respeitoso pelo bem dos cat\u00f3licos e de toda a popula\u00e7\u00e3o.<\/p>\n<p>Tamb\u00e9m causam guerras a fome, a explora\u00e7\u00e3o dos recursos naturais e a explora\u00e7\u00e3o das pessoas, assim como as cat\u00e1strofes naturais e ambientais. A esse ponto, aprofundou o tema da crise clim\u00e1tica e deu como exemplo a desfloresta\u00e7\u00e3o da Amaz\u00f4nia, o \u201cpulm\u00e3o verde\u201d da Terra. Sobre a COP28, realizada em Dubai, aprovou a ado\u00e7\u00e3o do documento final, que \u201cconstitui um passo encorajador e revela que, perante as in\u00fameras crises que estamos a viver, h\u00e1 a possibilidade de revitalizar o multilateralismo\u201d.<\/p>\n<p>Fome, desigualdade e desastres naturais provocam ainda migra\u00e7\u00e3o for\u00e7ada. O deserto do Saara, as fronteiras da Am\u00e9rica Central e do Norte e, sobretudo, o Mar Mediterr\u00e2neo, s\u00e3o as regi\u00f5es mais sens\u00edveis, e muitas delas se tornaram \u201ccemit\u00e9rios\u201d. \u00c9 f\u00e1cil fechar o cora\u00e7\u00e3o, disse o Papa, mas nenhum pa\u00eds pode ser deixado sozinho.<\/p>\n<p><strong>A vida e as barrigas de aluguel<\/strong><\/p>\n<p>O caminho da paz, acrescentou Francisco, exige o respeito pela vida humana, a come\u00e7ar pela do nascituro no ventre da m\u00e3e. O Papa definiu como \u201cdeprimente\u201d a pr\u00e1tica da chamada barriga de aluguel, pedindo um esfor\u00e7o da comunidade internacional para proibir tal pr\u00e1tica em n\u00edvel universal. \u201cUm filho \u00e9 sempre um dom, e nunca o objeto de um contrato\u201d.<\/p>\n<p>O caminho da paz exige ainda o respeito pelos direitos humanos, e o Papa lamentou as tentativas para introduzir novos direitos, como a teoria do gender. O caminho da paz passa tamb\u00e9m pelo di\u00e1logo pol\u00edtico e social, e mencionou as elei\u00e7\u00f5es em 2024 em muitos pa\u00edses, enaltecendo a democracia. Outro di\u00e1logo importante \u00e9 o inter-religioso. Francisco manifestou sua preocupa\u00e7\u00e3o com a tutela da liberdade religiosa e o respeito das minorias. Condenou o antissemitismo e a persegui\u00e7\u00e3o e a discrimina\u00e7\u00e3o contra cerca de 360 milh\u00f5es de crist\u00e3os.<\/p>\n<p>O Papa recordou ainda todas as suas viagens internacionais de 2023: Rep\u00fablica Democr\u00e1tica do Congo, Sud\u00e3o do Sul, Hungria, Portugal, Mong\u00f3lia e Marselha. Ao falar da Jornada Mundial da Juventude, adentrou no desafio da educa\u00e7\u00e3o, \u201co principal investimento no futuro e nas gera\u00e7\u00f5es jovens\u201d. \u201cConservo no cora\u00e7\u00e3o aquele encontro com mais de um milh\u00e3o de jovens, provenientes de todas as partes do mundo, cheios de entusiasmo e vontade de viver. A sua presen\u00e7a foi um grande hino \u00e0 paz.\u201d<\/p>\n<p>Falar de edu\u00e7\u00e3o engloba tamb\u00e9m a utiliza\u00e7\u00e3o \u00e9tica das novas tecnologias e o perigo das fake news, motivo pelo qual a Mensagem para o Dia Mundial da Paz foi dedicada \u00e0 intelig\u00eancia artificial, \u201cum dos desafios mais importantes dos pr\u00f3ximos anos\u201d.<\/p>\n<p><strong>O Jubileu e o an\u00fancio do Reino<\/strong><\/p>\n<p>O Papa concluiu o seu discurso com o Jubileu, que ter\u00e1 in\u00edcio neste Natal de 2024: \u201cTalvez hoje, mais do que nunca, tenhamos necessidade do ano jubilar.\u201d Perante tantos sofrimentos e face \u00e0 obscuridade deste mundo, \u201co Jubileu \u00e9 o an\u00fancio de que Deus nunca abandona o seu povo e mant\u00e9m sempre abertas as portas do seu Reino\u201d.<\/p>\n<p>\u201c\u00c9 um tempo de justi\u00e7a, em que os pecados s\u00e3o perdoados, a reconcilia\u00e7\u00e3o permite superar a injusti\u00e7a e a terra repousa. Pode ser para todos \u2013 crist\u00e3os e n\u00e3o-crist\u00e3os \u2013 o tempo para quebrar as espadas e delas fazer arados; o tempo em que uma na\u00e7\u00e3o n\u00e3o mais levantar\u00e1 a espada contra outra na\u00e7\u00e3o, nem se aprender\u00e1 mais a arte da guerra (cf. Is 2, 4).\u201d<\/p>\n<p>Francisco se despediu dos embaixadores desejando a eles e aos povos que representam \u201cum ano feliz para todos\u201d.<\/p>\n<hr \/>\n<p><em>Fonte: Vatican NewsBianca (texto de Fraccalvieri)<\/em><\/p>\n","protected":false},"excerpt":{"rendered":"<p>Audi\u00eancia com o Papa<\/p>\n","protected":false},"author":3,"featured_media":245949,"comment_status":"open","ping_status":"open","sticky":false,"template":"","format":"standard","meta":[],"categories":[1428],"tags":[2196],"acf":[],"yoast_head":"<!-- This site is optimized with the Yoast SEO plugin v19.2 - https:\/\/yoast.com\/wordpress\/plugins\/seo\/ -->\n<title>Papa: a paz est\u00e1 amea\u00e7ada e o Ano jubilar se faz necess\u00e1rio. A guerra \u00e9 um &quot;massacre in\u00fatil&quot; - Not\u00edcias - Franciscanos<\/title>\n<meta name=\"robots\" content=\"index, follow, max-snippet:-1, max-image-preview:large, max-video-preview:-1\" \/>\n<link rel=\"canonical\" href=\"https:\/\/franciscanos.org.br\/noticias\/papa-a-paz-esta-ameacada-e-o-ano-jubilar-se-faz-necessario-a-guerra-e-um-massacre-inutil.html\" \/>\n<meta property=\"og:locale\" content=\"pt_BR\" \/>\n<meta property=\"og:type\" content=\"article\" \/>\n<meta property=\"og:title\" content=\"Papa: a paz est\u00e1 amea\u00e7ada e o Ano jubilar se faz necess\u00e1rio. A guerra \u00e9 um &quot;massacre in\u00fatil&quot; - Not\u00edcias - Franciscanos\" \/>\n<meta property=\"og:description\" content=\"Audi\u00eancia com o Papa\" \/>\n<meta property=\"og:url\" content=\"https:\/\/franciscanos.org.br\/noticias\/papa-a-paz-esta-ameacada-e-o-ano-jubilar-se-faz-necessario-a-guerra-e-um-massacre-inutil.html\" \/>\n<meta property=\"og:site_name\" content=\"Not\u00edcias - Franciscanos\" \/>\n<meta property=\"article:published_time\" content=\"2024-01-09T09:06:38+00:00\" \/>\n<meta property=\"article:modified_time\" content=\"2024-01-09T09:13:23+00:00\" \/>\n<meta property=\"og:image\" content=\"https:\/\/franciscanos.org.br\/noticias\/wp-content\/uploads\/2024\/01\/papa_08.jpeg\" \/>\n\t<meta property=\"og:image:width\" content=\"1500\" \/>\n\t<meta property=\"og:image:height\" content=\"844\" \/>\n\t<meta property=\"og:image:type\" content=\"image\/jpeg\" \/>\n<meta name=\"author\" content=\"moacir\" \/>\n<meta name=\"twitter:card\" content=\"summary_large_image\" \/>\n<meta name=\"twitter:label1\" content=\"Escrito por\" \/>\n\t<meta name=\"twitter:data1\" content=\"moacir\" \/>\n\t<meta name=\"twitter:label2\" content=\"Est. tempo de leitura\" \/>\n\t<meta name=\"twitter:data2\" content=\"6 minutos\" \/>\n<script type=\"application\/ld+json\" class=\"yoast-schema-graph\">{\"@context\":\"https:\/\/schema.org\",\"@graph\":[{\"@type\":\"WebSite\",\"@id\":\"https:\/\/franciscanos.org.br\/noticias\/#website\",\"url\":\"https:\/\/franciscanos.org.br\/noticias\/\",\"name\":\"Not\u00edcias - Franciscanos\",\"description\":\"Prov\u00edncia Franciscana da Imaculada Concei\u00e7\u00e3o do Brasil - Ordem dos Frades Menores - OFM\",\"potentialAction\":[{\"@type\":\"SearchAction\",\"target\":{\"@type\":\"EntryPoint\",\"urlTemplate\":\"https:\/\/franciscanos.org.br\/noticias\/?s={search_term_string}\"},\"query-input\":\"required name=search_term_string\"}],\"inLanguage\":\"pt-BR\"},{\"@type\":\"ImageObject\",\"inLanguage\":\"pt-BR\",\"@id\":\"https:\/\/franciscanos.org.br\/noticias\/papa-a-paz-esta-ameacada-e-o-ano-jubilar-se-faz-necessario-a-guerra-e-um-massacre-inutil.html#primaryimage\",\"url\":\"https:\/\/franciscanos.org.br\/noticias\/wp-content\/uploads\/2024\/01\/papa_08.jpeg\",\"contentUrl\":\"https:\/\/franciscanos.org.br\/noticias\/wp-content\/uploads\/2024\/01\/papa_08.jpeg\",\"width\":1500,\"height\":844},{\"@type\":\"WebPage\",\"@id\":\"https:\/\/franciscanos.org.br\/noticias\/papa-a-paz-esta-ameacada-e-o-ano-jubilar-se-faz-necessario-a-guerra-e-um-massacre-inutil.html#webpage\",\"url\":\"https:\/\/franciscanos.org.br\/noticias\/papa-a-paz-esta-ameacada-e-o-ano-jubilar-se-faz-necessario-a-guerra-e-um-massacre-inutil.html\",\"name\":\"Papa: a paz est\u00e1 amea\u00e7ada e o Ano jubilar se faz necess\u00e1rio. A guerra \u00e9 um \\\"massacre in\u00fatil\\\" - Not\u00edcias - Franciscanos\",\"isPartOf\":{\"@id\":\"https:\/\/franciscanos.org.br\/noticias\/#website\"},\"primaryImageOfPage\":{\"@id\":\"https:\/\/franciscanos.org.br\/noticias\/papa-a-paz-esta-ameacada-e-o-ano-jubilar-se-faz-necessario-a-guerra-e-um-massacre-inutil.html#primaryimage\"},\"datePublished\":\"2024-01-09T09:06:38+00:00\",\"dateModified\":\"2024-01-09T09:13:23+00:00\",\"author\":{\"@id\":\"https:\/\/franciscanos.org.br\/noticias\/#\/schema\/person\/b5c8cba458c330ccff548b056e95a5d4\"},\"breadcrumb\":{\"@id\":\"https:\/\/franciscanos.org.br\/noticias\/papa-a-paz-esta-ameacada-e-o-ano-jubilar-se-faz-necessario-a-guerra-e-um-massacre-inutil.html#breadcrumb\"},\"inLanguage\":\"pt-BR\",\"potentialAction\":[{\"@type\":\"ReadAction\",\"target\":[\"https:\/\/franciscanos.org.br\/noticias\/papa-a-paz-esta-ameacada-e-o-ano-jubilar-se-faz-necessario-a-guerra-e-um-massacre-inutil.html\"]}]},{\"@type\":\"BreadcrumbList\",\"@id\":\"https:\/\/franciscanos.org.br\/noticias\/papa-a-paz-esta-ameacada-e-o-ano-jubilar-se-faz-necessario-a-guerra-e-um-massacre-inutil.html#breadcrumb\",\"itemListElement\":[{\"@type\":\"ListItem\",\"position\":1,\"name\":\"Home\",\"item\":\"https:\/\/franciscanos.org.br\/noticias\"},{\"@type\":\"ListItem\",\"position\":2,\"name\":\"Papa: a paz est\u00e1 amea\u00e7ada e o Ano jubilar se faz necess\u00e1rio. A guerra \u00e9 um &#8220;massacre in\u00fatil&#8221;\"}]},{\"@type\":\"Person\",\"@id\":\"https:\/\/franciscanos.org.br\/noticias\/#\/schema\/person\/b5c8cba458c330ccff548b056e95a5d4\",\"name\":\"moacir\",\"image\":{\"@type\":\"ImageObject\",\"inLanguage\":\"pt-BR\",\"@id\":\"https:\/\/franciscanos.org.br\/noticias\/#\/schema\/person\/image\/\",\"url\":\"https:\/\/secure.gravatar.com\/avatar\/d08aa2ce4c8dd416d4479aa8536fcf64?s=96&d=mm&r=g\",\"contentUrl\":\"https:\/\/secure.gravatar.com\/avatar\/d08aa2ce4c8dd416d4479aa8536fcf64?s=96&d=mm&r=g\",\"caption\":\"moacir\"},\"url\":\"https:\/\/franciscanos.org.br\/noticias\/author\/moacir\"}]}<\/script>\n<!-- \/ Yoast SEO plugin. -->","yoast_head_json":{"title":"Papa: a paz est\u00e1 amea\u00e7ada e o Ano jubilar se faz necess\u00e1rio. A guerra \u00e9 um \"massacre in\u00fatil\" - Not\u00edcias - Franciscanos","robots":{"index":"index","follow":"follow","max-snippet":"max-snippet:-1","max-image-preview":"max-image-preview:large","max-video-preview":"max-video-preview:-1"},"canonical":"https:\/\/franciscanos.org.br\/noticias\/papa-a-paz-esta-ameacada-e-o-ano-jubilar-se-faz-necessario-a-guerra-e-um-massacre-inutil.html","og_locale":"pt_BR","og_type":"article","og_title":"Papa: a paz est\u00e1 amea\u00e7ada e o Ano jubilar se faz necess\u00e1rio. A guerra \u00e9 um \"massacre in\u00fatil\" - Not\u00edcias - Franciscanos","og_description":"Audi\u00eancia com o Papa","og_url":"https:\/\/franciscanos.org.br\/noticias\/papa-a-paz-esta-ameacada-e-o-ano-jubilar-se-faz-necessario-a-guerra-e-um-massacre-inutil.html","og_site_name":"Not\u00edcias - Franciscanos","article_published_time":"2024-01-09T09:06:38+00:00","article_modified_time":"2024-01-09T09:13:23+00:00","og_image":[{"width":1500,"height":844,"url":"https:\/\/franciscanos.org.br\/noticias\/wp-content\/uploads\/2024\/01\/papa_08.jpeg","type":"image\/jpeg"}],"author":"moacir","twitter_card":"summary_large_image","twitter_misc":{"Escrito por":"moacir","Est. tempo de leitura":"6 minutos"},"schema":{"@context":"https:\/\/schema.org","@graph":[{"@type":"WebSite","@id":"https:\/\/franciscanos.org.br\/noticias\/#website","url":"https:\/\/franciscanos.org.br\/noticias\/","name":"Not\u00edcias - Franciscanos","description":"Prov\u00edncia Franciscana da Imaculada Concei\u00e7\u00e3o do Brasil - Ordem dos Frades Menores - OFM","potentialAction":[{"@type":"SearchAction","target":{"@type":"EntryPoint","urlTemplate":"https:\/\/franciscanos.org.br\/noticias\/?s={search_term_string}"},"query-input":"required name=search_term_string"}],"inLanguage":"pt-BR"},{"@type":"ImageObject","inLanguage":"pt-BR","@id":"https:\/\/franciscanos.org.br\/noticias\/papa-a-paz-esta-ameacada-e-o-ano-jubilar-se-faz-necessario-a-guerra-e-um-massacre-inutil.html#primaryimage","url":"https:\/\/franciscanos.org.br\/noticias\/wp-content\/uploads\/2024\/01\/papa_08.jpeg","contentUrl":"https:\/\/franciscanos.org.br\/noticias\/wp-content\/uploads\/2024\/01\/papa_08.jpeg","width":1500,"height":844},{"@type":"WebPage","@id":"https:\/\/franciscanos.org.br\/noticias\/papa-a-paz-esta-ameacada-e-o-ano-jubilar-se-faz-necessario-a-guerra-e-um-massacre-inutil.html#webpage","url":"https:\/\/franciscanos.org.br\/noticias\/papa-a-paz-esta-ameacada-e-o-ano-jubilar-se-faz-necessario-a-guerra-e-um-massacre-inutil.html","name":"Papa: a paz est\u00e1 amea\u00e7ada e o Ano jubilar se faz necess\u00e1rio. A guerra \u00e9 um \"massacre in\u00fatil\" - Not\u00edcias - Franciscanos","isPartOf":{"@id":"https:\/\/franciscanos.org.br\/noticias\/#website"},"primaryImageOfPage":{"@id":"https:\/\/franciscanos.org.br\/noticias\/papa-a-paz-esta-ameacada-e-o-ano-jubilar-se-faz-necessario-a-guerra-e-um-massacre-inutil.html#primaryimage"},"datePublished":"2024-01-09T09:06:38+00:00","dateModified":"2024-01-09T09:13:23+00:00","author":{"@id":"https:\/\/franciscanos.org.br\/noticias\/#\/schema\/person\/b5c8cba458c330ccff548b056e95a5d4"},"breadcrumb":{"@id":"https:\/\/franciscanos.org.br\/noticias\/papa-a-paz-esta-ameacada-e-o-ano-jubilar-se-faz-necessario-a-guerra-e-um-massacre-inutil.html#breadcrumb"},"inLanguage":"pt-BR","potentialAction":[{"@type":"ReadAction","target":["https:\/\/franciscanos.org.br\/noticias\/papa-a-paz-esta-ameacada-e-o-ano-jubilar-se-faz-necessario-a-guerra-e-um-massacre-inutil.html"]}]},{"@type":"BreadcrumbList","@id":"https:\/\/franciscanos.org.br\/noticias\/papa-a-paz-esta-ameacada-e-o-ano-jubilar-se-faz-necessario-a-guerra-e-um-massacre-inutil.html#breadcrumb","itemListElement":[{"@type":"ListItem","position":1,"name":"Home","item":"https:\/\/franciscanos.org.br\/noticias"},{"@type":"ListItem","position":2,"name":"Papa: a paz est\u00e1 amea\u00e7ada e o Ano jubilar se faz necess\u00e1rio. A guerra \u00e9 um &#8220;massacre in\u00fatil&#8221;"}]},{"@type":"Person","@id":"https:\/\/franciscanos.org.br\/noticias\/#\/schema\/person\/b5c8cba458c330ccff548b056e95a5d4","name":"moacir","image":{"@type":"ImageObject","inLanguage":"pt-BR","@id":"https:\/\/franciscanos.org.br\/noticias\/#\/schema\/person\/image\/","url":"https:\/\/secure.gravatar.com\/avatar\/d08aa2ce4c8dd416d4479aa8536fcf64?s=96&d=mm&r=g","contentUrl":"https:\/\/secure.gravatar.com\/avatar\/d08aa2ce4c8dd416d4479aa8536fcf64?s=96&d=mm&r=g","caption":"moacir"},"url":"https:\/\/franciscanos.org.br\/noticias\/author\/moacir"}]}},"_links":{"self":[{"href":"https:\/\/franciscanos.org.br\/noticias\/wp-json\/wp\/v2\/posts\/245948"}],"collection":[{"href":"https:\/\/franciscanos.org.br\/noticias\/wp-json\/wp\/v2\/posts"}],"about":[{"href":"https:\/\/franciscanos.org.br\/noticias\/wp-json\/wp\/v2\/types\/post"}],"author":[{"embeddable":true,"href":"https:\/\/franciscanos.org.br\/noticias\/wp-json\/wp\/v2\/users\/3"}],"replies":[{"embeddable":true,"href":"https:\/\/franciscanos.org.br\/noticias\/wp-json\/wp\/v2\/comments?post=245948"}],"version-history":[{"count":2,"href":"https:\/\/franciscanos.org.br\/noticias\/wp-json\/wp\/v2\/posts\/245948\/revisions"}],"predecessor-version":[{"id":245951,"href":"https:\/\/franciscanos.org.br\/noticias\/wp-json\/wp\/v2\/posts\/245948\/revisions\/245951"}],"wp:featuredmedia":[{"embeddable":true,"href":"https:\/\/franciscanos.org.br\/noticias\/wp-json\/wp\/v2\/media\/245949"}],"wp:attachment":[{"href":"https:\/\/franciscanos.org.br\/noticias\/wp-json\/wp\/v2\/media?parent=245948"}],"wp:term":[{"taxonomy":"category","embeddable":true,"href":"https:\/\/franciscanos.org.br\/noticias\/wp-json\/wp\/v2\/categories?post=245948"},{"taxonomy":"post_tag","embeddable":true,"href":"https:\/\/franciscanos.org.br\/noticias\/wp-json\/wp\/v2\/tags?post=245948"}],"curies":[{"name":"wp","href":"https:\/\/api.w.org\/{rel}","templated":true}]}}