{"id":245943,"date":"2024-01-09T05:55:20","date_gmt":"2024-01-09T08:55:20","guid":{"rendered":"https:\/\/franciscanos.org.br\/noticias\/?p=245943"},"modified":"2024-04-01T21:38:46","modified_gmt":"2024-04-02T00:38:46","slug":"comissao-organizadora-apresenta-identidade-visual-e-tema-da-festa-da-penha-2024","status":"publish","type":"post","link":"https:\/\/franciscanos.org.br\/noticias\/comissao-organizadora-apresenta-identidade-visual-e-tema-da-festa-da-penha-2024.html","title":{"rendered":"Comiss\u00e3o organizadora apresenta identidade visual e tema da Festa da Penha 2024"},"content":{"rendered":"<p><img loading=\"lazy\" class=\"alignnone size-full wp-image-245944\" src=\"https:\/\/franciscanos.org.br\/noticias\/wp-content\/uploads\/2024\/01\/penha_0901.jpg\" alt=\"\" width=\"1280\" height=\"720\" srcset=\"https:\/\/franciscanos.org.br\/noticias\/wp-content\/uploads\/2024\/01\/penha_0901.jpg 1280w, https:\/\/franciscanos.org.br\/noticias\/wp-content\/uploads\/2024\/01\/penha_0901-450x253.jpg 450w, https:\/\/franciscanos.org.br\/noticias\/wp-content\/uploads\/2024\/01\/penha_0901-1024x576.jpg 1024w, https:\/\/franciscanos.org.br\/noticias\/wp-content\/uploads\/2024\/01\/penha_0901-768x432.jpg 768w, https:\/\/franciscanos.org.br\/noticias\/wp-content\/uploads\/2024\/01\/penha_0901-150x84.jpg 150w\" sizes=\"(max-width: 1280px) 100vw, 1280px\" \/><\/p>\n<p>A Festa da Penha 2024 foi oficialmente lan\u00e7ada no dia 5 de janeiro, em evento com autoridades e profissionais de imprensa na Casa Verde, aos p\u00e9s do Convento da Penha, em Vila Velha, Esp\u00edrito Santo. Houve a apresenta\u00e7\u00e3o da identidade visual e do tema da festa em honra \u00e0 Padroeira do Estado, que neste ano ser\u00e1 realizada de 31 de mar\u00e7o a 8 de abril.<\/p>\n<p>Presente no lan\u00e7amento, Dom Andherson Franklin, bispo auxiliar da Arquidiocese de Vit\u00f3ria, levou a sauda\u00e7\u00e3o do arcebispo de Vit\u00f3ria, Dom Dario Campos, e comentou o tema da Festa da Penha 2024. \u201cO evento traz com ele toda f\u00e9 que se confunde com a identidade do Estado. Maria caminha conosco para um Esp\u00edrito Santo mais inclusivo, para que todos tenham direitos preservados, que sejam respeitados. Esse \u00e9 um tesouro que estamos entregando, de f\u00e9 e solidariedade\u201d, destacou o bispo auxiliar.<\/p>\n<p><img loading=\"lazy\" class=\"alignnone size-full wp-image-245945\" src=\"https:\/\/franciscanos.org.br\/noticias\/wp-content\/uploads\/2024\/01\/penha_0903.jpg\" alt=\"\" width=\"1280\" height=\"853\" srcset=\"https:\/\/franciscanos.org.br\/noticias\/wp-content\/uploads\/2024\/01\/penha_0903.jpg 1280w, https:\/\/franciscanos.org.br\/noticias\/wp-content\/uploads\/2024\/01\/penha_0903-450x300.jpg 450w, https:\/\/franciscanos.org.br\/noticias\/wp-content\/uploads\/2024\/01\/penha_0903-1024x682.jpg 1024w, https:\/\/franciscanos.org.br\/noticias\/wp-content\/uploads\/2024\/01\/penha_0903-768x512.jpg 768w, https:\/\/franciscanos.org.br\/noticias\/wp-content\/uploads\/2024\/01\/penha_0903-150x100.jpg 150w\" sizes=\"(max-width: 1280px) 100vw, 1280px\" \/><\/p>\n<p>Frei Djalmo Fuck, guardi\u00e3o do Convento, explicou que o tema \u00e9 inspirado na can\u00e7\u00e3o \u2018Pelas Estradas da Vida\u2019, bastante popular, que lembra que nunca estamos sozinhos. \u201cEsta m\u00fasica ilustra brilhantemente nossa mensagem maior, que \u00e9 atendermos \u00e0 convoca\u00e7\u00e3o do Papa Francisco para percorrermos um caminho rumo ao S\u00ednodo (que vai at\u00e9 outubro de 2024). A Sinodalidade \u00e9 o esfor\u00e7o coletivo e a busca cont\u00ednua de aprendermos a \u2018caminhar juntos\u2019 como irm\u00e3os e irm\u00e3s que somos. E Maria nos ensina a caminhar juntos\u201d, detalha.<\/p>\n<p>A nova identidade da Festa tamb\u00e9m foi apresentada no caf\u00e9 da manh\u00e3 de lan\u00e7amento. A marca, que vai ilustrar camisas, outdoors, plotagens, produtos audiovisuais e todas as pe\u00e7as que remetem \u00e0 Festa da Penha 2024, segundo a Comiss\u00e3o Organizadora do evento, \u00e9 um retrato simb\u00f3lico da uni\u00e3o de pessoas que caminham juntas em romarias e busca retratar parte da diversidade, considerada fundamental para o evento.<\/p>\n<p><img loading=\"lazy\" class=\"alignnone size-full wp-image-245946\" src=\"https:\/\/franciscanos.org.br\/noticias\/wp-content\/uploads\/2024\/01\/penha_0902.jpg\" alt=\"\" width=\"1280\" height=\"853\" srcset=\"https:\/\/franciscanos.org.br\/noticias\/wp-content\/uploads\/2024\/01\/penha_0902.jpg 1280w, https:\/\/franciscanos.org.br\/noticias\/wp-content\/uploads\/2024\/01\/penha_0902-450x300.jpg 450w, https:\/\/franciscanos.org.br\/noticias\/wp-content\/uploads\/2024\/01\/penha_0902-1024x682.jpg 1024w, https:\/\/franciscanos.org.br\/noticias\/wp-content\/uploads\/2024\/01\/penha_0902-768x512.jpg 768w, https:\/\/franciscanos.org.br\/noticias\/wp-content\/uploads\/2024\/01\/penha_0902-150x100.jpg 150w\" sizes=\"(max-width: 1280px) 100vw, 1280px\" \/><\/p>\n<p>\u201cA identidade visual representa os romeiros guiados pela tradi\u00e7\u00e3o iniciada por Frei Pedro Pal\u00e1cios e que caminham com a poderosa companhia de Nossa Senhora da Penha. As cores suaves e calorosas nos lembram a paz, representada tamb\u00e9m pela pomba branca, que remete ao objetivo maior que devemos ter em nossos cora\u00e7\u00f5es e profundo desejo para o mundo\u201d, destaca padre Cl\u00e1udio Alves Moreira, coordenador de Pastoral da Arquidiocese de Vit\u00f3ria.<\/p>\n<p><img loading=\"lazy\" class=\"aligncenter wp-image-246833 size-full\" src=\"https:\/\/franciscanos.org.br\/noticias\/wp-content\/uploads\/2024\/01\/Penha-2024.jpeg\" alt=\"\" width=\"1024\" height=\"1024\" srcset=\"https:\/\/franciscanos.org.br\/noticias\/wp-content\/uploads\/2024\/01\/Penha-2024.jpeg 1024w, https:\/\/franciscanos.org.br\/noticias\/wp-content\/uploads\/2024\/01\/Penha-2024-450x450.jpeg 450w, https:\/\/franciscanos.org.br\/noticias\/wp-content\/uploads\/2024\/01\/Penha-2024-300x300.jpeg 300w, https:\/\/franciscanos.org.br\/noticias\/wp-content\/uploads\/2024\/01\/Penha-2024-768x768.jpeg 768w, https:\/\/franciscanos.org.br\/noticias\/wp-content\/uploads\/2024\/01\/Penha-2024-150x150.jpeg 150w, https:\/\/franciscanos.org.br\/noticias\/wp-content\/uploads\/2024\/01\/Penha-2024-100x100.jpeg 100w\" sizes=\"(max-width: 1024px) 100vw, 1024px\" \/><\/p>\n<hr \/>\n<p><a href=\"https:\/\/conventodapenha.org.br\/\">Veja mais: www.conventodapenha.org.br<\/a><\/p>\n","protected":false},"excerpt":{"rendered":"<p>Festa da Penha<\/p>\n","protected":false},"author":3,"featured_media":245944,"comment_status":"open","ping_status":"open","sticky":false,"template":"","format":"standard","meta":[],"categories":[1],"tags":[2195],"acf":[],"yoast_head":"<!-- This site is optimized with the Yoast SEO plugin v19.2 - https:\/\/yoast.com\/wordpress\/plugins\/seo\/ -->\n<title>Comiss\u00e3o organizadora apresenta identidade visual e tema da Festa da Penha 2024 - Not\u00edcias - Franciscanos<\/title>\n<meta name=\"robots\" content=\"index, follow, max-snippet:-1, max-image-preview:large, max-video-preview:-1\" \/>\n<link rel=\"canonical\" href=\"https:\/\/franciscanos.org.br\/noticias\/comissao-organizadora-apresenta-identidade-visual-e-tema-da-festa-da-penha-2024.html\" \/>\n<meta property=\"og:locale\" content=\"pt_BR\" \/>\n<meta property=\"og:type\" content=\"article\" \/>\n<meta property=\"og:title\" content=\"Comiss\u00e3o organizadora apresenta identidade visual e tema da Festa da Penha 2024 - Not\u00edcias - Franciscanos\" \/>\n<meta property=\"og:description\" content=\"Festa da Penha\" \/>\n<meta property=\"og:url\" content=\"https:\/\/franciscanos.org.br\/noticias\/comissao-organizadora-apresenta-identidade-visual-e-tema-da-festa-da-penha-2024.html\" \/>\n<meta property=\"og:site_name\" content=\"Not\u00edcias - Franciscanos\" \/>\n<meta property=\"article:published_time\" content=\"2024-01-09T08:55:20+00:00\" \/>\n<meta property=\"article:modified_time\" content=\"2024-04-02T00:38:46+00:00\" \/>\n<meta property=\"og:image\" content=\"https:\/\/franciscanos.org.br\/noticias\/wp-content\/uploads\/2024\/01\/penha_0901.jpg\" \/>\n\t<meta property=\"og:image:width\" content=\"1280\" \/>\n\t<meta property=\"og:image:height\" content=\"720\" \/>\n\t<meta property=\"og:image:type\" content=\"image\/jpeg\" \/>\n<meta name=\"author\" content=\"moacir\" \/>\n<meta name=\"twitter:card\" content=\"summary_large_image\" \/>\n<meta name=\"twitter:label1\" content=\"Escrito por\" \/>\n\t<meta name=\"twitter:data1\" content=\"moacir\" \/>\n\t<meta name=\"twitter:label2\" content=\"Est. tempo de leitura\" \/>\n\t<meta name=\"twitter:data2\" content=\"2 minutos\" \/>\n<script type=\"application\/ld+json\" class=\"yoast-schema-graph\">{\"@context\":\"https:\/\/schema.org\",\"@graph\":[{\"@type\":\"WebSite\",\"@id\":\"https:\/\/franciscanos.org.br\/noticias\/#website\",\"url\":\"https:\/\/franciscanos.org.br\/noticias\/\",\"name\":\"Not\u00edcias - Franciscanos\",\"description\":\"Prov\u00edncia Franciscana da Imaculada Concei\u00e7\u00e3o do Brasil - Ordem dos Frades Menores - OFM\",\"potentialAction\":[{\"@type\":\"SearchAction\",\"target\":{\"@type\":\"EntryPoint\",\"urlTemplate\":\"https:\/\/franciscanos.org.br\/noticias\/?s={search_term_string}\"},\"query-input\":\"required name=search_term_string\"}],\"inLanguage\":\"pt-BR\"},{\"@type\":\"ImageObject\",\"inLanguage\":\"pt-BR\",\"@id\":\"https:\/\/franciscanos.org.br\/noticias\/comissao-organizadora-apresenta-identidade-visual-e-tema-da-festa-da-penha-2024.html#primaryimage\",\"url\":\"https:\/\/franciscanos.org.br\/noticias\/wp-content\/uploads\/2024\/01\/penha_0901.jpg\",\"contentUrl\":\"https:\/\/franciscanos.org.br\/noticias\/wp-content\/uploads\/2024\/01\/penha_0901.jpg\",\"width\":1280,\"height\":720},{\"@type\":\"WebPage\",\"@id\":\"https:\/\/franciscanos.org.br\/noticias\/comissao-organizadora-apresenta-identidade-visual-e-tema-da-festa-da-penha-2024.html#webpage\",\"url\":\"https:\/\/franciscanos.org.br\/noticias\/comissao-organizadora-apresenta-identidade-visual-e-tema-da-festa-da-penha-2024.html\",\"name\":\"Comiss\u00e3o organizadora apresenta identidade visual e tema da Festa da Penha 2024 - Not\u00edcias - Franciscanos\",\"isPartOf\":{\"@id\":\"https:\/\/franciscanos.org.br\/noticias\/#website\"},\"primaryImageOfPage\":{\"@id\":\"https:\/\/franciscanos.org.br\/noticias\/comissao-organizadora-apresenta-identidade-visual-e-tema-da-festa-da-penha-2024.html#primaryimage\"},\"datePublished\":\"2024-01-09T08:55:20+00:00\",\"dateModified\":\"2024-04-02T00:38:46+00:00\",\"author\":{\"@id\":\"https:\/\/franciscanos.org.br\/noticias\/#\/schema\/person\/b5c8cba458c330ccff548b056e95a5d4\"},\"breadcrumb\":{\"@id\":\"https:\/\/franciscanos.org.br\/noticias\/comissao-organizadora-apresenta-identidade-visual-e-tema-da-festa-da-penha-2024.html#breadcrumb\"},\"inLanguage\":\"pt-BR\",\"potentialAction\":[{\"@type\":\"ReadAction\",\"target\":[\"https:\/\/franciscanos.org.br\/noticias\/comissao-organizadora-apresenta-identidade-visual-e-tema-da-festa-da-penha-2024.html\"]}]},{\"@type\":\"BreadcrumbList\",\"@id\":\"https:\/\/franciscanos.org.br\/noticias\/comissao-organizadora-apresenta-identidade-visual-e-tema-da-festa-da-penha-2024.html#breadcrumb\",\"itemListElement\":[{\"@type\":\"ListItem\",\"position\":1,\"name\":\"Home\",\"item\":\"https:\/\/franciscanos.org.br\/noticias\"},{\"@type\":\"ListItem\",\"position\":2,\"name\":\"Comiss\u00e3o organizadora apresenta identidade visual e tema da Festa da Penha 2024\"}]},{\"@type\":\"Person\",\"@id\":\"https:\/\/franciscanos.org.br\/noticias\/#\/schema\/person\/b5c8cba458c330ccff548b056e95a5d4\",\"name\":\"moacir\",\"image\":{\"@type\":\"ImageObject\",\"inLanguage\":\"pt-BR\",\"@id\":\"https:\/\/franciscanos.org.br\/noticias\/#\/schema\/person\/image\/\",\"url\":\"https:\/\/secure.gravatar.com\/avatar\/d08aa2ce4c8dd416d4479aa8536fcf64?s=96&d=mm&r=g\",\"contentUrl\":\"https:\/\/secure.gravatar.com\/avatar\/d08aa2ce4c8dd416d4479aa8536fcf64?s=96&d=mm&r=g\",\"caption\":\"moacir\"},\"url\":\"https:\/\/franciscanos.org.br\/noticias\/author\/moacir\"}]}<\/script>\n<!-- \/ Yoast SEO plugin. -->","yoast_head_json":{"title":"Comiss\u00e3o organizadora apresenta identidade visual e tema da Festa da Penha 2024 - Not\u00edcias - Franciscanos","robots":{"index":"index","follow":"follow","max-snippet":"max-snippet:-1","max-image-preview":"max-image-preview:large","max-video-preview":"max-video-preview:-1"},"canonical":"https:\/\/franciscanos.org.br\/noticias\/comissao-organizadora-apresenta-identidade-visual-e-tema-da-festa-da-penha-2024.html","og_locale":"pt_BR","og_type":"article","og_title":"Comiss\u00e3o organizadora apresenta identidade visual e tema da Festa da Penha 2024 - Not\u00edcias - Franciscanos","og_description":"Festa da Penha","og_url":"https:\/\/franciscanos.org.br\/noticias\/comissao-organizadora-apresenta-identidade-visual-e-tema-da-festa-da-penha-2024.html","og_site_name":"Not\u00edcias - Franciscanos","article_published_time":"2024-01-09T08:55:20+00:00","article_modified_time":"2024-04-02T00:38:46+00:00","og_image":[{"width":1280,"height":720,"url":"https:\/\/franciscanos.org.br\/noticias\/wp-content\/uploads\/2024\/01\/penha_0901.jpg","type":"image\/jpeg"}],"author":"moacir","twitter_card":"summary_large_image","twitter_misc":{"Escrito por":"moacir","Est. tempo de leitura":"2 minutos"},"schema":{"@context":"https:\/\/schema.org","@graph":[{"@type":"WebSite","@id":"https:\/\/franciscanos.org.br\/noticias\/#website","url":"https:\/\/franciscanos.org.br\/noticias\/","name":"Not\u00edcias - Franciscanos","description":"Prov\u00edncia Franciscana da Imaculada Concei\u00e7\u00e3o do Brasil - Ordem dos Frades Menores - OFM","potentialAction":[{"@type":"SearchAction","target":{"@type":"EntryPoint","urlTemplate":"https:\/\/franciscanos.org.br\/noticias\/?s={search_term_string}"},"query-input":"required name=search_term_string"}],"inLanguage":"pt-BR"},{"@type":"ImageObject","inLanguage":"pt-BR","@id":"https:\/\/franciscanos.org.br\/noticias\/comissao-organizadora-apresenta-identidade-visual-e-tema-da-festa-da-penha-2024.html#primaryimage","url":"https:\/\/franciscanos.org.br\/noticias\/wp-content\/uploads\/2024\/01\/penha_0901.jpg","contentUrl":"https:\/\/franciscanos.org.br\/noticias\/wp-content\/uploads\/2024\/01\/penha_0901.jpg","width":1280,"height":720},{"@type":"WebPage","@id":"https:\/\/franciscanos.org.br\/noticias\/comissao-organizadora-apresenta-identidade-visual-e-tema-da-festa-da-penha-2024.html#webpage","url":"https:\/\/franciscanos.org.br\/noticias\/comissao-organizadora-apresenta-identidade-visual-e-tema-da-festa-da-penha-2024.html","name":"Comiss\u00e3o organizadora apresenta identidade visual e tema da Festa da Penha 2024 - Not\u00edcias - Franciscanos","isPartOf":{"@id":"https:\/\/franciscanos.org.br\/noticias\/#website"},"primaryImageOfPage":{"@id":"https:\/\/franciscanos.org.br\/noticias\/comissao-organizadora-apresenta-identidade-visual-e-tema-da-festa-da-penha-2024.html#primaryimage"},"datePublished":"2024-01-09T08:55:20+00:00","dateModified":"2024-04-02T00:38:46+00:00","author":{"@id":"https:\/\/franciscanos.org.br\/noticias\/#\/schema\/person\/b5c8cba458c330ccff548b056e95a5d4"},"breadcrumb":{"@id":"https:\/\/franciscanos.org.br\/noticias\/comissao-organizadora-apresenta-identidade-visual-e-tema-da-festa-da-penha-2024.html#breadcrumb"},"inLanguage":"pt-BR","potentialAction":[{"@type":"ReadAction","target":["https:\/\/franciscanos.org.br\/noticias\/comissao-organizadora-apresenta-identidade-visual-e-tema-da-festa-da-penha-2024.html"]}]},{"@type":"BreadcrumbList","@id":"https:\/\/franciscanos.org.br\/noticias\/comissao-organizadora-apresenta-identidade-visual-e-tema-da-festa-da-penha-2024.html#breadcrumb","itemListElement":[{"@type":"ListItem","position":1,"name":"Home","item":"https:\/\/franciscanos.org.br\/noticias"},{"@type":"ListItem","position":2,"name":"Comiss\u00e3o organizadora apresenta identidade visual e tema da Festa da Penha 2024"}]},{"@type":"Person","@id":"https:\/\/franciscanos.org.br\/noticias\/#\/schema\/person\/b5c8cba458c330ccff548b056e95a5d4","name":"moacir","image":{"@type":"ImageObject","inLanguage":"pt-BR","@id":"https:\/\/franciscanos.org.br\/noticias\/#\/schema\/person\/image\/","url":"https:\/\/secure.gravatar.com\/avatar\/d08aa2ce4c8dd416d4479aa8536fcf64?s=96&d=mm&r=g","contentUrl":"https:\/\/secure.gravatar.com\/avatar\/d08aa2ce4c8dd416d4479aa8536fcf64?s=96&d=mm&r=g","caption":"moacir"},"url":"https:\/\/franciscanos.org.br\/noticias\/author\/moacir"}]}},"_links":{"self":[{"href":"https:\/\/franciscanos.org.br\/noticias\/wp-json\/wp\/v2\/posts\/245943"}],"collection":[{"href":"https:\/\/franciscanos.org.br\/noticias\/wp-json\/wp\/v2\/posts"}],"about":[{"href":"https:\/\/franciscanos.org.br\/noticias\/wp-json\/wp\/v2\/types\/post"}],"author":[{"embeddable":true,"href":"https:\/\/franciscanos.org.br\/noticias\/wp-json\/wp\/v2\/users\/3"}],"replies":[{"embeddable":true,"href":"https:\/\/franciscanos.org.br\/noticias\/wp-json\/wp\/v2\/comments?post=245943"}],"version-history":[{"count":2,"href":"https:\/\/franciscanos.org.br\/noticias\/wp-json\/wp\/v2\/posts\/245943\/revisions"}],"predecessor-version":[{"id":246834,"href":"https:\/\/franciscanos.org.br\/noticias\/wp-json\/wp\/v2\/posts\/245943\/revisions\/246834"}],"wp:featuredmedia":[{"embeddable":true,"href":"https:\/\/franciscanos.org.br\/noticias\/wp-json\/wp\/v2\/media\/245944"}],"wp:attachment":[{"href":"https:\/\/franciscanos.org.br\/noticias\/wp-json\/wp\/v2\/media?parent=245943"}],"wp:term":[{"taxonomy":"category","embeddable":true,"href":"https:\/\/franciscanos.org.br\/noticias\/wp-json\/wp\/v2\/categories?post=245943"},{"taxonomy":"post_tag","embeddable":true,"href":"https:\/\/franciscanos.org.br\/noticias\/wp-json\/wp\/v2\/tags?post=245943"}],"curies":[{"name":"wp","href":"https:\/\/api.w.org\/{rel}","templated":true}]}}