{"id":245940,"date":"2024-01-01T10:02:32","date_gmt":"2024-01-01T13:02:32","guid":{"rendered":"https:\/\/franciscanos.org.br\/noticias\/?p=245940"},"modified":"2024-01-01T10:02:32","modified_gmt":"2024-01-01T13:02:32","slug":"angelus-maria-e-catedral-de-deus-lugar-onde-ele-e-o-homem-podem-se-encontrar","status":"publish","type":"post","link":"https:\/\/franciscanos.org.br\/noticias\/angelus-maria-e-catedral-de-deus-lugar-onde-ele-e-o-homem-podem-se-encontrar.html","title":{"rendered":"Angelus: Maria \u00e9 &#8220;catedral&#8221; de Deus, lugar onde Ele e o homem podem se encontrar"},"content":{"rendered":"<p><img loading=\"lazy\" class=\"alignnone size-full wp-image-245941\" src=\"https:\/\/franciscanos.org.br\/noticias\/wp-content\/uploads\/2024\/01\/angelus_010124.jpeg\" alt=\"\" width=\"1500\" height=\"844\" srcset=\"https:\/\/franciscanos.org.br\/noticias\/wp-content\/uploads\/2024\/01\/angelus_010124.jpeg 1500w, https:\/\/franciscanos.org.br\/noticias\/wp-content\/uploads\/2024\/01\/angelus_010124-450x253.jpeg 450w, https:\/\/franciscanos.org.br\/noticias\/wp-content\/uploads\/2024\/01\/angelus_010124-1024x576.jpeg 1024w, https:\/\/franciscanos.org.br\/noticias\/wp-content\/uploads\/2024\/01\/angelus_010124-768x432.jpeg 768w, https:\/\/franciscanos.org.br\/noticias\/wp-content\/uploads\/2024\/01\/angelus_010124-150x84.jpeg 150w\" sizes=\"(max-width: 1500px) 100vw, 1500px\" \/><\/p>\n<p>O Papa Francisco, junto com milhares de fi\u00e9is e peregrinos reunidos na Pra\u00e7a S\u00e3o Pedro, rezou a ora\u00e7\u00e3o do <em><strong>Angelus<\/strong><\/em> no primeiro dia de 2024, solenidade da Sant\u00edssima M\u00e3e de Deus, e confiou a prote\u00e7\u00e3o de Maria \u201co novo tempo que nos foi dado\u201d. O Santo Padre, em sua alocu\u00e7\u00e3o destacou o sil\u00eancio de Maria:<br \/>\n&#8220;O sil\u00eancio da M\u00e3e \u00e9 uma bela caracter\u00edstica. N\u00e3o se trata de uma simples aus\u00eancia de palavras, mas de um sil\u00eancio cheio de admira\u00e7\u00e3o e de adora\u00e7\u00e3o pelas maravilhas que Deus est\u00e1 realizando. Maria &#8211; observa S\u00e3o Lucas &#8211; guardava todas essas coisas, meditando-as em seu cora\u00e7\u00e3o (2,19). Dessa forma, ela abre espa\u00e7o dentro de si para Aquele que nasceu; em sil\u00eancio e adora\u00e7\u00e3o, ela coloca Jesus no centro e d\u00e1 testemunho d\u2019Ele como Salvador.&#8221;<\/p>\n<p><strong>Catedral de sil\u00eancio<\/strong><\/p>\n<p>Francisco afirmou que Maria \u00e9 M\u00e3e n\u00e3o apenas porque carregou Jesus em seu ventre e o deu \u00e0 luz, \u201cmas porque o traz \u00e0 luz, sem ocupar seu lugar\u201d. Ela, continuou o Papa, \u201cpermanecer\u00e1 em sil\u00eancio tamb\u00e9m sob a cruz, na hora mais sombria, e continuar\u00e1 a abrir espa\u00e7o para Ele e a ger\u00e1-Lo para n\u00f3s\u201d.<\/p>\n<p>O Pont\u00edfice apresentou aos fi\u00e9is a cita\u00e7\u00e3o de um religioso e poeta do s\u00e9culo XX, que escreveu: &#8220;Virgem, catedral do sil\u00eancio\u201d. Para Francisco essa \u00e9 uma bela imagem, pois \u201ccom seu sil\u00eancio e sua humildade, Maria se tornou a primeira catedral de Deus, o lugar onde Ele e o homem podem se encontrar\u201d.<br \/>\n\u201cTamb\u00e9m nossas m\u00e3es, com seu cuidado escondido, com seu carinho, muitas vezes s\u00e3o magn\u00edficas catedrais do sil\u00eancio. Elas nos trazem ao mundo e continuam a nos seguir, muitas vezes sem serem notadas, para que possamos crescer. Lembremo-nos disto: o amor nunca sufoca, o amor abre espa\u00e7o para o outro e o faz crescer.\u201d<\/p>\n<p><strong>Rejeitar todas as formas de posse, opress\u00e3o e viol\u00eancia<\/strong><\/p>\n<p>\u201cOlhemos tamb\u00e9m para as m\u00e3es\u201d, enfatizou o Papa, \u201cpara aprender aquele amor que \u00e9 cultivado sobretudo no sil\u00eancio, que sabe dar espa\u00e7o ao outro, respeitando sua dignidade, deixando a liberdade de se expressar, rejeitando todas as formas de posse, opress\u00e3o e viol\u00eancia. H\u00e1 tanta necessidade disso hoje!\u201d, sublinhou o Papa, que em seguida, recordou um techo da Mensagem para o Dia Mundial da Paz que tamb\u00e9m \u00e9 celebrado hoje:<\/p>\n<p>&#8220;A liberdade e a coexist\u00eancia pac\u00edfica s\u00e3o amea\u00e7adas quando os seres humanos cedem \u00e0 tenta\u00e7\u00e3o do ego\u00edsmo, do interesse pr\u00f3prio, do desejo de lucro e da sede de poder. O amor, por outro lado, \u00e9 feito de respeito e gentileza: desse modo, ele rompe barreiras e ajuda a viver rela\u00e7\u00f5es fraternas, a construir sociedades mais justas e humanas, mais pac\u00edficas.\u201d<\/p>\n<p>\u201cOremos \u00e0 M\u00e3e de Deus e nossa M\u00e3e\u201d, concluiu o Papa, \u201cpara que no novo ano possamos crescer nesse amor gentil, silencioso e discreto que gera vida, e abre caminhos de paz e reconcilia\u00e7\u00e3o no mundo\u201d.<\/p>\n<hr \/>\n<h2>MISSA DA SOLENIDADE DE MARIA M\u00c3E DE DEUS<\/h2>\n<p>\u201c\u00c9 bom que o ano se abra com a invoca\u00e7\u00e3o d\u2019Ela; \u00e9 bom que o povo fiel proclame com alegria a Santa M\u00e3e de Deus.\u201d<\/p>\n<p>Com essas palavras, o Papa Francisco introduziu sua homilia aos sete mil fi\u00e9is presentes na Bas\u00edlica de S\u00e3o Pedro, no primeiro dia do ano (01\/01\/2024), durante a missa da Solenidade de de Maria Sant\u00edssima M\u00e3e de Deus.<\/p>\n<p>Os termos \u201cm\u00e3e\u201d e \u201cmulher\u201d estiveram no centro da reflex\u00e3o do Santo Padre, ao destacar que a maternidade de Maria \u00e9 o caminho para encontrar a ternura paterna de Deus, o caminho mais pr\u00f3ximo, mais direto, mais f\u00e1cil:<\/p>\n<p>\u201cAs palavras M\u00e3e de Deus exprimem a feliz certeza de que o Senhor, terno Menino nos bra\u00e7os da M\u00e3e, Se uniu para sempre \u00e0 nossa humanidade, de tal modo que esta j\u00e1 n\u00e3o \u00e9 s\u00f3 nossa, mas d\u2019Ele. M\u00e3e de Deus: poucas palavras para confessar a alian\u00e7a eterna do Senhor connosco. M\u00e3e de Deus, um dogma de f\u00e9, mas \u00e9 tamb\u00e9m um \u00abdogma de esperan\u00e7a\u00bb: Deus no homem e o homem em Deus, para sempre.\u201d<\/p>\n<p><strong>O rosto feminino da Igreja<\/strong><br \/>\nFrancisco recordou que \u00e9 a M\u00e3e que nos conduz ao in\u00edcio e ao cora\u00e7\u00e3o da f\u00e9, \u201cesta n\u00e3o \u00e9 uma teoria nem um empenho pessoal, mas um dom imenso, que nos faz filhos amados, moradas do amor do Pai\u201d. Por isso, sublinhou o Papa, \u201cacolher na pr\u00f3pria vida a M\u00e3e, n\u00e3o \u00e9 uma decis\u00e3o de mera devo\u00e7\u00e3o, mas uma exig\u00eancia de f\u00e9: se queremos ser crist\u00e3os, devemos ser marianos, ou seja, filhos de Maria\u201d.<\/p>\n<p>\u201cA Igreja precisa de Maria para descobrir o seu pr\u00f3prio rosto feminino: para se assemelhar ainda mais a Ela que, como mulher Virgem e M\u00e3e, representa o seu modelo e figura perfeita, para abrir espa\u00e7o \u00e0s mulheres e ser geradora atrav\u00e9s duma pastoral feita de cuidado e solicitude, paci\u00eancia e coragem materna.\u201d<\/p>\n<p>Segundo o Pont\u00edfice, \u201co mundo precisa de olhar para as m\u00e3es e para as mulheres a fim de encontrar a paz, escapar das espirais da viol\u00eancia e do \u00f3dio, voltar a ter um olhar humano e um cora\u00e7\u00e3o que v\u00ea\u201d.<\/p>\n<p><strong>Ferir uma mulher \u00e9 profanar Deus<\/strong><br \/>\n\u201cToda a sociedade precisa de acolher o dom da mulher, de cada mulher: respeit\u00e1-la, proteg\u00ea-la, valoriz\u00e1-la, sabendo que, quem fere ainda que seja uma \u00fanica mulher, profana Deus, nascido de mulher\u201d, ressaltou Francisco.<\/p>\n<p>\u201cMaria, a mulher, assim como \u00e9 decisiva na plenitude do tempo, tamb\u00e9m o \u00e9 para a vida de cada um; porque ningu\u00e9m melhor do que a M\u00e3e conhece os tempos e as urg\u00eancias dos filhos.\u201d<\/p>\n<p>O Papa recordou aos fi\u00e9is que diante da tenta\u00e7\u00e3o do fechamento \u00e9 preciso voltar-se para Maria, \u201cquando n\u00e3o conseguirmos desembara\u00e7ar-nos por entre os n\u00f3s da vida, procuremos ref\u00fagio n\u2019Ela\u201d.<\/p>\n<p><strong>Ternura materna<\/strong><br \/>\nAo concluir a homilia, o Santo Padre enfatizou que \u201cos nossos tempos, vazios de paz, precisam de uma M\u00e3e que congregue a fam\u00edlia humana\u201d, e indicou Maria como caminho para a constru\u00e7\u00e3o da fraternidade, que com a sua criatividade de M\u00e3e, cuida dos filhos: re\u00fane-os e conforta-os, escuta as suas penas e enxuga as suas l\u00e1grimas.<\/p>\n<p>\u201cConfiemos o novo ano \u00e0 M\u00e3e de Deus. Consagremos-Lhe as nossas vidas. Ela saber\u00e1, com ternura, apontar-nos a sua plenitude; com efeito, levar-nos-\u00e1 a Jesus, e Jesus \u00e9 a plenitude do tempo, de cada tempo, do nosso tempo.\u201d<\/p>\n<p>\u201cQue este ano seja cheio da consola\u00e7\u00e3o do Senhor! Que este ano seja repleto da ternura materna de Maria, a Santa M\u00e3e de Deus\u201d, concluiu Francisco, convidando os fi\u00e9is a juntos, repetir tr\u00eas vezes a invoca\u00e7\u00e3o: \u201cSanta M\u00e3e de Deus!\u201d<\/p>\n<hr \/>\n<p><em>Fonte: Vatican News (texto de Thulio Fonseca)<\/em><\/p>\n","protected":false},"excerpt":{"rendered":"<p>Solenidade da M\u00e3e de Deus<\/p>\n","protected":false},"author":3,"featured_media":245941,"comment_status":"open","ping_status":"open","sticky":false,"template":"","format":"standard","meta":[],"categories":[1428],"tags":[1573],"acf":[],"yoast_head":"<!-- This site is optimized with the Yoast SEO plugin v19.2 - https:\/\/yoast.com\/wordpress\/plugins\/seo\/ -->\n<title>Angelus: Maria \u00e9 &quot;catedral&quot; de Deus, lugar onde Ele e o homem podem se encontrar - Not\u00edcias - Franciscanos<\/title>\n<meta name=\"robots\" content=\"index, follow, max-snippet:-1, max-image-preview:large, max-video-preview:-1\" \/>\n<link rel=\"canonical\" href=\"https:\/\/franciscanos.org.br\/noticias\/angelus-maria-e-catedral-de-deus-lugar-onde-ele-e-o-homem-podem-se-encontrar.html\" \/>\n<meta property=\"og:locale\" content=\"pt_BR\" \/>\n<meta property=\"og:type\" content=\"article\" \/>\n<meta property=\"og:title\" content=\"Angelus: Maria \u00e9 &quot;catedral&quot; de Deus, lugar onde Ele e o homem podem se encontrar - Not\u00edcias - Franciscanos\" \/>\n<meta property=\"og:description\" content=\"Solenidade da M\u00e3e de Deus\" \/>\n<meta property=\"og:url\" content=\"https:\/\/franciscanos.org.br\/noticias\/angelus-maria-e-catedral-de-deus-lugar-onde-ele-e-o-homem-podem-se-encontrar.html\" \/>\n<meta property=\"og:site_name\" content=\"Not\u00edcias - Franciscanos\" \/>\n<meta property=\"article:published_time\" content=\"2024-01-01T13:02:32+00:00\" \/>\n<meta property=\"og:image\" content=\"https:\/\/franciscanos.org.br\/noticias\/wp-content\/uploads\/2024\/01\/angelus_010124.jpeg\" \/>\n\t<meta property=\"og:image:width\" content=\"1500\" \/>\n\t<meta property=\"og:image:height\" content=\"844\" \/>\n\t<meta property=\"og:image:type\" content=\"image\/jpeg\" \/>\n<meta name=\"author\" content=\"moacir\" \/>\n<meta name=\"twitter:card\" content=\"summary_large_image\" \/>\n<meta name=\"twitter:label1\" content=\"Escrito por\" \/>\n\t<meta name=\"twitter:data1\" content=\"moacir\" \/>\n\t<meta name=\"twitter:label2\" content=\"Est. tempo de leitura\" \/>\n\t<meta name=\"twitter:data2\" content=\"6 minutos\" \/>\n<script type=\"application\/ld+json\" class=\"yoast-schema-graph\">{\"@context\":\"https:\/\/schema.org\",\"@graph\":[{\"@type\":\"WebSite\",\"@id\":\"https:\/\/franciscanos.org.br\/noticias\/#website\",\"url\":\"https:\/\/franciscanos.org.br\/noticias\/\",\"name\":\"Not\u00edcias - Franciscanos\",\"description\":\"Prov\u00edncia Franciscana da Imaculada Concei\u00e7\u00e3o do Brasil - Ordem dos Frades Menores - OFM\",\"potentialAction\":[{\"@type\":\"SearchAction\",\"target\":{\"@type\":\"EntryPoint\",\"urlTemplate\":\"https:\/\/franciscanos.org.br\/noticias\/?s={search_term_string}\"},\"query-input\":\"required name=search_term_string\"}],\"inLanguage\":\"pt-BR\"},{\"@type\":\"ImageObject\",\"inLanguage\":\"pt-BR\",\"@id\":\"https:\/\/franciscanos.org.br\/noticias\/angelus-maria-e-catedral-de-deus-lugar-onde-ele-e-o-homem-podem-se-encontrar.html#primaryimage\",\"url\":\"https:\/\/franciscanos.org.br\/noticias\/wp-content\/uploads\/2024\/01\/angelus_010124.jpeg\",\"contentUrl\":\"https:\/\/franciscanos.org.br\/noticias\/wp-content\/uploads\/2024\/01\/angelus_010124.jpeg\",\"width\":1500,\"height\":844},{\"@type\":\"WebPage\",\"@id\":\"https:\/\/franciscanos.org.br\/noticias\/angelus-maria-e-catedral-de-deus-lugar-onde-ele-e-o-homem-podem-se-encontrar.html#webpage\",\"url\":\"https:\/\/franciscanos.org.br\/noticias\/angelus-maria-e-catedral-de-deus-lugar-onde-ele-e-o-homem-podem-se-encontrar.html\",\"name\":\"Angelus: Maria \u00e9 \\\"catedral\\\" de Deus, lugar onde Ele e o homem podem se encontrar - Not\u00edcias - Franciscanos\",\"isPartOf\":{\"@id\":\"https:\/\/franciscanos.org.br\/noticias\/#website\"},\"primaryImageOfPage\":{\"@id\":\"https:\/\/franciscanos.org.br\/noticias\/angelus-maria-e-catedral-de-deus-lugar-onde-ele-e-o-homem-podem-se-encontrar.html#primaryimage\"},\"datePublished\":\"2024-01-01T13:02:32+00:00\",\"dateModified\":\"2024-01-01T13:02:32+00:00\",\"author\":{\"@id\":\"https:\/\/franciscanos.org.br\/noticias\/#\/schema\/person\/b5c8cba458c330ccff548b056e95a5d4\"},\"breadcrumb\":{\"@id\":\"https:\/\/franciscanos.org.br\/noticias\/angelus-maria-e-catedral-de-deus-lugar-onde-ele-e-o-homem-podem-se-encontrar.html#breadcrumb\"},\"inLanguage\":\"pt-BR\",\"potentialAction\":[{\"@type\":\"ReadAction\",\"target\":[\"https:\/\/franciscanos.org.br\/noticias\/angelus-maria-e-catedral-de-deus-lugar-onde-ele-e-o-homem-podem-se-encontrar.html\"]}]},{\"@type\":\"BreadcrumbList\",\"@id\":\"https:\/\/franciscanos.org.br\/noticias\/angelus-maria-e-catedral-de-deus-lugar-onde-ele-e-o-homem-podem-se-encontrar.html#breadcrumb\",\"itemListElement\":[{\"@type\":\"ListItem\",\"position\":1,\"name\":\"Home\",\"item\":\"https:\/\/franciscanos.org.br\/noticias\"},{\"@type\":\"ListItem\",\"position\":2,\"name\":\"Angelus: Maria \u00e9 &#8220;catedral&#8221; de Deus, lugar onde Ele e o homem podem se encontrar\"}]},{\"@type\":\"Person\",\"@id\":\"https:\/\/franciscanos.org.br\/noticias\/#\/schema\/person\/b5c8cba458c330ccff548b056e95a5d4\",\"name\":\"moacir\",\"image\":{\"@type\":\"ImageObject\",\"inLanguage\":\"pt-BR\",\"@id\":\"https:\/\/franciscanos.org.br\/noticias\/#\/schema\/person\/image\/\",\"url\":\"https:\/\/secure.gravatar.com\/avatar\/d08aa2ce4c8dd416d4479aa8536fcf64?s=96&d=mm&r=g\",\"contentUrl\":\"https:\/\/secure.gravatar.com\/avatar\/d08aa2ce4c8dd416d4479aa8536fcf64?s=96&d=mm&r=g\",\"caption\":\"moacir\"},\"url\":\"https:\/\/franciscanos.org.br\/noticias\/author\/moacir\"}]}<\/script>\n<!-- \/ Yoast SEO plugin. -->","yoast_head_json":{"title":"Angelus: Maria \u00e9 \"catedral\" de Deus, lugar onde Ele e o homem podem se encontrar - Not\u00edcias - Franciscanos","robots":{"index":"index","follow":"follow","max-snippet":"max-snippet:-1","max-image-preview":"max-image-preview:large","max-video-preview":"max-video-preview:-1"},"canonical":"https:\/\/franciscanos.org.br\/noticias\/angelus-maria-e-catedral-de-deus-lugar-onde-ele-e-o-homem-podem-se-encontrar.html","og_locale":"pt_BR","og_type":"article","og_title":"Angelus: Maria \u00e9 \"catedral\" de Deus, lugar onde Ele e o homem podem se encontrar - Not\u00edcias - Franciscanos","og_description":"Solenidade da M\u00e3e de Deus","og_url":"https:\/\/franciscanos.org.br\/noticias\/angelus-maria-e-catedral-de-deus-lugar-onde-ele-e-o-homem-podem-se-encontrar.html","og_site_name":"Not\u00edcias - Franciscanos","article_published_time":"2024-01-01T13:02:32+00:00","og_image":[{"width":1500,"height":844,"url":"https:\/\/franciscanos.org.br\/noticias\/wp-content\/uploads\/2024\/01\/angelus_010124.jpeg","type":"image\/jpeg"}],"author":"moacir","twitter_card":"summary_large_image","twitter_misc":{"Escrito por":"moacir","Est. tempo de leitura":"6 minutos"},"schema":{"@context":"https:\/\/schema.org","@graph":[{"@type":"WebSite","@id":"https:\/\/franciscanos.org.br\/noticias\/#website","url":"https:\/\/franciscanos.org.br\/noticias\/","name":"Not\u00edcias - Franciscanos","description":"Prov\u00edncia Franciscana da Imaculada Concei\u00e7\u00e3o do Brasil - Ordem dos Frades Menores - OFM","potentialAction":[{"@type":"SearchAction","target":{"@type":"EntryPoint","urlTemplate":"https:\/\/franciscanos.org.br\/noticias\/?s={search_term_string}"},"query-input":"required name=search_term_string"}],"inLanguage":"pt-BR"},{"@type":"ImageObject","inLanguage":"pt-BR","@id":"https:\/\/franciscanos.org.br\/noticias\/angelus-maria-e-catedral-de-deus-lugar-onde-ele-e-o-homem-podem-se-encontrar.html#primaryimage","url":"https:\/\/franciscanos.org.br\/noticias\/wp-content\/uploads\/2024\/01\/angelus_010124.jpeg","contentUrl":"https:\/\/franciscanos.org.br\/noticias\/wp-content\/uploads\/2024\/01\/angelus_010124.jpeg","width":1500,"height":844},{"@type":"WebPage","@id":"https:\/\/franciscanos.org.br\/noticias\/angelus-maria-e-catedral-de-deus-lugar-onde-ele-e-o-homem-podem-se-encontrar.html#webpage","url":"https:\/\/franciscanos.org.br\/noticias\/angelus-maria-e-catedral-de-deus-lugar-onde-ele-e-o-homem-podem-se-encontrar.html","name":"Angelus: Maria \u00e9 \"catedral\" de Deus, lugar onde Ele e o homem podem se encontrar - Not\u00edcias - Franciscanos","isPartOf":{"@id":"https:\/\/franciscanos.org.br\/noticias\/#website"},"primaryImageOfPage":{"@id":"https:\/\/franciscanos.org.br\/noticias\/angelus-maria-e-catedral-de-deus-lugar-onde-ele-e-o-homem-podem-se-encontrar.html#primaryimage"},"datePublished":"2024-01-01T13:02:32+00:00","dateModified":"2024-01-01T13:02:32+00:00","author":{"@id":"https:\/\/franciscanos.org.br\/noticias\/#\/schema\/person\/b5c8cba458c330ccff548b056e95a5d4"},"breadcrumb":{"@id":"https:\/\/franciscanos.org.br\/noticias\/angelus-maria-e-catedral-de-deus-lugar-onde-ele-e-o-homem-podem-se-encontrar.html#breadcrumb"},"inLanguage":"pt-BR","potentialAction":[{"@type":"ReadAction","target":["https:\/\/franciscanos.org.br\/noticias\/angelus-maria-e-catedral-de-deus-lugar-onde-ele-e-o-homem-podem-se-encontrar.html"]}]},{"@type":"BreadcrumbList","@id":"https:\/\/franciscanos.org.br\/noticias\/angelus-maria-e-catedral-de-deus-lugar-onde-ele-e-o-homem-podem-se-encontrar.html#breadcrumb","itemListElement":[{"@type":"ListItem","position":1,"name":"Home","item":"https:\/\/franciscanos.org.br\/noticias"},{"@type":"ListItem","position":2,"name":"Angelus: Maria \u00e9 &#8220;catedral&#8221; de Deus, lugar onde Ele e o homem podem se encontrar"}]},{"@type":"Person","@id":"https:\/\/franciscanos.org.br\/noticias\/#\/schema\/person\/b5c8cba458c330ccff548b056e95a5d4","name":"moacir","image":{"@type":"ImageObject","inLanguage":"pt-BR","@id":"https:\/\/franciscanos.org.br\/noticias\/#\/schema\/person\/image\/","url":"https:\/\/secure.gravatar.com\/avatar\/d08aa2ce4c8dd416d4479aa8536fcf64?s=96&d=mm&r=g","contentUrl":"https:\/\/secure.gravatar.com\/avatar\/d08aa2ce4c8dd416d4479aa8536fcf64?s=96&d=mm&r=g","caption":"moacir"},"url":"https:\/\/franciscanos.org.br\/noticias\/author\/moacir"}]}},"_links":{"self":[{"href":"https:\/\/franciscanos.org.br\/noticias\/wp-json\/wp\/v2\/posts\/245940"}],"collection":[{"href":"https:\/\/franciscanos.org.br\/noticias\/wp-json\/wp\/v2\/posts"}],"about":[{"href":"https:\/\/franciscanos.org.br\/noticias\/wp-json\/wp\/v2\/types\/post"}],"author":[{"embeddable":true,"href":"https:\/\/franciscanos.org.br\/noticias\/wp-json\/wp\/v2\/users\/3"}],"replies":[{"embeddable":true,"href":"https:\/\/franciscanos.org.br\/noticias\/wp-json\/wp\/v2\/comments?post=245940"}],"version-history":[{"count":1,"href":"https:\/\/franciscanos.org.br\/noticias\/wp-json\/wp\/v2\/posts\/245940\/revisions"}],"predecessor-version":[{"id":245942,"href":"https:\/\/franciscanos.org.br\/noticias\/wp-json\/wp\/v2\/posts\/245940\/revisions\/245942"}],"wp:featuredmedia":[{"embeddable":true,"href":"https:\/\/franciscanos.org.br\/noticias\/wp-json\/wp\/v2\/media\/245941"}],"wp:attachment":[{"href":"https:\/\/franciscanos.org.br\/noticias\/wp-json\/wp\/v2\/media?parent=245940"}],"wp:term":[{"taxonomy":"category","embeddable":true,"href":"https:\/\/franciscanos.org.br\/noticias\/wp-json\/wp\/v2\/categories?post=245940"},{"taxonomy":"post_tag","embeddable":true,"href":"https:\/\/franciscanos.org.br\/noticias\/wp-json\/wp\/v2\/tags?post=245940"}],"curies":[{"name":"wp","href":"https:\/\/api.w.org\/{rel}","templated":true}]}}