{"id":245936,"date":"2023-12-30T13:32:10","date_gmt":"2023-12-30T16:32:10","guid":{"rendered":"https:\/\/franciscanos.org.br\/noticias\/?p=245936"},"modified":"2023-12-30T13:32:10","modified_gmt":"2023-12-30T16:32:10","slug":"incendio-no-espaco-da-antiga-biblioteca-da-usf-itatiba-destroi-atelie-de-frei-pedro","status":"publish","type":"post","link":"https:\/\/franciscanos.org.br\/noticias\/incendio-no-espaco-da-antiga-biblioteca-da-usf-itatiba-destroi-atelie-de-frei-pedro.html","title":{"rendered":"Inc\u00eandio no Espa\u00e7o da antiga Biblioteca da USF\/Itatiba destr\u00f3i ateli\u00ea de Frei Pedro"},"content":{"rendered":"<p><img loading=\"lazy\" class=\"alignnone size-full wp-image-245937\" src=\"https:\/\/franciscanos.org.br\/noticias\/wp-content\/uploads\/2023\/12\/itatiba_01.jpg\" alt=\"\" width=\"1280\" height=\"720\" srcset=\"https:\/\/franciscanos.org.br\/noticias\/wp-content\/uploads\/2023\/12\/itatiba_01.jpg 1280w, https:\/\/franciscanos.org.br\/noticias\/wp-content\/uploads\/2023\/12\/itatiba_01-450x253.jpg 450w, https:\/\/franciscanos.org.br\/noticias\/wp-content\/uploads\/2023\/12\/itatiba_01-1024x576.jpg 1024w, https:\/\/franciscanos.org.br\/noticias\/wp-content\/uploads\/2023\/12\/itatiba_01-768x432.jpg 768w, https:\/\/franciscanos.org.br\/noticias\/wp-content\/uploads\/2023\/12\/itatiba_01-150x84.jpg 150w\" sizes=\"(max-width: 1280px) 100vw, 1280px\" \/><\/p>\n<p>Na madrugada deste dia 30\/12, entre 4h e 4h30, um inc\u00eandio atingiu o espa\u00e7o da antiga biblioteca da USF, Campus de Itatiba. O monitoramento da seguran\u00e7a logo acionou o Corpo de Bombeiros que contiveram o fogo, mas n\u00e3o puderam fazer nada pelo espa\u00e7o que foi destru\u00eddo.<\/p>\n<p>Todo o dep\u00f3sito de livros do EAD queimou; e a grande perda foi a Ateli\u00ea-Oficina do nosso confrade artista Frei Pedro Pinheiro, OFM, que perdeu mais de 1.000 obras originais entre esculturas, pinturas, acervos e material de trabalho.<\/p>\n<p>Estamos noticiando para todos os confrades porque sabemos que \u00e9 uma obra que faz parte do patrim\u00f4nio cultural e art\u00edstico da Prov\u00edncia. O material da USF podemos recuperar atrav\u00e9s das gr\u00e1ficas, como tamb\u00e9m, a destrui\u00e7\u00e3o do espa\u00e7o atingido; mas as obras do Frei Pedro ter\u00e3o que renascer das cinzas e da fecunda inspira\u00e7\u00e3o do artista. As causas do inc\u00eandio ser\u00e3o avaliadas pela Per\u00edcia T\u00e9cnica e pela Defesa Civil.<\/p>\n<hr \/>\n<p>Frei Vitorio Mazzuco Filho, ofm<\/p>\n<hr \/>\n<h2>QUEM \u00c9 O ARTISTA PL\u00c1STICO FREI PEDRO PINHEIRO<\/h2>\n<p><img loading=\"lazy\" class=\"alignnone size-full wp-image-245938\" src=\"https:\/\/franciscanos.org.br\/noticias\/wp-content\/uploads\/2023\/12\/francisco_pedro.jpg\" alt=\"\" width=\"850\" height=\"638\" srcset=\"https:\/\/franciscanos.org.br\/noticias\/wp-content\/uploads\/2023\/12\/francisco_pedro.jpg 850w, https:\/\/franciscanos.org.br\/noticias\/wp-content\/uploads\/2023\/12\/francisco_pedro-450x338.jpg 450w, https:\/\/franciscanos.org.br\/noticias\/wp-content\/uploads\/2023\/12\/francisco_pedro-768x576.jpg 768w, https:\/\/franciscanos.org.br\/noticias\/wp-content\/uploads\/2023\/12\/francisco_pedro-150x113.jpg 150w, https:\/\/franciscanos.org.br\/noticias\/wp-content\/uploads\/2023\/12\/francisco_pedro-600x450.jpg 600w\" sizes=\"(max-width: 850px) 100vw, 850px\" \/><\/p>\n<p><em><strong>S\u00e3o Francisco de Assis, do a<\/strong><strong>utor: Frei Pedro Pinheiro, OFM<\/strong><\/em><\/p>\n<p>Frei Pedro Pinheiro \u00e9 natural de Leir\u00eda, uma localidade perto de Lisboa, em Portugal. Chegou ao Brasil em 56, quando tinha cinco anos e meio de idade. Ele desembarcou com seus pais em Santos (SP), mas vieram a fixar-se em S\u00e3o Bernardo do Campo, SP onde passou sua inf\u00e2ncia e adolesc\u00eancia, mudando-se para S\u00e3o Vicente por volta de seus 16 anos. Mais tarde quando come\u00e7ava a faculdade de Belas Artes, um outro \u201cartista\u201d entrou em sua vida: S\u00e3o Francisco de Assis. Aos 25 anos, ingressou na vida religiosa, tornando-se frade da Ordem Franciscana a partir de 1977, quando deu in\u00edcio ao trabalho dedicado \u00e0 arte sacra.<\/p>\n<p>Autodidata, Frei Pedro faz um trabalho, onde pesquisa o figurativo e abstrato, sendo influenciado pelo modernismo no Brasil, principalmente Portinari e Brecheret, pela arte africana e pelo expressionismo alem\u00e3o. \u201cMas a minha sensibilidade e forma\u00e7\u00e3o religiosa me levam tamb\u00e9m a tem\u00e1ticas calcadas no social, a exemplo de Portinari. Ele tinha uma preocupa\u00e7\u00e3o pelo social e essencialmente pelo humano\u201d, observa. Pedro produz sua pintura desde 68, gravura e joalheria desde 82, e escultura desde 92.<\/p>\n<p>Deu in\u00edcio, em 1990 \u00e0 Primeira Exposi\u00e7\u00e3o Internacional de Pres\u00e9pios no Convento S\u00e3o Francisco em S\u00e3o Paulo, desenvolvendo nessa atividade algumas t\u00e9cnicas de cenografia at\u00e9 2004, criando deste modo uma tradi\u00e7\u00e3o belenista nesse convento.<\/p>\n<p>Em Bragan\u00e7a Paulista onde residiu antes de se mudar para o Semin\u00e1rio Santo Ant\u00f4nio de Agudos (SP), al\u00e9m das exposi\u00e7\u00f5es de pres\u00e9pios, que montou desde 2004, participou tamb\u00e9m das atividades voltadas para a sociedade, como cursos de arte na Universidade S\u00e3o Francisco. Por diversas vezes foi convidado pelo Festival de Arte da Serrinha, participou dando aulas de desenho ou produzindo Arte com as crian\u00e7as do Bairro da \u00c1gua Comprida. Tem alguns trabalhos adquiridos por colecionadores no Brasil e no exterior. Frei Pedro tem especial prefer\u00eancia pela escultura. \u201cPassei a vida toda para descobrir que sou mais escultor do que pintor\u201d. Essa descoberta foi feita, segundo o artista, por volta de 1992, quando iniciou um curso de cer\u00e2mica e escultura no Liceu de Artes e Of\u00edcios em S\u00e3o Paulo.<\/p>\n<p>Residindo atualmente em Itatiba (SP),\u00a0 Recentemente Frei Pedro mostrou a sua arte na exposi\u00e7\u00e3o \u201cO Universo Plasticoce\u00e2nico\u201d, no Teatro Carlos Gomes de Bragan\u00e7a Paulista.<\/p>\n","protected":false},"excerpt":{"rendered":"<p>Resid\u00eancia Franciscana de Itatiba<\/p>\n","protected":false},"author":3,"featured_media":245937,"comment_status":"open","ping_status":"open","sticky":false,"template":"","format":"standard","meta":[],"categories":[1],"tags":[2148,354],"acf":[],"yoast_head":"<!-- This site is optimized with the Yoast SEO plugin v19.2 - https:\/\/yoast.com\/wordpress\/plugins\/seo\/ -->\n<title>Inc\u00eandio no Espa\u00e7o da antiga Biblioteca da USF\/Itatiba destr\u00f3i ateli\u00ea de Frei Pedro - Not\u00edcias - Franciscanos<\/title>\n<meta name=\"robots\" content=\"index, follow, max-snippet:-1, max-image-preview:large, max-video-preview:-1\" \/>\n<link rel=\"canonical\" href=\"https:\/\/franciscanos.org.br\/noticias\/incendio-no-espaco-da-antiga-biblioteca-da-usf-itatiba-destroi-atelie-de-frei-pedro.html\" \/>\n<meta property=\"og:locale\" content=\"pt_BR\" \/>\n<meta property=\"og:type\" content=\"article\" \/>\n<meta property=\"og:title\" content=\"Inc\u00eandio no Espa\u00e7o da antiga Biblioteca da USF\/Itatiba destr\u00f3i ateli\u00ea de Frei Pedro - Not\u00edcias - Franciscanos\" \/>\n<meta property=\"og:description\" content=\"Resid\u00eancia Franciscana de Itatiba\" \/>\n<meta property=\"og:url\" content=\"https:\/\/franciscanos.org.br\/noticias\/incendio-no-espaco-da-antiga-biblioteca-da-usf-itatiba-destroi-atelie-de-frei-pedro.html\" \/>\n<meta property=\"og:site_name\" content=\"Not\u00edcias - Franciscanos\" \/>\n<meta property=\"article:published_time\" content=\"2023-12-30T16:32:10+00:00\" \/>\n<meta property=\"og:image\" content=\"https:\/\/franciscanos.org.br\/noticias\/wp-content\/uploads\/2023\/12\/itatiba_01.jpg\" \/>\n\t<meta property=\"og:image:width\" content=\"1280\" \/>\n\t<meta property=\"og:image:height\" content=\"720\" \/>\n\t<meta property=\"og:image:type\" content=\"image\/jpeg\" \/>\n<meta name=\"author\" content=\"moacir\" \/>\n<meta name=\"twitter:card\" content=\"summary_large_image\" \/>\n<meta name=\"twitter:label1\" content=\"Escrito por\" \/>\n\t<meta name=\"twitter:data1\" content=\"moacir\" \/>\n\t<meta name=\"twitter:label2\" content=\"Est. tempo de leitura\" \/>\n\t<meta name=\"twitter:data2\" content=\"3 minutos\" \/>\n<script type=\"application\/ld+json\" class=\"yoast-schema-graph\">{\"@context\":\"https:\/\/schema.org\",\"@graph\":[{\"@type\":\"WebSite\",\"@id\":\"https:\/\/franciscanos.org.br\/noticias\/#website\",\"url\":\"https:\/\/franciscanos.org.br\/noticias\/\",\"name\":\"Not\u00edcias - Franciscanos\",\"description\":\"Prov\u00edncia Franciscana da Imaculada Concei\u00e7\u00e3o do Brasil - Ordem dos Frades Menores - OFM\",\"potentialAction\":[{\"@type\":\"SearchAction\",\"target\":{\"@type\":\"EntryPoint\",\"urlTemplate\":\"https:\/\/franciscanos.org.br\/noticias\/?s={search_term_string}\"},\"query-input\":\"required name=search_term_string\"}],\"inLanguage\":\"pt-BR\"},{\"@type\":\"ImageObject\",\"inLanguage\":\"pt-BR\",\"@id\":\"https:\/\/franciscanos.org.br\/noticias\/incendio-no-espaco-da-antiga-biblioteca-da-usf-itatiba-destroi-atelie-de-frei-pedro.html#primaryimage\",\"url\":\"https:\/\/franciscanos.org.br\/noticias\/wp-content\/uploads\/2023\/12\/itatiba_01.jpg\",\"contentUrl\":\"https:\/\/franciscanos.org.br\/noticias\/wp-content\/uploads\/2023\/12\/itatiba_01.jpg\",\"width\":1280,\"height\":720},{\"@type\":\"WebPage\",\"@id\":\"https:\/\/franciscanos.org.br\/noticias\/incendio-no-espaco-da-antiga-biblioteca-da-usf-itatiba-destroi-atelie-de-frei-pedro.html#webpage\",\"url\":\"https:\/\/franciscanos.org.br\/noticias\/incendio-no-espaco-da-antiga-biblioteca-da-usf-itatiba-destroi-atelie-de-frei-pedro.html\",\"name\":\"Inc\u00eandio no Espa\u00e7o da antiga Biblioteca da USF\/Itatiba destr\u00f3i ateli\u00ea de Frei Pedro - Not\u00edcias - Franciscanos\",\"isPartOf\":{\"@id\":\"https:\/\/franciscanos.org.br\/noticias\/#website\"},\"primaryImageOfPage\":{\"@id\":\"https:\/\/franciscanos.org.br\/noticias\/incendio-no-espaco-da-antiga-biblioteca-da-usf-itatiba-destroi-atelie-de-frei-pedro.html#primaryimage\"},\"datePublished\":\"2023-12-30T16:32:10+00:00\",\"dateModified\":\"2023-12-30T16:32:10+00:00\",\"author\":{\"@id\":\"https:\/\/franciscanos.org.br\/noticias\/#\/schema\/person\/b5c8cba458c330ccff548b056e95a5d4\"},\"breadcrumb\":{\"@id\":\"https:\/\/franciscanos.org.br\/noticias\/incendio-no-espaco-da-antiga-biblioteca-da-usf-itatiba-destroi-atelie-de-frei-pedro.html#breadcrumb\"},\"inLanguage\":\"pt-BR\",\"potentialAction\":[{\"@type\":\"ReadAction\",\"target\":[\"https:\/\/franciscanos.org.br\/noticias\/incendio-no-espaco-da-antiga-biblioteca-da-usf-itatiba-destroi-atelie-de-frei-pedro.html\"]}]},{\"@type\":\"BreadcrumbList\",\"@id\":\"https:\/\/franciscanos.org.br\/noticias\/incendio-no-espaco-da-antiga-biblioteca-da-usf-itatiba-destroi-atelie-de-frei-pedro.html#breadcrumb\",\"itemListElement\":[{\"@type\":\"ListItem\",\"position\":1,\"name\":\"Home\",\"item\":\"https:\/\/franciscanos.org.br\/noticias\"},{\"@type\":\"ListItem\",\"position\":2,\"name\":\"Inc\u00eandio no Espa\u00e7o da antiga Biblioteca da USF\/Itatiba destr\u00f3i ateli\u00ea de Frei Pedro\"}]},{\"@type\":\"Person\",\"@id\":\"https:\/\/franciscanos.org.br\/noticias\/#\/schema\/person\/b5c8cba458c330ccff548b056e95a5d4\",\"name\":\"moacir\",\"image\":{\"@type\":\"ImageObject\",\"inLanguage\":\"pt-BR\",\"@id\":\"https:\/\/franciscanos.org.br\/noticias\/#\/schema\/person\/image\/\",\"url\":\"https:\/\/secure.gravatar.com\/avatar\/d08aa2ce4c8dd416d4479aa8536fcf64?s=96&d=mm&r=g\",\"contentUrl\":\"https:\/\/secure.gravatar.com\/avatar\/d08aa2ce4c8dd416d4479aa8536fcf64?s=96&d=mm&r=g\",\"caption\":\"moacir\"},\"url\":\"https:\/\/franciscanos.org.br\/noticias\/author\/moacir\"}]}<\/script>\n<!-- \/ Yoast SEO plugin. -->","yoast_head_json":{"title":"Inc\u00eandio no Espa\u00e7o da antiga Biblioteca da USF\/Itatiba destr\u00f3i ateli\u00ea de Frei Pedro - Not\u00edcias - Franciscanos","robots":{"index":"index","follow":"follow","max-snippet":"max-snippet:-1","max-image-preview":"max-image-preview:large","max-video-preview":"max-video-preview:-1"},"canonical":"https:\/\/franciscanos.org.br\/noticias\/incendio-no-espaco-da-antiga-biblioteca-da-usf-itatiba-destroi-atelie-de-frei-pedro.html","og_locale":"pt_BR","og_type":"article","og_title":"Inc\u00eandio no Espa\u00e7o da antiga Biblioteca da USF\/Itatiba destr\u00f3i ateli\u00ea de Frei Pedro - Not\u00edcias - Franciscanos","og_description":"Resid\u00eancia Franciscana de Itatiba","og_url":"https:\/\/franciscanos.org.br\/noticias\/incendio-no-espaco-da-antiga-biblioteca-da-usf-itatiba-destroi-atelie-de-frei-pedro.html","og_site_name":"Not\u00edcias - Franciscanos","article_published_time":"2023-12-30T16:32:10+00:00","og_image":[{"width":1280,"height":720,"url":"https:\/\/franciscanos.org.br\/noticias\/wp-content\/uploads\/2023\/12\/itatiba_01.jpg","type":"image\/jpeg"}],"author":"moacir","twitter_card":"summary_large_image","twitter_misc":{"Escrito por":"moacir","Est. tempo de leitura":"3 minutos"},"schema":{"@context":"https:\/\/schema.org","@graph":[{"@type":"WebSite","@id":"https:\/\/franciscanos.org.br\/noticias\/#website","url":"https:\/\/franciscanos.org.br\/noticias\/","name":"Not\u00edcias - Franciscanos","description":"Prov\u00edncia Franciscana da Imaculada Concei\u00e7\u00e3o do Brasil - Ordem dos Frades Menores - OFM","potentialAction":[{"@type":"SearchAction","target":{"@type":"EntryPoint","urlTemplate":"https:\/\/franciscanos.org.br\/noticias\/?s={search_term_string}"},"query-input":"required name=search_term_string"}],"inLanguage":"pt-BR"},{"@type":"ImageObject","inLanguage":"pt-BR","@id":"https:\/\/franciscanos.org.br\/noticias\/incendio-no-espaco-da-antiga-biblioteca-da-usf-itatiba-destroi-atelie-de-frei-pedro.html#primaryimage","url":"https:\/\/franciscanos.org.br\/noticias\/wp-content\/uploads\/2023\/12\/itatiba_01.jpg","contentUrl":"https:\/\/franciscanos.org.br\/noticias\/wp-content\/uploads\/2023\/12\/itatiba_01.jpg","width":1280,"height":720},{"@type":"WebPage","@id":"https:\/\/franciscanos.org.br\/noticias\/incendio-no-espaco-da-antiga-biblioteca-da-usf-itatiba-destroi-atelie-de-frei-pedro.html#webpage","url":"https:\/\/franciscanos.org.br\/noticias\/incendio-no-espaco-da-antiga-biblioteca-da-usf-itatiba-destroi-atelie-de-frei-pedro.html","name":"Inc\u00eandio no Espa\u00e7o da antiga Biblioteca da USF\/Itatiba destr\u00f3i ateli\u00ea de Frei Pedro - Not\u00edcias - Franciscanos","isPartOf":{"@id":"https:\/\/franciscanos.org.br\/noticias\/#website"},"primaryImageOfPage":{"@id":"https:\/\/franciscanos.org.br\/noticias\/incendio-no-espaco-da-antiga-biblioteca-da-usf-itatiba-destroi-atelie-de-frei-pedro.html#primaryimage"},"datePublished":"2023-12-30T16:32:10+00:00","dateModified":"2023-12-30T16:32:10+00:00","author":{"@id":"https:\/\/franciscanos.org.br\/noticias\/#\/schema\/person\/b5c8cba458c330ccff548b056e95a5d4"},"breadcrumb":{"@id":"https:\/\/franciscanos.org.br\/noticias\/incendio-no-espaco-da-antiga-biblioteca-da-usf-itatiba-destroi-atelie-de-frei-pedro.html#breadcrumb"},"inLanguage":"pt-BR","potentialAction":[{"@type":"ReadAction","target":["https:\/\/franciscanos.org.br\/noticias\/incendio-no-espaco-da-antiga-biblioteca-da-usf-itatiba-destroi-atelie-de-frei-pedro.html"]}]},{"@type":"BreadcrumbList","@id":"https:\/\/franciscanos.org.br\/noticias\/incendio-no-espaco-da-antiga-biblioteca-da-usf-itatiba-destroi-atelie-de-frei-pedro.html#breadcrumb","itemListElement":[{"@type":"ListItem","position":1,"name":"Home","item":"https:\/\/franciscanos.org.br\/noticias"},{"@type":"ListItem","position":2,"name":"Inc\u00eandio no Espa\u00e7o da antiga Biblioteca da USF\/Itatiba destr\u00f3i ateli\u00ea de Frei Pedro"}]},{"@type":"Person","@id":"https:\/\/franciscanos.org.br\/noticias\/#\/schema\/person\/b5c8cba458c330ccff548b056e95a5d4","name":"moacir","image":{"@type":"ImageObject","inLanguage":"pt-BR","@id":"https:\/\/franciscanos.org.br\/noticias\/#\/schema\/person\/image\/","url":"https:\/\/secure.gravatar.com\/avatar\/d08aa2ce4c8dd416d4479aa8536fcf64?s=96&d=mm&r=g","contentUrl":"https:\/\/secure.gravatar.com\/avatar\/d08aa2ce4c8dd416d4479aa8536fcf64?s=96&d=mm&r=g","caption":"moacir"},"url":"https:\/\/franciscanos.org.br\/noticias\/author\/moacir"}]}},"_links":{"self":[{"href":"https:\/\/franciscanos.org.br\/noticias\/wp-json\/wp\/v2\/posts\/245936"}],"collection":[{"href":"https:\/\/franciscanos.org.br\/noticias\/wp-json\/wp\/v2\/posts"}],"about":[{"href":"https:\/\/franciscanos.org.br\/noticias\/wp-json\/wp\/v2\/types\/post"}],"author":[{"embeddable":true,"href":"https:\/\/franciscanos.org.br\/noticias\/wp-json\/wp\/v2\/users\/3"}],"replies":[{"embeddable":true,"href":"https:\/\/franciscanos.org.br\/noticias\/wp-json\/wp\/v2\/comments?post=245936"}],"version-history":[{"count":1,"href":"https:\/\/franciscanos.org.br\/noticias\/wp-json\/wp\/v2\/posts\/245936\/revisions"}],"predecessor-version":[{"id":245939,"href":"https:\/\/franciscanos.org.br\/noticias\/wp-json\/wp\/v2\/posts\/245936\/revisions\/245939"}],"wp:featuredmedia":[{"embeddable":true,"href":"https:\/\/franciscanos.org.br\/noticias\/wp-json\/wp\/v2\/media\/245937"}],"wp:attachment":[{"href":"https:\/\/franciscanos.org.br\/noticias\/wp-json\/wp\/v2\/media?parent=245936"}],"wp:term":[{"taxonomy":"category","embeddable":true,"href":"https:\/\/franciscanos.org.br\/noticias\/wp-json\/wp\/v2\/categories?post=245936"},{"taxonomy":"post_tag","embeddable":true,"href":"https:\/\/franciscanos.org.br\/noticias\/wp-json\/wp\/v2\/tags?post=245936"}],"curies":[{"name":"wp","href":"https:\/\/api.w.org\/{rel}","templated":true}]}}