{"id":245931,"date":"2024-01-10T00:37:31","date_gmt":"2024-01-10T03:37:31","guid":{"rendered":"https:\/\/franciscanos.org.br\/noticias\/?p=245931"},"modified":"2024-01-10T05:46:59","modified_gmt":"2024-01-10T08:46:59","slug":"nove-postulantes-serao-acolhidos-no-noviciado-2024","status":"publish","type":"post","link":"https:\/\/franciscanos.org.br\/noticias\/nove-postulantes-serao-acolhidos-no-noviciado-2024.html","title":{"rendered":"Nove postulantes ser\u00e3o acolhidos no Noviciado 2024"},"content":{"rendered":"<p><img loading=\"lazy\" class=\"alignnone size-full wp-image-245934\" src=\"https:\/\/franciscanos.org.br\/noticias\/wp-content\/uploads\/2023\/12\/rodeio_02.jpg\" alt=\"\" width=\"1280\" height=\"720\" srcset=\"https:\/\/franciscanos.org.br\/noticias\/wp-content\/uploads\/2023\/12\/rodeio_02.jpg 1280w, https:\/\/franciscanos.org.br\/noticias\/wp-content\/uploads\/2023\/12\/rodeio_02-450x253.jpg 450w, https:\/\/franciscanos.org.br\/noticias\/wp-content\/uploads\/2023\/12\/rodeio_02-1024x576.jpg 1024w, https:\/\/franciscanos.org.br\/noticias\/wp-content\/uploads\/2023\/12\/rodeio_02-768x432.jpg 768w, https:\/\/franciscanos.org.br\/noticias\/wp-content\/uploads\/2023\/12\/rodeio_02-150x84.jpg 150w\" sizes=\"(max-width: 1280px) 100vw, 1280px\" \/><\/p>\n<p>No ano do Jubileu de 800 anos dos Estigmas de S\u00e3o Francisco, a turma do Noviciado de 2024 da Prov\u00edncia da Imaculada Concei\u00e7\u00e3o do Brasil ser\u00e1 formada por nove postulantes, que ser\u00e3o acolhidos na segunda-feira, dia 15 de janeiro, pelo Ministro Provincial, Frei Paulo Roberto Pereira, durante a Celebra\u00e7\u00e3o, \u00e0s 7h, no Noviciado S\u00e3o Jos\u00e9, em Rodeio (SC). S\u00e3o eles: Ant\u00f4nio Jos\u00e9 da Silva Dias, Daniel Santos do Nascimento, Fabr\u00edcio Andreosa Martins, F\u00e1bio Charleaux Luzia dos Santos, Jean Carlos da Rosa dos Santos, Leonardo Haag, Patryck Ribeiro da Silva Dutra, Victor Flemeng do Vale Almeida e Luis David Vasques Pena, que pertence \u00e0 Cust\u00f3dia da Imaculada Concei\u00e7\u00e3o, da Venezuela. Esta ser\u00e1 a 124\u00aa turma do Noviciado de Rodeio.<\/p>\n<p>Antes de chegarem \u00e0 Casa-M\u00e3e, os candidatos fizeram a etapa do Postulantado no Semin\u00e1rio Frei Galv\u00e3o, de Guaratinguet\u00e1 (SP). Segundo os documentos da Ordem, esses jovens far\u00e3o um \u201cper\u00edodo de forma\u00e7\u00e3o mais intensa\u201d em Rodeio, tendo como objetivo \u201cfazer com que os novi\u00e7os conhe\u00e7am e experimentem a forma de vida de S\u00e3o Francisco, impregnem mais profundamente a mente e o cora\u00e7\u00e3o de seu esp\u00edrito e, avaliando melhor o chamado do Senhor, comprovem seus prop\u00f3sitos e sua idoneidade\u201d (Constitui\u00e7\u00f5es Gerais da Ordem, art. 152).<\/p>\n<p><img loading=\"lazy\" class=\"alignnone size-full wp-image-245933\" src=\"https:\/\/franciscanos.org.br\/noticias\/wp-content\/uploads\/2023\/12\/Novicos-800-1.jpg\" alt=\"\" width=\"1048\" height=\"720\" srcset=\"https:\/\/franciscanos.org.br\/noticias\/wp-content\/uploads\/2023\/12\/Novicos-800-1.jpg 1048w, https:\/\/franciscanos.org.br\/noticias\/wp-content\/uploads\/2023\/12\/Novicos-800-1-450x309.jpg 450w, https:\/\/franciscanos.org.br\/noticias\/wp-content\/uploads\/2023\/12\/Novicos-800-1-1024x704.jpg 1024w, https:\/\/franciscanos.org.br\/noticias\/wp-content\/uploads\/2023\/12\/Novicos-800-1-768x528.jpg 768w, https:\/\/franciscanos.org.br\/noticias\/wp-content\/uploads\/2023\/12\/Novicos-800-1-150x103.jpg 150w, https:\/\/franciscanos.org.br\/noticias\/wp-content\/uploads\/2023\/12\/Novicos-800-1-320x220.jpg 320w\" sizes=\"(max-width: 1048px) 100vw, 1048px\" \/><\/p>\n<p>Um dos momentos mais simb\u00f3licos e emocionantes da admiss\u00e3o dos novi\u00e7os \u00e9 quando vestem o h\u00e1bito franciscano, que recebem das m\u00e3os do Ministro Provincial e do mestre Frei Samuel Ferreira de Lima. Ali mesmo, durante a celebra\u00e7\u00e3o, eles se vestem e passam a ser chamados de &#8220;Frei&#8221;. Este h\u00e1bito \u00e9 provis\u00f3rio durante o ano de Noviciado, j\u00e1 que o definitivo o novi\u00e7o receber\u00e1 quando fizer a Primeira Profiss\u00e3o, no t\u00e9rmino deste \u201cano de prova\u00e7\u00e3o\u201d.<\/p>\n<p>Durante o ano, os novi\u00e7os intensificam a vida em comum com a Fraternidade Formadora da casa \u2013 Frei Josemberg Cardozo Aranha, guardi\u00e3o e vice-mestre; Frei Samuel Ferreira de Lima, vig\u00e1rio da casa e mestre; Frei Miguel da Cruz, p\u00e1roco e administrador da Diocese de Rio do Sul; Frei Claudino Dal\u2019Mago, vig\u00e1rio paroquial; Frei Jos\u00e9 Bertoldi, atendente conventual, e o bispo em\u00e9rito da Barra, Dom Luiz Flavio Cappio, o mais novo integrante da Fraternidade. Os novi\u00e7os participam tamb\u00e9m de algumas atividades na pr\u00f3pria comunidade paroquial e de celebra\u00e7\u00f5es em outras casas franciscanas da regi\u00e3o.<\/p>\n","protected":false},"excerpt":{"rendered":"<p>Admiss\u00e3o dos Novi\u00e7os 2024<\/p>\n","protected":false},"author":3,"featured_media":245933,"comment_status":"open","ping_status":"open","sticky":false,"template":"","format":"standard","meta":[],"categories":[1],"tags":[1270],"acf":[],"yoast_head":"<!-- This site is optimized with the Yoast SEO plugin v19.2 - https:\/\/yoast.com\/wordpress\/plugins\/seo\/ -->\n<title>Nove postulantes ser\u00e3o acolhidos no Noviciado 2024 - Not\u00edcias - Franciscanos<\/title>\n<meta name=\"robots\" content=\"index, follow, max-snippet:-1, max-image-preview:large, max-video-preview:-1\" \/>\n<link rel=\"canonical\" href=\"https:\/\/franciscanos.org.br\/noticias\/nove-postulantes-serao-acolhidos-no-noviciado-2024.html\" \/>\n<meta property=\"og:locale\" content=\"pt_BR\" \/>\n<meta property=\"og:type\" content=\"article\" \/>\n<meta property=\"og:title\" content=\"Nove postulantes ser\u00e3o acolhidos no Noviciado 2024 - Not\u00edcias - Franciscanos\" \/>\n<meta property=\"og:description\" content=\"Admiss\u00e3o dos Novi\u00e7os 2024\" \/>\n<meta property=\"og:url\" content=\"https:\/\/franciscanos.org.br\/noticias\/nove-postulantes-serao-acolhidos-no-noviciado-2024.html\" \/>\n<meta property=\"og:site_name\" content=\"Not\u00edcias - Franciscanos\" \/>\n<meta property=\"article:published_time\" content=\"2024-01-10T03:37:31+00:00\" \/>\n<meta property=\"article:modified_time\" content=\"2024-01-10T08:46:59+00:00\" \/>\n<meta property=\"og:image\" content=\"https:\/\/franciscanos.org.br\/noticias\/wp-content\/uploads\/2023\/12\/Novicos-800-1.jpg\" \/>\n\t<meta property=\"og:image:width\" content=\"1048\" \/>\n\t<meta property=\"og:image:height\" content=\"720\" \/>\n\t<meta property=\"og:image:type\" content=\"image\/jpeg\" \/>\n<meta name=\"author\" content=\"moacir\" \/>\n<meta name=\"twitter:card\" content=\"summary_large_image\" \/>\n<meta name=\"twitter:label1\" content=\"Escrito por\" \/>\n\t<meta name=\"twitter:data1\" content=\"moacir\" \/>\n\t<meta name=\"twitter:label2\" content=\"Est. tempo de leitura\" \/>\n\t<meta name=\"twitter:data2\" content=\"2 minutos\" \/>\n<script type=\"application\/ld+json\" class=\"yoast-schema-graph\">{\"@context\":\"https:\/\/schema.org\",\"@graph\":[{\"@type\":\"WebSite\",\"@id\":\"https:\/\/franciscanos.org.br\/noticias\/#website\",\"url\":\"https:\/\/franciscanos.org.br\/noticias\/\",\"name\":\"Not\u00edcias - Franciscanos\",\"description\":\"Prov\u00edncia Franciscana da Imaculada Concei\u00e7\u00e3o do Brasil - Ordem dos Frades Menores - OFM\",\"potentialAction\":[{\"@type\":\"SearchAction\",\"target\":{\"@type\":\"EntryPoint\",\"urlTemplate\":\"https:\/\/franciscanos.org.br\/noticias\/?s={search_term_string}\"},\"query-input\":\"required name=search_term_string\"}],\"inLanguage\":\"pt-BR\"},{\"@type\":\"ImageObject\",\"inLanguage\":\"pt-BR\",\"@id\":\"https:\/\/franciscanos.org.br\/noticias\/nove-postulantes-serao-acolhidos-no-noviciado-2024.html#primaryimage\",\"url\":\"https:\/\/franciscanos.org.br\/noticias\/wp-content\/uploads\/2023\/12\/Novicos-800-1.jpg\",\"contentUrl\":\"https:\/\/franciscanos.org.br\/noticias\/wp-content\/uploads\/2023\/12\/Novicos-800-1.jpg\",\"width\":1048,\"height\":720},{\"@type\":\"WebPage\",\"@id\":\"https:\/\/franciscanos.org.br\/noticias\/nove-postulantes-serao-acolhidos-no-noviciado-2024.html#webpage\",\"url\":\"https:\/\/franciscanos.org.br\/noticias\/nove-postulantes-serao-acolhidos-no-noviciado-2024.html\",\"name\":\"Nove postulantes ser\u00e3o acolhidos no Noviciado 2024 - Not\u00edcias - Franciscanos\",\"isPartOf\":{\"@id\":\"https:\/\/franciscanos.org.br\/noticias\/#website\"},\"primaryImageOfPage\":{\"@id\":\"https:\/\/franciscanos.org.br\/noticias\/nove-postulantes-serao-acolhidos-no-noviciado-2024.html#primaryimage\"},\"datePublished\":\"2024-01-10T03:37:31+00:00\",\"dateModified\":\"2024-01-10T08:46:59+00:00\",\"author\":{\"@id\":\"https:\/\/franciscanos.org.br\/noticias\/#\/schema\/person\/b5c8cba458c330ccff548b056e95a5d4\"},\"breadcrumb\":{\"@id\":\"https:\/\/franciscanos.org.br\/noticias\/nove-postulantes-serao-acolhidos-no-noviciado-2024.html#breadcrumb\"},\"inLanguage\":\"pt-BR\",\"potentialAction\":[{\"@type\":\"ReadAction\",\"target\":[\"https:\/\/franciscanos.org.br\/noticias\/nove-postulantes-serao-acolhidos-no-noviciado-2024.html\"]}]},{\"@type\":\"BreadcrumbList\",\"@id\":\"https:\/\/franciscanos.org.br\/noticias\/nove-postulantes-serao-acolhidos-no-noviciado-2024.html#breadcrumb\",\"itemListElement\":[{\"@type\":\"ListItem\",\"position\":1,\"name\":\"Home\",\"item\":\"https:\/\/franciscanos.org.br\/noticias\"},{\"@type\":\"ListItem\",\"position\":2,\"name\":\"Nove postulantes ser\u00e3o acolhidos no Noviciado 2024\"}]},{\"@type\":\"Person\",\"@id\":\"https:\/\/franciscanos.org.br\/noticias\/#\/schema\/person\/b5c8cba458c330ccff548b056e95a5d4\",\"name\":\"moacir\",\"image\":{\"@type\":\"ImageObject\",\"inLanguage\":\"pt-BR\",\"@id\":\"https:\/\/franciscanos.org.br\/noticias\/#\/schema\/person\/image\/\",\"url\":\"https:\/\/secure.gravatar.com\/avatar\/d08aa2ce4c8dd416d4479aa8536fcf64?s=96&d=mm&r=g\",\"contentUrl\":\"https:\/\/secure.gravatar.com\/avatar\/d08aa2ce4c8dd416d4479aa8536fcf64?s=96&d=mm&r=g\",\"caption\":\"moacir\"},\"url\":\"https:\/\/franciscanos.org.br\/noticias\/author\/moacir\"}]}<\/script>\n<!-- \/ Yoast SEO plugin. -->","yoast_head_json":{"title":"Nove postulantes ser\u00e3o acolhidos no Noviciado 2024 - Not\u00edcias - Franciscanos","robots":{"index":"index","follow":"follow","max-snippet":"max-snippet:-1","max-image-preview":"max-image-preview:large","max-video-preview":"max-video-preview:-1"},"canonical":"https:\/\/franciscanos.org.br\/noticias\/nove-postulantes-serao-acolhidos-no-noviciado-2024.html","og_locale":"pt_BR","og_type":"article","og_title":"Nove postulantes ser\u00e3o acolhidos no Noviciado 2024 - Not\u00edcias - Franciscanos","og_description":"Admiss\u00e3o dos Novi\u00e7os 2024","og_url":"https:\/\/franciscanos.org.br\/noticias\/nove-postulantes-serao-acolhidos-no-noviciado-2024.html","og_site_name":"Not\u00edcias - Franciscanos","article_published_time":"2024-01-10T03:37:31+00:00","article_modified_time":"2024-01-10T08:46:59+00:00","og_image":[{"width":1048,"height":720,"url":"https:\/\/franciscanos.org.br\/noticias\/wp-content\/uploads\/2023\/12\/Novicos-800-1.jpg","type":"image\/jpeg"}],"author":"moacir","twitter_card":"summary_large_image","twitter_misc":{"Escrito por":"moacir","Est. tempo de leitura":"2 minutos"},"schema":{"@context":"https:\/\/schema.org","@graph":[{"@type":"WebSite","@id":"https:\/\/franciscanos.org.br\/noticias\/#website","url":"https:\/\/franciscanos.org.br\/noticias\/","name":"Not\u00edcias - Franciscanos","description":"Prov\u00edncia Franciscana da Imaculada Concei\u00e7\u00e3o do Brasil - Ordem dos Frades Menores - OFM","potentialAction":[{"@type":"SearchAction","target":{"@type":"EntryPoint","urlTemplate":"https:\/\/franciscanos.org.br\/noticias\/?s={search_term_string}"},"query-input":"required name=search_term_string"}],"inLanguage":"pt-BR"},{"@type":"ImageObject","inLanguage":"pt-BR","@id":"https:\/\/franciscanos.org.br\/noticias\/nove-postulantes-serao-acolhidos-no-noviciado-2024.html#primaryimage","url":"https:\/\/franciscanos.org.br\/noticias\/wp-content\/uploads\/2023\/12\/Novicos-800-1.jpg","contentUrl":"https:\/\/franciscanos.org.br\/noticias\/wp-content\/uploads\/2023\/12\/Novicos-800-1.jpg","width":1048,"height":720},{"@type":"WebPage","@id":"https:\/\/franciscanos.org.br\/noticias\/nove-postulantes-serao-acolhidos-no-noviciado-2024.html#webpage","url":"https:\/\/franciscanos.org.br\/noticias\/nove-postulantes-serao-acolhidos-no-noviciado-2024.html","name":"Nove postulantes ser\u00e3o acolhidos no Noviciado 2024 - Not\u00edcias - Franciscanos","isPartOf":{"@id":"https:\/\/franciscanos.org.br\/noticias\/#website"},"primaryImageOfPage":{"@id":"https:\/\/franciscanos.org.br\/noticias\/nove-postulantes-serao-acolhidos-no-noviciado-2024.html#primaryimage"},"datePublished":"2024-01-10T03:37:31+00:00","dateModified":"2024-01-10T08:46:59+00:00","author":{"@id":"https:\/\/franciscanos.org.br\/noticias\/#\/schema\/person\/b5c8cba458c330ccff548b056e95a5d4"},"breadcrumb":{"@id":"https:\/\/franciscanos.org.br\/noticias\/nove-postulantes-serao-acolhidos-no-noviciado-2024.html#breadcrumb"},"inLanguage":"pt-BR","potentialAction":[{"@type":"ReadAction","target":["https:\/\/franciscanos.org.br\/noticias\/nove-postulantes-serao-acolhidos-no-noviciado-2024.html"]}]},{"@type":"BreadcrumbList","@id":"https:\/\/franciscanos.org.br\/noticias\/nove-postulantes-serao-acolhidos-no-noviciado-2024.html#breadcrumb","itemListElement":[{"@type":"ListItem","position":1,"name":"Home","item":"https:\/\/franciscanos.org.br\/noticias"},{"@type":"ListItem","position":2,"name":"Nove postulantes ser\u00e3o acolhidos no Noviciado 2024"}]},{"@type":"Person","@id":"https:\/\/franciscanos.org.br\/noticias\/#\/schema\/person\/b5c8cba458c330ccff548b056e95a5d4","name":"moacir","image":{"@type":"ImageObject","inLanguage":"pt-BR","@id":"https:\/\/franciscanos.org.br\/noticias\/#\/schema\/person\/image\/","url":"https:\/\/secure.gravatar.com\/avatar\/d08aa2ce4c8dd416d4479aa8536fcf64?s=96&d=mm&r=g","contentUrl":"https:\/\/secure.gravatar.com\/avatar\/d08aa2ce4c8dd416d4479aa8536fcf64?s=96&d=mm&r=g","caption":"moacir"},"url":"https:\/\/franciscanos.org.br\/noticias\/author\/moacir"}]}},"_links":{"self":[{"href":"https:\/\/franciscanos.org.br\/noticias\/wp-json\/wp\/v2\/posts\/245931"}],"collection":[{"href":"https:\/\/franciscanos.org.br\/noticias\/wp-json\/wp\/v2\/posts"}],"about":[{"href":"https:\/\/franciscanos.org.br\/noticias\/wp-json\/wp\/v2\/types\/post"}],"author":[{"embeddable":true,"href":"https:\/\/franciscanos.org.br\/noticias\/wp-json\/wp\/v2\/users\/3"}],"replies":[{"embeddable":true,"href":"https:\/\/franciscanos.org.br\/noticias\/wp-json\/wp\/v2\/comments?post=245931"}],"version-history":[{"count":1,"href":"https:\/\/franciscanos.org.br\/noticias\/wp-json\/wp\/v2\/posts\/245931\/revisions"}],"predecessor-version":[{"id":245935,"href":"https:\/\/franciscanos.org.br\/noticias\/wp-json\/wp\/v2\/posts\/245931\/revisions\/245935"}],"wp:featuredmedia":[{"embeddable":true,"href":"https:\/\/franciscanos.org.br\/noticias\/wp-json\/wp\/v2\/media\/245933"}],"wp:attachment":[{"href":"https:\/\/franciscanos.org.br\/noticias\/wp-json\/wp\/v2\/media?parent=245931"}],"wp:term":[{"taxonomy":"category","embeddable":true,"href":"https:\/\/franciscanos.org.br\/noticias\/wp-json\/wp\/v2\/categories?post=245931"},{"taxonomy":"post_tag","embeddable":true,"href":"https:\/\/franciscanos.org.br\/noticias\/wp-json\/wp\/v2\/tags?post=245931"}],"curies":[{"name":"wp","href":"https:\/\/api.w.org\/{rel}","templated":true}]}}