{"id":245923,"date":"2024-01-10T00:13:26","date_gmt":"2024-01-10T03:13:26","guid":{"rendered":"https:\/\/franciscanos.org.br\/noticias\/?p=245923"},"modified":"2024-01-10T16:11:58","modified_gmt":"2024-01-10T19:11:58","slug":"novicos-fazem-a-primeira-profissao-em-rodeio","status":"publish","type":"post","link":"https:\/\/franciscanos.org.br\/noticias\/novicos-fazem-a-primeira-profissao-em-rodeio.html","title":{"rendered":"Novi\u00e7os fazem a Primeira Profiss\u00e3o em Rodeio"},"content":{"rendered":"<p><img loading=\"lazy\" class=\"alignnone size-full wp-image-245924\" src=\"https:\/\/franciscanos.org.br\/noticias\/wp-content\/uploads\/2023\/12\/Novicos-1280.jpg\" alt=\"\" width=\"1280\" height=\"720\" srcset=\"https:\/\/franciscanos.org.br\/noticias\/wp-content\/uploads\/2023\/12\/Novicos-1280.jpg 1280w, https:\/\/franciscanos.org.br\/noticias\/wp-content\/uploads\/2023\/12\/Novicos-1280-450x253.jpg 450w, https:\/\/franciscanos.org.br\/noticias\/wp-content\/uploads\/2023\/12\/Novicos-1280-1024x576.jpg 1024w, https:\/\/franciscanos.org.br\/noticias\/wp-content\/uploads\/2023\/12\/Novicos-1280-768x432.jpg 768w, https:\/\/franciscanos.org.br\/noticias\/wp-content\/uploads\/2023\/12\/Novicos-1280-150x84.jpg 150w\" sizes=\"(max-width: 1280px) 100vw, 1280px\" \/><\/p>\n<p><strong>Rodeio (SC)<\/strong> \u2013 Depois de um ano de forma\u00e7\u00e3o intensa no Noviciado S\u00e3o Jos\u00e9, no pr\u00f3ximo dia 10 de janeiro, tr\u00eas novi\u00e7os professar\u00e3o pela primeira vez na Ordem dos Frades Menores durante a Celebra\u00e7\u00e3o Eucar\u00edstica, \u00e0s 19 horas, na Igreja S\u00e3o Francisco de Assis, em Rodeio (SC): Cristian dos Santos Lopes; Felipe Fernando de Noronha e Rodrigo Ignacio Min\u00e1, que \u00e9 da Prov\u00edncia Argentina S\u00e3o Francisco Solano.<\/p>\n<p>Segundo a Ordem dos Frades Menores, o tempo da profiss\u00e3o tempor\u00e1ria \u00e9 o \u201cper\u00edodo durante o qual se completa a forma\u00e7\u00e3o para viver de modo mais pleno a vida pr\u00f3pria da Ordem e melhor cumprir sua miss\u00e3o\u201d. Na Ordem Franciscana, os votos dos professos tempor\u00e1rios s\u00e3o renovados anualmente at\u00e9 o momento da profiss\u00e3o solene.<\/p>\n<p>O mestre Frei Samuel Ferreira de Lima recordou que o Noviciado 2023 teve in\u00edcio no dia 15 de janeiro e j\u00e1, no dia 17 de dezembro, enfrentou-se uma realidade nunca vista na cidade de Rodeio: uma forte chuva de algumas horas inundou, destruiu, matou pessoas, deixou estragos em infraestruturas, resid\u00eancias, f\u00e1bricas, lojas e tamb\u00e9m na casa das Irm\u00e3s Catequistas Franciscanas, que foi totalmente inundada pelas \u00e1guas. &#8220;A lama destruiu a cozinha, refeit\u00f3rio, os quartos das Irm\u00e3s enfermas e todo o primeiro piso da casa, impedindo o acesso \u00e0 casa e aos ve\u00edculos&#8221;, lembrou o frade.<\/p>\n<div id=\"attachment_245925\" style=\"width: 510px\" class=\"wp-caption alignright\"><img aria-describedby=\"caption-attachment-245925\" loading=\"lazy\" class=\"wp-image-245925 size-full\" src=\"https:\/\/franciscanos.org.br\/noticias\/wp-content\/uploads\/2023\/12\/samuel_01.jpg\" alt=\"\" width=\"500\" height=\"400\" srcset=\"https:\/\/franciscanos.org.br\/noticias\/wp-content\/uploads\/2023\/12\/samuel_01.jpg 500w, https:\/\/franciscanos.org.br\/noticias\/wp-content\/uploads\/2023\/12\/samuel_01-450x360.jpg 450w, https:\/\/franciscanos.org.br\/noticias\/wp-content\/uploads\/2023\/12\/samuel_01-150x120.jpg 150w\" sizes=\"(max-width: 500px) 100vw, 500px\" \/><p id=\"caption-attachment-245925\" class=\"wp-caption-text\"><em>Frei Samuel Ferreira de Lima, mestre dos novi\u00e7os<\/em><\/p><\/div>\n<p>Segundo Frei Samuel, nesta situa\u00e7\u00e3o de emerg\u00eancia, todo o Noviciado se mobilizou para ir ao socorro das Irm\u00e3s. &#8220;Como primeira a\u00e7\u00e3o foi necess\u00e1rio remover todas as idosas e enfermas da casa para o nosso primeiro andar do Noviciado e a casa de h\u00f3spede, com todo o staff da enfermagem, numa opera\u00e7\u00e3o log\u00edstica que exigiu o esfor\u00e7o de toda a Fraternidade, alguns transportando as irm\u00e3s, outros ajudando na limpeza da lama e outros providenciando a alimenta\u00e7\u00e3o. Foi um in\u00edcio de etapa onde durante uma semana tivemos um Noviciado misto junto com as religiosas, suas hist\u00f3rias, dramas e medo. Foi a primeira vez na hist\u00f3ria do Noviciado que Irm\u00e3s moraram na nossa clausura. Esta experi\u00eancia criou um elo de colabora\u00e7\u00e3o e caminhada conjunta de uma riqueza imensur\u00e1vel&#8221;, avaliou Frei Samuel.<\/p>\n<p>Segundo o mestre, a parceria com o Noviciado das Irm\u00e3s Catequistas Franciscanas, instaladas na &#8216;Casa do Sim&#8217; no Rodeio 50, resultou em forma\u00e7\u00f5es conjuntas, momentos orantes, passeios, celebra\u00e7\u00f5es, trabalhos, momentos de luto e de esperan\u00e7a. &#8220;Consolidou-se uma parceria como Fam\u00edlia Franciscana que enriqueceu muito o processo formativo de nossos irm\u00e3os novi\u00e7os&#8221;, observou o mestre.<\/p>\n<p>Para Frei Samuel, os tr\u00eas encontros do Novinter com a presen\u00e7a de seis congrega\u00e7\u00f5es e v\u00e1rias nacionalidades latinas criaram consci\u00eancia de uma caminhada como Igreja e Vida Religiosa. &#8220;Foi uma viv\u00eancia compartilhada por 33 novi\u00e7os e novi\u00e7as que durante uma semana tinham toda uma programa\u00e7\u00e3o de estudo, ora\u00e7\u00e3o, lazer e viv\u00eancias assumidas em conjunto e dirigida em cada dia por uma fam\u00edlia religiosa. Tamb\u00e9m os v\u00e1rios eventos paroquiais e diocesanos ajudaram no amadurecimento e no discernimento da op\u00e7\u00e3o de cada um em sua viv\u00eancia como religioso franciscano&#8221;, acrescentou, lembrando &#8220;o enriquecimento de nossa Fraternidade neste \u00faltimo m\u00eas com a presen\u00e7a de nosso confrade Frei Luiz Fl\u00e1vio Cappio, que com sua experi\u00eancia de miss\u00e3o e vida est\u00e1 contribuindo ricamente com o Noviciado&#8221;. Segundo Frei Samuel, o ano foi muito rico e com experi\u00eancias fortes na caminhada espiritual e franciscana.<\/p>\n<p>&#8220;Tanto as sa\u00eddas como os que permaneceram fizeram um processo sereno e maduro de aprofundamento e tomada de consci\u00eancia de sua pr\u00f3pria resposta pessoal a Deus. Agrade\u00e7o imensamente todo o apoio da Fraternidade Provincial, do nosso Regional e dos confrades que comp\u00f5em a nossa Fraternidade do noviciado&#8221;, completou o mestre, convidando a todos para a Celebra\u00e7\u00e3o Eucar\u00edstica da Primeira Profiss\u00e3o.<\/p>\n<p><img loading=\"lazy\" class=\"alignright size-full wp-image-245926\" src=\"https:\/\/franciscanos.org.br\/noticias\/wp-content\/uploads\/2023\/12\/rodeio_01.jpg\" alt=\"\" width=\"1280\" height=\"960\" srcset=\"https:\/\/franciscanos.org.br\/noticias\/wp-content\/uploads\/2023\/12\/rodeio_01.jpg 1280w, https:\/\/franciscanos.org.br\/noticias\/wp-content\/uploads\/2023\/12\/rodeio_01-450x338.jpg 450w, https:\/\/franciscanos.org.br\/noticias\/wp-content\/uploads\/2023\/12\/rodeio_01-1024x768.jpg 1024w, https:\/\/franciscanos.org.br\/noticias\/wp-content\/uploads\/2023\/12\/rodeio_01-768x576.jpg 768w, https:\/\/franciscanos.org.br\/noticias\/wp-content\/uploads\/2023\/12\/rodeio_01-150x113.jpg 150w, https:\/\/franciscanos.org.br\/noticias\/wp-content\/uploads\/2023\/12\/rodeio_01-600x450.jpg 600w\" sizes=\"(max-width: 1280px) 100vw, 1280px\" \/><\/p>\n<p><strong>RETIRO PREPARAT\u00d3RIO<\/strong><br \/>\nO Retiro em prepara\u00e7\u00e3o para a Primeira Profiss\u00e3o foi feito de 27 novembro a 1\u00b0 de dezembro, tendo como pregador Frei Raimundo Justiniano de Oliveira Castro, que abordou temas como o servi\u00e7o do frade menor ao professar a vida evang\u00e9lica e fez um aprofundamento da f\u00f3rmula a ser professada.<\/p>\n<p>No dia 28, os novi\u00e7os desceram o morro onde est\u00e1 o Eremit\u00e9rio para participar da Missa na Igreja Matriz em comemora\u00e7\u00e3o dos 800 anos da Regra dos Frades Menores. Os dias foram de partilha, estudo e medita\u00e7\u00e3o; a escuta da voz de Deus na Santa Missa e na conviv\u00eancia ao final do dia. O retiro se encerrou no dia 1\u00b0 no Noviciado e, no jantar, foram feitos os agradecimentos a Frei Raimundo e \u00e0 Fraternidade do Provincialado: &#8220;Gratos a Deus e \u00e0 Prov\u00edncia que nos possibilitou tal experi\u00eancia com Deus e os irm\u00e3os&#8221;.<\/p>\n<p>A profiss\u00e3o religiosa na Ordem Franciscana, emitida nas m\u00e3os do Ministro Provincial, faz-se nos seguintes termos: \u201cPara louvor e gl\u00f3ria da Sant\u00edssima Trindade. Eu, Frei N.N. , tendo o Senhor me dado a gra\u00e7a de seguir mais de perto o Evangelho e os passos de nosso Senhor Jesus Cristo, em tuas m\u00e3os, (do Ministro Provincial), com firme f\u00e9 e vontade, fa\u00e7o voto a Deus, Pai santo e todo-poderoso, de viver por um ano, em obedi\u00eancia, sem nada de pr\u00f3prio e em castidade. Ao mesmo tempo, professo a vida e a regra dos Frades Menores, confirmada pelo Papa Hon\u00f3rio, e prometo observ\u00e1-la fielmente segundo as Constitui\u00e7\u00f5es da Ordem dos Frades Menores. Entrego-me, pois, de todo o cora\u00e7\u00e3o a esta Fraternidade, para que, pela a\u00e7\u00e3o eficaz do Esp\u00edrito Santo, guiado pelo exemplo de Maria Imaculada, por intercess\u00e3o de nosso Pai Francisco e de todos os santos, e com a ajuda fraterna de todos, eu possa tender constantemente para a perfeita caridade, no servi\u00e7o a Deus, \u00e0 Igreja e aos homens\u201d.<\/p>\n<p><img loading=\"lazy\" class=\"alignnone size-full wp-image-245927\" src=\"https:\/\/franciscanos.org.br\/noticias\/wp-content\/uploads\/2023\/12\/convite.jpg\" alt=\"\" width=\"1143\" height=\"1600\" srcset=\"https:\/\/franciscanos.org.br\/noticias\/wp-content\/uploads\/2023\/12\/convite.jpg 1143w, https:\/\/franciscanos.org.br\/noticias\/wp-content\/uploads\/2023\/12\/convite-321x450.jpg 321w, https:\/\/franciscanos.org.br\/noticias\/wp-content\/uploads\/2023\/12\/convite-732x1024.jpg 732w, https:\/\/franciscanos.org.br\/noticias\/wp-content\/uploads\/2023\/12\/convite-768x1075.jpg 768w, https:\/\/franciscanos.org.br\/noticias\/wp-content\/uploads\/2023\/12\/convite-1097x1536.jpg 1097w, https:\/\/franciscanos.org.br\/noticias\/wp-content\/uploads\/2023\/12\/convite-150x210.jpg 150w\" sizes=\"(max-width: 1143px) 100vw, 1143px\" \/><\/p>\n","protected":false},"excerpt":{"rendered":"<p>Forma\u00e7\u00e3o e Estudos<\/p>\n","protected":false},"author":3,"featured_media":245928,"comment_status":"open","ping_status":"open","sticky":false,"template":"","format":"standard","meta":[],"categories":[1],"tags":[334],"acf":[],"yoast_head":"<!-- This site is optimized with the Yoast SEO plugin v19.2 - https:\/\/yoast.com\/wordpress\/plugins\/seo\/ -->\n<title>Novi\u00e7os fazem a Primeira Profiss\u00e3o em Rodeio - Not\u00edcias - Franciscanos<\/title>\n<meta name=\"robots\" content=\"index, follow, max-snippet:-1, max-image-preview:large, max-video-preview:-1\" \/>\n<link rel=\"canonical\" href=\"https:\/\/franciscanos.org.br\/noticias\/novicos-fazem-a-primeira-profissao-em-rodeio.html\" \/>\n<meta property=\"og:locale\" content=\"pt_BR\" \/>\n<meta property=\"og:type\" content=\"article\" \/>\n<meta property=\"og:title\" content=\"Novi\u00e7os fazem a Primeira Profiss\u00e3o em Rodeio - Not\u00edcias - Franciscanos\" \/>\n<meta property=\"og:description\" content=\"Forma\u00e7\u00e3o e Estudos\" \/>\n<meta property=\"og:url\" content=\"https:\/\/franciscanos.org.br\/noticias\/novicos-fazem-a-primeira-profissao-em-rodeio.html\" \/>\n<meta property=\"og:site_name\" content=\"Not\u00edcias - Franciscanos\" \/>\n<meta property=\"article:published_time\" content=\"2024-01-10T03:13:26+00:00\" \/>\n<meta property=\"article:modified_time\" content=\"2024-01-10T19:11:58+00:00\" \/>\n<meta property=\"og:image\" content=\"https:\/\/franciscanos.org.br\/noticias\/wp-content\/uploads\/2023\/12\/Novicos-800.jpg\" \/>\n\t<meta property=\"og:image:width\" content=\"800\" \/>\n\t<meta property=\"og:image:height\" content=\"549\" \/>\n\t<meta property=\"og:image:type\" content=\"image\/jpeg\" \/>\n<meta name=\"author\" content=\"moacir\" \/>\n<meta name=\"twitter:card\" content=\"summary_large_image\" \/>\n<meta name=\"twitter:label1\" content=\"Escrito por\" \/>\n\t<meta name=\"twitter:data1\" content=\"moacir\" \/>\n\t<meta name=\"twitter:label2\" content=\"Est. tempo de leitura\" \/>\n\t<meta name=\"twitter:data2\" content=\"5 minutos\" \/>\n<script type=\"application\/ld+json\" class=\"yoast-schema-graph\">{\"@context\":\"https:\/\/schema.org\",\"@graph\":[{\"@type\":\"WebSite\",\"@id\":\"https:\/\/franciscanos.org.br\/noticias\/#website\",\"url\":\"https:\/\/franciscanos.org.br\/noticias\/\",\"name\":\"Not\u00edcias - Franciscanos\",\"description\":\"Prov\u00edncia Franciscana da Imaculada Concei\u00e7\u00e3o do Brasil - Ordem dos Frades Menores - OFM\",\"potentialAction\":[{\"@type\":\"SearchAction\",\"target\":{\"@type\":\"EntryPoint\",\"urlTemplate\":\"https:\/\/franciscanos.org.br\/noticias\/?s={search_term_string}\"},\"query-input\":\"required name=search_term_string\"}],\"inLanguage\":\"pt-BR\"},{\"@type\":\"ImageObject\",\"inLanguage\":\"pt-BR\",\"@id\":\"https:\/\/franciscanos.org.br\/noticias\/novicos-fazem-a-primeira-profissao-em-rodeio.html#primaryimage\",\"url\":\"https:\/\/franciscanos.org.br\/noticias\/wp-content\/uploads\/2023\/12\/Novicos-800.jpg\",\"contentUrl\":\"https:\/\/franciscanos.org.br\/noticias\/wp-content\/uploads\/2023\/12\/Novicos-800.jpg\",\"width\":800,\"height\":549},{\"@type\":\"WebPage\",\"@id\":\"https:\/\/franciscanos.org.br\/noticias\/novicos-fazem-a-primeira-profissao-em-rodeio.html#webpage\",\"url\":\"https:\/\/franciscanos.org.br\/noticias\/novicos-fazem-a-primeira-profissao-em-rodeio.html\",\"name\":\"Novi\u00e7os fazem a Primeira Profiss\u00e3o em Rodeio - Not\u00edcias - Franciscanos\",\"isPartOf\":{\"@id\":\"https:\/\/franciscanos.org.br\/noticias\/#website\"},\"primaryImageOfPage\":{\"@id\":\"https:\/\/franciscanos.org.br\/noticias\/novicos-fazem-a-primeira-profissao-em-rodeio.html#primaryimage\"},\"datePublished\":\"2024-01-10T03:13:26+00:00\",\"dateModified\":\"2024-01-10T19:11:58+00:00\",\"author\":{\"@id\":\"https:\/\/franciscanos.org.br\/noticias\/#\/schema\/person\/b5c8cba458c330ccff548b056e95a5d4\"},\"breadcrumb\":{\"@id\":\"https:\/\/franciscanos.org.br\/noticias\/novicos-fazem-a-primeira-profissao-em-rodeio.html#breadcrumb\"},\"inLanguage\":\"pt-BR\",\"potentialAction\":[{\"@type\":\"ReadAction\",\"target\":[\"https:\/\/franciscanos.org.br\/noticias\/novicos-fazem-a-primeira-profissao-em-rodeio.html\"]}]},{\"@type\":\"BreadcrumbList\",\"@id\":\"https:\/\/franciscanos.org.br\/noticias\/novicos-fazem-a-primeira-profissao-em-rodeio.html#breadcrumb\",\"itemListElement\":[{\"@type\":\"ListItem\",\"position\":1,\"name\":\"Home\",\"item\":\"https:\/\/franciscanos.org.br\/noticias\"},{\"@type\":\"ListItem\",\"position\":2,\"name\":\"Novi\u00e7os fazem a Primeira Profiss\u00e3o em Rodeio\"}]},{\"@type\":\"Person\",\"@id\":\"https:\/\/franciscanos.org.br\/noticias\/#\/schema\/person\/b5c8cba458c330ccff548b056e95a5d4\",\"name\":\"moacir\",\"image\":{\"@type\":\"ImageObject\",\"inLanguage\":\"pt-BR\",\"@id\":\"https:\/\/franciscanos.org.br\/noticias\/#\/schema\/person\/image\/\",\"url\":\"https:\/\/secure.gravatar.com\/avatar\/d08aa2ce4c8dd416d4479aa8536fcf64?s=96&d=mm&r=g\",\"contentUrl\":\"https:\/\/secure.gravatar.com\/avatar\/d08aa2ce4c8dd416d4479aa8536fcf64?s=96&d=mm&r=g\",\"caption\":\"moacir\"},\"url\":\"https:\/\/franciscanos.org.br\/noticias\/author\/moacir\"}]}<\/script>\n<!-- \/ Yoast SEO plugin. -->","yoast_head_json":{"title":"Novi\u00e7os fazem a Primeira Profiss\u00e3o em Rodeio - Not\u00edcias - Franciscanos","robots":{"index":"index","follow":"follow","max-snippet":"max-snippet:-1","max-image-preview":"max-image-preview:large","max-video-preview":"max-video-preview:-1"},"canonical":"https:\/\/franciscanos.org.br\/noticias\/novicos-fazem-a-primeira-profissao-em-rodeio.html","og_locale":"pt_BR","og_type":"article","og_title":"Novi\u00e7os fazem a Primeira Profiss\u00e3o em Rodeio - Not\u00edcias - Franciscanos","og_description":"Forma\u00e7\u00e3o e Estudos","og_url":"https:\/\/franciscanos.org.br\/noticias\/novicos-fazem-a-primeira-profissao-em-rodeio.html","og_site_name":"Not\u00edcias - Franciscanos","article_published_time":"2024-01-10T03:13:26+00:00","article_modified_time":"2024-01-10T19:11:58+00:00","og_image":[{"width":800,"height":549,"url":"https:\/\/franciscanos.org.br\/noticias\/wp-content\/uploads\/2023\/12\/Novicos-800.jpg","type":"image\/jpeg"}],"author":"moacir","twitter_card":"summary_large_image","twitter_misc":{"Escrito por":"moacir","Est. tempo de leitura":"5 minutos"},"schema":{"@context":"https:\/\/schema.org","@graph":[{"@type":"WebSite","@id":"https:\/\/franciscanos.org.br\/noticias\/#website","url":"https:\/\/franciscanos.org.br\/noticias\/","name":"Not\u00edcias - Franciscanos","description":"Prov\u00edncia Franciscana da Imaculada Concei\u00e7\u00e3o do Brasil - Ordem dos Frades Menores - OFM","potentialAction":[{"@type":"SearchAction","target":{"@type":"EntryPoint","urlTemplate":"https:\/\/franciscanos.org.br\/noticias\/?s={search_term_string}"},"query-input":"required name=search_term_string"}],"inLanguage":"pt-BR"},{"@type":"ImageObject","inLanguage":"pt-BR","@id":"https:\/\/franciscanos.org.br\/noticias\/novicos-fazem-a-primeira-profissao-em-rodeio.html#primaryimage","url":"https:\/\/franciscanos.org.br\/noticias\/wp-content\/uploads\/2023\/12\/Novicos-800.jpg","contentUrl":"https:\/\/franciscanos.org.br\/noticias\/wp-content\/uploads\/2023\/12\/Novicos-800.jpg","width":800,"height":549},{"@type":"WebPage","@id":"https:\/\/franciscanos.org.br\/noticias\/novicos-fazem-a-primeira-profissao-em-rodeio.html#webpage","url":"https:\/\/franciscanos.org.br\/noticias\/novicos-fazem-a-primeira-profissao-em-rodeio.html","name":"Novi\u00e7os fazem a Primeira Profiss\u00e3o em Rodeio - Not\u00edcias - Franciscanos","isPartOf":{"@id":"https:\/\/franciscanos.org.br\/noticias\/#website"},"primaryImageOfPage":{"@id":"https:\/\/franciscanos.org.br\/noticias\/novicos-fazem-a-primeira-profissao-em-rodeio.html#primaryimage"},"datePublished":"2024-01-10T03:13:26+00:00","dateModified":"2024-01-10T19:11:58+00:00","author":{"@id":"https:\/\/franciscanos.org.br\/noticias\/#\/schema\/person\/b5c8cba458c330ccff548b056e95a5d4"},"breadcrumb":{"@id":"https:\/\/franciscanos.org.br\/noticias\/novicos-fazem-a-primeira-profissao-em-rodeio.html#breadcrumb"},"inLanguage":"pt-BR","potentialAction":[{"@type":"ReadAction","target":["https:\/\/franciscanos.org.br\/noticias\/novicos-fazem-a-primeira-profissao-em-rodeio.html"]}]},{"@type":"BreadcrumbList","@id":"https:\/\/franciscanos.org.br\/noticias\/novicos-fazem-a-primeira-profissao-em-rodeio.html#breadcrumb","itemListElement":[{"@type":"ListItem","position":1,"name":"Home","item":"https:\/\/franciscanos.org.br\/noticias"},{"@type":"ListItem","position":2,"name":"Novi\u00e7os fazem a Primeira Profiss\u00e3o em Rodeio"}]},{"@type":"Person","@id":"https:\/\/franciscanos.org.br\/noticias\/#\/schema\/person\/b5c8cba458c330ccff548b056e95a5d4","name":"moacir","image":{"@type":"ImageObject","inLanguage":"pt-BR","@id":"https:\/\/franciscanos.org.br\/noticias\/#\/schema\/person\/image\/","url":"https:\/\/secure.gravatar.com\/avatar\/d08aa2ce4c8dd416d4479aa8536fcf64?s=96&d=mm&r=g","contentUrl":"https:\/\/secure.gravatar.com\/avatar\/d08aa2ce4c8dd416d4479aa8536fcf64?s=96&d=mm&r=g","caption":"moacir"},"url":"https:\/\/franciscanos.org.br\/noticias\/author\/moacir"}]}},"_links":{"self":[{"href":"https:\/\/franciscanos.org.br\/noticias\/wp-json\/wp\/v2\/posts\/245923"}],"collection":[{"href":"https:\/\/franciscanos.org.br\/noticias\/wp-json\/wp\/v2\/posts"}],"about":[{"href":"https:\/\/franciscanos.org.br\/noticias\/wp-json\/wp\/v2\/types\/post"}],"author":[{"embeddable":true,"href":"https:\/\/franciscanos.org.br\/noticias\/wp-json\/wp\/v2\/users\/3"}],"replies":[{"embeddable":true,"href":"https:\/\/franciscanos.org.br\/noticias\/wp-json\/wp\/v2\/comments?post=245923"}],"version-history":[{"count":3,"href":"https:\/\/franciscanos.org.br\/noticias\/wp-json\/wp\/v2\/posts\/245923\/revisions"}],"predecessor-version":[{"id":245964,"href":"https:\/\/franciscanos.org.br\/noticias\/wp-json\/wp\/v2\/posts\/245923\/revisions\/245964"}],"wp:featuredmedia":[{"embeddable":true,"href":"https:\/\/franciscanos.org.br\/noticias\/wp-json\/wp\/v2\/media\/245928"}],"wp:attachment":[{"href":"https:\/\/franciscanos.org.br\/noticias\/wp-json\/wp\/v2\/media?parent=245923"}],"wp:term":[{"taxonomy":"category","embeddable":true,"href":"https:\/\/franciscanos.org.br\/noticias\/wp-json\/wp\/v2\/categories?post=245923"},{"taxonomy":"post_tag","embeddable":true,"href":"https:\/\/franciscanos.org.br\/noticias\/wp-json\/wp\/v2\/tags?post=245923"}],"curies":[{"name":"wp","href":"https:\/\/api.w.org\/{rel}","templated":true}]}}